{"id":1077,"date":"2025-05-01T10:29:29","date_gmt":"2025-05-01T02:29:29","guid":{"rendered":"https:\/\/regencargobikes.com\/?p=1077"},"modified":"2025-05-06T11:47:35","modified_gmt":"2025-05-06T03:47:35","slug":"china-cycle-2025-shanghai-china","status":"publish","type":"post","link":"https:\/\/regencargobikes.com\/cs\/china-cycle-2025-shanghai-china\/","title":{"rendered":"\u010c\u00ednsk\u00fd cyklus 2025 v \u0160anghaji v \u010c\u00edn\u011b"},"content":{"rendered":"<p>China Cycle 2025, 33. ro\u010dn\u00edk mezin\u00e1rodn\u00edho cyklistick\u00e9ho veletrhu v \u010c\u00edn\u011b, se bude konat od 5. do 8. kv\u011btna 2025 v \u0160anghajsk\u00e9m nov\u00e9m mezin\u00e1rodn\u00edm v\u00fdstavn\u00edm centru (SNIEC). Jako jedna z nejv\u011bt\u0161\u00edch a nejvlivn\u011bj\u0161\u00edch akc\u00ed v glob\u00e1ln\u00edm cyklistick\u00e9m pr\u016fmyslu shroma\u017e\u010fuje tato v\u00fdstava p\u0159edn\u00ed v\u00fdrobce, l\u00eddry v oboru a inov\u00e1tory z cel\u00e9ho sv\u011bta. A\u0165 u\u017e jste cyklistick\u00fd nad\u0161enec, obchodn\u00ed profesion\u00e1l nebo v\u00fdrobce, China Cycle 2025 nab\u00edz\u00ed jedine\u010dnou p\u0159\u00edle\u017eitost sezn\u00e1mit se s nejnov\u011bj\u0161\u00edmi produkty, technologiemi a trendy, kter\u00e9 utv\u00e1\u0159ej\u00ed budoucnost odv\u011btv\u00ed j\u00edzdn\u00edch kol a elektrokol.<\/p>\n\n\n\n<p>Od vysoce v\u00fdkonn\u00fdch elektrokol a inovativn\u00edch design\u016f kol a\u017e po pokro\u010dil\u00e1 v\u00fdrobn\u00ed \u0159e\u0161en\u00ed a \u0161pi\u010dkov\u00e9 technologie, akce p\u0159edstav\u00ed cel\u00e9 spektrum pokrok\u016f v tomto odv\u011btv\u00ed. Je to ud\u00e1lost, kterou by si m\u011bl nechat uj\u00edt ka\u017ed\u00fd, kdo se cyklistikou zab\u00fdv\u00e1 nebo je pro ni v\u00e1\u0161niv\u00fd.<\/p>\n\n\n\n<hr class=\"wp-block-separator has-alpha-channel-opacity\"\/>\n\n\n\n<h2 class=\"wp-block-heading\"><strong>Podrobnosti o ud\u00e1losti<\/strong><\/h2>\n\n\n\n<ul class=\"wp-block-list\">\n<li><strong>Data<\/strong>: 5.\u20138. kv\u011btna 2025<\/li>\n\n\n\n<li><strong>M\u00edsto<\/strong>\u0160anghajsk\u00e9 nov\u00e9 mezin\u00e1rodn\u00ed v\u00fdstavn\u00ed centrum (SNIEC)\n<ul class=\"wp-block-list\">\n<li><strong>Adresa<\/strong>2345 Longyang Road, nov\u00e1 \u010dtvr\u0165 Pudong, \u0160anghaj, \u010c\u00edna<\/li>\n<\/ul>\n<\/li>\n\n\n\n<li><strong>Organiz\u00e1tor<\/strong>\u010c\u00ednsk\u00e1 cyklistick\u00e1 asociace<\/li>\n\n\n\n<li><strong>V\u00fdstavn\u00ed plocha<\/strong>P\u0159ibli\u017en\u011b 160 000 metr\u016f \u010dtvere\u010dn\u00edch<\/li>\n\n\n\n<li><strong>O\u010dek\u00e1van\u00ed vystavovatel\u00e9<\/strong>V\u00edce ne\u017e 1 400<\/li>\n\n\n\n<li><strong>O\u010dek\u00e1van\u00ed n\u00e1v\u0161t\u011bvn\u00edci<\/strong>Kolem 120 000<\/li>\n<\/ul>\n\n\n\n<p><strong>N\u00e1v\u0161t\u011bvn\u00ed hodiny<\/strong><\/p><div class=\"regen-test-placement-from-wizard-1604397851\" id=\"regen-318415641\"><script async src=\"https:\/\/pagead2.googlesyndication.com\/pagead\/js\/adsbygoogle.js?client=ca-pub-1076230867169041\"\n     crossorigin=\"anonymous\"><\/script><\/div><div class=\"regen-test-placement-from-wizard-2878267818\" id=\"regen-3981159907\"><script async src=\"https:\/\/pagead2.googlesyndication.com\/pagead\/js\/adsbygoogle.js?client=ca-pub-1076230867169041\"\n     crossorigin=\"anonymous\"><\/script><\/div>\n\n\n\n<ul class=\"wp-block-list\">\n<li>5. kv\u011btna (pond\u011bl\u00ed) 9:00\u201317:30<\/li>\n\n\n\n<li>6. kv\u011btna (\u00fater\u00fd) 9:00\u201317:30<\/li>\n\n\n\n<li>7. kv\u011btna (st\u0159eda) 9:00\u201317:30<\/li>\n\n\n\n<li>8. kv\u011btna (\u010dtvrtek) 9:00\u201315:00<\/li>\n<\/ul>\n\n\n\n<p><strong>Rozsah v\u00fdstavy<\/strong><\/p>\n\n\n\n<ul class=\"wp-block-list\">\n<li><strong>E1<\/strong> Kompletn\u00ed hala zna\u010dek vozidel<\/li>\n\n\n\n<li><strong>E2<\/strong> Hala s d\u00edly pro j\u00edzdn\u00ed kola<\/li>\n\n\n\n<li><strong>E3<\/strong> Hala s d\u00edly pro j\u00edzdn\u00ed kola<\/li>\n\n\n\n<li><strong>E4<\/strong> Hala pneumatik a j\u00edzdn\u00edch d\u00edl\u016f<\/li>\n\n\n\n<li><strong>E5<\/strong> Hala s d\u00edly pro elektrick\u00e1 kola<\/li>\n\n\n\n<li><strong>E6<\/strong> Hala s elektrokoly a n\u00e1hradn\u00edmi d\u00edly<\/li>\n\n\n\n<li><strong>E7<\/strong> Hala s elektrokoly a n\u00e1hradn\u00edmi d\u00edly<\/li>\n\n\n\n<li><strong>V1<\/strong> Mezin\u00e1rodn\u00ed s\u00e1l zna\u010dek<\/li>\n\n\n\n<li><strong>W2<\/strong> Kompletn\u00ed hala vozidel a d\u00edl\u016f<\/li>\n\n\n\n<li><strong>W3<\/strong> D\u011btsk\u00e1 kola<\/li>\n\n\n\n<li><strong>W4<\/strong> Hala s vybaven\u00edm pro venkovn\u00ed cyklistiku<\/li>\n\n\n\n<li><strong>W5<\/strong> Elektrick\u00e9 motocykly, komponenty a inovace zna\u010dek dvoukolov\u00fdch vozidel<\/li>\n<\/ul>\n\n\n\n<figure class=\"wp-block-image size-large\"><img fetchpriority=\"high\" decoding=\"async\" width=\"757\" height=\"1024\" src=\"https:\/\/regencargobikes.com\/wp-content\/uploads\/2025\/05\/image-757x1024.png\" alt=\"\" class=\"wp-image-1154\" srcset=\"https:\/\/regencargobikes.com\/wp-content\/uploads\/2025\/05\/image-757x1024.png 757w, https:\/\/regencargobikes.com\/wp-content\/uploads\/2025\/05\/image-222x300.png 222w, https:\/\/regencargobikes.com\/wp-content\/uploads\/2025\/05\/image-768x1038.png 768w, https:\/\/regencargobikes.com\/wp-content\/uploads\/2025\/05\/image-9x12.png 9w, https:\/\/regencargobikes.com\/wp-content\/uploads\/2025\/05\/image.png 1046w\" sizes=\"(max-width: 757px) 100vw, 757px\" \/><\/figure>\n\n\n\n<iframe \n    src=\"https:\/\/www.google.com\/maps\/embed?pb=!1m18!1m12!1m3!1d3651.9230734066716!2d121.57601811541345!3d31.23000021615968!2m3!1f0!2f0!3f0!3m2!1i1024!2i768!4f13.1!3m3!1m2!1s0x35b269d319b17707%3A0xd1f5c175b5e2a6a6!2sShanghai%20New%20International%20Expo%20Centre%20(SNIEC)!5e0!3m2!1sen!2sus!4v1672270423080!5m2!1sen!2sus\" \n    width=\"600\" \n    height=\"450\" \n    style=\"border:0;\" \n    allowfullscreen=\"\" \n    loading=\"lazy\"><\/iframe>\n\n\n\n<p><strong>Kyvadlov\u00e1 doprava a doporu\u010den\u00e1 trasa pro n\u00e1v\u0161t\u011bvu<\/strong><\/p>\n\n\n\n<p>V are\u00e1lu v\u00fdstavy jsou k dispozici kyvadlov\u00e9 voz\u00edky, kter\u00e9 n\u00e1v\u0161t\u011bvn\u00edk\u016fm pomohou u\u0161et\u0159it energii a \u010das. Existuj\u00ed dv\u011b hlavn\u00ed trasy kyvadlov\u00e9 dopravy:<\/p>\n\n\n\n<ul class=\"wp-block-list\">\n<li><strong>Trasa 1:<\/strong> W1 \u2192 W3 \u2192 W5<\/li>\n\n\n\n<li><strong>Trasa 2:<\/strong> E1 \u2192 E3 \u2192 E5 \u2192 E7<\/li>\n<\/ul>\n\n\n\n<p><\/p>\n\n\n\n<h2 class=\"wp-block-heading\"><strong>Ofici\u00e1ln\u00ed webov\u00e9 str\u00e1nky a registrace<\/strong><\/h2>\n\n\n\n<ul class=\"wp-block-list\">\n<li><strong>Ofici\u00e1ln\u00ed webov\u00e9 str\u00e1nky<\/strong>: <a href=\"http:\/\/www.e-chinacycle.com\/en\" target=\"_blank\" rel=\"noopener\">\u010c\u00ednsk\u00fd cyklus 2025<\/a><\/li>\n\n\n\n<li><strong>Registrace n\u00e1v\u0161t\u011bvn\u00edk\u016f<\/strong>: <a href=\"https:\/\/wx-chinacycle.tonggao.info\/EN\/Customer\/Index\" target=\"_blank\" rel=\"noopener\">Zaregistrujte se zde<\/a><\/li>\n<\/ul>\n\n\n\n<p><\/p>\n\n\n\n<h2 class=\"wp-block-heading\"><strong>Kdo by se m\u011bl z\u00fa\u010dastnit veletrhu China Cycle 2025?<\/strong><\/h2>\n\n\n\n<p>Tato akce je ur\u010dena pro ka\u017ed\u00e9ho, kdo se zab\u00fdv\u00e1 cyklistick\u00fdm pr\u016fmyslem nebo se j\u00edm zab\u00fdv\u00e1. N\u00ed\u017ee je uveden seznam jednotlivc\u016f a organizac\u00ed, pro kter\u00e9 bude akce obzvl\u00e1\u0161t\u011b p\u0159\u00ednosn\u00e1:<\/p>\n\n\n\n<h3 class=\"wp-block-heading\"><strong>V\u00fdrobci a dodavatel\u00e9 j\u00edzdn\u00edch kol<\/strong>:<\/h3>\n\n\n\n<p>Pokud podnik\u00e1te ve v\u00fdrob\u011b j\u00edzdn\u00edch kol, elektrokol nebo p\u0159\u00edslu\u0161enstv\u00ed, je to skv\u011bl\u00e1 p\u0159\u00edle\u017eitost k prozkoum\u00e1n\u00ed nov\u00fdch technologi\u00ed, setk\u00e1n\u00ed s dodavateli a z\u00edsk\u00e1n\u00ed informac\u00ed o budouc\u00edch trendech.<\/p>\n\n\n\n<h3 class=\"wp-block-heading\"><strong>Maloobchodn\u00edci a distributo\u0159i<\/strong>:<\/h3>\n\n\n\n<p>\u00da\u010dast na t\u00e9to akci v\u00e1m d\u00e1v\u00e1 mo\u017enost spojit se p\u0159\u00edmo s v\u00fdrobci, prohl\u00e9dnout si nejnov\u011bj\u0161\u00ed produkty a po\u0159\u00eddit si nov\u00e9 zbo\u017e\u00ed pro v\u00e1\u0161 obchod nebo online obchod.<\/p>\n\n\n\n<h3 class=\"wp-block-heading\"><strong>Nad\u0161enci a profesion\u00e1lov\u00e9 do elektrokol<\/strong>:<\/h3>\n\n\n\n<p>Sou\u010d\u00e1st\u00ed akce bude vyhrazen\u00fd prostor pro elektrokola a jejich p\u0159\u00edslu\u0161enstv\u00ed. Je to povinn\u00e1 n\u00e1v\u0161t\u011bva pro ka\u017ed\u00e9ho, kdo se chce sezn\u00e1mit s nejnov\u011bj\u0161\u00edm v\u00fdvojem v oblasti elektromobility.<\/p>\n\n\n\n<h3 class=\"wp-block-heading\"><strong>N\u00e1vrh\u00e1\u0159i a in\u017een\u00fd\u0159i<\/strong>:<\/h3>\n\n\n\n<p>Ti, kte\u0159\u00ed se zab\u00fdvaj\u00ed n\u00e1vrhem a konstrukc\u00ed j\u00edzdn\u00edch kol a cyklistick\u00fdch produkt\u016f, budou m\u00edt prosp\u011bch z inovativn\u00edch n\u00e1vrh\u016f a komponent\u016f, kter\u00e9 by mohly utv\u00e1\u0159et budoucnost tohoto odv\u011btv\u00ed.<\/p>\n\n\n\n<h3 class=\"wp-block-heading\"><strong>Investo\u0159i a podnikatel\u00e9<\/strong>:<\/h3>\n\n\n\n<p>Tato akce se zam\u011b\u0159\u00ed na nov\u00e9 obchodn\u00ed p\u0159\u00edle\u017eitosti, investi\u010dn\u00ed trendy a nejnov\u011bj\u0161\u00ed v\u00fdvoj na trhu. Podnikatel\u00e9 si mohou naj\u00edt potenci\u00e1ln\u00ed partnery a prozkoumat mo\u017enosti spolupr\u00e1ce.<\/p>\n\n\n\n<h3 class=\"wp-block-heading\"><strong>Vl\u00e1dn\u00ed \u00fa\u0159edn\u00edci a pr\u016fmyslov\u00e1 sdru\u017een\u00ed<\/strong>:<\/h3>\n\n\n\n<p>Pokud se pod\u00edl\u00edte na tvorb\u011b politik nebo zastupujete asociace souvisej\u00edc\u00ed s cyklistikou, je to vynikaj\u00edc\u00ed platforma pro diskusi o p\u0159edpisech, pr\u016fmyslov\u00fdch standardech a osv\u011bd\u010den\u00fdch postupech.<\/p>\n\n\n\n<hr class=\"wp-block-separator has-alpha-channel-opacity\"\/>\n\n\n\n<h2 class=\"wp-block-heading\"><strong>Informace o m\u00edst\u011b kon\u00e1n\u00ed<\/strong><\/h2>\n\n\n\n<ul class=\"wp-block-list\">\n<li><strong>N\u00e1zev m\u00edsta kon\u00e1n\u00ed<\/strong>\u0160anghajsk\u00e9 nov\u00e9 mezin\u00e1rodn\u00ed v\u00fdstavn\u00ed centrum (SNIEC)<\/li>\n\n\n\n<li><strong>Adresa<\/strong>2345 Longyang Road, nov\u00e1 \u010dtvr\u0165 Pudong, \u0160anghaj, \u010c\u00edna<\/li>\n\n\n\n<li><strong>Webov\u00e9 str\u00e1nky<\/strong>: <a href=\"https:\/\/www.sniec.net\/en\/\" target=\"_blank\" rel=\"noopener\">Ofici\u00e1ln\u00ed str\u00e1nky SNIEC<\/a><\/li>\n<\/ul>\n\n\n\n<h2 class=\"wp-block-heading\"><strong>Dal\u0161\u00ed zdroje<\/strong><\/h2>\n\n\n\n<ul class=\"wp-block-list\">\n<li><strong>P\u0159ehled ud\u00e1losti<\/strong>: <a href=\"https:\/\/www.bicycleretailer.com\/calendar\/china-cycle-2025\" target=\"_blank\" rel=\"noopener\">Prodejci j\u00edzdn\u00edch kol a novinky z oboru<\/a><\/li>\n\n\n\n<li><strong>Hlavn\u00ed ud\u00e1losti<\/strong>: <a href=\"https:\/\/www.prnewswire.com\/news-releases\/china-cycle-2025-to-propel-industry-evolution-with-new-innovations-in-shanghai-302313970.html\" target=\"_blank\" rel=\"noopener\">PR Newswire<\/a><\/li>\n\n\n\n<li><strong>Podrobnosti o v\u00fdstav\u011b<\/strong>: <a href=\"https:\/\/www.globalexhibition.org\/en\/sub\/exhibition_view.php?cat_no=&amp;idx=9008&amp;offset=\" target=\"_blank\" rel=\"noopener\">Glob\u00e1ln\u00ed v\u00fdstava<\/a><\/li>\n<\/ul>\n\n\n\n<hr class=\"wp-block-separator has-alpha-channel-opacity\"\/>\n\n\n\n<h2 class=\"wp-block-heading\"><strong>Tipy pro \u00fa\u010dast na \u010c\u00ednsk\u00e9m cyklu 2025<\/strong><\/h2>\n\n\n\n<ol start=\"1\" class=\"wp-block-list\">\n<li><strong>Zaregistrujte se v\u010das<\/strong>:\n<ul class=\"wp-block-list\">\n<li>Nezapome\u0148te se p\u0159edem zaregistrovat, abyste se vyhnuli dlouh\u00fdm front\u00e1m a zajistili si p\u0159\u00edstup na akci. Registrovat se m\u016f\u017eete prost\u0159ednictv\u00edm ofici\u00e1ln\u00edch webov\u00fdch str\u00e1nek.<\/li>\n<\/ul>\n<\/li>\n\n\n\n<li><strong>Napl\u00e1nujte si n\u00e1v\u0161t\u011bvu<\/strong>:\n<ul class=\"wp-block-list\">\n<li>S v\u00edce ne\u017e 1 400 vystavovateli a rozs\u00e1hlou v\u00fdstavn\u00ed plochou je d\u016fle\u017eit\u00e9 pl\u00e1novat dop\u0159edu. Projd\u011bte si mapu akc\u00ed a seznam vystavovatel\u016f, abyste si mohli stanovit priority pro sv\u00e9 n\u00e1v\u0161t\u011bvy.<\/li>\n<\/ul>\n<\/li>\n\n\n\n<li><strong>Noste pohodlnou obuv<\/strong>:\n<ul class=\"wp-block-list\">\n<li>Budete dlouho chodit a st\u00e1t, proto si nezapome\u0148te vz\u00edt pohodlnou obuv, abyste si po cel\u00fd den udr\u017eeli energii.<\/li>\n<\/ul>\n<\/li>\n\n\n\n<li><strong>P\u0159ineste vizitky<\/strong>:\n<ul class=\"wp-block-list\">\n<li>Pokud se \u00fa\u010dastn\u00edte za \u00fa\u010delem networkingu nebo obchodn\u00edch p\u0159\u00edle\u017eitost\u00ed, nezapome\u0148te si vz\u00edt vizitky. China Cycle je fantastick\u00fdm m\u00edstem pro setk\u00e1n\u00ed s potenci\u00e1ln\u00edmi partnery, klienty a dodavateli.<\/li>\n<\/ul>\n<\/li>\n\n\n\n<li><strong>\u00da\u010dastn\u011bte se networkingov\u00fdch akc\u00ed a workshop\u016f<\/strong>:\n<ul class=\"wp-block-list\">\n<li>B\u011bhem akce se sna\u017ete z\u00fa\u010dastnit workshop\u016f, networkingov\u00fdch akc\u00ed a panelov\u00fdch diskus\u00ed. Ty poskytuj\u00ed skv\u011bl\u00e9 p\u0159\u00edle\u017eitosti k roz\u0161\u00ed\u0159en\u00ed znalost\u00ed z oboru a nav\u00e1z\u00e1n\u00ed kontaktu s podobn\u011b sm\u00fd\u0161lej\u00edc\u00edmi profesion\u00e1ly.<\/li>\n<\/ul>\n<\/li>\n\n\n\n<li><strong>Z\u016fsta\u0148te v obraze o trendech v oboru<\/strong>:\n<ul class=\"wp-block-list\">\n<li>China Cycle je centrem nejnov\u011bj\u0161\u00edch inovac\u00ed v cyklistick\u00e9m a elektrokolov\u00e9m pr\u016fmyslu. Vyu\u017eijte p\u0159\u00edle\u017eitosti dozv\u011bd\u011bt se o nov\u00fdch technologi\u00edch a trendech, kter\u00e9 by mohly ovlivnit va\u0161e podnik\u00e1n\u00ed.<\/li>\n<\/ul>\n<\/li>\n\n\n\n<li><strong>Pl\u00e1n ubytov\u00e1n\u00ed<\/strong>:\n<ul class=\"wp-block-list\">\n<li>\u0160anghaj je velk\u00e9 m\u011bsto, proto je vhodn\u00e9 rezervovat si ubytov\u00e1n\u00ed v\u010das. Mnoho hotel\u016f nab\u00edz\u00ed \u00fa\u010dastn\u00edk\u016fm China Cycle speci\u00e1ln\u00ed ceny, proto si doporu\u010den\u00ed prohl\u00e9dn\u011bte na ofici\u00e1ln\u00edch webov\u00fdch str\u00e1nk\u00e1ch.<\/li>\n<\/ul>\n<\/li>\n\n\n\n<li><strong>Prozkoumejte \u0160anghaj<\/strong>:\n<ul class=\"wp-block-list\">\n<li>Pokud v\u00e1m to \u010das dovol\u00ed, vyu\u017eijte p\u0159\u00edle\u017eitosti k prozkoum\u00e1n\u00ed \u0160anghaje. \u0160anghaj, zn\u00e1m\u00e1 svou jedine\u010dnou sm\u011bsic\u00ed modernity a tradice, nab\u00edz\u00ed \u0161irokou \u0161k\u00e1lu atrakc\u00ed, od ikonick\u00e9 n\u00e1b\u0159e\u017e\u00ed Bund a\u017e po sv\u011btozn\u00e1mou \u0160anghajskou v\u011b\u017e.<\/li>\n<\/ul>\n<\/li>\n<\/ol>\n\n\n\n<h2 class=\"wp-block-heading\"><strong>Jak se dostat na m\u00edsto kon\u00e1n\u00ed<\/strong><\/h2>\n\n\n\n<p><strong>1. Metrom<\/strong><\/p>\n\n\n\n<p>Vezm\u011bte <strong>Linka metra 7<\/strong> a vystupte v <strong>Stanice Huamu Road<\/strong>Stanice poskytuje p\u0159\u00edm\u00fd p\u0159\u00edstup k v\u00fdstavn\u00edmu prostoru (SNIEC).<\/p>\n\n\n\n<p><strong>2. Autobusem<\/strong><\/p>\n\n\n\n<p>V bl\u00edzkosti m\u00edsta kon\u00e1n\u00ed m\u00e1 zast\u00e1vky n\u011bkolik autobusov\u00fdch linek, v\u010detn\u011b:<\/p>\n\n\n\n<p><strong>989 (kr\u00e1tk\u00e1 trasa)<\/strong>, <strong>Daqiao linka 5<\/strong>, <strong>Linka Daqiao 6 (kr\u00e1tk\u00e1 trasa)<\/strong>, <strong>Speci\u00e1ln\u00ed linka Fangchuan<\/strong>, <strong>Speci\u00e1ln\u00ed linka Dongchuan<\/strong>, <strong>Linka Huamu 1<\/strong>, <strong>Leti\u0161tn\u00ed linka 3<\/strong>, <strong>Leti\u0161tn\u00ed linka 6<\/strong>, <strong>975<\/strong>, <strong>976<\/strong>, a dal\u0161\u00ed.<\/p>\n\n\n\n<p>Pro pomoc m\u016f\u017eete zavolat na horkou linku autobusov\u00e9 dopravy: <strong>160881603<\/strong>.<\/p>\n\n\n\n<p><strong>3. Autem<\/strong><\/p>\n\n\n\n<p>Ten\/Ta\/To <strong>Nov\u00e9 mezin\u00e1rodn\u00ed v\u00fdstavn\u00ed centrum v \u0160anghaji (SNIEC)<\/strong> se nach\u00e1z\u00ed na k\u0159i\u017eovatce <strong>Longyangsk\u00e1 silnice<\/strong> a <strong>Luoshansk\u00e1 cesta<\/strong>, s bezprobl\u00e9mov\u00fdm p\u0159\u00edstupem z centra m\u011bsta p\u0159es <strong>Most Nanpu<\/strong> nebo <strong>Most Yangpu<\/strong>.<\/p>\n\n\n\n<ul class=\"wp-block-list\">\n<li><strong>Celkov\u00fd po\u010det parkovac\u00edch m\u00edst:<\/strong> 4,603<\/li>\n\n\n\n<li><strong>Poplatek za parkov\u00e1n\u00ed:<\/strong> 5 \u00a5 za hodinu; denn\u00ed maximum: 40 \u00a5 <em>(Sazby plat\u00ed pro standardn\u00ed osobn\u00ed automobily a ostatn\u00ed lehk\u00e1 vozidla.)<\/em><\/li>\n<\/ul>\n\n\n\n<p><strong>4. Z vlakov\u00fdch n\u00e1dra\u017e\u00ed<\/strong><\/p>\n\n\n\n<ul class=\"wp-block-list\">\n<li><strong>Z vlakov\u00e9ho n\u00e1dra\u017e\u00ed v \u0160anghaji<\/strong>\n<ul class=\"wp-block-list\">\n<li><strong>Tax\u00edkem:<\/strong> ~16 km, cca 45 \u00a5<\/li>\n\n\n\n<li><strong>Metrom:<\/strong> Linka 1 \u2192 N\u00e1m\u011bst\u00ed lidu \u2192 Linka 2 \u2192 Longyang Road \u2192 P\u011b\u0161ky nebo p\u0159estupem na linku 7 \u2192 stanice Huamu Road (cca 35 minut)<\/li>\n<\/ul>\n<\/li>\n\n\n\n<li><strong>Z vlakov\u00e9ho n\u00e1dra\u017e\u00ed Shanghai South<\/strong>\n<ul class=\"wp-block-list\">\n<li><strong>Tax\u00edkem:<\/strong> ~20 km, cca 55 \u00a5<\/li>\n\n\n\n<li><strong>Metrom:<\/strong> Linka 1 \u2192 N\u00e1m\u011bst\u00ed lidu \u2192 Linka 2 \u2192 Longyang Road \u2192 P\u011b\u0161ky nebo p\u0159estupem na linku 7 \u2192 stanice Huamu Road (cca 45 minut)<\/li>\n<\/ul>\n<\/li>\n\n\n\n<li><strong>Z vlakov\u00e9ho n\u00e1dra\u017e\u00ed Shanghai Hongqiao<\/strong>\n<ul class=\"wp-block-list\">\n<li><strong>Tax\u00edkem:<\/strong> ~35 km, cca 100 \u00a5<\/li>\n\n\n\n<li><strong>Metrom:<\/strong> Linka 2 \u2192 Longyang Road \u2192 P\u011b\u0161ky nebo p\u0159estupem na linku 7 \u2192 stanice Huamu Road (cca 50 minut)<\/li>\n<\/ul>\n<\/li>\n<\/ul>\n\n\n\n<hr class=\"wp-block-separator has-alpha-channel-opacity\"\/>","protected":false},"excerpt":{"rendered":"<p>China Cycle 2025, the 33rd China International Bicycle Fair, will be held from May 5 to 8, 2025, at the Shanghai New International Expo Centre (SNIEC). As one of the largest and most influential events in the global cycling industry, this exhibition gathers top manufacturers, industry leaders, and innovators from around the world. Whether you [&hellip;]<\/p>\n","protected":false},"author":2,"featured_media":1123,"comment_status":"open","ping_status":"open","sticky":false,"template":"","format":"standard","meta":{"footnotes":""},"categories":[36],"tags":[45],"class_list":["post-1077","post","type-post","status-publish","format-standard","has-post-thumbnail","hentry","category-event-expo","tag-china-bike-events"],"_links":{"self":[{"href":"https:\/\/regencargobikes.com\/cs\/wp-json\/wp\/v2\/posts\/1077","targetHints":{"allow":["GET"]}}],"collection":[{"href":"https:\/\/regencargobikes.com\/cs\/wp-json\/wp\/v2\/posts"}],"about":[{"href":"https:\/\/regencargobikes.com\/cs\/wp-json\/wp\/v2\/types\/post"}],"author":[{"embeddable":true,"href":"https:\/\/regencargobikes.com\/cs\/wp-json\/wp\/v2\/users\/2"}],"replies":[{"embeddable":true,"href":"https:\/\/regencargobikes.com\/cs\/wp-json\/wp\/v2\/comments?post=1077"}],"version-history":[{"count":3,"href":"https:\/\/regencargobikes.com\/cs\/wp-json\/wp\/v2\/posts\/1077\/revisions"}],"predecessor-version":[{"id":1155,"href":"https:\/\/regencargobikes.com\/cs\/wp-json\/wp\/v2\/posts\/1077\/revisions\/1155"}],"wp:featuredmedia":[{"embeddable":true,"href":"https:\/\/regencargobikes.com\/cs\/wp-json\/wp\/v2\/media\/1123"}],"wp:attachment":[{"href":"https:\/\/regencargobikes.com\/cs\/wp-json\/wp\/v2\/media?parent=1077"}],"wp:term":[{"taxonomy":"category","embeddable":true,"href":"https:\/\/regencargobikes.com\/cs\/wp-json\/wp\/v2\/categories?post=1077"},{"taxonomy":"post_tag","embeddable":true,"href":"https:\/\/regencargobikes.com\/cs\/wp-json\/wp\/v2\/tags?post=1077"}],"curies":[{"name":"wp","href":"https:\/\/api.w.org\/{rel}","templated":true}]}}