{"id":1145,"date":"2025-05-03T17:19:43","date_gmt":"2025-05-03T09:19:43","guid":{"rendered":"https:\/\/regencargobikes.com\/?p=1145"},"modified":"2025-05-07T21:31:08","modified_gmt":"2025-05-07T13:31:08","slug":"2025-austin-cargo-bike-festival","status":"publish","type":"post","link":"https:\/\/regencargobikes.com\/cs\/2025-austin-cargo-bike-festival\/","title":{"rendered":"Festival n\u00e1kladn\u00edch kol v Austinu 2025"},"content":{"rendered":"<p>Ten\/Ta\/To <strong>Festival n\u00e1kladn\u00edch kol v Austinu 2025<\/strong> nab\u00edz\u00ed mo\u017enost na vlastn\u00ed k\u016f\u017ei vyzkou\u0161et praktick\u00e9 v\u00fdhody n\u00e1kladn\u00edch kol a lehk\u00fdch dopravn\u00edch \u0159e\u0161en\u00ed v m\u011bstsk\u00e9m prost\u0159ed\u00ed. Kon\u00e1 se dne <strong>Sobota, 3. kv\u011btna 2025<\/strong>, z <strong>11:00 a\u017e 15:00<\/strong> na <strong>900 Springdale Road, Austin, TX<\/strong>, tato akce je pro ve\u0159ejnost zdarma a zam\u011b\u0159uje se na re\u00e1ln\u00e9 aplikace n\u00e1kladn\u00edch kol a \u0159e\u0161en\u00ed mikromobility pro \u017eivot ve m\u011bst\u011b.<\/p>\n\n\n\n<h2 class=\"wp-block-heading\"><strong>&nbsp;Podrobnosti o ud\u00e1losti<\/strong><\/h2>\n\n\n\n<ul class=\"wp-block-list\">\n<li><strong>Datum a \u010das<\/strong>Sobota, 3. kv\u011btna 2025 | 11:00 \u2013 15:00<\/li>\n\n\n\n<li><strong>Um\u00edst\u011bn\u00ed<\/strong>900 Springdale Road, Austin, TX 78702<\/li>\n\n\n\n<li><strong>P\u0159ijet\u00ed<\/strong>Zdarma<\/li>\n\n\n\n<li><strong>Organiz\u00e1tor<\/strong>: <a href=\"https:\/\/www.biketexas.org\/uncategorized\/2025-austin-cargo-bike-festival\/\" target=\"_blank\" rel=\"noopener\">BikeTexas<\/a><\/li>\n<\/ul>\n\n\n\n<figure class=\"wp-block-image size-full\"><img fetchpriority=\"high\" decoding=\"async\" width=\"600\" height=\"400\" src=\"https:\/\/regencargobikes.com\/wp-content\/uploads\/2025\/05\/Fun-at-ACBF-1.jpg\" alt=\"\" class=\"wp-image-1146\" srcset=\"https:\/\/regencargobikes.com\/wp-content\/uploads\/2025\/05\/Fun-at-ACBF-1.jpg 600w, https:\/\/regencargobikes.com\/wp-content\/uploads\/2025\/05\/Fun-at-ACBF-1-300x200.jpg 300w, https:\/\/regencargobikes.com\/wp-content\/uploads\/2025\/05\/Fun-at-ACBF-1-18x12.jpg 18w\" sizes=\"(max-width: 600px) 100vw, 600px\" \/><\/figure>\n\n\n\n<h2 class=\"wp-block-heading\"><strong>Co o\u010dek\u00e1vat<\/strong><\/h2>\n\n\n\n<ul class=\"wp-block-list\">\n<li><strong>Zku\u0161ebn\u00ed j\u00edzdy<\/strong>\u00da\u010dastn\u00edci budou m\u00edt mo\u017enost vyzkou\u0161et si r\u016fzn\u00e1 n\u00e1kladn\u00ed kola a vozidla pro mikromobilitu v re\u00e1ln\u00fdch podm\u00ednk\u00e1ch.<\/li>\n\n\n\n<li><strong>Zdoben\u00fd pr\u016fvod n\u00e1kladn\u00edch kol<\/strong>\u00da\u010dastn\u00edci se mohou p\u0159ipojit k pr\u016fvodu a p\u0159edv\u00e9st sv\u00e1 kreativn\u011b upraven\u00e1 n\u00e1kladn\u00ed kola.<\/li>\n\n\n\n<li><strong>M\u00edstn\u00ed j\u00eddlo a z\u00e1bava<\/strong>Festival nab\u00eddne j\u00eddlo od m\u00edstn\u00edch prodejc\u016f a z\u00e1bavu pro \u00fa\u010dastn\u00edky v\u0161ech v\u011bkov\u00fdch kategori\u00ed.<\/li>\n\n\n\n<li><strong>Zapojen\u00ed komunity<\/strong>Akce nab\u00edz\u00ed p\u0159\u00edle\u017eitost k nav\u00e1z\u00e1n\u00ed kontaktu s m\u00edstn\u00edmi obyvateli a podniky, kte\u0159\u00ed vyu\u017e\u00edvaj\u00ed n\u00e1kladn\u00ed kola k uspokojen\u00ed dopravn\u00edch pot\u0159eb.<\/li>\n<\/ul>\n\n\n\n<h2 class=\"wp-block-heading\"><strong>Kdo by se m\u011bl z\u00fa\u010dastnit<\/strong><\/h2>\n\n\n\n<ul class=\"wp-block-list\">\n<li><strong>Nad\u0161enci do cyklistiky<\/strong>Tato akce je ide\u00e1ln\u00ed pro jednotlivce, kte\u0159\u00ed se cht\u011bj\u00ed dozv\u011bd\u011bt v\u00edce o vyu\u017eit\u00ed a v\u00fdhod\u00e1ch n\u00e1kladn\u00edch kol.<\/li>\n\n\n\n<li><strong>Rodiny<\/strong>Festival nab\u00edz\u00ed z\u00e1bavn\u00e9 a vzd\u011bl\u00e1vac\u00ed aktivity pro v\u0161echny v\u011bkov\u00e9 kategorie.<\/li>\n\n\n\n<li><strong>Urbanist\u00e9 a tv\u016frci politik<\/strong>Akce poskytne vhled do toho, jak mohou n\u00e1kladn\u00ed kola pomoci sn\u00ed\u017eit dopravn\u00ed z\u00e1cpy a zlep\u0161it m\u011bstskou mobilitu.<\/li>\n\n\n\n<li><strong>M\u00edstn\u00ed firmy<\/strong>Firmy mohou prozkoumat, jak lze n\u00e1kladn\u00ed kola integrovat do sv\u00fdch operac\u00ed pro dod\u00e1vky a dal\u0161\u00ed logistick\u00e9 pot\u0159eby.<\/li>\n<\/ul>\n\n\n\n<h2 class=\"wp-block-heading\"><strong>Tipy pro n\u00e1v\u0161t\u011bvn\u00edky<\/strong><\/h2>\n\n\n\n<ul class=\"wp-block-list\">\n<li><strong>Dorazte brzy<\/strong>Abyste co nejl\u00e9pe vyu\u017eili sv\u016fj \u010das na akci, zva\u017ete v\u010dasn\u00fd p\u0159\u00edjezd a vyzkou\u0161ejte si n\u00e1kladn\u00ed kola.<\/li>\n\n\n\n<li><strong>P\u0159ive\u010fte rodinu a p\u0159\u00e1tele<\/strong>Toto je akce pro rodiny s d\u011btmi a je to skv\u011bl\u00e1 p\u0159\u00edle\u017eitost k spole\u010dn\u00e9mu u\u010den\u00ed a z\u00e1bav\u011b.<\/li>\n\n\n\n<li><strong>Obl\u00e9kn\u011bte se pohodln\u011b<\/strong>Proto\u017ee se akce kon\u00e1 venku, noste pohodln\u00e9 oble\u010den\u00ed a obuv vhodnou pro ch\u016fzi a \u00fa\u010dast na aktivit\u00e1ch.<\/li>\n\n\n\n<li><strong>Spolupr\u00e1ce s vystavovateli<\/strong>Ud\u011blejte si \u010das na rozhovor s vystavovateli a dozv\u00edte se, jak lze n\u00e1kladn\u00ed kola vyu\u017e\u00edt k r\u016fzn\u00fdm praktick\u00fdm \u00fa\u010del\u016fm ve va\u0161em \u017eivot\u011b nebo podnik\u00e1n\u00ed.<\/li>\n<\/ul>","protected":false},"excerpt":{"rendered":"<p>The 2025 Austin Cargo Bike Festival offers a chance to experience firsthand the practical advantages of cargo bikes and light transport solutions in urban settings. Taking place on Saturday, May 3, 2025, from 11 AM to 3 PM at 900 Springdale Road, Austin, TX, this event is free to the public and focuses on real-world [&hellip;]<\/p>\n","protected":false},"author":2,"featured_media":1147,"comment_status":"open","ping_status":"open","sticky":false,"template":"","format":"standard","meta":{"footnotes":""},"categories":[36],"tags":[],"class_list":["post-1145","post","type-post","status-publish","format-standard","has-post-thumbnail","hentry","category-event-expo"],"_links":{"self":[{"href":"https:\/\/regencargobikes.com\/cs\/wp-json\/wp\/v2\/posts\/1145","targetHints":{"allow":["GET"]}}],"collection":[{"href":"https:\/\/regencargobikes.com\/cs\/wp-json\/wp\/v2\/posts"}],"about":[{"href":"https:\/\/regencargobikes.com\/cs\/wp-json\/wp\/v2\/types\/post"}],"author":[{"embeddable":true,"href":"https:\/\/regencargobikes.com\/cs\/wp-json\/wp\/v2\/users\/2"}],"replies":[{"embeddable":true,"href":"https:\/\/regencargobikes.com\/cs\/wp-json\/wp\/v2\/comments?post=1145"}],"version-history":[{"count":1,"href":"https:\/\/regencargobikes.com\/cs\/wp-json\/wp\/v2\/posts\/1145\/revisions"}],"predecessor-version":[{"id":1148,"href":"https:\/\/regencargobikes.com\/cs\/wp-json\/wp\/v2\/posts\/1145\/revisions\/1148"}],"wp:featuredmedia":[{"embeddable":true,"href":"https:\/\/regencargobikes.com\/cs\/wp-json\/wp\/v2\/media\/1147"}],"wp:attachment":[{"href":"https:\/\/regencargobikes.com\/cs\/wp-json\/wp\/v2\/media?parent=1145"}],"wp:term":[{"taxonomy":"category","embeddable":true,"href":"https:\/\/regencargobikes.com\/cs\/wp-json\/wp\/v2\/categories?post=1145"},{"taxonomy":"post_tag","embeddable":true,"href":"https:\/\/regencargobikes.com\/cs\/wp-json\/wp\/v2\/tags?post=1145"}],"curies":[{"name":"wp","href":"https:\/\/api.w.org\/{rel}","templated":true}]}}