{"id":1505,"date":"2025-06-09T05:41:03","date_gmt":"2025-06-08T21:41:03","guid":{"rendered":"https:\/\/regencargobikes.com\/?p=1505"},"modified":"2025-06-09T05:41:04","modified_gmt":"2025-06-08T21:41:04","slug":"micro-mobility-labs-unveils-convoy-e-cargo-trailer","status":"publish","type":"post","link":"https:\/\/regencargobikes.com\/cs\/micro-mobility-labs-unveils-convoy-e-cargo-trailer\/","title":{"rendered":"Spole\u010dnost Micro Mobility Labs p\u0159edstavuje p\u0159\u00edv\u011bs Convoy E-Cargo"},"content":{"rendered":"<p><em>\u010cerven 2025 \u2013 Lond\u00fdn, Spojen\u00e9 kr\u00e1lovstv\u00ed<\/em> \u2013 Britsk\u00fd startup <strong>Laborato\u0159e mikromobility<\/strong> p\u0159edstavila sv\u016fj nejnov\u011bj\u0161\u00ed v\u00fdtvor, <strong>Konvoj C.01<\/strong> elektrick\u00fd n\u00e1kladn\u00ed p\u0159\u00edv\u011bs, kter\u00fd bude m\u00edt premi\u00e9ru na leto\u0161n\u00ed letn\u00ed v\u00fdstav\u011b Eurobike. Odoln\u00fd a z\u00e1rove\u0148 lehk\u00fd Convoy, navr\u017een\u00fd pro snadn\u00e9 p\u0159ipevn\u011bn\u00ed k v\u011bt\u0161in\u011b j\u00edzdn\u00edch kol, p\u0159in\u00e1\u0161\u00ed <strong>V\u00fdkon motoru 250 W, dojezd 30 km a nosnost 50 kg<\/strong> v kompaktn\u00edm, p\u0159enosn\u00e9m balen\u00ed.<\/p>\n\n\n\n<hr class=\"wp-block-separator has-alpha-channel-opacity\"\/>\n\n\n\n<h2 class=\"wp-block-heading\"><strong>Snadn\u00e9 uchycen\u00ed, chytr\u00e1 manipulace<\/strong><\/h2>\n\n\n\n<p>Jednou z vynikaj\u00edc\u00edch vlastnost\u00ed je instalace bez pou\u017eit\u00ed n\u00e1\u0159ad\u00ed \u2013 Convoy se p\u0159ipne na kolo bez pou\u017eit\u00ed kl\u00ed\u010d\u016f nebo se\u0159izov\u00e1n\u00ed. Je tak\u00e9 vybaven patentovan\u00fdm syst\u00e9mem \u0159\u00edzen\u00ed zadn\u00edch kol, kter\u00fd pom\u00e1h\u00e1 p\u0159\u00edv\u011bsu... <strong>p\u0159irozen\u011b sledujte zat\u00e1\u010dky na kole<\/strong>, co\u017e zlep\u0161uje ovladatelnost v t\u011bsn\u00fdch m\u011bstsk\u00fdch prostorech.<\/p>\n\n\n\n<p>Ve spojen\u00ed s motorem j\u00edzdn\u00edho kola se sn\u00edm\u00e1n\u00edm to\u010div\u00e9ho momentu nab\u00edz\u00ed Convoy... <strong>Asistence t\u0159\u00eddy 1 do rychlosti 26 km\/h<\/strong> s pou\u017eiteln\u00fdm rozsahem <strong>a\u017e 30 km (19 mil)<\/strong>Cena je aktu\u00e1ln\u011b stanovena na p\u0159ibli\u017en\u011b <strong>2 200 \u20ac (p\u0159ibli\u017en\u011b $2 500)<\/strong>a p\u0159edobjedn\u00e1vky jsou spu\u0161t\u011bny na n\u011bkolika evropsk\u00fdch trz\u00edch.<\/p><div class=\"regen-test-placement-from-wizard-1604397851\" id=\"regen-1045757293\"><script async src=\"https:\/\/pagead2.googlesyndication.com\/pagead\/js\/adsbygoogle.js?client=ca-pub-1076230867169041\"\n     crossorigin=\"anonymous\"><\/script><\/div><div class=\"regen-test-placement-from-wizard-2878267818\" id=\"regen-2367946744\"><script async src=\"https:\/\/pagead2.googlesyndication.com\/pagead\/js\/adsbygoogle.js?client=ca-pub-1076230867169041\"\n     crossorigin=\"anonymous\"><\/script><\/div>\n\n\n\n<hr class=\"wp-block-separator has-alpha-channel-opacity\"\/>\n\n\n\n<h2 class=\"wp-block-heading\"><strong>Pro koho je to ur\u010deno<\/strong><\/h2>\n\n\n\n<p>Na rozd\u00edl od objemn\u00fdch elektrick\u00fdch n\u00e1kladn\u00edch kol nebo dod\u00e1vek je Convoy navr\u017een pro flexibilitu. A\u0165 u\u017e jste rodi\u010d voz\u00edc\u00ed potraviny, kur\u00fdr zab\u00fdvaj\u00edc\u00ed se rozvozem kol nebo mal\u00e1 firma p\u0159epravuj\u00edc\u00ed zbo\u017e\u00ed, Convoy se p\u0159ipoj\u00ed k va\u0161emu kolu a rychle se prom\u011bn\u00ed v praktick\u00fd elektrick\u00fd n\u00e1kladn\u00ed v\u016fz.<\/p>\n\n\n\n<p>Evrop\u0161t\u00ed podporovatel\u00e9 ji\u017e zaznamenali \u00fasp\u011bch v re\u00e1ln\u00e9m sv\u011bt\u011b: jedna rodina to popsala jako \u201emnohem usnad\u0148uj\u00edc\u00ed chod \u0161koly\u201c, zat\u00edmco m\u00edstn\u00ed peka\u0159i poznamenali, \u017ee to nahrazuje kr\u00e1tk\u00e9 poch\u016fzky autem, ani\u017e by to zab\u00edralo parkovac\u00ed m\u00edsto.<\/p>\n\n\n\n<hr class=\"wp-block-separator has-alpha-channel-opacity\"\/>\n\n\n\n<h2 class=\"wp-block-heading\"><strong>V\u00fdkon v kostce<\/strong><\/h2>\n\n\n\n<p>Zde je n\u00e1vod, jak si Convoy vede v porovn\u00e1n\u00ed s typick\u00fdmi elektrokoly a syst\u00e9my na b\u00e1zi dod\u00e1vek:<\/p>\n\n\n\n<figure class=\"wp-block-table\"><table class=\"has-fixed-layout\"><tbody><tr><td><strong>Funkce<\/strong><\/td><td><strong>Konvoj C.01<\/strong><\/td><td><strong>Standardn\u00ed n\u00e1kladn\u00ed elektrokolo<\/strong><\/td><\/tr><tr><td>Nosnost<\/td><td>50 kg<\/td><td>100\u2013200 kg<\/td><\/tr><tr><td>V\u00fdstup motoru<\/td><td>250 W<\/td><td>250\u2013750 W<\/td><\/tr><tr><td>Maxim\u00e1ln\u00ed asistovan\u00e1 rychlost<\/td><td>26 km\/h<\/td><td>25 \u2013 40 km\/h<\/td><\/tr><tr><td>Rozsah<\/td><td>A\u017e 30 km<\/td><td>40 \u2013 80 km<\/td><\/tr><tr><td>Snadn\u00e9 p\u0159ipojen\u00ed<\/td><td>P\u0159ip\u00ednac\u00ed, bez n\u00e1\u0159ad\u00ed<\/td><td>Pevn\u00fd r\u00e1m, nikoli modul\u00e1rn\u00ed<\/td><\/tr><tr><td>Hmotnost p\u0159\u00edv\u011bsu<\/td><td>12 kg<\/td><td>30 kg+<\/td><\/tr><\/tbody><\/table><\/figure>\n\n\n\n<p>Convoy se sice nevyrovn\u00e1 dojezdu ani p\u0159epravn\u00ed s\u00edle v\u011bt\u0161\u00edch elektrokol, ale jeho <strong>jednoduchost, p\u0159enosnost a ovladatelnost<\/strong> je ide\u00e1ln\u00ed pro leh\u010d\u00ed n\u00e1klady a b\u011b\u017enou logistiku.<\/p>\n\n\n\n<hr class=\"wp-block-separator has-alpha-channel-opacity\"\/>\n\n\n\n<h2 class=\"wp-block-heading\"><strong>Rostouc\u00ed popt\u00e1vka po udr\u017eiteln\u00e9 n\u00e1kladn\u00ed doprav\u011b<\/strong><\/h2>\n\n\n\n<p>M\u011bsta po cel\u00e9m sv\u011bt\u011b prosazuj\u00ed ekologi\u010dt\u011bj\u0161\u00ed dod\u00e1vky na posledn\u00ed m\u00edli. Evropsk\u00e1 cyklistick\u00e1 federace uv\u00e1d\u00ed <strong>R\u016fst prodeje mikrokol v roce 2024 o 121 TP5T<\/strong>, z velk\u00e9 \u010d\u00e1sti poh\u00e1n\u011bn\u00e9 rodinami a m\u00edstn\u00edmi doru\u010dovac\u00edmi slu\u017ebami hledaj\u00edc\u00edmi udr\u017eiteln\u00e9 alternativy k automobil\u016fm.<\/p>\n\n\n\n<p>T\u00fdm Micro Mobility Labs \u2013 veden\u00fd b\u00fdval\u00fdmi in\u017een\u00fdry spole\u010dnosti Dyson \u2013 slibuje je\u0161t\u011b v\u00edce inovac\u00ed: p\u0159ipravovan\u00fd model C.02 bude obsahovat <strong>leh\u010d\u00ed materi\u00e1ly a chyt\u0159ej\u0161\u00ed senzory<\/strong>.<\/p>\n\n\n\n<p>Odborn\u00edci z oboru si ji\u017e v\u0161\u00edmaj\u00ed modul\u00e1rn\u00edho potenci\u00e1lu Convoye. Alex M\u00fcller, b\u00fdval\u00fd mana\u017eer m\u011bstsk\u00e9 kur\u00fdrn\u00ed slu\u017eby, uvedl:<\/p>\n\n\n\n<blockquote class=\"wp-block-quote is-layout-flow wp-block-quote-is-layout-flow\">\n<p>\u201eConvoy nab\u00edz\u00ed modul\u00e1rn\u00ed \u0159e\u0161en\u00ed pro elektronickou n\u00e1kladn\u00ed dopravu, kter\u00e9 je skute\u010dn\u011b atraktivn\u00ed jak pro spot\u0159ebitele, tak pro u\u017eivatele B2B.\u201c<\/p>\n<\/blockquote>\n\n\n\n<p>Mezit\u00edm recenzentka cyklistick\u00fdch technologi\u00ed Emma Clarkov\u00e1 dodala:<\/p>\n\n\n\n<blockquote class=\"wp-block-quote is-layout-flow wp-block-quote-is-layout-flow\">\n<p>\u201eNepot\u0159ebujete vlastn\u00ed elektrokolo \u2013 Convoy prom\u011bn\u00ed v\u00e1\u0161 st\u00e1vaj\u00edc\u00ed automobil v syst\u00e9m s mo\u017enost\u00ed p\u0159epravy, ide\u00e1ln\u00ed pro p\u016fj\u010dovny kol a sd\u00edlen\u00e1 kola.\u201c<\/p>\n<\/blockquote>\n\n\n\n<hr class=\"wp-block-separator has-alpha-channel-opacity\"\/>\n\n\n\n<h2 class=\"wp-block-heading\"><strong>Harmonogram nadch\u00e1zej\u00edc\u00edho zav\u00e1d\u011bn\u00ed<\/strong><\/h2>\n\n\n\n<p>Spole\u010dnost Micro Mobility Labs pl\u00e1nuje:<\/p>\n\n\n\n<ul class=\"wp-block-list\">\n<li>Prezenta\u010dn\u00ed konvoj na <strong>Eurobike 2025<\/strong> (\u010dervenec) pro m\u00e9dia a distributory<\/li>\n\n\n\n<li>Zah\u00e1jen\u00ed omezen\u00e9 evropsk\u00e9 dopravy v <strong>4. \u010dtvrtlet\u00ed 2025<\/strong><\/li>\n\n\n\n<li>Vstupte do Severn\u00ed Ameriky <strong>2. \u010dtvrtlet\u00ed 2026<\/strong> prost\u0159ednictv\u00edm partnerstv\u00ed s doru\u010dovac\u00edmi platformami, jako jsou Uber Freight a Amazon Flex<\/li>\n<\/ul>\n\n\n\n<p>V sou\u010dasn\u00e9 dob\u011b vylep\u0161uj\u00ed bateriov\u00fd blok a mechanismus \u0159\u00edzen\u00ed pro v\u011bt\u0161\u00ed odolnost a ni\u017e\u0161\u00ed hmotnost.<\/p>\n\n\n\n<hr class=\"wp-block-separator has-alpha-channel-opacity\"\/>\n\n\n\n<h2 class=\"wp-block-heading\"><strong>V\u00fdzvy, kter\u00e9 n\u00e1s \u010dekaj\u00ed<\/strong><\/h2>\n\n\n\n<p>Convoy spl\u0148uje pot\u0159eby u\u017eivatel\u016f lehk\u00fdch n\u00e1klad\u016f, ale je m\u00e9n\u011b vhodn\u00fd pro t\u011b\u017ek\u00e9 dod\u00e1vky. Jeho motor o v\u00fdkonu 250 W a dojezd 30 km spl\u0148uj\u00ed evropsk\u00e9 normy t\u0159\u00eddy 1, a\u010dkoli jsou pod severoamerick\u00fdmi limity (t\u0159\u00edda 2 s maxim\u00e1ln\u00ed rychlost\u00ed 20 mph). Kl\u00ed\u010dov\u00fdmi p\u0159ek\u00e1\u017ekami z\u016fst\u00e1v\u00e1 \u0161k\u00e1lov\u00e1n\u00ed v\u00fdroby a distribuce p\u0159i sou\u010dasn\u00e9 kontrole n\u00e1klad\u016f.<\/p>\n\n\n\n<hr class=\"wp-block-separator has-alpha-channel-opacity\"\/>\n\n\n\n<h2 class=\"wp-block-heading\"><strong>Z\u00e1v\u011bre\u010dn\u00e9 slovo<\/strong><\/h2>\n\n\n\n<p>Convoy p\u0159in\u00e1\u0161\u00ed do logistiky v centru m\u011bst sv\u011b\u017e\u00ed, modul\u00e1rn\u00ed p\u0159\u00edstup \u2013 kombinuje jednoduchost, flexibilitu a udr\u017eitelnost. Pro rodiny, kur\u00fdry nebo drobn\u00e9 prodejce nab\u00edz\u00ed u\u017eite\u010dnost pro p\u0159epravu n\u00e1kladu bez n\u00e1klad\u016f nebo objemu plnohodnotn\u00e9ho elektrokola. Pokud se Micro Mobility Labs poda\u0159\u00ed efektivn\u011b \u0161k\u00e1lovat po zaveden\u00ed Eurobiku, Convoy by mohl pomoci upevnit trend modul\u00e1rn\u00ed a sd\u00edlen\u00e9 m\u011bstsk\u00e9 dopravy \u2013 jedno kolo po druh\u00e9m.<\/p>\n\n\n\n<h2 class=\"wp-block-heading\">Prohl\u00e1\u0161en\u00ed o autorsk\u00fdch pr\u00e1vech k obr\u00e1zku<\/h2>\n\n\n\n<p>N\u011bkter\u00e9 obr\u00e1zky pou\u017eit\u00e9 na tomto webu\/v tomto \u010dl\u00e1nku poch\u00e1zej\u00ed z internetu a jsou ur\u010deny v\u00fdhradn\u011b pro ilustrativn\u00ed a vzd\u011bl\u00e1vac\u00ed \u00fa\u010dely, aby se l\u00e9pe porozum\u011blo obsahu. Respektujeme pr\u00e1va du\u0161evn\u00edho vlastnictv\u00ed p\u016fvodn\u00edch tv\u016frc\u016f a sna\u017e\u00edme se uv\u00e1d\u011bt zdroje, kde je to relevantn\u00ed.<\/p>\n\n\n\n<p>Pokud jste pr\u00e1voplatn\u00fdm vlastn\u00edkem jak\u00e9hokoli zde zobrazen\u00e9ho obr\u00e1zku a domn\u00edv\u00e1te se, \u017ee jeho pou\u017eit\u00ed p\u0159edstavuje poru\u0161en\u00ed autorsk\u00fdch pr\u00e1v, kontaktujte n\u00e1s pros\u00edm na adrese <a href=\"mailto:info@regencargobikes.com\" target=\"_Blank\" rel=\"noreferrer noopener\">info@regencargobikes.com<\/a>Po ov\u011b\u0159en\u00ed obr\u00e1zek neprodlen\u011b odstran\u00edme nebo uvedeme jeho zdroj.<\/p>\n\n\n\n<p>D\u011bkujeme za pochopen\u00ed.<\/p>\n\n\n\n<p>\u00a9 Regen Technology Co., Ltd.<\/p>","protected":false},"excerpt":{"rendered":"<p>June 2025 \u2013 London, UK \u2013 British start-up Micro Mobility Labs has introduced its latest creation, the Convoy C.01 electric cargo trailer, set to debut at this summer\u2019s Eurobike show. Designed to attach easily to most bicycles, the rugged yet lightweight Convoy brings 250W motor power, 30\u202fkm range, and 50\u202fkg payload capacity in a compact, [&hellip;]<\/p>\n","protected":false},"author":2,"featured_media":1506,"comment_status":"open","ping_status":"open","sticky":false,"template":"","format":"standard","meta":{"footnotes":""},"categories":[2],"tags":[],"class_list":["post-1505","post","type-post","status-publish","format-standard","has-post-thumbnail","hentry","category-knowledge"],"_links":{"self":[{"href":"https:\/\/regencargobikes.com\/cs\/wp-json\/wp\/v2\/posts\/1505","targetHints":{"allow":["GET"]}}],"collection":[{"href":"https:\/\/regencargobikes.com\/cs\/wp-json\/wp\/v2\/posts"}],"about":[{"href":"https:\/\/regencargobikes.com\/cs\/wp-json\/wp\/v2\/types\/post"}],"author":[{"embeddable":true,"href":"https:\/\/regencargobikes.com\/cs\/wp-json\/wp\/v2\/users\/2"}],"replies":[{"embeddable":true,"href":"https:\/\/regencargobikes.com\/cs\/wp-json\/wp\/v2\/comments?post=1505"}],"version-history":[{"count":1,"href":"https:\/\/regencargobikes.com\/cs\/wp-json\/wp\/v2\/posts\/1505\/revisions"}],"predecessor-version":[{"id":1507,"href":"https:\/\/regencargobikes.com\/cs\/wp-json\/wp\/v2\/posts\/1505\/revisions\/1507"}],"wp:featuredmedia":[{"embeddable":true,"href":"https:\/\/regencargobikes.com\/cs\/wp-json\/wp\/v2\/media\/1506"}],"wp:attachment":[{"href":"https:\/\/regencargobikes.com\/cs\/wp-json\/wp\/v2\/media?parent=1505"}],"wp:term":[{"taxonomy":"category","embeddable":true,"href":"https:\/\/regencargobikes.com\/cs\/wp-json\/wp\/v2\/categories?post=1505"},{"taxonomy":"post_tag","embeddable":true,"href":"https:\/\/regencargobikes.com\/cs\/wp-json\/wp\/v2\/tags?post=1505"}],"curies":[{"name":"wp","href":"https:\/\/api.w.org\/{rel}","templated":true}]}}