{"id":1557,"date":"2025-06-19T04:11:32","date_gmt":"2025-06-18T20:11:32","guid":{"rendered":"https:\/\/regencargobikes.com\/?p=1557"},"modified":"2025-06-19T04:11:34","modified_gmt":"2025-06-18T20:11:34","slug":"top-10-cargo-bike-rental-services-in-germany","status":"publish","type":"post","link":"https:\/\/regencargobikes.com\/cs\/top-10-cargo-bike-rental-services-in-germany\/","title":{"rendered":"10 nejlep\u0161\u00edch slu\u017eeb pron\u00e1jmu n\u00e1kladn\u00edch kol v N\u011bmecku"},"content":{"rendered":"<p>N\u011bmeck\u00fd ekosyst\u00e9m p\u016fj\u010doven n\u00e1kladn\u00edch kol vzkv\u00e9t\u00e1. M\u011bsta, startupy a logistick\u00e9 firmy st\u00e1le \u010dast\u011bji vyu\u017e\u00edvaj\u00ed n\u00e1kladn\u00ed elektrokola, aby sn\u00ed\u017eily emise, zm\u00edrnily dopravn\u00ed z\u00e1cpy a zlep\u0161ily mobilitu. Tyto slu\u017eby slou\u017e\u00ed r\u016fzn\u00fdm u\u017eivatel\u016fm - rodin\u00e1m, doj\u00ed\u017ed\u011bj\u00edc\u00edm do pr\u00e1ce, podnik\u016fm a m\u00edstn\u00edm samospr\u00e1v\u00e1m - a ukazuj\u00ed v\u0161estrannost e-n\u00e1kladn\u00edch kol. Nejen\u017ee nahrazuj\u00ed kr\u00e1tk\u00e9 cesty autem, ale p\u0159isp\u00edvaj\u00ed tak\u00e9 k program\u016fm sd\u00edlen\u00e9 mobility, udr\u017eiteln\u00e9 logistice a sousedsk\u00fdm iniciativ\u00e1m. V t\u00e9to souvislosti vynik\u00e1 deset kl\u00ed\u010dov\u00fdch zna\u010dek nap\u0159\u00ed\u010d celou zem\u00ed. Ani\u017e bychom je hodnotili podle po\u0159ad\u00ed, tento \u010dl\u00e1nek profiluje model, slu\u017eby a obchodn\u00ed p\u0159\u00edpady vyu\u017eit\u00ed jednotliv\u00fdch zna\u010dek a nab\u00edz\u00ed poznatky pro t\u00fdmy ve\u0159ejn\u00fdch zak\u00e1zek, org\u00e1ny ve\u0159ejn\u00e9 spr\u00e1vy a logistick\u00e9 pl\u00e1nova\u010de, kte\u0159\u00ed hodnot\u00ed partnerstv\u00ed s n\u00e1kladn\u00edmi koly pro ve\u0159ejn\u00e9 programy nebo komer\u010dn\u00ed provoz.<\/p>\n\n\n\n<hr class=\"wp-block-separator has-alpha-channel-opacity\"\/>\n\n\n\n<h2 class=\"wp-block-heading\">1. <strong>Sigo - sd\u00edlen\u00ed n\u00e1kladn\u00edch voz\u016f na n\u00e1dra\u017e\u00edch<\/strong><\/h2>\n\n\n\n<p>S\u00eddl\u00ed v Darmstadtu, <strong>Sigo<\/strong> je pr\u016fkopn\u00edkem v oblasti sd\u00edlen\u00ed e-n\u00e1klad\u016f na stanic\u00edch, kde se pou\u017e\u00edvaj\u00ed speci\u00e1ln\u011b zkonstruovan\u00e1 dvoukolov\u00e1 n\u00e1kladn\u00ed elektrokola, kter\u00e1 se p\u0159ipojuj\u00ed k induk\u010dn\u00edm nab\u00edjec\u00edm uzl\u016fm. Od sv\u00e9ho spu\u0161t\u011bn\u00ed v roce 2020 provozuje spole\u010dnost Sigo model B2B2C, v jeho\u017e r\u00e1mci spolupracuje s bytov\u00fdmi dru\u017estvy, obcemi a subjekty ve\u0159ejn\u00e9 dopravy. U\u017eivatel\u00e9 vyhled\u00e1vaj\u00ed, odemykaj\u00ed, jezd\u00ed a vracej\u00ed kola prost\u0159ednictv\u00edm mobiln\u00ed aplikace. Nab\u00edjen\u00ed prob\u00edh\u00e1 bezprobl\u00e9mov\u011b na stanici a zaji\u0161\u0165uje zhruba 50-70 km na jedno nabit\u00ed.<\/p>\n\n\n\n<ul class=\"wp-block-list\">\n<li><strong>Vozov\u00fd park a technika<\/strong>: Vlastn\u00ed kola s ovl\u00e1d\u00e1n\u00edm pomoc\u00ed aplikace a rychl\u00fdm induk\u010dn\u00edm nab\u00edjen\u00edm.<\/li>\n\n\n\n<li><strong>P\u0159\u00edpady pou\u017eit\u00ed<\/strong>: Ide\u00e1ln\u00ed pro ve\u0159ejn\u00e9 piloty, komunitn\u00ed sd\u00edlen\u00ed a lok\u00e1ln\u00ed dod\u00e1vky.<\/li>\n\n\n\n<li><strong>St\u011b\u017eejn\u00ed projekt<\/strong>: Bavorsk\u00fd program \"Lastenrad\" - 133 kol v 55 m\u011bstech, 95 000 ujet\u00fdch kilometr\u016f a v\u00edce ne\u017e polovina cest nahrazena j\u00edzdami autem.<\/li>\n<\/ul>\n\n\n\n<figure class=\"wp-block-image size-full\"><img fetchpriority=\"high\" decoding=\"async\" width=\"900\" height=\"600\" src=\"https:\/\/regencargobikes.com\/wp-content\/uploads\/2025\/06\/Sigo_Eurobike2019.webp\" alt=\"\" class=\"wp-image-1558\" srcset=\"https:\/\/regencargobikes.com\/wp-content\/uploads\/2025\/06\/Sigo_Eurobike2019.webp 900w, https:\/\/regencargobikes.com\/wp-content\/uploads\/2025\/06\/Sigo_Eurobike2019-300x200.webp 300w, https:\/\/regencargobikes.com\/wp-content\/uploads\/2025\/06\/Sigo_Eurobike2019-768x512.webp 768w, https:\/\/regencargobikes.com\/wp-content\/uploads\/2025\/06\/Sigo_Eurobike2019-18x12.webp 18w\" sizes=\"(max-width: 900px) 100vw, 900px\" \/><\/figure>\n\n\n\n<p>Model spole\u010dnosti Sigo ukazuje, jak robustn\u00ed infrastruktura, automatizace a partnerstv\u00ed mohou ze sd\u00edlen\u00ed e-n\u00e1klad\u016f ud\u011blat \u0161k\u00e1lovateln\u00e9 m\u011bstsk\u00e9 \u0159e\u0161en\u00ed. Odstra\u0148uje obavy z dojezdu, minimalizuje \u00fadr\u017ebu a sni\u017euje n\u00e1roky na person\u00e1l. Zadavatel\u00e9 ve\u0159ejn\u00fdch zak\u00e1zek mohou na spole\u010dnost Sigo pohl\u00ed\u017eet jako na partnera na kl\u00ed\u010d, kter\u00fd nab\u00edz\u00ed spolehliv\u00fd provoz, v\u00fdsledky \u0161etrn\u00e9 ke klimatu a integraci infrastruktury - v\u0161e s ohledem na komunitn\u00ed pl\u00e1nov\u00e1n\u00ed a krit\u00e9ria vozov\u00e9ho parku. Tento syst\u00e9m je vzorem pro m\u011bsta, kter\u00e1 se sna\u017e\u00ed zav\u00e1d\u011bt mobilitu s minim\u00e1ln\u00edm naru\u0161en\u00edm a maxim\u00e1ln\u00edm p\u0159\u00ednosem pro ve\u0159ejnost.<\/p><div class=\"regen-test-placement-from-wizard-1604397851\" id=\"regen-2380407855\"><script async src=\"https:\/\/pagead2.googlesyndication.com\/pagead\/js\/adsbygoogle.js?client=ca-pub-1076230867169041\"\n     crossorigin=\"anonymous\"><\/script><\/div><div class=\"regen-test-placement-from-wizard-2878267818\" id=\"regen-1974273610\"><script async src=\"https:\/\/pagead2.googlesyndication.com\/pagead\/js\/adsbygoogle.js?client=ca-pub-1076230867169041\"\n     crossorigin=\"anonymous\"><\/script><\/div>\n\n\n\n<hr class=\"wp-block-separator has-alpha-channel-opacity\"\/>\n\n\n\n<h2 class=\"wp-block-heading\">2. <strong>Nextbike (Tier Mobility) - Integrace s\u00edt\u011b sd\u00edlen\u00fdch j\u00edzdn\u00edch kol pro n\u00e1kladn\u00ed dopravu<\/strong><\/h2>\n\n\n\n<p><strong>Nextbike<\/strong>, v r\u00e1mci programu Tier Mobility, zlep\u0161uje sd\u00edlen\u00ed m\u011bstsk\u00fdch j\u00edzdn\u00edch kol prost\u0159ednictv\u00edm integrace n\u00e1kladu. V n\u011bmeck\u00fdch m\u011bstech, jako je Lipsko a Kol\u00edn nad R\u00fdnem, p\u0159idala spole\u010dnost Nextbike e-n\u00e1kladn\u00ed kola (nap\u0159, <strong>M\u011bstsk\u00fd \u0161\u00edp Cargo L<\/strong>), kter\u00e9 jsou dostupn\u00e9 prost\u0159ednictv\u00edm stejn\u00e9 aplikace a dokovac\u00edho syst\u00e9mu. Tato strategie vyu\u017e\u00edv\u00e1 st\u00e1vaj\u00edc\u00ed infrastrukturu a n\u00e1vyky u\u017eivatel\u016f - n\u00e1kladn\u00ed kola jsou roz\u0161\u00ed\u0159en\u00edm popul\u00e1rn\u00edch syst\u00e9m\u016f sd\u00edlen\u00ed kol, kter\u00e9 zlep\u0161uj\u00ed viditelnost.<\/p>\n\n\n\n<ul class=\"wp-block-list\">\n<li><strong>Ceny<\/strong>: ~ 1 \u20ac odemknout, 0,05-0,10 \u20ac za minutu.<\/li>\n\n\n\n<li><strong>Pou\u017e\u00edv\u00e1<\/strong>: Ide\u00e1ln\u00ed pro rodinn\u00e9 poch\u016fzky, p\u0159epravu d\u011bt\u00ed nebo lehkou m\u011bstskou logistiku.<\/li>\n\n\n\n<li><strong>Model<\/strong>: Urban Arrow Cargo L pro stabiln\u00ed j\u00edzdu a nosnost.<\/li>\n<\/ul>\n\n\n\n<p>Integrace sni\u017euje re\u017eijn\u00ed n\u00e1klady: stejn\u00e1 fakturace, podpora a dostupnost stanic. Roz\u0161i\u0159uje rozmanitost vozov\u00e9ho parku s minim\u00e1ln\u00edmi investicemi a umo\u017e\u0148uje m\u011bst\u016fm sledovat vyu\u017eit\u00ed n\u00e1kladn\u00edch kol prost\u0159ednictv\u00edm sd\u00edlen\u00fdch dat. Jezdci z\u00edskaj\u00ed znalost bez nutnosti nov\u00fdch aplikac\u00ed nebo registrac\u00ed. Mal\u00e9 flotily v\u0161ak mohou znamenat omezenou dostupnost a spolehlivost na z\u00e1klad\u011b popt\u00e1vky. No\u010dn\u00ed nebo v\u00edkendov\u00e1 dostupnost se m\u016f\u017ee li\u0161it. P\u0159\u00edstup spole\u010dnosti Nextbike nicm\u00e9n\u011b ukazuje, jak mohou m\u011bsta rychle zav\u00e9st mo\u017enosti n\u00e1kladn\u00edch kol - nikoliv budov\u00e1n\u00edm samostatn\u00fdch syst\u00e9m\u016f, ale modernizac\u00ed t\u011bch st\u00e1vaj\u00edc\u00edch. Pro t\u00fdmy logistiky a z\u00e1sobov\u00e1n\u00ed to p\u0159edstavuje n\u00edzkorizikovou, snadno dostupnou mo\u017enost n\u00e1kladn\u00ed dopravy v r\u00e1mci zn\u00e1m\u00fdch r\u00e1mc\u016f.<\/p>\n\n\n\n<hr class=\"wp-block-separator has-alpha-channel-opacity\"\/>\n\n\n\n<h2 class=\"wp-block-heading\">3. <strong>Freie Lastenr\u00e4der - Komunitou \u0159\u00edzen\u00e9 bezplatn\u00e9 p\u016fj\u010dky<\/strong><\/h2>\n\n\n\n<p>Ten\/Ta\/To <strong>Freie Lastenr\u00e4der<\/strong> s\u00ed\u0165, kterou podporuj\u00ed nevl\u00e1dn\u00ed organizace a m\u00edstn\u00ed kluby, nyn\u00ed zahrnuje <strong>179+ n\u011bmeck\u00fdch m\u011bst<\/strong> (nap\u0159. berl\u00ednsk\u00fd fLotte, kol\u00ednsk\u00fd Kasimir). Obyvatel si m\u016f\u017ee rezervovat n\u00e1kladn\u00ed kolo online, vyzvednout si ho na m\u00edst\u011b v obci a po pou\u017eit\u00ed ho vr\u00e1tit zdarma nebo na z\u00e1klad\u011b daru.<\/p>\n\n\n\n<ul class=\"wp-block-list\">\n<li><strong>Flotila<\/strong>: Ru\u010dn\u00ed a elektrick\u00e1 sk\u0159\u00ed\u0148ov\u00e1 kola, t\u0159\u00edkolky; v p\u0159\u00edpad\u011b elektrick\u00fdch kol nab\u00edjen\u00e1 u\u017eivatelem.<\/li>\n\n\n\n<li><strong>P\u0159\u00edpady pou\u017eit\u00ed<\/strong>: Vy\u0159izov\u00e1n\u00ed z\u00e1le\u017eitost\u00ed, p\u0159eprava sklad\u016f, rodinn\u00e9 v\u00fdlety.<\/li>\n\n\n\n<li><strong>Model<\/strong>: Demokratick\u00fd p\u0159\u00edstup zalo\u017een\u00fd na dobrovoln\u00fdch hostitel\u00edch.<\/li>\n<\/ul>\n\n\n\n<p>Tyto programy vytv\u00e1\u0159ej\u00ed dobrou v\u016fli ve\u0159ejnosti, rozv\u00edjej\u00ed soudr\u017enost komunity a podporuj\u00ed udr\u017eitelnou mobilitu zdola. Mezi omezen\u00ed pat\u0159\u00ed nekomer\u010dn\u00ed provozn\u00ed doba, omezen\u00e9 zdroje na \u00fadr\u017ebu a variabilita v r\u016fzn\u00fdch lokalit\u00e1ch. P\u0159esto je jejich spole\u010densk\u00fd dopad v\u00fdznamn\u00fd: modeluj\u00ed odpov\u011bdnost u\u017eivatel\u016f, sni\u017euj\u00ed z\u00e1vislost na autech a potvrzuj\u00ed vyu\u017e\u00edv\u00e1n\u00ed ve\u0159ejn\u00e9ho n\u00e1kladu. Pro pl\u00e1nova\u010de a firemn\u00ed t\u00fdmy CSR mohou tyto programy dopl\u0148ovat placen\u00e9 slu\u017eby, pilotovat roz\u0161i\u0159ov\u00e1n\u00ed infrastruktury nebo p\u0159il\u00e1kat ob\u010dany ke sd\u00edlen\u00fdm program\u016fm. Pom\u00e1haj\u00ed tak\u00e9 testovat chov\u00e1n\u00ed u\u017eivatel\u016f v prost\u0159ed\u00ed s n\u00edzk\u00fdmi n\u00e1klady a n\u00edzk\u00fdmi bari\u00e9rami.<\/p>\n\n\n\n<hr class=\"wp-block-separator has-alpha-channel-opacity\"\/>\n\n\n\n<h2 class=\"wp-block-heading\">4. <strong>CYCLE.eco - Komer\u010dn\u00ed p\u0159edplatitelsk\u00fd leasing<\/strong><\/h2>\n\n\n\n<p><strong>CYCLE.eco<\/strong> (d\u0159\u00edve GetHenry) pronaj\u00edm\u00e1 e-n\u00e1kladn\u00ed kola gigov\u00fdm pracovn\u00edk\u016fm, mal\u00fdm a st\u0159edn\u00edm podnik\u016fm a firm\u00e1m na z\u00e1klad\u011b m\u011bs\u00ed\u010dn\u00edch smluv all-inclusive (159-199 eur), kter\u00e9 zahrnuj\u00ed \u00fadr\u017ebu a poji\u0161t\u011bn\u00ed. P\u016fsob\u00ed v Berl\u00edn\u011b, Hamburku, Kol\u00edn\u011b nad R\u00fdnem a dal\u0161\u00edch m\u011bstech a pou\u017e\u00edv\u00e1 modely jako Urban Arrow a Radkutsche long-tails - robustn\u00ed a konstruovan\u00e9 pro n\u00e1ro\u010dn\u00e9 pou\u017eit\u00ed.<\/p>\n\n\n\n<ul class=\"wp-block-list\">\n<li><strong>Flotila<\/strong>: \u0160pi\u010dkov\u00e9 modely s dlouh\u00fdm ocasem a pohonem Bosch.<\/li>\n\n\n\n<li><strong>P\u0159edplatn\u00e9<\/strong>: Jeden m\u011bs\u00ed\u010dn\u00ed poplatek zahrnuje servis, poji\u0161t\u011bn\u00ed a n\u00e1hradn\u00ed d\u00edly.<\/li>\n\n\n\n<li><strong>P\u0159\u00edpady pou\u017eit\u00ed<\/strong>: Rozvoz potravin, kur\u00fdrn\u00ed logistika, B2B doprava na posledn\u00ed m\u00edli.<\/li>\n<\/ul>\n\n\n\n<figure class=\"wp-block-image size-full\"><img decoding=\"async\" width=\"900\" height=\"600\" src=\"https:\/\/regencargobikes.com\/wp-content\/uploads\/2025\/06\/\u5fae\u4fe1\u56fe\u7247_20250619032435.webp\" alt=\"\" class=\"wp-image-1560\" srcset=\"https:\/\/regencargobikes.com\/wp-content\/uploads\/2025\/06\/\u5fae\u4fe1\u56fe\u7247_20250619032435.webp 900w, https:\/\/regencargobikes.com\/wp-content\/uploads\/2025\/06\/\u5fae\u4fe1\u56fe\u7247_20250619032435-300x200.webp 300w, https:\/\/regencargobikes.com\/wp-content\/uploads\/2025\/06\/\u5fae\u4fe1\u56fe\u7247_20250619032435-768x512.webp 768w, https:\/\/regencargobikes.com\/wp-content\/uploads\/2025\/06\/\u5fae\u4fe1\u56fe\u7247_20250619032435-18x12.webp 18w\" sizes=\"(max-width: 900px) 100vw, 900px\" \/><\/figure>\n\n\n\n<p>Podniky se vyhnou velk\u00fdm po\u010d\u00e1te\u010dn\u00edm n\u00e1klad\u016fm a mohou flexibiln\u011b roz\u0161i\u0159ovat vozov\u00fd park. P\u0159edv\u00eddateln\u00e9 provozn\u00ed n\u00e1klady pom\u00e1haj\u00ed p\u0159i tvorb\u011b rozpo\u010dtu logistiky. Podpora \u00fadr\u017eby zvy\u0161uje provozuschopnost a omezuje poruchy. N\u00e1kup m\u016f\u017ee sledovat vyu\u017eit\u00ed, n\u00e1klady a n\u00e1vratnost investic. Dostupnost m\u016f\u017ee p\u0159i vysok\u00e9 popt\u00e1vce kol\u00edsat a m\u011bs\u00ed\u010dn\u00ed pron\u00e1jem m\u016f\u017ee p\u0159i intenzivn\u00edm vyu\u017e\u00edv\u00e1n\u00ed p\u0159ev\u00fd\u0161it n\u00e1klady na vlastnictv\u00ed. P\u0159esto CYCLE.eco nab\u00edz\u00ed t\u00e9m\u011b\u0159 hotov\u00e9 \u0159e\u0161en\u00ed pro vozov\u00fd park - ide\u00e1ln\u00ed pro vozov\u00e9 parky, kter\u00e9 nemaj\u00ed t\u00fdmy \u00fadr\u017eby j\u00edzdn\u00edch kol nebo se nezam\u011b\u0159uj\u00ed na kapit\u00e1l.<\/p>\n\n\n\t\t<div data-elementor-type=\"section\" data-elementor-id=\"1530\" class=\"elementor elementor-1530\" data-elementor-post-type=\"elementor_library\">\n\t\t\t<div class=\"elementor-element elementor-element-303061a0 e-flex e-con-boxed e-con e-parent\" data-id=\"303061a0\" data-element_type=\"container\" data-e-type=\"container\" data-settings=\"{&quot;background_background&quot;:&quot;classic&quot;,&quot;ekit_has_onepagescroll_dot&quot;:&quot;yes&quot;}\">\n\t\t\t\t\t<div class=\"e-con-inner\">\n\t\t<div class=\"elementor-element elementor-element-2b5c3a71 e-con-full e-flex e-con e-child\" data-id=\"2b5c3a71\" data-element_type=\"container\" data-e-type=\"container\" data-settings=\"{&quot;ekit_has_onepagescroll_dot&quot;:&quot;yes&quot;}\">\n\t\t\t\t<div class=\"elementor-element elementor-element-272f1e87 elementor-widget elementor-widget-elementskit-heading\" data-id=\"272f1e87\" data-element_type=\"widget\" data-e-type=\"widget\" data-widget_type=\"elementskit-heading.default\">\n\t\t\t\t<div class=\"elementor-widget-container\">\n\t\t\t\t\t<div class=\"ekit-wid-con\" ><div class=\"ekit-heading elementskit-section-title-wraper text_left   ekit_heading_tablet-   ekit_heading_mobile-text_center\"><h2 class=\"ekit-heading--title elementskit-section-title\">Chcete si zalo\u017eit vlastn\u00ed p\u016fj\u010dovnu n\u00e1kladn\u00edch kol?<\/h2>\t\t\t\t<div class='ekit-heading__description'>\n\t\t\t\t\t<p>Spole\u010dnost Regen pomohla des\u00edtk\u00e1m za\u010d\u00ednaj\u00edc\u00edch provozovatel\u016f p\u0159ekonat technick\u00e9 a v\u00fdrobn\u00ed p\u0159ek\u00e1\u017eky. N\u00e1\u0161 t\u00fdm odborn\u00edk\u016f v\u00e1m usnadn\u00ed n\u00e1vrh, v\u00fdrobu a \u0161k\u00e1lov\u00e1n\u00ed vozov\u00e9ho parku p\u0159ipraven\u00e9ho k pron\u00e1jmu \u2013 to v\u0161e pod va\u0161\u00ed zna\u010dkou.<\/p>\n\t\t\t\t<\/div>\n\t\t\t<\/div><\/div>\t\t\t\t<\/div>\n\t\t\t\t<\/div>\n\t\t\t\t<div class=\"elementor-element elementor-element-4ac735db elementor-widget-mobile__width-auto elementor-widget elementor-widget-elementskit-dual-button\" data-id=\"4ac735db\" data-element_type=\"widget\" data-e-type=\"widget\" data-widget_type=\"elementskit-dual-button.default\">\n\t\t\t\t<div class=\"elementor-widget-container\">\n\t\t\t\t\t<div class=\"ekit-wid-con\" >\n                <div class=\"ekit-element-align-wrapper\">\n                    <div class=\"ekit_double_button\">                <a class=\"ekit-double-btn ekit-double-btn-one\" href=\"https:\/\/regencargobikes.com\/cs\/contact\/\">\n                    \u017d\u00e1dost o cenovou nab\u00eddku                <\/a>\n            \n            <a class=\"ekit-double-btn ekit-double-btn-two\" href=\"https:\/\/regencargobikes.com\/cs\/service-center\/\">\n                    Servisn\u00ed centrum                <\/a>\n                  <\/div>\n                <\/div>\n            <\/div>\t\t\t\t<\/div>\n\t\t\t\t<\/div>\n\t\t\t\t<\/div>\n\t\t<div class=\"elementor-element elementor-element-19753a4e e-con-full e-flex e-con e-child\" data-id=\"19753a4e\" data-element_type=\"container\" data-e-type=\"container\" data-settings=\"{&quot;background_background&quot;:&quot;classic&quot;,&quot;ekit_has_onepagescroll_dot&quot;:&quot;yes&quot;}\">\n\t\t\t\t<div class=\"elementor-element elementor-element-17eaa8b elementor-widget elementor-widget-html\" data-id=\"17eaa8b\" data-element_type=\"widget\" data-e-type=\"widget\" data-widget_type=\"html.default\">\n\t\t\t\t<div class=\"elementor-widget-container\">\n\t\t\t\t\t<script async src=\"https:\/\/pagead2.googlesyndication.com\/pagead\/js\/adsbygoogle.js?client=ca-pub-1076230867169041\"\n     crossorigin=\"anonymous\"><\/script>\n<!-- \u6b63\u65b9\u5f62 -->\n<ins class=\"adsbygoogle\"\n     style=\"display:block\"\n     data-ad-client=\"ca-pub-1076230867169041\"\n     data-ad-slot=\"7340675255\"\n     data-ad-format=\"auto\"\n     data-full-width-responsive=\"true\"><\/ins>\n<script>\n     (adsbygoogle = window.adsbygoogle || []).push({});\n<\/script>\t\t\t\t<\/div>\n\t\t\t\t<\/div>\n\t\t\t\t<\/div>\n\t\t\t\t\t<\/div>\n\t\t\t\t<\/div>\n\t\t\t\t<\/div>\n\t\t\n\n\n\n<hr class=\"wp-block-separator has-alpha-channel-opacity\"\/>\n\n\n\n<h2 class=\"wp-block-heading\">5. <strong>ListNRide - Agreg\u00e1tor pron\u00e1jm\u016f soukrom\u00fdch vozidel a obchod\u016f<\/strong><\/h2>\n\n\n\n<p><strong>SeznamNRide<\/strong> funguje jako platforma spojuj\u00edc\u00ed soukrom\u00e9 majitele a mal\u00e9 p\u016fj\u010dovny, kter\u00e1 nab\u00edz\u00ed p\u0159ibli\u017en\u011b. <strong>80-90 n\u00e1kladn\u00edch kol<\/strong> po cel\u00e9m N\u011bmecku. Nab\u00edz\u00ed modely e-cargo, jako jsou Bakfiets a Babboe, pronaj\u00edman\u00e9 na hodinu nebo denn\u011b - atraktivn\u00ed pro rodiny, turisty nebo jednor\u00e1zov\u00e9 projekty.<\/p>\n\n\n\n<ul class=\"wp-block-list\">\n<li><strong>Velikost flotily<\/strong>: Aktivn\u00ed nab\u00eddky ve velk\u00fdch a st\u0159edn\u011b velk\u00fdch m\u011bstech.<\/li>\n\n\n\n<li><strong>P\u0159\u00edpady pou\u017eit\u00ed<\/strong>: Kr\u00e1tkodob\u00e9 rodinn\u00e9 dovolen\u00e9, akce, testov\u00e1n\u00ed.<\/li>\n\n\n\n<li><strong>P\u0159\u00edklady<\/strong>: Bakfiety pro st\u011bhov\u00e1n\u00ed krabic nebo d\u011bt\u00ed.<\/li>\n<\/ul>\n\n\n\n<p>ListNRide nab\u00edz\u00ed flexibilitu - \u017e\u00e1dn\u00e9 dlouhodob\u00e9 smlouvy ani syst\u00e9mov\u00e9 z\u00e1vazky. Kvalita se li\u0161\u00ed, ale je ide\u00e1ln\u00ed pro pilotn\u00ed ve\u0159ejn\u00e9 zak\u00e1zky, partnery v cestovn\u00edm ruchu a soci\u00e1ln\u00ed slu\u017eby nab\u00edzej\u00edc\u00ed ad hoc p\u0159\u00edstup k n\u00e1kladn\u00edm kol\u016fm. Cena m\u016f\u017ee b\u00fdt vy\u0161\u0161\u00ed u jednor\u00e1zov\u00fdch pron\u00e1jm\u016f. Provozovatel\u00e9 z\u00edsk\u00e1vaj\u00ed prost\u0159ednictv\u00edm platformy viditelnost a rezerva\u010dn\u00ed infrastrukturu, ani\u017e by museli investovat do vlastn\u00edho webov\u00e9ho port\u00e1lu. Je to cenn\u00fd vstupn\u00ed bod pro testov\u00e1n\u00ed popt\u00e1vky nebo z\u00e1sobov\u00e1n\u00ed pop-up logistiky.<\/p>\n\n\n\n<hr class=\"wp-block-separator has-alpha-channel-opacity\"\/>\n\n\n\n<h2 class=\"wp-block-heading\">6. <strong>Urban Arrow (prost\u0159ednictv\u00edm prodejc\u016f) - Leasing a prodej vozov\u00e9ho parku<\/strong><\/h2>\n\n\n\n<p><strong>M\u011bstsk\u00e1 \u0161ipka<\/strong> j\u00edzdn\u00ed kola podobn\u011b jako <strong>Cargo L Performance<\/strong> a <strong>Plo\u0161inov\u00fd podvozek L<\/strong>-jsou hardwarovou p\u00e1te\u0159\u00ed mnoha vozov\u00fdch park\u016f B2B a logistick\u00fdch p\u0159edplatn\u00fdch. Prodejci po cel\u00e9m N\u011bmecku nab\u00edzej\u00ed leasing a kompletn\u00ed slu\u017eby spr\u00e1vy vozov\u00e9ho parku, podporuj\u00ed zav\u00e1d\u011bn\u00ed, \u00fadr\u017ebu a modernizaci vozov\u00e9ho parku.<\/p>\n\n\n\n<ul class=\"wp-block-list\">\n<li><strong>Modely<\/strong>: N\u00e1kladn\u00ed L se sk\u0159\u00edn\u00ed, Plo\u0161inov\u00e1 L pro t\u011b\u017ek\u00e9 n\u00e1klady.<\/li>\n\n\n\n<li><strong>P\u0159\u00edpady pou\u017eit\u00ed<\/strong>: Dod\u00e1vky, p\u016fj\u010dovny, ve\u0159ejn\u00e9 vozov\u00e9 parky.<\/li>\n\n\n\n<li><strong>Podpora<\/strong>: Servisn\u00ed bal\u00ed\u010dky prodejce a z\u00e1ruky v\u00fdrobce.<\/li>\n<\/ul>\n\n\n\n<p>A\u010dkoli Urban Arrow nepronaj\u00edm\u00e1 p\u0159\u00edmo, umo\u017e\u0148uje poskytovatel\u016fm p\u016fj\u010doven a provozovatel\u016fm vozov\u00fdch park\u016f vyu\u017e\u00edvat pr\u00e9miov\u00e1 n\u00e1kladn\u00ed kola. Jejich v\u00fdkon je dob\u0159e p\u0159izp\u016fsoben pot\u0159eb\u00e1m podnik\u00e1n\u00ed, pohybu po m\u011bstsk\u00fdch komunikac\u00edch a manipulaci s u\u017eite\u010dn\u00fdm n\u00e1kladem. Pron\u00e1jem pom\u00e1h\u00e1 vyhnout se riziku vlastnictv\u00ed a investic\u00edm do z\u00e1sob. V\u00fdhody maj\u00ed i m\u011bsta, proto\u017ee tato kola se integruj\u00ed do ve\u0159ejn\u00fdch program\u016f nebo p\u0159estavby vozov\u00e9ho parku. Zadavatel\u00e9 ve\u0159ejn\u00fdch zak\u00e1zek, kte\u0159\u00ed posuzuj\u00ed mo\u017enosti hardwaru, ocen\u00ed pov\u011bst spole\u010dnosti Urban Arrow, kter\u00e1 stanovuje standardy, a rozs\u00e1hlou podporu prodejc\u016f.<\/p>\n\n\n\n<hr class=\"wp-block-separator has-alpha-channel-opacity\"\/>\n\n\n\n<h2 class=\"wp-block-heading\">7. <strong>Osl\u00ed republika - Pilotn\u00ed implementace n\u00e1kladu<\/strong><\/h2>\n\n\n\n<p><strong>Osl\u00ed republika<\/strong> p\u0159idala do sv\u00e9 aplikace pro pron\u00e1jem bezdokladov\u00fdch vozidel v Berl\u00edn\u011b a vybran\u00fdch m\u011bstech modely pro p\u0159epravu n\u00e1kladu. Tato kola, vybaven\u00e1 d\u011btsk\u00fdmi seda\u010dkami a n\u00e1kladn\u00edmi boxy, jsou plynule integrov\u00e1na do standardn\u00ed nab\u00eddky kol v aplikaci - nen\u00ed t\u0159eba se speci\u00e1ln\u011b registrovat ani skl\u00e1dat z\u00e1lohu.<\/p>\n\n\n\n<ul class=\"wp-block-list\">\n<li><strong>Odemyk\u00e1n\u00ed pomoc\u00ed aplikace<\/strong>: Zn\u00e1m\u00fd z\u00e1\u017eitek pro jezdce.<\/li>\n\n\n\n<li><strong>P\u0159\u00edpady pou\u017eit\u00ed<\/strong>: Rodinn\u00e9 v\u00fdlety, odvoz do \u0161koly, lehk\u00e9 n\u00e1kupy.<\/li>\n\n\n\n<li><strong>Benefit<\/strong>: P\u0159\u00edle\u017eitostn\u00e1 adopce bez z\u00e1vazk\u016f.<\/li>\n<\/ul>\n\n\n\n<figure class=\"wp-block-image size-full\"><img decoding=\"async\" width=\"900\" height=\"600\" src=\"https:\/\/regencargobikes.com\/wp-content\/uploads\/2025\/06\/eT21-07552_02-de.webp\" alt=\"\" class=\"wp-image-1559\" srcset=\"https:\/\/regencargobikes.com\/wp-content\/uploads\/2025\/06\/eT21-07552_02-de.webp 900w, https:\/\/regencargobikes.com\/wp-content\/uploads\/2025\/06\/eT21-07552_02-de-300x200.webp 300w, https:\/\/regencargobikes.com\/wp-content\/uploads\/2025\/06\/eT21-07552_02-de-768x512.webp 768w, https:\/\/regencargobikes.com\/wp-content\/uploads\/2025\/06\/eT21-07552_02-de-18x12.webp 18w\" sizes=\"(max-width: 900px) 100vw, 900px\" \/><\/figure>\n\n\n\n<p>P\u0159\u00edstup spole\u010dnosti Donkey sni\u017euje vstupn\u00ed bari\u00e9ry a umo\u017e\u0148uje rodin\u00e1m bez n\u00e1mahy vyzkou\u0161et n\u00e1kladn\u00ed kola. Integrace s aplikac\u00ed umo\u017e\u0148uje jednoduch\u00e9 \u00fa\u010dtov\u00e1n\u00ed a sledov\u00e1n\u00ed polohy. V porovn\u00e1n\u00ed s p\u016fj\u010dovnami ve stanic\u00edch se v\u0161ak vyzna\u010duje mal\u00fdmi flotilami, nejistou dostupnost\u00ed a omezenou servisn\u00ed podporou. Hod\u00ed se pro pilotn\u00ed projekty v oblasti cestovn\u00edho ruchu a mikromobility, ide\u00e1ln\u00ed pro mana\u017eery ve\u0159ejn\u00fdch zak\u00e1zek ve m\u011bstech, kte\u0159\u00ed cht\u011bj\u00ed zav\u00e9st n\u00e1kladn\u00ed kola do st\u00e1vaj\u00edc\u00edch z\u00e1sobn\u00edk\u016f sd\u00edlen\u00e9 mobility.<\/p>\n\n\n\n<hr class=\"wp-block-separator has-alpha-channel-opacity\"\/>\n\n\n\n<h2 class=\"wp-block-heading\">8. <strong>Call a Bike (DB) - Pilotn\u00ed p\u0159eprava datov\u00fdch informac\u00ed<\/strong><\/h2>\n\n\n\n<p><strong>Zavolejte si na kolo<\/strong>, kterou provozuje spole\u010dnost Deutsche Bahn, p\u0159\u00edle\u017eitostn\u011b po\u0159\u00e1d\u00e1 ve spolupr\u00e1ci s m\u011bsty, jako je Frankfurt, zkou\u0161ky n\u00e1kladn\u00edch kol. Tato kola se integruj\u00ed do st\u00e1vaj\u00edc\u00ed infrastruktury a jsou zapojena do v\u00fdzkumn\u00fdch projekt\u016f zkoumaj\u00edc\u00edch chov\u00e1n\u00ed u\u017eivatel\u016f a zp\u016fsoby cestov\u00e1n\u00ed.<\/p>\n\n\n\n<ul class=\"wp-block-list\">\n<li><strong>Funkce<\/strong>: D\u011btsk\u00e9 seda\u010dky, zadn\u00ed schr\u00e1nky, integrace aplikac\u00ed.<\/li>\n\n\n\n<li><strong>P\u0159\u00edpady pou\u017eit\u00ed<\/strong>: Testov\u00e1n\u00ed m\u011bstsk\u00e9 a tranzitn\u00ed mobility.<\/li>\n\n\n\n<li><strong>C\u00edl<\/strong>: Sb\u011br dat pro tvorbu politik.<\/li>\n<\/ul>\n\n\n\n<p>Pilotn\u00ed projekty Call a Bike pom\u00e1haj\u00ed \u00fa\u0159ad\u016fm vyhodnocovat popt\u00e1vku, cestovn\u00ed vzorce a nahrazov\u00e1n\u00ed cest bez velk\u00fdch investic. Ukazuj\u00ed roli n\u00e1kladu v multimod\u00e1ln\u00edch syst\u00e9mech m\u011bstsk\u00e9 dopravy. Nev\u00fdhodou je, \u017ee dostupnost je omezena na pilotn\u00ed jmenn\u00e9 prostory, nikoli na \u0161irokou ve\u0159ejnost. \u00da\u0159edn\u00edci odpov\u011bdn\u00ed za zad\u00e1v\u00e1n\u00ed ve\u0159ejn\u00fdch zak\u00e1zek a pl\u00e1novac\u00ed agentury v\u0161ak mohou v\u00fdsledky vyu\u017e\u00edt k od\u016fvodn\u011bn\u00ed v\u011bt\u0161\u00edch investic nebo roz\u0161\u00ed\u0159en\u00ed syst\u00e9mu.<\/p>\n\n\n\n<hr class=\"wp-block-separator has-alpha-channel-opacity\"\/>\n\n\n\n<h2 class=\"wp-block-heading\">9. <strong>Frachtfreunde - Logistick\u00e1 flotila nevl\u00e1dn\u00edch organizac\u00ed<\/strong><\/h2>\n\n\n\n<p><strong>Frachtfreunde<\/strong> je neziskov\u00e1 organizace, kter\u00e1 daruje flotilu n\u00e1kladn\u00edch kol nevl\u00e1dn\u00edm organizac\u00edm a soci\u00e1ln\u00edm podnik\u016fm a umo\u017e\u0148uje tak levnou udr\u017eitelnou logistiku. Kola - \u010dasto t\u011b\u017ek\u00e9 t\u0159\u00edkolky - jsou dlouhodob\u011b zap\u016fj\u010dov\u00e1na pro neziskov\u00e9 mise, logistiku akc\u00ed nebo komunitn\u00ed programy.<\/p>\n\n\n\n<ul class=\"wp-block-list\">\n<li><strong>Flotila<\/strong>: Elektrick\u00e9 n\u00e1kladn\u00ed voz\u00edky, nosnost 120+ kg.<\/li>\n\n\n\n<li><strong>P\u0159\u00edpady pou\u017eit\u00ed<\/strong>: pr\u00e1ce s komunitou, charitativn\u00ed akce, logistika pomoci.<\/li>\n\n\n\n<li><strong>Financov\u00e1n\u00ed<\/strong>: Crowdsourcovan\u00e9 dary a granty.<\/li>\n<\/ul>\n\n\n\n<p>Tento model roz\u0161i\u0159uje n\u00e1kladn\u00ed kola na nedostate\u010dn\u011b financovan\u00e1 odv\u011btv\u00ed bez komer\u010dn\u00edch omezen\u00ed. Mezi v\u00fdzvy pat\u0159\u00ed financov\u00e1n\u00ed \u00fadr\u017eby a zaji\u0161t\u011bn\u00ed odpov\u011bdnosti. P\u0159esto odr\u00e1\u017e\u00ed, jak mohou b\u00fdt kola \u0159e\u0161en\u00edm logistiky zdola. Obce mohou spolupracovat s nevl\u00e1dn\u00edmi organizacemi, jako je Frachtfreunde, aby pos\u00edlily schopnosti komunity a naplnily c\u00edle udr\u017eitelnosti, zat\u00edmco vozov\u00e9 parky prokazuj\u00ed re\u00e1lnou schopnost podporovat ob\u010dansk\u00e9 mise.<\/p>\n\n\n\n<hr class=\"wp-block-separator has-alpha-channel-opacity\"\/>\n\n\n\n<h2 class=\"wp-block-heading\">10. <strong>Velogista - kur\u00fdrn\u00ed slu\u017eba na kole<\/strong><\/h2>\n\n\n\n<p><strong>Velogista<\/strong>, kur\u00fdrn\u00ed spole\u010dnost se s\u00eddlem v Berl\u00edn\u011b, provozuje smluvn\u00ed logistiku pomoc\u00ed elektrick\u00fdch n\u00e1kladn\u00edch voz\u00edk\u016f. Jejich model s n\u00e1kladn\u00edmi t\u0159\u00edkolkami odoln\u00fdmi proti pov\u011btrnostn\u00edm vliv\u016fm a nosnost\u00ed p\u0159es 250 kg podporuje spole\u010dnosti, kter\u00e9 vy\u017eaduj\u00ed agiln\u00ed a ekologick\u00e9 dod\u00e1vky bez nutnosti vlastnit vozov\u00fd park.<\/p>\n\n\n\n<ul class=\"wp-block-list\">\n<li><strong>Servis<\/strong>: Smluvn\u00ed dod\u00e1vky B2B s pl\u00e1novan\u00fdmi odb\u011bry.<\/li>\n\n\n\n<li><strong>Flotila<\/strong>: N\u00e1kladn\u00ed voz\u00edky na zak\u00e1zku s GPS, modul\u00e1rn\u00ed boxy.<\/li>\n\n\n\n<li><strong>C\u00edlov\u00ed klienti<\/strong>: Maloobchodn\u00edci, kancel\u00e1\u0159e, dodavatelsk\u00e9 \u0159et\u011bzce akc\u00ed.<\/li>\n<\/ul>\n\n\n\n<p>Velogista eliminuje z\u00e1t\u011b\u017e spojenou se spr\u00e1vou vozov\u00e9ho parku a emisemi a umo\u017e\u0148uje klient\u016fm p\u0159esunout intern\u00ed zdroje. Nab\u00edzej\u00ed spolehlivost a m\u011b\u0159iteln\u00e9 p\u0159\u00ednosy pro udr\u017eitelnost. Mezi v\u00fdzvy pat\u0159\u00ed fluktuace jezdc\u016f a prom\u011bnlivost po\u010das\u00ed. P\u0159esto p\u0159edstavuj\u00ed pln\u011b outsourcovan\u00fd model bezemisn\u00edho doru\u010dov\u00e1n\u00ed, kter\u00fd je relevantn\u00ed pro firemn\u00ed logistick\u00e9 pl\u00e1nova\u010de a pracovn\u00edky odpov\u011bdn\u00e9 za udr\u017eitelnost.<\/p>\n\n\n\n<hr class=\"wp-block-separator has-alpha-channel-opacity\"\/>\n\n\n\n<h2 class=\"wp-block-heading\">Z\u00e1v\u011br: Strategick\u00e9 poznatky pro z\u00fa\u010dastn\u011bn\u00e9 strany<\/h2>\n\n\n\n<p>Rozs\u00e1hl\u00e1 n\u011bmeck\u00e1 nab\u00eddka n\u00e1kladn\u00edch kol nab\u00edz\u00ed \u0159e\u0161en\u00ed na m\u00edru pro ve\u0159ejn\u00e9 i komer\u010dn\u00ed vyu\u017eit\u00ed. Mezi deseti zna\u010dkami:<\/p>\n\n\n\n<ul class=\"wp-block-list\">\n<li><strong>Sigo<\/strong>nab\u00edz\u00ed robustn\u00ed sd\u00edlen\u00ed na z\u00e1klad\u011b stanice s automatick\u00fdm nab\u00edjen\u00edm.<\/li>\n\n\n\n<li><strong>Nextbike<\/strong> a <strong>Zavolejte si na kolo<\/strong> integrovat n\u00e1kladn\u00ed dopravu do m\u011bstsk\u00fdch s\u00edt\u00ed.<\/li>\n\n\n\n<li><strong>Freie Lastenr\u00e4der<\/strong> a <strong>Frachtfreunde<\/strong> zp\u0159\u00edstupnit ob\u010dan\u016fm a neziskov\u00fdm organizac\u00edm.<\/li>\n\n\n\n<li><strong>CYCLE.eco<\/strong>, <strong>Velogista<\/strong>a <strong>Leasing m\u011bstsk\u00fdch \u0161ipek<\/strong> splnit pot\u0159eby podnikov\u00e9 logistiky.<\/li>\n\n\n\n<li><strong>SeznamNRide<\/strong> a <strong>Osl\u00ed republika<\/strong> podporovat pilotn\u00ed projekty spot\u0159ebitel\u016f a vstup do cestovn\u00edho ruchu.<\/li>\n<\/ul>\n\n\n\n<p>Pro mana\u017eery n\u00e1kupu, politiky nebo logistiky jsou kl\u00ed\u010dov\u00e9 n\u00e1sleduj\u00edc\u00ed \u00favahy:<\/p>\n\n\n\n<ul class=\"wp-block-list\">\n<li><strong>P\u0159ipravenost infrastruktury<\/strong>-stanice vs. bezdokladov\u00e9 syst\u00e9my.<\/li>\n\n\n\n<li><strong>Pot\u0159eby \u00farovn\u011b slu\u017eeb<\/strong>-kr\u00e1tkodob\u00fd p\u0159\u00edstup, p\u0159edplatn\u00e9 nebo logistick\u00e1 podpora.<\/li>\n\n\n\n<li><strong>Modely \u00fadr\u017eby<\/strong>-plnohodnotn\u00fd pron\u00e1jem se li\u0161\u00ed od komunitn\u00edch program\u016f.<\/li>\n<\/ul>\n\n\n\n<p>Ka\u017ed\u00fd model nab\u00edz\u00ed \u0161k\u00e1lovatelnou, udr\u017eitelnou mobilitu v souladu s p\u0159edpisy a mand\u00e1ty udr\u017eitelnosti. S rostouc\u00edm z\u00e1jmem o sni\u017eov\u00e1n\u00ed emis\u00ed se n\u00e1kladn\u00ed j\u00edzdn\u00ed kola z butikov\u00fdch slu\u017eeb st\u00e1vaj\u00ed b\u011b\u017enou m\u011bstskou dopravou. N\u011bmeck\u00e9 slu\u017eby v sob\u011b spojuj\u00ed technologii, ob\u010danskou anga\u017eovanost a komer\u010dn\u00ed my\u0161len\u00ed a nab\u00edzej\u00ed tak pl\u00e1n pro dal\u0161\u00ed zem\u011b, kter\u00e9 cht\u011bj\u00ed n\u00e1kladn\u00ed kola za\u010dlenit do sv\u00fdch ekosyst\u00e9m\u016f mobility.<\/p>\n\n\n\n<hr class=\"wp-block-separator has-alpha-channel-opacity\"\/>\n\n\n\n<p><strong>Reference:<\/strong><\/p>\n\n\n\n<ol class=\"wp-block-list\">\n<li><strong>Sigo<\/strong> - Nab\u00edjen\u00ed ve stanic\u00edch a model sd\u00edlen\u00ed B2B2C <a href=\"https:\/\/sigo.green\" target=\"_Blank\" rel=\"noreferrer noopener\">sigo.green<\/a><\/li>\n\n\n\n<li><strong>Bavorsko Projekt \"Lastenrad\"<\/strong> - V\u00fdsledky nasazen\u00ed a \u00fadaje o pou\u017e\u00edv\u00e1n\u00ed <a href=\"\/cs\/sigo.green\/news\/lastenrad-bavaria\/\" target=\"_Blank\" rel=\"noreferrer noopener\">sigo.green\/news\/lastenrad-bavaria<\/a><\/li>\n\n\n\n<li><strong>Nextbike (Tier Mobility)<\/strong> - Integrace n\u00e1kladu a sd\u00edlen\u00ed pomoc\u00ed aplikace <a href=\"https:\/\/nextbike.de\" target=\"_Blank\" rel=\"noreferrer noopener\">nextbike.de<\/a><\/li>\n\n\n\n<li><strong>Freie Lastenr\u00e4der (Frachtfreunde)<\/strong> - Komunitou \u0159\u00edzen\u00e1 s\u00ed\u0165 bezplatn\u00fdch p\u016fj\u010dek <a href=\"https:\/\/lastenrad.frachtfreunde.de\" target=\"_Blank\" rel=\"noreferrer noopener\">lastenrad.frachtfreunde.de<\/a><\/li>\n\n\n\n<li><strong>CYCLE.eco (d\u0159\u00edve GetHenry)<\/strong> - Podrobnosti o pl\u00e1nu p\u0159edplatn\u00e9ho a pokryt\u00ed vozov\u00e9ho parku <a href=\"https:\/\/cycle.eco\" target=\"_Blank\" rel=\"noreferrer noopener\">cycle.eco<\/a><\/li>\n\n\n\n<li><strong>SeznamNRide<\/strong> - Agrega\u010dn\u00ed platforma s nab\u00eddkami n\u00e1kladn\u00edch kol <a href=\"https:\/\/listnride.com\" target=\"_Blank\" rel=\"noreferrer noopener\">listnride.com<\/a><\/li>\n\n\n\n<li><strong>M\u011bstsk\u00e1 \u0161ipka<\/strong> - Vyu\u017eit\u00ed v leasingov\u00fdch programech prost\u0159ednictv\u00edm n\u011bmeck\u00fdch prodejc\u016f <a href=\"https:\/\/urbanarrow.com\" target=\"_Blank\" rel=\"noreferrer noopener\">urbanarrow.com<\/a><\/li>\n\n\n\n<li><strong>Osl\u00ed republika<\/strong> - Pilotn\u00ed nasazen\u00ed n\u00e1kladn\u00edch kol <a href=\"https:\/\/donkey.bike\" target=\"_Blank\" rel=\"noreferrer noopener\">donkey.bike<\/a><\/li>\n\n\n\n<li><strong>Vyvol\u00e1n\u00ed kola spole\u010dnost\u00ed Deutsche Bahn<\/strong> - V\u00fdzkumn\u00ed piloti n\u00e1kladn\u00edch kol <a href=\"https:\/\/callabike.de\" target=\"_Blank\" rel=\"noreferrer noopener\">callabike.de<\/a><\/li>\n\n\n\n<li><strong>Frachtfreunde<\/strong> - Logistika nevl\u00e1dn\u00edch organizac\u00ed a darov\u00e1n\u00ed n\u00e1kladn\u00edch kol <a href=\"https:\/\/frachtfreunde.de\" target=\"_Blank\" rel=\"noreferrer noopener\">frachtfreunde.de<\/a><\/li>\n\n\n\n<li><strong>Velogista<\/strong> - Model kur\u00fdrn\u00ed slu\u017eby Cargo trike <a href=\"https:\/\/velogista.de\" target=\"_Blank\" rel=\"noreferrer noopener\">velogista.de<\/a><\/li>\n<\/ol>","protected":false},"excerpt":{"rendered":"<p>Germany\u2019s cargo bike rental ecosystem is thriving. Cities, startups, and logistics firms are increasingly adopting e-cargo bikes to reduce emissions, ease congestion, and improve mobility. These services serve a variety of users\u2014families, commuters, businesses, and local governments\u2014showcasing the versatility of e-cargo bikes. Not only do they replace short car trips, but they also contribute to [&hellip;]<\/p>\n","protected":false},"author":2,"featured_media":1563,"comment_status":"open","ping_status":"open","sticky":false,"template":"","format":"standard","meta":{"footnotes":""},"categories":[2],"tags":[],"class_list":["post-1557","post","type-post","status-publish","format-standard","has-post-thumbnail","hentry","category-knowledge"],"_links":{"self":[{"href":"https:\/\/regencargobikes.com\/cs\/wp-json\/wp\/v2\/posts\/1557","targetHints":{"allow":["GET"]}}],"collection":[{"href":"https:\/\/regencargobikes.com\/cs\/wp-json\/wp\/v2\/posts"}],"about":[{"href":"https:\/\/regencargobikes.com\/cs\/wp-json\/wp\/v2\/types\/post"}],"author":[{"embeddable":true,"href":"https:\/\/regencargobikes.com\/cs\/wp-json\/wp\/v2\/users\/2"}],"replies":[{"embeddable":true,"href":"https:\/\/regencargobikes.com\/cs\/wp-json\/wp\/v2\/comments?post=1557"}],"version-history":[{"count":1,"href":"https:\/\/regencargobikes.com\/cs\/wp-json\/wp\/v2\/posts\/1557\/revisions"}],"predecessor-version":[{"id":1565,"href":"https:\/\/regencargobikes.com\/cs\/wp-json\/wp\/v2\/posts\/1557\/revisions\/1565"}],"wp:featuredmedia":[{"embeddable":true,"href":"https:\/\/regencargobikes.com\/cs\/wp-json\/wp\/v2\/media\/1563"}],"wp:attachment":[{"href":"https:\/\/regencargobikes.com\/cs\/wp-json\/wp\/v2\/media?parent=1557"}],"wp:term":[{"taxonomy":"category","embeddable":true,"href":"https:\/\/regencargobikes.com\/cs\/wp-json\/wp\/v2\/categories?post=1557"},{"taxonomy":"post_tag","embeddable":true,"href":"https:\/\/regencargobikes.com\/cs\/wp-json\/wp\/v2\/tags?post=1557"}],"curies":[{"name":"wp","href":"https:\/\/api.w.org\/{rel}","templated":true}]}}