{"id":1600,"date":"2025-06-22T04:17:36","date_gmt":"2025-06-21T20:17:36","guid":{"rendered":"https:\/\/regencargobikes.com\/?p=1600"},"modified":"2025-06-22T04:17:38","modified_gmt":"2025-06-21T20:17:38","slug":"how-fast-can-your-electric-cargo-bike-go","status":"publish","type":"post","link":"https:\/\/regencargobikes.com\/cs\/how-fast-can-your-electric-cargo-bike-go\/","title":{"rendered":"Jak rychle dok\u00e1\u017ee jet va\u0161e elektrick\u00e9 n\u00e1kladn\u00ed kolo?"},"content":{"rendered":"<p>V Regen se n\u00e1s \u010dasto ptaj\u00ed na zd\u00e1nliv\u011b jednoduchou ot\u00e1zku:<\/p>\n\n\n\n<p><strong>\u201eJak rychle dok\u00e1\u017ee\u0161 <a href=\"https:\/\/regencargobikes.com\/cs\/what-is-a-cargo-bike\/\" data-type=\"post\" data-id=\"1179\">elektrick\u00e9 n\u00e1kladn\u00ed kolo<\/a> j\u00edt?&quot;<\/strong><\/p>\n\n\n\n<p>Je to opr\u00e1vn\u011bn\u00e1 ot\u00e1zka \u2013 a d\u016fle\u017eit\u00e1. A\u0165 u\u017e doj\u00ed\u017ed\u00edte, rozv\u00e1\u017e\u00edte zbo\u017e\u00ed nebo jezd\u00edte pro z\u00e1bavu, rychlost ovliv\u0148uje nejen efektivitu, ale i legalitu, bezpe\u010dnost a j\u00edzdn\u00ed komfort. Dnes v\u00e1s tedy vezmeme za \u0159\u00edd\u00edtka a sezn\u00e1m\u00edme se s daty. Prozkoum\u00e1me statistiky rychlosti z re\u00e1ln\u00e9ho sv\u011bta, z\u00e1konn\u00e9 limity a\u2026 <strong>co ovliv\u0148uje rychlost va\u0161eho n\u00e1kladn\u00edho kola.<\/strong><\/p><div class=\"regen-test-placement-from-wizard-1604397851\" id=\"regen-1900475692\"><script async src=\"https:\/\/pagead2.googlesyndication.com\/pagead\/js\/adsbygoogle.js?client=ca-pub-1076230867169041\"\n     crossorigin=\"anonymous\"><\/script><\/div><div class=\"regen-test-placement-from-wizard-2878267818\" id=\"regen-3376191265\"><script async src=\"https:\/\/pagead2.googlesyndication.com\/pagead\/js\/adsbygoogle.js?client=ca-pub-1076230867169041\"\n     crossorigin=\"anonymous\"><\/script><\/div>\n\n\n\n<hr class=\"wp-block-separator has-alpha-channel-opacity\"\/>\n\n\n\n<h2 class=\"wp-block-heading\"><strong>Rychlostn\u00ed limity po cel\u00e9m sv\u011bt\u011b<\/strong><\/h2>\n\n\n\n<p>Za\u010dn\u011bme se z\u00e1klady: <strong>povolen\u00e9 maxim\u00e1ln\u00ed rychlosti se li\u0161\u00ed podle regionu<\/strong>V\u011bt\u0161ina elektrick\u00fdch n\u00e1kladn\u00edch kol spad\u00e1 do jedn\u00e9 ze dvou t\u0159\u00edd:<\/p>\n\n\n\n<figure class=\"wp-block-table\"><table class=\"has-fixed-layout\"><thead><tr><th><strong>Kraj<\/strong><\/th><th><strong>Povolen\u00e1 maxim\u00e1ln\u00ed rychlost (km\/h)<\/strong><\/th><th><strong>Maxim\u00e1ln\u00ed rychlost (mph)<\/strong><\/th><th><strong>Pozn\u00e1mky k hodin\u011b<\/strong><\/th><\/tr><\/thead><tbody><tr><td>EU<\/td><td>25<\/td><td>15.5<\/td><td>Pedelec (max. motor 250 W)<\/td><\/tr><tr><td>EU (Speed-P)<\/td><td>45<\/td><td>28<\/td><td>Rychlostn\u00ed elektrokolo, nutn\u00e1 registrace<\/td><\/tr><tr><td>USA<\/td><td>32<\/td><td>20<\/td><td>Elektrokola t\u0159\u00eddy 1 a 2 (limit motoru 750 W)<\/td><\/tr><tr><td>Kanada<\/td><td>32<\/td><td>20<\/td><td>Motory s maxim\u00e1ln\u00edm v\u00fdkonem 500 W<\/td><\/tr><\/tbody><\/table><\/figure>\n\n\n\n<p>Ve v\u011bt\u0161in\u011b evropsk\u00fdch zem\u00ed jsou na\u0161e n\u00e1kladn\u00ed kola <strong>omezeno na 25 km\/h<\/strong> aby se podle dopravn\u00edch p\u0159edpis\u016f kvalifikovali jako j\u00edzdn\u00ed kola \u2013 nen\u00ed pot\u0159eba \u017e\u00e1dn\u00fd \u0159idi\u010dsk\u00fd pr\u016fkaz ani poji\u0161t\u011bn\u00ed. V USA a Kanad\u011b je limit <strong>32 km\/h<\/strong>N\u011bkter\u00e1 kola tuto rychlost p\u0159ekra\u010duj\u00ed (a\u017e 45 km\/h) pod <strong>rychlostn\u00ed pedelec<\/strong> klasifikace, kter\u00e1 obvykle vy\u017eaduje pou\u017eit\u00ed helmy, poji\u0161t\u011bn\u00ed a dokonce i registra\u010dn\u00ed zna\u010dku.<\/p>\n\n\n\n<p><br>\ud83d\udc49 Odkaz na: <strong><a href=\"https:\/\/regencargobikes.com\/cs\/electric-cargo-bike-motor-power-system-faq\/\" data-type=\"post\" data-id=\"1310\">\u010casto kladen\u00e9 ot\u00e1zky o syst\u00e9mu motoru a nap\u00e1jen\u00ed elektrick\u00fdch n\u00e1kladn\u00edch kol<\/a><\/strong><\/p>\n\n\n\n<hr class=\"wp-block-separator has-alpha-channel-opacity\"\/>\n\n\n\n<h2 class=\"wp-block-heading\"><strong>Jak\u00e9 rychlosti jezdci skute\u010dn\u011b dosahuj\u00ed?<\/strong><\/h2>\n\n\n\n<p>Tady se teorie setk\u00e1v\u00e1 s asfaltem. <a href=\"https:\/\/regencargobikes.com\/cs\/long-john-cargo-bike-regen-02\/\" data-type=\"page\" data-id=\"1395\">Elektrick\u00e1 n\u00e1kladn\u00ed kola Regen<\/a> pohodln\u011b se proj\u00ed\u017ed\u011bjte kolem:<\/p>\n\n\n\n<ul class=\"wp-block-list\">\n<li><strong>20\u201325 km\/h (12\u201315,5 mph)<\/strong> p\u0159i standardn\u00edm asistentu \u0161lap\u00e1n\u00ed<\/li>\n\n\n\n<li><strong>40\u201345 km\/h (25\u201328 mph)<\/strong> pro modely elektrokol s vysok\u00fdm v\u00fdkonem nebo rychlost\u00ed<\/li>\n<\/ul>\n\n\n\n<p>Ale pamatujte \u2013 rychlost nen\u00ed jen o specifikac\u00edch. Je to o <strong>zat\u00ed\u017een\u00ed, ter\u00e9n, vstup jezdce<\/strong>a samoz\u0159ejm\u011b, <strong>s\u00edla motoru<\/strong>.<\/p>\n\n\n\t\t<div data-elementor-type=\"section\" data-elementor-id=\"1414\" class=\"elementor elementor-1414\" data-elementor-post-type=\"elementor_library\">\n\t\t\t<div class=\"elementor-element elementor-element-7bf5eb01 e-flex e-con-boxed e-con e-parent\" data-id=\"7bf5eb01\" data-element_type=\"container\" data-e-type=\"container\" data-settings=\"{&quot;background_background&quot;:&quot;classic&quot;,&quot;ekit_has_onepagescroll_dot&quot;:&quot;yes&quot;}\">\n\t\t\t\t\t<div class=\"e-con-inner\">\n\t\t<div class=\"elementor-element elementor-element-9fc34e2 e-con-full e-flex e-con e-child\" data-id=\"9fc34e2\" data-element_type=\"container\" data-e-type=\"container\" data-settings=\"{&quot;background_background&quot;:&quot;classic&quot;,&quot;ekit_has_onepagescroll_dot&quot;:&quot;yes&quot;}\">\n\t\t\t\t<div class=\"elementor-element elementor-element-af4e700 elementor-absolute elementor-widget elementor-widget-image\" data-id=\"af4e700\" data-element_type=\"widget\" data-e-type=\"widget\" data-settings=\"{&quot;_position&quot;:&quot;absolute&quot;}\" data-widget_type=\"image.default\">\n\t\t\t\t<div class=\"elementor-widget-container\">\n\t\t\t\t\t\t\t\t\t\t\t\t\t\t\t<img fetchpriority=\"high\" decoding=\"async\" width=\"800\" height=\"422\" src=\"https:\/\/regencargobikes.com\/wp-content\/uploads\/2025\/05\/regen-02-electric-cargo-bike-.webp\" class=\"attachment-large size-large wp-image-1398\" alt=\"Elektrick\u00e9 n\u00e1kladn\u00ed kolo Regen 02\" srcset=\"https:\/\/regencargobikes.com\/wp-content\/uploads\/2025\/05\/regen-02-electric-cargo-bike-.webp 1000w, https:\/\/regencargobikes.com\/wp-content\/uploads\/2025\/05\/regen-02-electric-cargo-bike--300x158.webp 300w, https:\/\/regencargobikes.com\/wp-content\/uploads\/2025\/05\/regen-02-electric-cargo-bike--768x405.webp 768w, https:\/\/regencargobikes.com\/wp-content\/uploads\/2025\/05\/regen-02-electric-cargo-bike--18x9.webp 18w\" sizes=\"(max-width: 800px) 100vw, 800px\" \/>\t\t\t\t\t\t\t\t\t\t\t\t\t\t\t<\/div>\n\t\t\t\t<\/div>\n\t\t\t\t<\/div>\n\t\t<div class=\"elementor-element elementor-element-7de8cd9d e-con-full e-flex e-con e-child\" data-id=\"7de8cd9d\" data-element_type=\"container\" data-e-type=\"container\" data-settings=\"{&quot;ekit_has_onepagescroll_dot&quot;:&quot;yes&quot;}\">\n\t\t\t\t<div class=\"elementor-element elementor-element-308b8d20 elementor-widget elementor-widget-elementskit-heading\" data-id=\"308b8d20\" data-element_type=\"widget\" data-e-type=\"widget\" data-widget_type=\"elementskit-heading.default\">\n\t\t\t\t<div class=\"elementor-widget-container\">\n\t\t\t\t\t<div class=\"ekit-wid-con\" ><div class=\"ekit-heading elementskit-section-title-wraper text_left   ekit_heading_tablet-   ekit_heading_mobile-text_center\"><h3 class=\"elementskit-section-subtitle\">\n\t\t\t\t\t\tRegen 02 Elektrick\u00e9 n\u00e1kladn\u00ed kolo\n\t\t\t\t\t<\/h3><h2 class=\"ekit-heading--title elementskit-section-title\">Hled\u00e1te kompaktn\u00ed a p\u0159izp\u016fsobiteln\u00fd \u010deln\u00ed naklada\u010d pro va\u0161i zna\u010dku?<\/h2>\t\t\t\t<div class='ekit-heading__description'>\n\t\t\t\t\t<p class=\"p1\">Testov\u00e1no T\u00dcV na z\u00e1klad\u011b minul\u00fdch zak\u00e1zkov\u00fdch projekt\u016f. Ve\u0159ejn\u011b dostupn\u00fd model \u2013 konfigurovateln\u00fd, osv\u011bd\u010den\u00fd a p\u0159ipraven\u00fd k \u0161k\u00e1lov\u00e1n\u00ed.<\/p>\n\t\t\t\t<\/div>\n\t\t\t<\/div><\/div>\t\t\t\t<\/div>\n\t\t\t\t<\/div>\n\t\t\t\t<div class=\"elementor-element elementor-element-bf516c8 elementor-align-left elementor-align--mobilecenter elementor-widget elementor-widget-elementskit-button\" data-id=\"bf516c8\" data-element_type=\"widget\" data-e-type=\"widget\" data-widget_type=\"elementskit-button.default\">\n\t\t\t\t<div class=\"elementor-widget-container\">\n\t\t\t\t\t<div class=\"ekit-wid-con\" >\t\t<div class=\"ekit-btn-wraper\">\n\t\t\t\t\t\t\t<a href=\"https:\/\/regencargobikes.com\/cs\/long-john-cargo-bike-regen-02\/\" class=\"elementskit-btn  whitespace--normal\" id=\"\">\n\t\t\t\t\tZjist\u011bte v\u00edce\t\t\t\t<\/a>\n\t\t\t\t\t<\/div>\n        <\/div>\t\t\t\t<\/div>\n\t\t\t\t<\/div>\n\t\t\t\t<\/div>\n\t\t\t\t\t<\/div>\n\t\t\t\t<\/div>\n\t\t\t\t<\/div>\n\t\t\n\n\n\n<hr class=\"wp-block-separator has-alpha-channel-opacity\"\/>\n\n\n\n<h3 class=\"wp-block-heading\"><strong> P\u0159\u00edklad z re\u00e1ln\u00e9ho sv\u011bta<\/strong><\/h3>\n\n\n\n<p>Jeden z na\u0161ich klient\u016f v N\u011bmecku pou\u017e\u00edv\u00e1 n\u00e1kladn\u00ed kolo Speedelec s dvojitou bateri\u00ed a motorem o v\u00fdkonu 750 W. Na rovn\u00fdch m\u011bstsk\u00fdch silnic\u00edch si kolo stabiln\u011b jezd\u00ed po p\u011b\u0161\u00ed trase. <strong>42 km\/h<\/strong>, a to i s n\u00e1kladem o hmotnosti 60 kg. Nicm\u00e9n\u011b pro ka\u017edodenn\u00ed rodinn\u00e9 pou\u017eit\u00ed nebo rozvoz zbo\u017e\u00ed po m\u011bst\u011b v\u011bt\u0161ina z\u00e1kazn\u00edk\u016f Regen shled\u00e1v\u00e1 <strong>Omezen\u00ed rychlosti 25 km\/h<\/strong> dokonale vhodn\u00e9 \u2013 a bezpe\u010dn\u00e9.<\/p>\n\n\n\n<hr class=\"wp-block-separator has-alpha-channel-opacity\"\/>\n\n\n\n<h2 class=\"wp-block-heading\"><strong>Jak\u00e9 faktory ovliv\u0148uj\u00ed rychlost elektrokola?<\/strong><\/h2>\n\n\n\n<p>Testovali jsme des\u00edtky konfigurac\u00ed na\u0161ich model\u016f s dlouh\u00fdm ocasem a \u010deln\u00edm naklada\u010dem. Zde je to, co skute\u010dn\u011b ovliv\u0148uje maxim\u00e1ln\u00ed rychlost:<\/p>\n\n\n\n<figure class=\"wp-block-table\"><table class=\"has-fixed-layout\"><thead><tr><th><strong>Faktor<\/strong><\/th><th><strong>Vliv na rychlost<\/strong><\/th><\/tr><\/thead><tbody><tr><td><strong>V\u00fdkon motoru<\/strong><\/td><td>V\u00edce watt\u016f = vy\u0161\u0161\u00ed maxim\u00e1ln\u00ed rychlost. 250 W \u2248 25 km\/h, 750 W \u2248 32+ km\/h<\/td><\/tr><tr><td><strong>Kapacita baterie<\/strong><\/td><td>Vy\u0161\u0161\u00ed nap\u011bt\u00ed a amp\u00e9rhodiny zlep\u0161uj\u00ed trvalou maxim\u00e1ln\u00ed rychlost<\/td><\/tr><tr><td><strong>Design kola<\/strong><\/td><td>Longtaily jsou rychlej\u0161\u00ed a obratn\u011bj\u0161\u00ed ne\u017e t\u0159\u00edkolky nebo kola s vysok\u00fdmi bo\u010dnicemi<\/td><\/tr><tr><td><strong><a href=\"https:\/\/regencargobikes.com\/wp-content\/uploads\/2025\/04\/10-key-facts-affect-cargo-bike-load-capacity.jpg\" data-type=\"attachment\" data-id=\"1061\">Hmotnost n\u00e1kladu<\/a><\/strong><\/td><td>V\u00edce n\u00e1kladu = ni\u017e\u0161\u00ed zrychlen\u00ed a sn\u00ed\u017een\u00e1 maxim\u00e1ln\u00ed rychlost<\/td><\/tr><tr><td><strong>Ter\u00e9n a v\u00edtr<\/strong><\/td><td>V\u00fdstupy do kopce a protiv\u00edtr v\u00e1s mohou v\u00fdrazn\u011b zpomalit<\/td><\/tr><tr><td><strong>Tlak v pneumatik\u00e1ch<\/strong><\/td><td>Podhu\u0161t\u011bn\u00e9 pneumatiky sni\u017euj\u00ed rychlost a dojezd<\/td><\/tr><\/tbody><\/table><\/figure>\n\n\n\n<p>Dal\u0161\u00ed \u010dten\u00ed:<a href=\"https:\/\/regencargobikes.com\/cs\/cargo-bike-frame-geometry\/\" data-type=\"post\" data-id=\"374\">Pochopen\u00ed geometrie r\u00e1mu u n\u00e1kladn\u00edch kol a jej\u00edho vlivu na ovladatelnost<\/a><\/p>\n\n\n\n<h2 class=\"wp-block-heading\"><strong>Rychlost vs. bezpe\u010dnost: Jak\u00e9 je riziko?<\/strong><\/h2>\n\n\n\n<p>Bu\u010fme up\u0159\u00edmn\u00ed: n\u00e1kladn\u00ed kola nejsou z\u00e1vodn\u00ed kola. Na\u0161e r\u00e1my navrhujeme pro... <strong>stabilita a manipulace s n\u00e1kladem<\/strong>, ne pro bleskov\u00e9 rychlosti.<\/p>\n\n\n\n<p>Na <strong>p\u0159es 30 mph (~48 km\/h)<\/strong>, i m\u00edrn\u00e9 vikl\u00e1n\u00ed \u0159\u00edzen\u00ed m\u016f\u017ee b\u00fdt nebezpe\u010dn\u00e9. Brzdn\u00e1 dr\u00e1ha se dramaticky zvy\u0161uje s hmotnost\u00ed. Proto jsou v\u0161echna n\u00e1kladn\u00ed kola Regen vybavena:<\/p>\n\n\n\n<ul class=\"wp-block-list\">\n<li><strong>Hydraulick\u00e9 kotou\u010dov\u00e9 brzdy<\/strong> jmenovit\u00e9 zat\u00ed\u017een\u00ed 200 kg a v\u00edce<\/li>\n\n\n\n<li><strong>Odpru\u017een\u00e9 vidlice nebo sedlovky<\/strong> pro stabilitu na hrbolat\u00fdch silnic\u00edch<\/li>\n\n\n\n<li><strong>Robustn\u00ed hlin\u00edkov\u00e9 r\u00e1my<\/strong> kter\u00e9 odol\u00e1vaj\u00ed ohybu p\u0159i vysok\u00e9 rychlosti<\/li>\n<\/ul>\n\n\n\n<p>Se\u010dteno a podtr\u017eeno? <strong>Rychlost je vzru\u0161uj\u00edc\u00ed, ale bezpe\u010dnost je v\u017edy na prvn\u00edm m\u00edst\u011b.<\/strong><\/p>\n\n\n\n<ul class=\"wp-block-list\">\n<li>Pod\u00edvejte se na na\u0161e srovn\u00e1n\u00ed: <a href=\"https:\/\/regencargobikes.com\/cs\/mechanical-disc-brakes-vs-hydraulic-disc-brakes-in-ecargo-bikes\/\" data-type=\"post\" data-id=\"1047\">Mechanick\u00e9 vs. hydraulick\u00e9 kotou\u010dov\u00e9 brzdy u elektrokol a n\u00e1kladn\u00edch kol<\/a> <\/li>\n\n\n\n<li>Zjist\u011bte v\u00edce o <a href=\"https:\/\/regencargobikes.com\/cs\/frame-strength-what-determines-durability\/\" data-type=\"post\" data-id=\"1160\">Pevnost r\u00e1mu: Co ur\u010duje trvanlivost?<\/a><\/li>\n<\/ul>\n\n\n\n<h2 class=\"wp-block-heading\"><strong>Porovn\u00e1n\u00ed obl\u00edben\u00fdch n\u00e1kladn\u00edch elektrokol (v\u010detn\u011b toho na\u0161eho)<\/strong><\/h2>\n\n\n\n<p>Zde je p\u0159ehled nejprod\u00e1van\u011bj\u0161\u00edch n\u00e1kladn\u00edch kol:<\/p>\n\n\n\n<figure class=\"wp-block-table\"><table class=\"has-fixed-layout\"><thead><tr><th><strong>Model<\/strong><\/th><th><strong>Motor (W)<\/strong><\/th><th><strong>Maxim\u00e1ln\u00ed rychlost<\/strong><\/th><th><strong>T\u0159\u00edda<\/strong><\/th><th><strong>Pozn\u00e1mky<\/strong><\/th><\/tr><\/thead><tbody><tr><td><strong>Gunai GN66<\/strong><\/td><td>1,000<\/td><td>~45 km\/h<\/td><td>Rychl\u00e9 elektrokolo<\/td><td>Vysok\u00fd v\u00fdkon, vhodn\u00fd pro soukrom\u00e9 trasy nebo rozvozov\u00e9 vozov\u00e9 parky<\/td><\/tr><tr><td><strong>Riese &amp; M\u00fcller Load 75<\/strong><\/td><td>500\u2013850<\/td><td>A\u017e 45 km\/h<\/td><td>Rychl\u00e9 elektrokolo<\/td><td>Dvojit\u00e9 odpru\u017een\u00ed, dvojit\u00e1 baterie<\/td><\/tr><tr><td><strong>Longtail 750 Pro<\/strong><\/td><td>750<\/td><td>32\u201338 km\/h<\/td><td>T\u0159\u00edda 2\/Rychlost-P<\/td><td>Nejlep\u0161\u00ed dojezd a zrychlen\u00ed ve sv\u00e9 t\u0159\u00edd\u011b<\/td><\/tr><tr><td><strong>Lectric XPedition<\/strong><\/td><td>750<\/td><td>32 km\/h<\/td><td>T\u0159\u00edda 2<\/td><td>Tlust\u00e9 pneumatiky, cenov\u011b dostupn\u00e9 pro rodiny<\/td><\/tr><tr><td><strong>Decathlon R500E<\/strong><\/td><td>250<\/td><td>25 km\/h<\/td><td>Elektrokolo EU<\/td><td>Skv\u011bl\u00e1 volba pro za\u010d\u00e1te\u010dn\u00edky<\/td><\/tr><\/tbody><\/table><\/figure>\n\n\n\n<p>Nejste si jisti, kter\u00fd typ n\u00e1kladn\u00edho kola v\u00e1m vyhovuje? Viz: <a href=\"https:\/\/regencargobikes.com\/cs\/types-of-cargo-bike\/\" data-type=\"post\" data-id=\"376\">Kolik r\u016fzn\u00fdch typ\u016f n\u00e1kladn\u00edch kol existuje?<\/a><\/p>\n\n\n\n<h2 class=\"wp-block-heading\"><strong>Rychlost kola a p\u0159\u00edpady pou\u017eit\u00ed (vizu\u00e1ln\u00ed shrnut\u00ed)<\/strong><\/h2>\n\n\n\n<figure class=\"wp-block-table\"><table class=\"has-fixed-layout\"><thead><tr><th><strong>Rozsah rychlost\u00ed<\/strong><\/th><th><strong>T\u0159\u00edda kol<\/strong><\/th><th><strong>B\u011b\u017en\u00e9 p\u0159\u00edpady pou\u017eit\u00ed<\/strong><\/th><\/tr><\/thead><tbody><tr><td>\u2264 25 km\/h<\/td><td>Pedelec<\/td><td>\u0160koln\u00ed v\u00fdlety, n\u00e1kupy potravin, m\u011bstsk\u00e9 poch\u016fzky<\/td><\/tr><tr><td>25\u201332 km\/h<\/td><td>T\u0159\u00edda 2 \/ 750 W<\/td><td>Doprava lehk\u00e9ho n\u00e1kladu, p\u0159\u00edm\u011bstsk\u00e9 doj\u00ed\u017ed\u011bn\u00ed<\/td><\/tr><tr><td>32\u201345 km\/h<\/td><td>Rychlostn\u00ed elektrokolo<\/td><td>Kur\u00fdrn\u00ed slu\u017eby, doru\u010dov\u00e1n\u00ed na dlouh\u00e9 vzd\u00e1lenosti<\/td><\/tr><\/tbody><\/table><\/figure>\n\n\n\n<h2 class=\"wp-block-heading\"><strong>Tipy od Regen: Jak jet rychleji a bezpe\u010dn\u011b<\/strong><\/h2>\n\n\n\n<p>Chcete zv\u00fd\u0161it rychlost sv\u00e9ho n\u00e1kladn\u00edho elektrokola a z\u00e1rove\u0148 z\u016fstat v bezpe\u010dn\u00fdch mez\u00edch? Zde je na\u0161e rada:<\/p>\n\n\n\n<ul class=\"wp-block-list\">\n<li><strong>Upgradujte na motor s st\u0159edov\u00fdm pohonem o v\u00fdkonu 750 W<\/strong> pokud to m\u00edstn\u00ed z\u00e1kony dovoluj\u00ed<\/li>\n\n\n\n<li><strong>Aktivn\u011b pou\u017e\u00edvejte asistenci \u0161lap\u00e1n\u00ed<\/strong> p\u0159ekonat rychlosti pouze motoru<\/li>\n\n\n\n<li><strong>Investujte do spr\u00e1vn\u00fdch pneumatik a brzdov\u00fdch syst\u00e9m\u016f<\/strong>\u2014zejm\u00e9na s t\u011b\u017e\u0161\u00edm n\u00e1kladem<\/li>\n\n\n\n<li><strong>Pou\u017eijte zjednodu\u0161en\u00e9 nastaven\u00ed z\u00e1t\u011b\u017ee<\/strong> (\u017e\u00e1dn\u00e9 p\u0159evisl\u00e9 krabice ani vysok\u00e9 panely)<\/li>\n\n\n\n<li><strong>Nep\u0159et\u011b\u017eujte zadn\u00ed nosi\u010d<\/strong>\u2014p\u0159i vy\u0161\u0161\u00edch rychlostech je d\u016fle\u017eit\u00e1 i rovnov\u00e1ha<\/li>\n<\/ul>\n\n\n\n<p>Vid\u011bli jsme, jak doru\u010dovac\u00ed t\u00fdmy zv\u00fd\u0161ily efektivitu trasy t\u00edm, \u017ee <strong>35%<\/strong> pouhou optimalizac\u00ed tlaku v pneumatik\u00e1ch, hmotnosti n\u00e1kladu a techniky j\u00edzdy \u2013 bez jak\u00e9koli zm\u011bny motoru.<\/p>\n\n\n\n<hr class=\"wp-block-separator has-alpha-channel-opacity\"\/>\n\n\n\n<h2 class=\"wp-block-heading\"><strong> Kl\u00ed\u010dov\u00e9 poznatky<\/strong><\/h2>\n\n\n\n<ul class=\"wp-block-list\">\n<li>V\u011bt\u0161ina n\u00e1kladn\u00edch elektrokol je ze z\u00e1kona omezena na <strong>25\u201332 km\/h<\/strong> v z\u00e1vislosti na va\u0161\u00ed poloze<\/li>\n\n\n\n<li>Se spr\u00e1vn\u00fdm nastaven\u00edm, rychlosti <strong>45 km\/h<\/strong> jsou dosa\u017eiteln\u00e9 \u2013 ale vy\u017eaduj\u00ed klasifikaci rychlostn\u00edho elektrokola<\/li>\n\n\n\n<li>Re\u00e1ln\u00e9 cestovn\u00ed rychlosti se obvykle pohybuj\u00ed kolem <strong>20\u201328 km\/h<\/strong>, kter\u00fd vyva\u017euje rychlost s bezpe\u010dnost\u00ed a ovladatelnost\u00ed<\/li>\n\n\n\n<li>Roli hraje konfigurace kola, zat\u00ed\u017een\u00ed n\u00e1kladu, ter\u00e9n a dokonce i hmotnost jezdce<\/li>\n\n\n\n<li>V Regen navrhujeme kola ne pro syrovou rychlost, ale pro... <strong>bezpe\u010dn\u00e1 a efektivn\u00ed doprava, kter\u00e1 zajist\u00ed hladk\u00fd chod va\u0161eho podnik\u00e1n\u00ed nebo \u017eivotn\u00edho stylu<\/strong><\/li>\n<\/ul>\n\n\n\n<h2 class=\"wp-block-heading\"><strong>Reference<\/strong><\/h2>\n\n\n\n<ol start=\"1\" class=\"wp-block-list\">\n<li><a href=\"https:\/\/eur-lex.europa.eu\/legal-content\/EN\/TXT\/?uri=CELEX%3A32013R0168\" target=\"_blank\" rel=\"noopener\">Na\u0159\u00edzen\u00ed EU \u010d. 168\/2013<\/a><\/li>\n\n\n\n<li><a href=\"https:\/\/www.peopleforbikes.org\/electric-bikes\/policies\" target=\"_blank\" rel=\"noopener\">PeopleForBikes \u2013 Kurzy elektrokol<\/a><\/li>\n\n\n\n<li><a href=\"https:\/\/www.decathlon.co.uk\/p\/longtail-cargo-e-bike-r500-electric\/_\/R-p-336237\" target=\"_blank\" rel=\"noopener\">Specifikace Decathlon R500E<\/a><\/li>\n\n\n\n<li><a href=\"https:\/\/cleantechnica.com\/2023\/06\/15\/lectric-xpedition-cargo-ebike-review\/\" target=\"_blank\" rel=\"noopener\">Recenze CleanTechnica na Lectric XPedition<\/a><\/li>\n\n\n\n<li><a href=\"https:\/\/www.bikeradar.com\/news\/yamaha-electric-cargo-bike\/\" target=\"_blank\" rel=\"noopener\">Uveden\u00ed elektrokola Giant\/Yamaha Cargo na trh<\/a><\/li>\n\n\n\n<li><a href=\"https:\/\/urbanarrow.com\" target=\"_blank\" rel=\"noopener\">P\u0159\u00edpady pou\u017eit\u00ed vozov\u00e9ho parku tendr\u016f Urban Arrow<\/a><\/li>\n\n\n\n<li><a href=\"https:\/\/www.alibaba.com\/product-detail\/1000w-cargo-bike_1600780935471.html\" target=\"_blank\" rel=\"noopener\">Seznam produkt\u016f Gunai GN66<\/a><\/li>\n\n\n\n<li><a href=\"https:\/\/www.r-m.de\/en-us\/models\/load-75\/\" target=\"_blank\" rel=\"noopener\">Specifikace Riese &amp; M\u00fcller Load 75<\/a><\/li>\n<\/ol>\n\n\n\n<hr class=\"wp-block-separator has-alpha-channel-opacity\"\/>\n\n\n\n<p><strong>Chcete se dozv\u011bd\u011bt v\u00edce nebo si vyzkou\u0161et nejnov\u011bj\u0161\u00ed modely longtail\u016f nebo t\u0159\u00edkolek od Regen?<\/strong><\/p>\n\n\n\n<p>Kontaktujte n\u00e1s kdykoli \u2013 n\u00e1\u0161 technick\u00fd t\u00fdm v\u00e1m r\u00e1d pom\u016f\u017ee s v\u00fdb\u011brem nejvhodn\u011bj\u0161\u00ed rychlosti pro va\u0161i trasu, ter\u00e9n a m\u00edstn\u00ed z\u00e1kony.<\/p>\n\n\n\t\t<div data-elementor-type=\"section\" data-elementor-id=\"1591\" class=\"elementor elementor-1591\" data-elementor-post-type=\"elementor_library\">\n\t\t\t<div class=\"elementor-element elementor-element-8afca32 e-flex e-con-boxed e-con e-parent\" data-id=\"8afca32\" data-element_type=\"container\" data-e-type=\"container\" data-settings=\"{&quot;background_background&quot;:&quot;classic&quot;,&quot;ekit_has_onepagescroll_dot&quot;:&quot;yes&quot;}\">\n\t\t\t\t\t<div class=\"e-con-inner\">\n\t\t<div class=\"elementor-element elementor-element-24ec346 e-con-full e-flex e-con e-child\" data-id=\"24ec346\" data-element_type=\"container\" data-e-type=\"container\" data-settings=\"{&quot;background_background&quot;:&quot;classic&quot;,&quot;ekit_has_onepagescroll_dot&quot;:&quot;yes&quot;}\">\n\t\t\t\t<div class=\"elementor-element elementor-element-6b475eec elementor-absolute elementor-widget elementor-widget-image\" data-id=\"6b475eec\" data-element_type=\"widget\" data-e-type=\"widget\" data-settings=\"{&quot;_position&quot;:&quot;absolute&quot;}\" data-widget_type=\"image.default\">\n\t\t\t\t<div class=\"elementor-widget-container\">\n\t\t\t\t\t\t\t\t\t\t\t\t\t\t\t<img decoding=\"async\" width=\"800\" height=\"450\" src=\"https:\/\/regencargobikes.com\/wp-content\/uploads\/2025\/03\/RT.651.webp\" class=\"attachment-large size-large wp-image-1522\" alt=\"\" srcset=\"https:\/\/regencargobikes.com\/wp-content\/uploads\/2025\/03\/RT.651.webp 1000w, https:\/\/regencargobikes.com\/wp-content\/uploads\/2025\/03\/RT.651-300x169.webp 300w, https:\/\/regencargobikes.com\/wp-content\/uploads\/2025\/03\/RT.651-768x432.webp 768w, https:\/\/regencargobikes.com\/wp-content\/uploads\/2025\/03\/RT.651-18x10.webp 18w\" sizes=\"(max-width: 800px) 100vw, 800px\" \/>\t\t\t\t\t\t\t\t\t\t\t\t\t\t\t<\/div>\n\t\t\t\t<\/div>\n\t\t\t\t<div class=\"elementor-element elementor-element-48fc00c2 elementor-widget elementor-widget-image\" data-id=\"48fc00c2\" data-element_type=\"widget\" data-e-type=\"widget\" data-widget_type=\"image.default\">\n\t\t\t\t<div class=\"elementor-widget-container\">\n\t\t\t\t\t\t\t\t\t\t\t\t\t\t\t<img decoding=\"async\" width=\"533\" height=\"330\" src=\"https:\/\/regencargobikes.com\/wp-content\/uploads\/2025\/04\/New-1.png\" class=\"attachment-large size-large wp-image-436\" alt=\"\" srcset=\"https:\/\/regencargobikes.com\/wp-content\/uploads\/2025\/04\/New-1.png 533w, https:\/\/regencargobikes.com\/wp-content\/uploads\/2025\/04\/New-1-300x186.png 300w\" sizes=\"(max-width: 533px) 100vw, 533px\" \/>\t\t\t\t\t\t\t\t\t\t\t\t\t\t\t<\/div>\n\t\t\t\t<\/div>\n\t\t\t\t<\/div>\n\t\t<div class=\"elementor-element elementor-element-25aa7a08 e-con-full e-flex e-con e-child\" data-id=\"25aa7a08\" data-element_type=\"container\" data-e-type=\"container\" data-settings=\"{&quot;ekit_has_onepagescroll_dot&quot;:&quot;yes&quot;}\">\n\t\t\t\t<div class=\"elementor-element elementor-element-3d854eb8 elementor-widget elementor-widget-elementskit-heading\" data-id=\"3d854eb8\" data-element_type=\"widget\" data-e-type=\"widget\" data-widget_type=\"elementskit-heading.default\">\n\t\t\t\t<div class=\"elementor-widget-container\">\n\t\t\t\t\t<div class=\"ekit-wid-con\" ><div class=\"ekit-heading elementskit-section-title-wraper text_left   ekit_heading_tablet-   ekit_heading_mobile-text_center\"><p class=\"elementskit-section-subtitle\">\n\t\t\t\t\t\tPouze 20 minim\u00e1ln\u00edch objedn\u00e1vkov\u00fdch kol pro za\u010d\u00e1tek \n\t\t\t\t\t<\/p><p class=\"ekit-heading--title elementskit-section-title\">P\u0159izp\u016fsobiteln\u00e9 n\u00e1kladn\u00ed elektrokolo - RS01 <\/p>\t\t\t\t<div class='ekit-heading__description'>\n\t\t\t\t\t<p class=\"p2\">A\u0165 u\u017e jste rostouc\u00ed zna\u010dka nebo m\u00edstn\u00ed obchod, na\u0161e t\u011b\u017ek\u00e1 n\u00e1kladn\u00ed kola jsou va\u0161\u00ed vstupenkou do prosperuj\u00edc\u00edho sv\u011bta ekologick\u00e9ho doru\u010dov\u00e1n\u00ed. Poj\u010fme na to!<\/p>\n\t\t\t\t<\/div>\n\t\t\t<\/div><\/div>\t\t\t\t<\/div>\n\t\t\t\t<\/div>\n\t\t\t\t<div class=\"elementor-element elementor-element-137412e2 elementor-align-left elementor-align--mobilecenter elementor-widget elementor-widget-elementskit-button\" data-id=\"137412e2\" data-element_type=\"widget\" data-e-type=\"widget\" data-widget_type=\"elementskit-button.default\">\n\t\t\t\t<div class=\"elementor-widget-container\">\n\t\t\t\t\t<div class=\"ekit-wid-con\" >\t\t<div class=\"ekit-btn-wraper\">\n\t\t\t\t\t\t\t<a href=\"#elementor-action%3Aaction%3Dpopup%3Aopen%26settings%3DeyJpZCI6IjczNCIsInRvZ2dsZSI6ZmFsc2V9\" class=\"elementskit-btn  whitespace--normal\" id=\"\">\n\t\t\t\t\t\u017d\u00e1dost o cenovou nab\u00eddku\t\t\t\t<\/a>\n\t\t\t\t\t<\/div>\n        <\/div>\t\t\t\t<\/div>\n\t\t\t\t<\/div>\n\t\t\t\t<\/div>\n\t\t\t\t\t<\/div>\n\t\t\t\t<\/div>\n\t\t\t\t<\/div>","protected":false},"excerpt":{"rendered":"<p>At Regen, we often get asked a deceptively simple question: \u201cHow fast can your electric cargo bike go?\u201d It\u2019s a fair question\u2014and an important one. Whether you\u2019re commuting, delivering goods, or riding for leisure, speed affects not just efficiency, but legality, safety, and riding comfort. So today, we\u2019re taking you behind the handlebars and into [&hellip;]<\/p>\n","protected":false},"author":2,"featured_media":1595,"comment_status":"open","ping_status":"closed","sticky":false,"template":"","format":"standard","meta":{"footnotes":""},"categories":[2,30],"tags":[],"class_list":["post-1600","post","type-post","status-publish","format-standard","has-post-thumbnail","hentry","category-knowledge","category-blog"],"_links":{"self":[{"href":"https:\/\/regencargobikes.com\/cs\/wp-json\/wp\/v2\/posts\/1600","targetHints":{"allow":["GET"]}}],"collection":[{"href":"https:\/\/regencargobikes.com\/cs\/wp-json\/wp\/v2\/posts"}],"about":[{"href":"https:\/\/regencargobikes.com\/cs\/wp-json\/wp\/v2\/types\/post"}],"author":[{"embeddable":true,"href":"https:\/\/regencargobikes.com\/cs\/wp-json\/wp\/v2\/users\/2"}],"replies":[{"embeddable":true,"href":"https:\/\/regencargobikes.com\/cs\/wp-json\/wp\/v2\/comments?post=1600"}],"version-history":[{"count":2,"href":"https:\/\/regencargobikes.com\/cs\/wp-json\/wp\/v2\/posts\/1600\/revisions"}],"predecessor-version":[{"id":1602,"href":"https:\/\/regencargobikes.com\/cs\/wp-json\/wp\/v2\/posts\/1600\/revisions\/1602"}],"wp:featuredmedia":[{"embeddable":true,"href":"https:\/\/regencargobikes.com\/cs\/wp-json\/wp\/v2\/media\/1595"}],"wp:attachment":[{"href":"https:\/\/regencargobikes.com\/cs\/wp-json\/wp\/v2\/media?parent=1600"}],"wp:term":[{"taxonomy":"category","embeddable":true,"href":"https:\/\/regencargobikes.com\/cs\/wp-json\/wp\/v2\/categories?post=1600"},{"taxonomy":"post_tag","embeddable":true,"href":"https:\/\/regencargobikes.com\/cs\/wp-json\/wp\/v2\/tags?post=1600"}],"curies":[{"name":"wp","href":"https:\/\/api.w.org\/{rel}","templated":true}]}}