{"id":1763,"date":"2025-07-29T02:36:57","date_gmt":"2025-07-28T18:36:57","guid":{"rendered":"https:\/\/regencargobikes.com\/?p=1763"},"modified":"2025-07-29T02:37:00","modified_gmt":"2025-07-28T18:37:00","slug":"the-strategic-imperative-of-cargo-bikes-in-european-urban-mobility","status":"publish","type":"post","link":"https:\/\/regencargobikes.com\/cs\/the-strategic-imperative-of-cargo-bikes-in-european-urban-mobility\/","title":{"rendered":"Strategick\u00e1 nutnost n\u00e1kladn\u00edch kol v evropsk\u00e9 m\u011bstsk\u00e9 mobilit\u011b"},"content":{"rendered":"<p>Evropsk\u00e1 m\u011bsta proch\u00e1zej\u00ed z\u00e1sadn\u00ed prom\u011bnou p\u0159\u00edstupu k m\u011bstsk\u00e9 doprav\u011b a logistice. N\u00e1kladn\u00ed kola - zejm\u00e9na elektrick\u00e1 n\u00e1kladn\u00ed kola (e-cargo bikes) - se rychle vyvinula ve strategick\u00fd pil\u00ed\u0159 udr\u017eiteln\u00e9, n\u00e1kladov\u011b efektivn\u00ed a na lidi zam\u011b\u0159en\u00e9 mobility. Nejsou pouhou alternativou k tradi\u010dn\u00edm dod\u00e1vkov\u00fdm nebo n\u00e1kladn\u00edm voz\u016fm, ale sp\u00ed\u0161e katalyz\u00e1torem zdrav\u011bj\u0161\u00edho, bezpe\u010dn\u011bj\u0161\u00edho a odoln\u011bj\u0161\u00edho m\u011bstsk\u00e9ho prost\u0159ed\u00ed.<\/p>\n\n\n\n<p>V cel\u00e9 Evrop\u011b pom\u00e1haj\u00ed n\u00e1kladn\u00ed kola plnit ambici\u00f3zn\u00ed c\u00edle v oblasti klimatu, \u0159e\u0161it p\u0159et\u00ed\u017een\u00ed m\u011bst a sni\u017eovat spole\u010densk\u00e9 n\u00e1klady spojen\u00e9 s m\u011bstskou dopravou, v n\u00ed\u017e p\u0159eva\u017euj\u00ed automobily. Tento p\u0159echod je podporov\u00e1n siln\u00fdm r\u016fstem trhu, podp\u016frn\u00fdmi politikami a technologick\u00fdm pokrokem, d\u00edky n\u011bmu\u017e jsou n\u00e1kladn\u00ed kola st\u00e1le konkurenceschopn\u011bj\u0161\u00ed.<\/p>\n\n\n\n<blockquote class=\"wp-block-quote is-layout-flow wp-block-quote-is-layout-flow\">\n<p><\/p>\n<\/blockquote>\n\n\n\n<hr class=\"wp-block-separator has-alpha-channel-opacity\"\/>\n\n\n\n<h2 class=\"wp-block-heading\"><strong>Definice n\u00e1kladn\u00edch kol a jejich mnohostrann\u00e9 v\u00fdhody<\/strong><\/h2>\n\n\n\n<p>N\u00e1kladn\u00ed kola jsou speci\u00e1ln\u011b konstruovan\u00e1 j\u00edzdn\u00ed kola nebo t\u0159\u00edkolky ur\u010den\u00e9 k p\u0159eprav\u011b zbo\u017e\u00ed, cestuj\u00edc\u00edch nebo vybaven\u00ed, kter\u00e9 b\u011b\u017en\u00e9 j\u00edzdn\u00ed kolo nezvl\u00e1dne. Jejich elektrick\u00e9 varianty (e-n\u00e1kladn\u00ed kola) jsou vybaveny bateri\u00ed poh\u00e1n\u011bnou asistenc\u00ed \u0161lap\u00e1n\u00ed, co\u017e jim umo\u017e\u0148uje p\u0159epravovat t\u011b\u017e\u0161\u00ed n\u00e1klady a urazit del\u0161\u00ed vzd\u00e1lenosti s men\u0161\u00ed fyzickou n\u00e1mahou.<\/p><div class=\"regen-test-placement-from-wizard-1604397851\" id=\"regen-1185632362\"><script async src=\"https:\/\/pagead2.googlesyndication.com\/pagead\/js\/adsbygoogle.js?client=ca-pub-1076230867169041\"\n     crossorigin=\"anonymous\"><\/script><\/div><div class=\"regen-test-placement-from-wizard-2878267818\" id=\"regen-1363130874\"><script async src=\"https:\/\/pagead2.googlesyndication.com\/pagead\/js\/adsbygoogle.js?client=ca-pub-1076230867169041\"\n     crossorigin=\"anonymous\"><\/script><\/div>\n\n\n\n<p>N\u00e1kladn\u00ed kola, kter\u00e1 se d\u0159\u00edve omezovala na mal\u00e9 m\u011bstsk\u00e9 rozv\u00e1\u017eky nebo na rodinn\u00e9 pou\u017eit\u00ed, dnes hraj\u00ed \u00fast\u0159edn\u00ed roli v m\u011bstsk\u00e9 logistice a mobilit\u011b. Jejich \u0161irok\u00e1 p\u0159ita\u017elivost spo\u010d\u00edv\u00e1 v kombinaci ekologick\u00fdch, ekonomick\u00fdch, provozn\u00edch a soci\u00e1ln\u00edch v\u00fdhod, kter\u00e9 dalece p\u0159esahuj\u00ed r\u00e1mec odv\u011btv\u00ed dopravy.<\/p>\n\n\n\n<hr class=\"wp-block-separator has-alpha-channel-opacity\"\/>\n\n\n\n<p><\/p>\n\n\n\n<h3 class=\"wp-block-heading\"><strong>P\u0159\u00ednosy pro \u017eivotn\u00ed prost\u0159ed\u00ed: M\u011bstsk\u00e1 n\u00e1kladn\u00ed doprava s nulov\u00fdmi emisemi<\/strong><\/h3>\n\n\n\n<p>N\u00e1kladn\u00ed kola p\u0159\u00edmo \u0159e\u0161\u00ed nal\u00e9havou pot\u0159ebu dekarbonizace m\u011bstsk\u00e9 dopravy. Na rozd\u00edl od b\u011b\u017en\u00fdch dieselov\u00fdch dod\u00e1vek maj\u00ed elektrokola nulov\u00e9 emise v\u00fdfukov\u00fdch plyn\u016f, co\u017e v\u00fdrazn\u011b sni\u017euje uhl\u00edkovou stopu.<\/p>\n\n\n\n<ul class=\"wp-block-list\">\n<li>Lond\u00fdnsk\u00e1 studie zjistila, \u017ee n\u00e1kladn\u00ed kola produkuj\u00ed <strong>96% m\u00e9n\u011b emis\u00ed CO\u2082 na kilometr ne\u017e elektrick\u00e9 dod\u00e1vky<\/strong> a a\u017e do <strong>90% m\u00e9n\u011b ne\u017e dod\u00e1vky se vzn\u011btov\u00fdm motorem<\/strong>.<\/li>\n\n\n\n<li>V Amsterdamu je m\u011bstsk\u00e1 <em>Logistika j\u00edzdn\u00edch kol<\/em> nahrazen\u00ed projektu <strong>7% j\u00edzd komer\u010dn\u00edch dod\u00e1vek<\/strong>, \u0159ez\u00e1n\u00ed <strong>16 000 tun ro\u010dn\u00edch emis\u00ed CO\u2082<\/strong>-ekvivalent odstran\u011bn\u00ed <strong>3 500 voz\u016f<\/strong> z ulic.<\/li>\n<\/ul>\n\n\n\n<p>Tyto p\u0159\u00ednosy pro \u017eivotn\u00ed prost\u0159ed\u00ed maj\u00ed kask\u00e1dov\u00e9 \u00fa\u010dinky. \u010cist\u0161\u00ed ovzdu\u0161\u00ed p\u0159isp\u00edv\u00e1 ke zlep\u0161en\u00ed zdravotn\u00edho stavu obyvatelstva, zat\u00edmco sn\u00ed\u017een\u00e9 hlukov\u00e9 zne\u010di\u0161t\u011bn\u00ed zvy\u0161uje kvalitu \u017eivota ve m\u011bstech.<\/p>\n\n\n\n<blockquote class=\"wp-block-quote is-layout-flow wp-block-quote-is-layout-flow\">\n<figure class=\"wp-block-image size-large\"><img fetchpriority=\"high\" decoding=\"async\" width=\"1024\" height=\"471\" src=\"https:\/\/regencargobikes.com\/wp-content\/uploads\/2025\/07\/In-Amsterdam-the-citys-Cycle-Logistics-project-replaced-7-of-commercial-van-trips-cutting-16000-tonnes-of-annual-CO\u2082-emissions\u2014the-equivalent-of-removing-3500-cars-from-the-streets-1024x471.webp\" alt=\"\" class=\"wp-image-1764\" srcset=\"https:\/\/regencargobikes.com\/wp-content\/uploads\/2025\/07\/In-Amsterdam-the-citys-Cycle-Logistics-project-replaced-7-of-commercial-van-trips-cutting-16000-tonnes-of-annual-CO\u2082-emissions\u2014the-equivalent-of-removing-3500-cars-from-the-streets-1024x471.webp 1024w, https:\/\/regencargobikes.com\/wp-content\/uploads\/2025\/07\/In-Amsterdam-the-citys-Cycle-Logistics-project-replaced-7-of-commercial-van-trips-cutting-16000-tonnes-of-annual-CO\u2082-emissions\u2014the-equivalent-of-removing-3500-cars-from-the-streets-300x138.webp 300w, https:\/\/regencargobikes.com\/wp-content\/uploads\/2025\/07\/In-Amsterdam-the-citys-Cycle-Logistics-project-replaced-7-of-commercial-van-trips-cutting-16000-tonnes-of-annual-CO\u2082-emissions\u2014the-equivalent-of-removing-3500-cars-from-the-streets-768x353.webp 768w, https:\/\/regencargobikes.com\/wp-content\/uploads\/2025\/07\/In-Amsterdam-the-citys-Cycle-Logistics-project-replaced-7-of-commercial-van-trips-cutting-16000-tonnes-of-annual-CO\u2082-emissions\u2014the-equivalent-of-removing-3500-cars-from-the-streets-1536x706.webp 1536w, https:\/\/regencargobikes.com\/wp-content\/uploads\/2025\/07\/In-Amsterdam-the-citys-Cycle-Logistics-project-replaced-7-of-commercial-van-trips-cutting-16000-tonnes-of-annual-CO\u2082-emissions\u2014the-equivalent-of-removing-3500-cars-from-the-streets-18x8.webp 18w, https:\/\/regencargobikes.com\/wp-content\/uploads\/2025\/07\/In-Amsterdam-the-citys-Cycle-Logistics-project-replaced-7-of-commercial-van-trips-cutting-16000-tonnes-of-annual-CO\u2082-emissions\u2014the-equivalent-of-removing-3500-cars-from-the-streets.webp 1766w\" sizes=\"(max-width: 1024px) 100vw, 1024px\" \/><\/figure>\n<\/blockquote>\n\n\n\n<hr class=\"wp-block-separator has-alpha-channel-opacity\"\/>\n\n\n\n<p><\/p>\n\n\n\n<h3 class=\"wp-block-heading\"><strong>Ekonomick\u00e1 a provozn\u00ed efektivita: Nov\u00e9 vymezen\u00ed m\u011bstsk\u00fdch dod\u00e1vek<\/strong><\/h3>\n\n\n\n<p>Z obchodn\u00edho hlediska p\u0159edstavuj\u00ed n\u00e1kladn\u00ed kola p\u0159esv\u011bd\u010div\u00e9 ekonomick\u00e9 v\u00fdhody. \u0158ada studi\u00ed a pilotn\u00edch projekt\u016f prok\u00e1zala, \u017ee n\u00e1kladn\u00ed elektrokola jsou v hust\u00e9 m\u011bstsk\u00e9 z\u00e1stavb\u011b v\u00fdkonn\u011bj\u0161\u00ed ne\u017e dod\u00e1vky.<\/p>\n\n\n\n<ul class=\"wp-block-list\">\n<li>N\u00e1kladn\u00ed kola mohou sn\u00ed\u017eit n\u00e1klady na doru\u010den\u00ed <strong>do 90%<\/strong> p\u0159i zapo\u010dten\u00ed n\u00e1klad\u016f na pohonn\u00e9 hmoty, parkov\u00e1n\u00ed a \u00fadr\u017ebu.<\/li>\n\n\n\n<li>Pilotn\u00ed program v Mil\u00e1n\u011b uk\u00e1zal, \u017ee <strong>23% zkr\u00e1cen\u00ed dodac\u00edch lh\u016ft<\/strong> a <strong>40% sn\u00ed\u017een\u00ed provozn\u00edch n\u00e1klad\u016f<\/strong> pro logistiku na posledn\u00ed m\u00edli ve srovn\u00e1n\u00ed s dod\u00e1vkami.<\/li>\n\n\n\n<li>V p\u0159et\u00ed\u017een\u00fdch m\u011bstsk\u00fdch centrech doru\u010duj\u00ed bal\u00edky n\u00e1kladn\u00ed kola. <strong>30% rychleji<\/strong> a m\u016f\u017ee dokon\u010dit <strong>20-25 dod\u00e1vek za hodinu<\/strong>, oproti pouze <strong>12 dod\u00e1vek za hodinu<\/strong> pro dod\u00e1vky.<\/li>\n<\/ul>\n\n\n\n<p>Schopnost n\u00e1kladn\u00edch kol udr\u017eet p\u0159edv\u00eddateln\u00e9 \u010dasy obsluhy i v dopravn\u011b zat\u00ed\u017een\u00fdch oblastech umo\u017e\u0148uje podnik\u016fm optimalizovat harmonogramy doru\u010dov\u00e1n\u00ed a zvy\u0161ovat spokojenost z\u00e1kazn\u00edk\u016f.<\/p>\n\n\n\n<blockquote class=\"wp-block-quote is-layout-flow wp-block-quote-is-layout-flow\">\n<p><\/p>\n<\/blockquote>\n\n\n\n<hr class=\"wp-block-separator has-alpha-channel-opacity\"\/>\n\n\n\n<p><\/p>\n\n\n\n<h3 class=\"wp-block-heading\"><strong>Sn\u00ed\u017een\u00ed dopravn\u00ed z\u00e1t\u011b\u017ee a zlep\u0161en\u00ed p\u0159\u00edstupu do m\u011bst<\/strong><\/h3>\n\n\n\n<p>N\u00e1kladn\u00ed kola jsou jedine\u010dn\u011b vhodn\u00e1 pro pohyb v p\u0159epln\u011bn\u00fdch m\u011bstsk\u00fdch ulic\u00edch, p\u011b\u0161\u00edch z\u00f3n\u00e1ch a n\u00edzkoemisn\u00edch z\u00f3n\u00e1ch (LEZ), kde v\u011bt\u0161\u00ed vozidla \u010del\u00ed pokut\u00e1m nebo \u00fapln\u00fdm omezen\u00edm.<\/p>\n\n\n\n<p>Jejich kompaktn\u00ed rozm\u011bry jim umo\u017e\u0148uj\u00ed obj\u00ed\u017ed\u011bt dopravn\u00ed kolony a vj\u00ed\u017ed\u011bt na krajnice, ani\u017e by blokovaly silnice nebo cyklistick\u00e9 pruhy. N\u00e1kladn\u00ed kola nahrazuj\u00ed dod\u00e1vky a uvol\u0148uj\u00ed tak cenn\u00fd m\u011bstsk\u00fd prostor, sni\u017euj\u00ed po\u010det p\u0159\u00edpad\u016f dvoj\u00edho parkov\u00e1n\u00ed a zm\u00edr\u0148uj\u00ed dopravn\u00ed z\u00e1cpy - co\u017e je v\u00fdhoda, kterou m\u011bsta i podniky velmi oce\u0148uj\u00ed.<\/p>\n\n\n\n<hr class=\"wp-block-separator has-alpha-channel-opacity\"\/>\n\n\n\n<p><\/p>\n\n\n\n<h3 class=\"wp-block-heading\"><strong>Soci\u00e1ln\u00ed a zdravotn\u00ed v\u00fdhody: Bezpe\u010dn\u011bj\u0161\u00ed a aktivn\u011bj\u0161\u00ed m\u011bsta<\/strong><\/h3>\n\n\n\n<p>Krom\u011b ekologick\u00fdch a ekonomick\u00fdch p\u0159\u00ednos\u016f p\u0159in\u00e1\u0161ej\u00ed n\u00e1kladn\u00ed kola i v\u00fdznamn\u00e9 soci\u00e1ln\u00ed v\u00fdhody:<\/p>\n\n\n\n<ol start=\"1\" class=\"wp-block-list\">\n<li><strong>Podpora aktivn\u00edho cestov\u00e1n\u00ed:<\/strong> Zv\u00fd\u0161en\u00e1 \u00fa\u010dast cyklist\u016f podporuje zdrav\u011bj\u0161\u00ed \u017eivotn\u00ed styl a buduje cyklistickou kulturu ve m\u011bstech.<\/li>\n\n\n\n<li><strong>Bezpe\u010dn\u011bj\u0161\u00ed ulice:<\/strong> N\u00e1kladn\u00ed kola jezd\u00ed ni\u017e\u0161\u00ed rychlost\u00ed ne\u017e motorov\u00e1 vozidla, co\u017e sni\u017euje riziko a z\u00e1va\u017enost dopravn\u00edch koliz\u00ed.<\/li>\n\n\n\n<li><strong>Ve\u0159ejn\u00e9 zdrav\u00ed:<\/strong> \u010cist\u0161\u00ed ovzdu\u0161\u00ed a ni\u017e\u0161\u00ed hlu\u010dnost p\u0159isp\u00edvaj\u00ed ke zlep\u0161en\u00ed pohody obyvatel.<\/li>\n<\/ol>\n\n\n\n<p>Lond\u00fdnsk\u00e1 <strong>Vize nula<\/strong> nap\u0159\u00edklad strategie bezpe\u010dnosti \u00fazce souvis\u00ed se zav\u00e1d\u011bn\u00edm n\u00e1kladn\u00edch kol, proto\u017ee tato vozidla sni\u017euj\u00ed dopravn\u00ed riziko pro chodce a ostatn\u00ed cyklisty.<\/p>\n\n\n\n<blockquote class=\"wp-block-quote is-layout-flow wp-block-quote-is-layout-flow\">\n<p><\/p>\n<\/blockquote>\n\n\n\n<hr class=\"wp-block-separator has-alpha-channel-opacity\"\/>\n\n\n\n<p><\/p>\n\n\n\n<h3 class=\"wp-block-heading\"><strong>Sebeposiluj\u00edc\u00ed se cyklus v\u00fdhod<\/strong><\/h3>\n\n\n\n<p>Tyto mnohostrann\u00e9 v\u00fdhody p\u016fsob\u00ed synergicky. Podniky reinvestuj\u00ed \u00faspory z dod\u00e1vek n\u00e1kladn\u00edch kol do roz\u0161i\u0159ov\u00e1n\u00ed sv\u00fdch ekologick\u00fdch vozov\u00fdch park\u016f, co\u017e d\u00e1le sni\u017euje dopravn\u00ed z\u00e1cpy a emise. \u010cist\u0161\u00ed a bezpe\u010dn\u011bj\u0161\u00ed ulice povzbuzuj\u00ed v\u00edce lid\u00ed k j\u00edzd\u011b na kole, co\u017e zvy\u0161uje popt\u00e1vku po cyklistick\u00e9 infrastruktu\u0159e a normalizuje pou\u017e\u00edv\u00e1n\u00ed n\u00e1kladn\u00edch kol.<\/p>\n\n\n\n<p>M\u011bstsk\u00e9 politiky zam\u011b\u0159en\u00e9 na podporu n\u00e1kladn\u00edch j\u00edzdn\u00edch kol by proto m\u011bly zohled\u0148ovat <strong>holistick\u00fd p\u0159\u00edstup<\/strong>, vyu\u017e\u00edvaj\u00edc\u00ed environment\u00e1ln\u00ed, ekonomick\u00e9 a soci\u00e1ln\u00ed p\u0159\u00ednosy sou\u010dasn\u011b, aby se maximalizoval dopad.<\/p>\n\n\n\n<hr class=\"wp-block-separator has-alpha-channel-opacity\"\/>\n\n\n\n<p><\/p>\n\n\n\n<h2 class=\"wp-block-heading\"><strong>P\u0159ehled evropsk\u00e9ho trhu s elektrokoly: Sou\u010dasn\u00fd stav a progn\u00f3zy r\u016fstu (2024-2034)<\/strong><\/h2>\n\n\n\n<p>Evropsk\u00fd trh s elektrokoly vstoupil do obdob\u00ed prudk\u00e9ho r\u016fstu, co\u017e odr\u00e1\u017e\u00ed jeho rostouc\u00ed v\u00fdznam ve strategi\u00edch m\u011bstsk\u00e9 mobility.<\/p>\n\n\n\n<ul class=\"wp-block-list\">\n<li><strong>Hodnota trhu v roce 2024:<\/strong> USD <strong>2,01 miliardy<\/strong><\/li>\n\n\n\n<li><strong>P\u0159edpokl\u00e1dan\u00e1 tr\u017en\u00ed hodnota v roce 2034:<\/strong> USD <strong>37,24 miliardy<\/strong><\/li>\n\n\n\n<li><strong>CAGR:<\/strong> <strong>33.90% (2024-2034)<\/strong><\/li>\n<\/ul>\n\n\n\n<p>Samostatn\u00e1 anal\u00fdza p\u0159edpokl\u00e1d\u00e1, \u017ee trh vzroste z <strong>1,16 miliardy USD v roce 2025 a\u017e 1,6 miliardy USD v roce 2029.<\/strong>, co\u017e p\u0159edstavuje konzervativn\u011bj\u0161\u00ed, ale st\u00e1le v\u00fdznamn\u00fd <strong>8.51% CAGR<\/strong>.<\/p>\n\n\n\n<p>Tuto vzestupnou trajektorii poh\u00e1n\u00ed n\u011bkolik vz\u00e1jemn\u011b se sbli\u017euj\u00edc\u00edch sil:<\/p>\n\n\n\n<ol start=\"1\" class=\"wp-block-list\">\n<li><strong>Priority udr\u017eiteln\u00e9 mobility:<\/strong> M\u011bsta a podniky up\u0159ednost\u0148uj\u00ed n\u00edzkouhl\u00edkovou dopravu.<\/li>\n\n\n\n<li><strong>Tlak ze strany regula\u010dn\u00edch org\u00e1n\u016f:<\/strong> P\u0159\u00edsn\u011bj\u0161\u00ed ekologick\u00e9 normy, jako je nap\u0159\u00edklad evropsk\u00e1 Zelen\u00e1 dohoda, urychluj\u00ed elektrifikaci vozov\u00e9ho parku.<\/li>\n\n\n\n<li><strong>N\u00e1kladov\u011b efektivn\u00ed logistika:<\/strong> Popt\u00e1vka po cenov\u011b dostupn\u00fdch \u0159e\u0161en\u00edch pro doru\u010dov\u00e1n\u00ed na posledn\u00ed m\u00edli je rekordn\u011b vysok\u00e1.<\/li>\n<\/ol>\n\n\n\n<blockquote class=\"wp-block-quote is-layout-flow wp-block-quote-is-layout-flow\">\n<p><\/p>\n<\/blockquote>\n\n\n\n<hr class=\"wp-block-separator has-alpha-channel-opacity\"\/>\n\n\n\n<p><\/p>\n\n\n\n<h3 class=\"wp-block-heading\"><strong>Region\u00e1ln\u00ed l\u00edd\u0159i: Z\u00e1padn\u00ed Evropa v \u010dele<\/strong><\/h3>\n\n\n\n<p>Z\u00e1padn\u00ed Evropa dominuje trhu s elektrokoly, p\u0159i\u010dem\u017e nejroz\u0161\u00ed\u0159en\u011bj\u0161\u00ed jsou v N\u011bmecku, Nizozemsku, D\u00e1nsku a Francii.<\/p>\n\n\n\n<ul class=\"wp-block-list\">\n<li><strong>N\u011bmecko:<\/strong> Podr\u017e\u00ed <strong>44% evropsk\u00e9ho trhu (2024)<\/strong>, a to d\u00edky siln\u00fdm cyklistick\u00fdm tradic\u00edm, ambici\u00f3zn\u00ed klimatick\u00e9 politice a investic\u00edm do cyklistick\u00e9 infrastruktury, jako jsou chr\u00e1n\u011bn\u00e9 j\u00edzdn\u00ed pruhy a bezpe\u010dn\u00e1 parkovi\u0161t\u011b.<\/li>\n\n\n\n<li><strong>Nizozemsko a D\u00e1nsko:<\/strong> Tyto cyklistick\u00e9 zem\u011b t\u011b\u017e\u00ed z des\u00edtek let rozvoje infrastruktury, co\u017e z nich \u010din\u00ed ide\u00e1ln\u00ed prost\u0159ed\u00ed pro \u0161irok\u00e9 vyu\u017eit\u00ed elektrokol.<\/li>\n\n\n\n<li><strong>Francie:<\/strong> Pa\u0159\u00ed\u017e a dal\u0161\u00ed francouzsk\u00e1 m\u011bsta rychle roz\u0161i\u0159uj\u00ed iniciativy v oblasti n\u00e1kladn\u00edch kol jako sou\u010d\u00e1st \u0161ir\u0161\u00edch strategi\u00ed mobility a ochrany klimatu.<\/li>\n<\/ul>\n\n\n\n<hr class=\"wp-block-separator has-alpha-channel-opacity\"\/>\n\n\n\n<p><\/p>\n\n\n\n<h3 class=\"wp-block-heading\"><strong>Pr\u016fmyslov\u00e9 prost\u0159ed\u00ed: R\u016fznorod\u00ed hr\u00e1\u010di jsou hnac\u00ed silou inovac\u00ed<\/strong><\/h3>\n\n\n\n<p>Trh zahrnuje dynamickou sm\u011bsici zaveden\u00fdch v\u00fdrobc\u016f j\u00edzdn\u00edch kol, za\u010d\u00ednaj\u00edc\u00edch v\u00fdrobc\u016f elektromobility a specializovan\u00fdch v\u00fdrobc\u016f n\u00e1kladn\u00edch kol. Mezi p\u0159edn\u00ed spole\u010dnosti pat\u0159\u00ed:<\/p>\n\n\n\n<ul class=\"wp-block-list\">\n<li><strong>M\u011bstsk\u00e1 \u0161ipka<\/strong><\/li>\n\n\n\n<li><strong>Riese &amp; M\u00fcller<\/strong><\/li>\n\n\n\n<li><strong>J\u00edzdn\u00ed kola Tern<\/strong><\/li>\n\n\n\n<li><strong>\u0158eznictv\u00ed a j\u00edzdn\u00ed kola<\/strong><\/li>\n\n\n\n<li><strong>Kola Rad Power<\/strong><\/li>\n\n\n\n<li><strong>Babboe<\/strong><\/li>\n<\/ul>\n\n\n\n<p>Tyto zna\u010dky investuj\u00ed velk\u00e9 prost\u0159edky do <strong>diverzifikace produkt\u016f<\/strong>, kter\u00e1 nab\u00edz\u00ed modely jako nap\u0159:<\/p>\n\n\n\n<ol start=\"1\" class=\"wp-block-list\">\n<li><strong><a href=\"https:\/\/regencargobikes.com\/cs\/what-is-a-long-john-cargo-bike\/\" data-type=\"post\" data-id=\"1411\">Dlouh\u00e1 n\u00e1kladn\u00ed kola<\/a>:<\/strong> Roz\u0161\u00ed\u0159en\u00e9 zadn\u00ed nosi\u010de pro p\u0159epravu v\u00edce d\u011bt\u00ed nebo objemn\u00fdch p\u0159edm\u011bt\u016f.<\/li>\n\n\n\n<li><strong><a href=\"https:\/\/regencargobikes.com\/cs\/rs01-e-cargo-bike\/\" data-type=\"page\" data-id=\"933\">Konstrukce s \u010deln\u00edm naklada\u010dem (Bakfiets)<\/a>:<\/strong> Velk\u00e9 schr\u00e1nky v p\u0159edn\u00ed \u010d\u00e1sti pro t\u011b\u017e\u0161\u00ed nebo choulostiv\u011bj\u0161\u00ed n\u00e1klad.<\/li>\n\n\n\n<li><strong>T\u0159\u00edkolov\u00e9 n\u00e1kladn\u00ed t\u0159\u00edkolky:<\/strong> V\u011bt\u0161\u00ed nosnost a stabilita, ide\u00e1ln\u00ed pro komer\u010dn\u00ed n\u00e1kladn\u00ed dopravu.<\/li>\n<\/ol>\n\n\n\n<p>Pokroky v <strong>technologie bateri\u00ed, elektromotor\u016f a lehk\u00fdch r\u00e1m\u016f.<\/strong> d\u011blaj\u00ed n\u00e1kladn\u00ed kola odoln\u011bj\u0161\u00ed, spolehliv\u011bj\u0161\u00ed a v\u0161estrann\u011bj\u0161\u00ed ne\u017e kdykoli p\u0159edt\u00edm.<\/p>\n\n\n\n<blockquote class=\"wp-block-quote is-layout-flow wp-block-quote-is-layout-flow\">\n<p><strong>N\u00e1vrh obr\u00e1zku:<\/strong> Kol\u00e1\u017e se \u0161t\u00edtky zobrazuj\u00edc\u00ed r\u016fzn\u00e9 designy elektrokol (dlouh\u00fd ocas, \u010deln\u00ed naklada\u010d a t\u0159\u00edkolka) od p\u0159edn\u00edch evropsk\u00fdch zna\u010dek.<\/p>\n<\/blockquote>\n\n\n\n<hr class=\"wp-block-separator has-alpha-channel-opacity\"\/>\n\n\n\n<p><\/p>\n\n\n\n<h3 class=\"wp-block-heading\"><strong>V\u00fdvoj trhu a specializace<\/strong><\/h3>\n\n\n\n<p>Odv\u011btv\u00ed n\u00e1kladn\u00edch kol se st\u00e1v\u00e1 samostatn\u00fdm segmentem, kter\u00fd se odli\u0161uje od \u0161ir\u0161\u00edho odv\u011btv\u00ed j\u00edzdn\u00edch kol. D\u016fkazem tohoto posunu je uveden\u00ed na trh zna\u010dky <strong>Mobifuture<\/strong>, specializovan\u00fd veletrh elektrick\u00e9 a m\u011bstsk\u00e9 mobility, kter\u00fd se kon\u00e1 spole\u010dn\u011b s veletrhem <strong>Eurobike<\/strong> od roku 2026.<\/p>\n\n\n\n<p>Tato nov\u00e1 akce upozorn\u00ed na n\u00e1kladn\u00ed kola jako na kl\u00ed\u010dovou sou\u010d\u00e1st budoucnosti evropsk\u00e9 mobility a propoj\u00ed v\u00fdrobce, tv\u016frce politik a provozovatele vozov\u00fdch park\u016f. O\u010dek\u00e1v\u00e1 se, \u017ee s rostouc\u00edmi soukrom\u00fdmi investicemi a \u00fasporami z rozsahu bude toto odv\u011btv\u00ed st\u00e1le v\u00edce sob\u011bsta\u010dn\u00e9 a sn\u00ed\u017e\u00ed z\u00e1vislost na ve\u0159ejn\u00fdch dotac\u00edch.<\/p>\n\n\n\n<blockquote class=\"wp-block-quote is-layout-flow wp-block-quote-is-layout-flow\">\n<p><strong>N\u00e1vrh obr\u00e1zku:<\/strong> Fotografie z ru\u0161n\u00e9 v\u00fdstavn\u00ed haly Eurobike, kde se p\u0159edstavuj\u00ed inovativn\u00ed modely n\u00e1kladn\u00edch kol a navazuj\u00ed kontakty mezi profesion\u00e1ly v oboru.<\/p>\n<\/blockquote>\n\n\n\n<hr class=\"wp-block-separator has-alpha-channel-opacity\"\/>\n\n\n\n<p><\/p>\n\n\n\n<h2 class=\"wp-block-heading\"><strong>Z\u00e1v\u011br: N\u00e1kladn\u00ed kola jako z\u00e1klad evropsk\u00e9 m\u011bstsk\u00e9 mobility<\/strong><\/h2>\n\n\n\n<p>N\u00e1kladn\u00ed kola p\u0159in\u00e1\u0161ej\u00ed transforma\u010dn\u00ed v\u00fdsledky pro m\u011bsta, podniky a komunity. V\u00fdrazn\u011b sni\u017euj\u00ed emise sklen\u00edkov\u00fdch plyn\u016f, sni\u017euj\u00ed n\u00e1klady na logistiku a zlep\u0161uj\u00ed kvalitu \u017eivota ve m\u011bstech d\u00edky bezpe\u010dn\u011bj\u0161\u00edm ulic\u00edm a lep\u0161\u00edm ve\u0159ejn\u00fdm prostranstv\u00edm.<\/p>\n\n\n\n<p>Evropsk\u00fd trh s elektrokoly je na strm\u00e9 vzestupn\u00e9 trajektorii a roste z <strong>USD v roce 2024 na p\u0159edpokl\u00e1dan\u00fdch 37,24 miliardy USD v roce 2034.<\/strong>. Tento rozvoj je zp\u016fsoben proz\u00edrav\u00fdmi politikami, technologick\u00fdmi inovacemi a zm\u011bnou postoje ve\u0159ejnosti k udr\u017eiteln\u00e9 doprav\u011b.<\/p>\n\n\n\n<p>Pro tv\u016frce politik nejsou investice do infrastruktury pro n\u00e1kladn\u00ed cyklistiku a pob\u00eddky pouze ekologick\u00fdm gestem - jedn\u00e1 se o strategick\u00e9 rozhodnut\u00ed v oblasti m\u011bstsk\u00e9 mobility s dlouhodob\u00fdmi soci\u00e1ln\u00edmi a ekonomick\u00fdmi p\u0159\u00ednosy. Pro podniky je zaveden\u00ed n\u00e1kladn\u00edch kol jasnou konkuren\u010dn\u00ed v\u00fdhodou p\u0159i pln\u011bn\u00ed o\u010dek\u00e1v\u00e1n\u00ed z\u00e1kazn\u00edk\u016f ohledn\u011b rychl\u00fdch, spolehliv\u00fdch a ekologick\u00fdch dod\u00e1vek.<\/p>\n\n\n\n<p>Vzhledem k tomu, \u017ee se m\u011bsta st\u00e1le pot\u00fdkaj\u00ed s probl\u00e9my souvisej\u00edc\u00edmi s dopravn\u00edmi z\u00e1cpami, zm\u011bnou klimatu a ve\u0159ejn\u00fdm zdrav\u00edm, p\u0159edstavuj\u00ed n\u00e1kladn\u00ed j\u00edzdn\u00ed kola osv\u011bd\u010den\u00e9 a roz\u0161i\u0159iteln\u00e9 \u0159e\u0161en\u00ed, kter\u00e9 m\u016f\u017ee v nadch\u00e1zej\u00edc\u00edch desetilet\u00edch zm\u011bnit podobu evropsk\u00e9 m\u011bstsk\u00e9 mobility.<\/p>\n\n\n\n<p><\/p>","protected":false},"excerpt":{"rendered":"<p>European cities are undergoing a profound transformation in how they approach urban transportation and logistics. Once regarded as a niche solution, cargo bikes\u2014particularly electric cargo bikes (e-cargo bikes)\u2014have rapidly evolved into a strategic pillar for sustainable, cost-effective, and people-centric mobility. They are not merely an alternative to traditional delivery vans or trucks; rather, they are [&hellip;]<\/p>\n","protected":false},"author":2,"featured_media":1630,"comment_status":"closed","ping_status":"closed","sticky":false,"template":"","format":"standard","meta":{"footnotes":""},"categories":[2],"tags":[],"class_list":["post-1763","post","type-post","status-publish","format-standard","has-post-thumbnail","hentry","category-knowledge"],"_links":{"self":[{"href":"https:\/\/regencargobikes.com\/cs\/wp-json\/wp\/v2\/posts\/1763","targetHints":{"allow":["GET"]}}],"collection":[{"href":"https:\/\/regencargobikes.com\/cs\/wp-json\/wp\/v2\/posts"}],"about":[{"href":"https:\/\/regencargobikes.com\/cs\/wp-json\/wp\/v2\/types\/post"}],"author":[{"embeddable":true,"href":"https:\/\/regencargobikes.com\/cs\/wp-json\/wp\/v2\/users\/2"}],"replies":[{"embeddable":true,"href":"https:\/\/regencargobikes.com\/cs\/wp-json\/wp\/v2\/comments?post=1763"}],"version-history":[{"count":1,"href":"https:\/\/regencargobikes.com\/cs\/wp-json\/wp\/v2\/posts\/1763\/revisions"}],"predecessor-version":[{"id":1765,"href":"https:\/\/regencargobikes.com\/cs\/wp-json\/wp\/v2\/posts\/1763\/revisions\/1765"}],"wp:featuredmedia":[{"embeddable":true,"href":"https:\/\/regencargobikes.com\/cs\/wp-json\/wp\/v2\/media\/1630"}],"wp:attachment":[{"href":"https:\/\/regencargobikes.com\/cs\/wp-json\/wp\/v2\/media?parent=1763"}],"wp:term":[{"taxonomy":"category","embeddable":true,"href":"https:\/\/regencargobikes.com\/cs\/wp-json\/wp\/v2\/categories?post=1763"},{"taxonomy":"post_tag","embeddable":true,"href":"https:\/\/regencargobikes.com\/cs\/wp-json\/wp\/v2\/tags?post=1763"}],"curies":[{"name":"wp","href":"https:\/\/api.w.org\/{rel}","templated":true}]}}