{"id":1814,"date":"2025-08-21T18:48:50","date_gmt":"2025-08-21T10:48:50","guid":{"rendered":"https:\/\/regencargobikes.com\/?p=1814"},"modified":"2025-08-23T20:39:35","modified_gmt":"2025-08-23T12:39:35","slug":"what-are-the-drawbacks-of-a-mid-drive-motor","status":"publish","type":"post","link":"https:\/\/regencargobikes.com\/cs\/what-are-the-drawbacks-of-a-mid-drive-motor\/","title":{"rendered":"Jak\u00e9 jsou nev\u00fdhody motoru se st\u0159edov\u00fdm pohonem?"},"content":{"rendered":"<p>Na <a href=\"https:\/\/regencargobikes.com\/cs\/about\/\" data-type=\"page\" data-id=\"171\">Regen<\/a>, kdy\u017e s partnery hovo\u0159\u00edme o volb\u011b motoru pro n\u00e1kladn\u00ed kola nebo elektrokola, \u010dasto se \u0159e\u010d sto\u010d\u00ed na n\u00e1sleduj\u00edc\u00ed ot\u00e1zky. <strong><a href=\"https:\/\/regencargobikes.com\/cs\/mid-drive-vs-hub-motor-which-is-better\/\" data-type=\"post\" data-id=\"235\">st\u0159edov\u00fd pohon vs. pohon n\u00e1boje<\/a><\/strong>. St\u0159edov\u00e9 pohony jsou oce\u0148ov\u00e1ny pro sv\u016fj to\u010div\u00fd moment, \u00fa\u010dinnost a p\u0159irozen\u00fd pocit p\u0159i \u0161lap\u00e1n\u00ed. Jako ka\u017ed\u00e9 technick\u00e9 \u0159e\u0161en\u00ed v\u0161ak p\u0159in\u00e1\u0161ej\u00ed i kompromisy.<\/p>\n\n\n\n<p>Prozkoumejme nev\u00fdhody do hloubky - zkombinujme n\u00e1\u0161 in\u017een\u00fdrsk\u00fd pohled s body zd\u016frazn\u011bn\u00fdmi v pr\u016fmyslov\u00fdch srovn\u00e1n\u00edch.<\/p>\n\n\n\n<hr class=\"wp-block-separator has-alpha-channel-opacity\"\/>\n\n\n\n<h2 class=\"wp-block-heading\"><strong>1. Vy\u0161\u0161\u00ed po\u0159izovac\u00ed n\u00e1klady<\/strong><\/h2>\n\n\n\n<p><a href=\"https:\/\/regencargobikes.com\/cs\/what-is-a-mid-drive-motor-definition-types\/\" data-type=\"post\" data-id=\"248\">Motory se st\u0159edn\u00edm pohonem<\/a> jsou v\u00fdrazn\u011b dra\u017e\u0161\u00ed ne\u017e n\u00e1bojov\u00e9 motory:<\/p><div class=\"regen-test-placement-from-wizard-1604397851\" id=\"regen-2844516694\"><script async src=\"https:\/\/pagead2.googlesyndication.com\/pagead\/js\/adsbygoogle.js?client=ca-pub-1076230867169041\"\n     crossorigin=\"anonymous\"><\/script><\/div><div class=\"regen-test-placement-from-wizard-2878267818\" id=\"regen-3159785215\"><script async src=\"https:\/\/pagead2.googlesyndication.com\/pagead\/js\/adsbygoogle.js?client=ca-pub-1076230867169041\"\n     crossorigin=\"anonymous\"><\/script><\/div>\n\n\n\n<ul class=\"wp-block-list\">\n<li><strong>N\u011bkolik rozpo\u010dtov\u00fdch mo\u017enost\u00ed<\/strong>: Jak uv\u00e1d\u00ed \u010dl\u00e1nek, kter\u00fd jste sd\u00edleli, renomovan\u00e9 n\u00e1kladn\u00ed kola se st\u0159edn\u00edm pohonem pod <strong>$2,000 USD<\/strong> jsou vz\u00e1cn\u00e9, zat\u00edmco n\u00e1kladn\u00ed kola s n\u00e1bojov\u00fdm motorem jsou v tomto rozsahu b\u011b\u017en\u011b dostupn\u00e1.<\/li>\n\n\n\n<li><strong>Cena z\u00e1visl\u00e1 na slo\u017eitosti<\/strong>: Na rozd\u00edl od relativn\u011b jednoduch\u00e9ho motoru v n\u00e1boji, st\u0159edov\u00fd pohon integruje sn\u00edma\u010de, p\u0159evody a komponenty pro p\u0159enos to\u010div\u00e9ho momentu, co\u017e zvy\u0161uje n\u00e1klady.<\/li>\n<\/ul>\n\n\n\n<p><em>D\u016fsledky<\/em>: Pro kupce vozov\u00fdch park\u016f m\u016f\u017ee b\u00fdt p\u0159ek\u00e1\u017ekou vy\u0161\u0161\u00ed po\u010d\u00e1te\u010dn\u00ed investice, zejm\u00e9na pokud se v\u00fdkonnostn\u00ed v\u00fdhody pln\u011b nevyu\u017eij\u00ed na rovinat\u00fdch m\u011bstsk\u00fdch rozvozov\u00fdch tras\u00e1ch.<\/p>\n\n\n\n<figure class=\"wp-block-image size-large\"><img fetchpriority=\"high\" decoding=\"async\" width=\"1024\" height=\"682\" src=\"https:\/\/regencargobikes.com\/wp-content\/uploads\/2025\/05\/WechatIMG955-1024x682.jpg\" alt=\"DJI Challenges Navrhovan\u00e1 EU E-Bike Motor Power Cap \ufffc- Motor Dji\" class=\"wp-image-1348\" srcset=\"https:\/\/regencargobikes.com\/wp-content\/uploads\/2025\/05\/WechatIMG955-1024x682.jpg 1024w, https:\/\/regencargobikes.com\/wp-content\/uploads\/2025\/05\/WechatIMG955-300x200.jpg 300w, https:\/\/regencargobikes.com\/wp-content\/uploads\/2025\/05\/WechatIMG955-768x511.jpg 768w, https:\/\/regencargobikes.com\/wp-content\/uploads\/2025\/05\/WechatIMG955-18x12.jpg 18w, https:\/\/regencargobikes.com\/wp-content\/uploads\/2025\/05\/WechatIMG955.jpg 1200w\" sizes=\"(max-width: 1024px) 100vw, 1024px\" \/><\/figure>\n\n\n\n<hr class=\"wp-block-separator has-alpha-channel-opacity\"\/>\n\n\n\n<h2 class=\"wp-block-heading\"><strong>2. Zrychlen\u00e9 opot\u0159eben\u00ed hnac\u00edho \u00fastroj\u00ed<\/strong><\/h2>\n\n\n\n<p>Proto\u017ee motor poh\u00e1n\u00ed v\u00fdkon p\u0159es <strong>\u0159et\u011bz a kazeta<\/strong>, zvy\u0161uje mechanick\u00e9 nam\u00e1h\u00e1n\u00ed:<\/p>\n\n\n\n<ul class=\"wp-block-list\">\n<li><strong>Opot\u0159eben\u00ed \u0159et\u011bzu<\/strong>: Standardn\u00ed \u0159et\u011bzy se p\u0159i st\u0159edn\u00edm to\u010div\u00e9m momentu pohonu opot\u0159ebov\u00e1vaj\u00ed mnohem rychleji.<\/li>\n\n\n\n<li><strong>Po\u0161kozen\u00ed \u0159et\u011bzov\u00e9ho kola a \u0159et\u011bzu<\/strong>: Trval\u00e1 z\u00e1t\u011b\u017e p\u0159i vy\u0161\u0161\u00edm p\u0159\u00edkonu (nap\u0159. 200 W nam\u00edsto p\u0159irozen\u00e9ho p\u0159\u00edkonu 100 W) urychluje \u00fanavu sou\u010d\u00e1stek.<\/li>\n\n\n\n<li><strong>Cykly \u00fadr\u017eby<\/strong>: Dod\u00e1vkov\u00e9 flotily mohou pot\u0159ebovat v\u00fdm\u011bnu \u0159et\u011bzu a \u0159et\u011bzov\u00e9ho kola ka\u017ed\u00fdch 1 000 km nebo d\u0159\u00edve, v z\u00e1vislosti na zat\u00ed\u017een\u00ed.<\/li>\n<\/ul>\n\n\n\n<p>Jedn\u00e1 se o jednu z <strong>skryt\u00e9 n\u00e1klady<\/strong> provozov\u00e1n\u00ed flotily n\u00e1kladn\u00edch kol se st\u0159edn\u00edm pohonem.<\/p>\n\n\n\n<hr class=\"wp-block-separator has-alpha-channel-opacity\"\/>\n\n\n\n<h2 class=\"wp-block-heading\"><strong>3. Slo\u017eit\u011bj\u0161\u00ed \u00fadr\u017eba a vy\u0161\u0161\u00ed n\u00e1klady na servis<\/strong><\/h2>\n\n\n\n<p>Syst\u00e9m st\u0159edn\u00edho pohonu nen\u00ed jen motor, ale je spojen se spojkou, hnac\u00edm h\u0159\u00eddelem, p\u0159evodovkami a elektronick\u00fdmi senzory.<\/p>\n\n\n\n<ul class=\"wp-block-list\">\n<li><strong>Nutn\u00e1 odborn\u00e1 oprava<\/strong>: Na rozd\u00edl od n\u00e1bojov\u00fdch motor\u016f, u nich\u017e \u010dasto sta\u010d\u00ed vym\u011bnit kolo, vy\u017eaduj\u00ed st\u0159edov\u00e9 pohony kvalifikovan\u00e9 techniky a n\u011bkdy i propriet\u00e1rn\u00ed software (Bosch, Shimano, Brose).<\/li>\n\n\n\n<li><strong>Riziko prostoj\u016f<\/strong>: Del\u0161\u00ed doba d\u00edlny znamen\u00e1 pro podniky provozn\u00ed prostoje.<\/li>\n\n\n\n<li><strong>N\u00e1klady na n\u00e1hradn\u00ed d\u00edly<\/strong>: Vlastn\u00ed d\u00edly (nap\u0159. vnit\u0159n\u00ed p\u0159evody, \u0159\u00eddic\u00ed jednotky) jsou dra\u017e\u0161\u00ed a h\u016f\u0159e dostupn\u00e9 ne\u017e obecn\u00e9 sou\u010d\u00e1sti n\u00e1bojov\u00fdch motor\u016f.<\/li>\n<\/ul>\n\n\n\n<p><em>P\u0159\u00edpadov\u00e1 studie<\/em>: Logistick\u00fd oper\u00e1tor, se kter\u00fdm jsme spolupracovali, uvedl, \u017ee flotily se st\u0159edn\u00edm pohonem m\u011bly <strong>2-3\u00d7 vy\u0161\u0161\u00ed n\u00e1klady na pr\u00e1ci v d\u00edln\u011b<\/strong> v porovn\u00e1n\u00ed s flotilami s motorem v n\u00e1boji.<\/p>\n\n\n\n<figure class=\"wp-block-image size-full\"><img decoding=\"async\" width=\"560\" height=\"500\" src=\"https:\/\/regencargobikes.com\/wp-content\/uploads\/2025\/05\/WechatIMG943.jpg\" alt=\"\" class=\"wp-image-1314\" srcset=\"https:\/\/regencargobikes.com\/wp-content\/uploads\/2025\/05\/WechatIMG943.jpg 560w, https:\/\/regencargobikes.com\/wp-content\/uploads\/2025\/05\/WechatIMG943-300x268.jpg 300w, https:\/\/regencargobikes.com\/wp-content\/uploads\/2025\/05\/WechatIMG943-13x12.jpg 13w\" sizes=\"(max-width: 560px) 100vw, 560px\" \/><\/figure>\n\n\n\n<hr class=\"wp-block-separator has-alpha-channel-opacity\"\/>\n\n\n\n<h2 class=\"wp-block-heading\"><strong>4. Hluk a vibrace<\/strong><\/h2>\n\n\n\n<p>I kdy\u017e jsou st\u0159edov\u00e9 pohony st\u00e1le relativn\u011b tich\u00e9, produkuj\u00ed <strong>kv\u00edlen\u00ed p\u0159evodovky<\/strong> p\u0159i velk\u00e9m to\u010div\u00e9m momentu nebo stoup\u00e1n\u00ed. Jezdce, kte\u0159\u00ed jsou zvykl\u00ed na tich\u00fd chod n\u00e1bojov\u00e9ho motoru s p\u0159\u00edm\u00fdm pohonem, to n\u011bkdy ru\u0161\u00ed.<\/p>\n\n\n\n<hr class=\"wp-block-separator has-alpha-channel-opacity\"\/>\n\n\n\n<h2 class=\"wp-block-heading\"><strong>5. Omezen\u00ed kompatibility r\u00e1m\u016f<\/strong><\/h2>\n\n\n\n<p>St\u0159edov\u00e9 disky nejsou univerz\u00e1ln\u011b kompatibiln\u00ed:<\/p>\n\n\n\n<ul class=\"wp-block-list\">\n<li><strong>Vyhrazen\u00e9 dr\u017e\u00e1ky<\/strong>: R\u00e1my mus\u00ed b\u00fdt konstruov\u00e1ny pro konkr\u00e9tn\u00ed motorov\u00e9 syst\u00e9my (nap\u0159. Bosch Gen 4, Shimano STEPS), co\u017e omezuje flexibilitu.<\/li>\n\n\n\n<li><strong>Sn\u00ed\u017een\u00fd potenci\u00e1l modernizace<\/strong>: Na rozd\u00edl od n\u00e1bojov\u00fdch motor\u016f, kter\u00e9 lze p\u0159idat k v\u011bt\u0161in\u011b st\u00e1vaj\u00edc\u00edch r\u00e1m\u016f, st\u0159edov\u00e9 pohony nelze jednodu\u0161e p\u0159i\u0161roubovat.<\/li>\n<\/ul>\n\n\n\n<p>To m\u00e1 dopad na <strong>Flexibilita ODM\/OEM<\/strong>, proto\u017ee r\u016fzn\u00e9 v\u00fdrobn\u00ed s\u00e9rie mohou vy\u017eadovat jedine\u010dn\u00e9 n\u00e1stroje pro v\u00fdrobu r\u00e1m\u016f.<\/p>\n\n\n\n<hr class=\"wp-block-separator has-alpha-channel-opacity\"\/>\n\n\n\n<h2 class=\"wp-block-heading\"><strong>6. Z\u00e1vislost jezdce na spr\u00e1vn\u00e9m \u0159azen\u00ed rychlostn\u00edch stup\u0148\u016f<\/strong><\/h2>\n\n\n\n<p>Na rozd\u00edl od n\u00e1bojov\u00fdch motor\u016f, kter\u00e9 dod\u00e1vaj\u00ed v\u00fdkon nez\u00e1visle na p\u0159evodech hnac\u00edho \u00fastroj\u00ed, se st\u0159edov\u00e9 pohony spol\u00e9haj\u00ed na spr\u00e1vn\u00e9 \u0159azen\u00ed jezdce (nebo automatick\u00fdch syst\u00e9m\u016f):<\/p>\n\n\n\n<ul class=\"wp-block-list\">\n<li>\u0160patn\u00e9 \u0159azen\u00ed p\u0159i zat\u00ed\u017een\u00ed m\u016f\u017ee zp\u016fsobit <strong>p\u0159eskakov\u00e1n\u00ed nebo prask\u00e1n\u00ed \u0159et\u011bzu<\/strong>.<\/li>\n\n\n\n<li>Nezku\u0161en\u00ed jezdci mohou v\u00fdrazn\u011b zkr\u00e1tit \u017eivotnost hnac\u00edho \u00fastroj\u00ed.<\/li>\n\n\n\n<li>N\u011bkter\u00e9 syst\u00e9my integruj\u00ed sn\u00edma\u010de pro detekci posunu, kter\u00e9 v\u0161ak zvy\u0161uj\u00ed n\u00e1klady a slo\u017eitost.<\/li>\n<\/ul>\n\n\n\n<p>U vozov\u00fdch park\u016f pro rozvoz n\u00e1kladu to m\u016f\u017ee zp\u016fsobit variabilitu v z\u00e1vislosti na v\u00fdcviku jezdc\u016f.<\/p>\n\n\n\n<hr class=\"wp-block-separator has-alpha-channel-opacity\"\/>\n\n\n\n<h2 class=\"wp-block-heading\"><strong>7. Propriet\u00e1rn\u00ed uzam\u010den\u00ed ekosyst\u00e9mu<\/strong><\/h2>\n\n\n\n<p>V\u011bt\u0161ina st\u0159edov\u00fdch pohon\u016f pracuje v r\u00e1mci <strong>uzav\u0159en\u00fd syst\u00e9m<\/strong>:<\/p>\n\n\n\n<ul class=\"wp-block-list\">\n<li>Baterie, ovlada\u010de a displeje jsou \u010dasto specifick\u00e9 pro danou zna\u010dku.<\/li>\n\n\n\n<li>V\u00fdrobci OEM ztr\u00e1cej\u00ed mo\u017enost voln\u011b kombinovat komponenty.<\/li>\n\n\n\n<li>Dlouhodob\u00e9 riziko \u00fadr\u017eby: pokud zna\u010dka ukon\u010d\u00ed v\u00fdrobu n\u011bkter\u00e9 \u0159ady motor\u016f, bude problematick\u00e9 sh\u00e1n\u011bt n\u00e1hradn\u00ed d\u00edly.<\/li>\n<\/ul>\n\n\n\n<p>Naproti tomu n\u00e1bojov\u00e9 motory jsou mnohem v\u00edce <strong>otev\u0159en\u00e9 a modul\u00e1rn\u00ed<\/strong>.<\/p>\n\n\n\n<hr class=\"wp-block-separator has-alpha-channel-opacity\"\/>\n\n\n\n<h2 class=\"wp-block-heading\"><strong>8. Hmotnost a slo\u017eitost syst\u00e9mu<\/strong><\/h2>\n\n\n\n<p>Centralizovan\u00e1 hmotnost je sice v\u00fdhodou pro manipulaci, ale syst\u00e9m s\u00e1m o sob\u011b p\u0159id\u00e1v\u00e1 <strong>slo\u017eitost n\u00e1vrhu a integrace<\/strong>:<\/p>\n\n\n\n<ul class=\"wp-block-list\">\n<li>V\u00edce komponent\u016f (spojka, p\u0159evodovka, sn\u00edma\u010de) znamen\u00e1 v\u00edce mo\u017en\u00fdch m\u00edst poruchy.<\/li>\n\n\n\n<li>Integrace r\u00e1mu a baterie mus\u00ed b\u00fdt pe\u010dliv\u011b navr\u017eena tak, aby byla zachov\u00e1na rovnov\u00e1ha.<\/li>\n<\/ul>\n\n\n\n<hr class=\"wp-block-separator has-alpha-channel-opacity\"\/>\n\n\n\n<h2 class=\"wp-block-heading\"><strong>9. Energetick\u00e1 \u00fa\u010dinnost: Sm\u00ed\u0161en\u00e1 realita vs. marketing<\/strong><\/h2>\n\n\n\n<p>\u010cl\u00e1nek, kter\u00fd jste sd\u00edleli, upozor\u0148uje na <strong>bod \u00fa\u010dinnosti<\/strong>:<\/p>\n\n\n\n<ul class=\"wp-block-list\">\n<li><strong>N\u00e1bojov\u00e9 motory<\/strong>: \u00da\u010dinnost p\u0159em\u011bny elektrick\u00e9 energie na kinetickou je obvykle <strong>70-80%<\/strong>, a trp\u00ed <strong>elektromagnetick\u00fd odpor<\/strong> bez pohonu, co\u017e zt\u011b\u017euje \u0161lap\u00e1n\u00ed.<\/li>\n\n\n\n<li><strong>St\u0159edn\u00ed pohony<\/strong>: \u00da\u010dinnost m\u016f\u017ee p\u0159es\u00e1hnout <strong>80%<\/strong>, s konstrukc\u00ed, kter\u00e1 se p\u0159i vypnut\u00e9m motoru zcela odpoj\u00ed, co\u017e umo\u017e\u0148uje \u201cp\u0159irozen\u00e9\u201d \u0161lap\u00e1n\u00ed bez dodate\u010dn\u00e9ho odporu.<\/li>\n<\/ul>\n\n\n\n<p>\ud83d\udc49 I kdy\u017e se jedn\u00e1 o <strong>benefit<\/strong> v j\u00edzd\u011b s pohonem a bez n\u011bj, ale tak\u00e9 zd\u016fraz\u0148uje nev\u00fdhodu: st\u0159edov\u00fd pohon z\u00e1vis\u00ed na slo\u017eit\u011bj\u0161\u00edch spojkov\u00fdch a vyp\u00ednac\u00edch mechanismech, kter\u00e9 op\u011bt vy\u017eaduj\u00ed p\u0159esnou konstrukci a servis.<\/p>\n\n\n\n<hr class=\"wp-block-separator has-alpha-channel-opacity\"\/>\n\n\n\n<h2 class=\"wp-block-heading\"><strong>10. Omezen\u00e1 hodnota v rovinat\u00e9m ter\u00e9nu<\/strong><\/h2>\n\n\n\n<p>V rovinat\u00e9m m\u011bstsk\u00e9m prost\u0159ed\u00ed je stoupac\u00ed v\u00fdkon st\u0159edov\u00e9ho pohonu \u010dasto zbyte\u010dn\u00fd:<\/p>\n\n\n\n<ul class=\"wp-block-list\">\n<li>N\u00e1bojov\u00fd motor m\u016f\u017ee v t\u011bchto podm\u00ednk\u00e1ch pod\u00e1vat stejn\u00fd nebo lep\u0161\u00ed ka\u017edodenn\u00ed v\u00fdkon.<\/li>\n\n\n\n<li>Ten\/Ta\/To <strong>zv\u00fd\u0161en\u00e9 n\u00e1klady, opot\u0159eben\u00ed hnac\u00edho \u00fastroj\u00ed a slo\u017eitost.<\/strong> nejsou v\u017edy kompenzov\u00e1ny v\u00fdznamn\u00fdmi re\u00e1ln\u00fdmi v\u00fdhodami.<\/li>\n<\/ul>\n\n\n\n<figure class=\"wp-block-image size-full\"><img decoding=\"async\" width=\"900\" height=\"599\" src=\"https:\/\/regencargobikes.com\/wp-content\/uploads\/2025\/03\/pexels-jean-fourche-1046629814-31628826.jpg\" alt=\"mu\u017e a dv\u011b d\u011bti na r\u016f\u017eov\u00e9m n\u00e1kladn\u00edm kole\" class=\"wp-image-834\" srcset=\"https:\/\/regencargobikes.com\/wp-content\/uploads\/2025\/03\/pexels-jean-fourche-1046629814-31628826.jpg 900w, https:\/\/regencargobikes.com\/wp-content\/uploads\/2025\/03\/pexels-jean-fourche-1046629814-31628826-300x200.jpg 300w, https:\/\/regencargobikes.com\/wp-content\/uploads\/2025\/03\/pexels-jean-fourche-1046629814-31628826-768x511.jpg 768w\" sizes=\"(max-width: 900px) 100vw, 900px\" \/><\/figure>\n\n\n\n<hr class=\"wp-block-separator has-alpha-channel-opacity\"\/>\n\n\n\n<h2 class=\"wp-block-heading\"><strong>Srovn\u00e1vac\u00ed sn\u00edmek<\/strong><\/h2>\n\n\n\n<figure class=\"wp-block-table\"><table class=\"has-fixed-layout\"><thead><tr><th><strong>Faktor<\/strong><\/th><th><strong>Nev\u00fdhoda motoru se st\u0159edov\u00fdm pohonem<\/strong><\/th><th><strong>V\u00fdhoda n\u00e1bojov\u00e9ho motoru<\/strong><\/th><\/tr><\/thead><tbody><tr><td>N\u00e1klady<\/td><td>Drah\u00e9 (m\u00e1lo model\u016f pod $2 000)<\/td><td>Cenov\u011b dostupn\u00e9, \u0161iroce dostupn\u00e9<\/td><\/tr><tr><td>Dopad na hnac\u00ed \u00fastroj\u00ed<\/td><td>Zrychlen\u00e9 opot\u0159eben\u00ed \u0159et\u011bzu a \u0159et\u011bzov\u00fdch kol<\/td><td>Minim\u00e1ln\u00ed zat\u00ed\u017een\u00ed hnac\u00edho \u00fastroj\u00ed<\/td><\/tr><tr><td>\u00dadr\u017eba<\/td><td>Slo\u017eit\u00e9, v\u00e1zan\u00e9 na zna\u010dku, n\u00e1kladn\u00e9<\/td><td>Jednoduch\u00e9, kola se m\u011bn\u00ed dostate\u010dn\u011b \u010dasto<\/td><\/tr><tr><td>\u00da\u010dinnost<\/td><td>&gt;80%, ale spol\u00e9h\u00e1 na syst\u00e9m spojky\/vyp\u00edn\u00e1n\u00ed<\/td><td>70-80%, ale jednodu\u0161\u0161\u00ed design<\/td><\/tr><tr><td>Hluk<\/td><td>Kv\u00edlen\u00ed p\u0159evodovky p\u0159i zat\u00ed\u017een\u00ed<\/td><td>Ti\u0161\u0161\u00ed (zejm\u00e9na n\u00e1boj s p\u0159\u00edm\u00fdm pohonem)<\/td><\/tr><tr><td>Kompatibilita<\/td><td>Specifick\u00fd r\u00e1m, bez dodate\u010dn\u00e9 mont\u00e1\u017ee<\/td><td>Pasuje na t\u00e9m\u011b\u0159 ka\u017ed\u00e9 kolo\/r\u00e1m<\/td><\/tr><tr><td>\u0158azen\u00ed rychlostn\u00edch stup\u0148\u016f<\/td><td>Vy\u017eaduje dovednost jezdce nebo senzory<\/td><td>Nez\u00e1vislost na posunu<\/td><\/tr><tr><td>Ekosyst\u00e9m<\/td><td>Propriet\u00e1rn\u00ed uzam\u010den\u00ed (Bosch, Shimano atd.)<\/td><td>Modul\u00e1rn\u00ed a otev\u0159en\u00fd ekosyst\u00e9m komponent<\/td><\/tr><tr><td>Vhodnost pro p\u0159\u00edpad pou\u017eit\u00ed<\/td><td>Vynik\u00e1 v kopcovit\u00e9m prost\u0159ed\u00ed s vysok\u00fdm to\u010div\u00fdm momentem<\/td><td>Ide\u00e1ln\u00ed v rovinat\u00e9m m\u011bstsk\u00e9m prost\u0159ed\u00ed pro doj\u00ed\u017ed\u011bn\u00ed do pr\u00e1ce<\/td><\/tr><\/tbody><\/table><\/figure>\n\n\n\n<hr class=\"wp-block-separator has-alpha-channel-opacity\"\/>\n\n\n\n<h2 class=\"wp-block-heading\"><strong>Z\u00e1v\u011bre\u010dn\u00e9 my\u0161lenky<\/strong><\/h2>\n\n\n\n<p>Z na\u0161ich zku\u0161enost\u00ed ve spole\u010dnosti Regen vypl\u00fdv\u00e1, \u017ee motory se st\u0159edn\u00edm pohonem jsou <strong>in\u017een\u00fdrsk\u00e9 \u0159e\u0161en\u00ed<\/strong> na kopce, po\u017eadavky na to\u010div\u00fd moment a p\u0159irozen\u00fd pocit z j\u00edzdy. P\u0159esto jsou kompromisy...<strong>n\u00e1klady, opot\u0159eben\u00ed hnac\u00edho \u00fastroj\u00ed, slo\u017eitost, uzam\u010den\u00ed ekosyst\u00e9mu a vy\u0161\u0161\u00ed n\u00e1roky na servis.<\/strong>-nikdy by nem\u011bly b\u00fdt podce\u0148ov\u00e1ny.<\/p>\n\n\n\n<p>\u010cl\u00e1nek, kter\u00fd jste sd\u00edleli, tak\u00e9 spr\u00e1vn\u011b zd\u016fraz\u0148uje detaily, jako nap\u0159. <strong>rozd\u00edly v \u00fa\u010dinnosti konverze<\/strong> a <strong>valiv\u00fd odpor bez pohonu<\/strong>, co\u017e vysv\u011btluje, pro\u010d jsou st\u0159edov\u00e9 pohony plynulej\u0161\u00ed, kdy\u017e se baterie vybije. Stejn\u00e9 detaily v\u0161ak tak\u00e9 p\u0159isp\u00edvaj\u00ed k tomu, \u017ee se <strong>mechanick\u00e1 slo\u017eitost<\/strong> a dlouhodob\u00e9 zat\u00ed\u017een\u00ed slu\u017eeb.<\/p>\n\n\n\n<p>Pro mana\u017eery ve\u0159ejn\u00fdch zak\u00e1zek a partnery OEM\/ODM by m\u011blo b\u00fdt rozhodnut\u00ed v\u017edy vyv\u00e1\u017een\u00e9:<\/p>\n\n\n\n<ul class=\"wp-block-list\">\n<li><strong>Zku\u0161enosti jezdc\u016f<\/strong> (hladkost, schopnost stoup\u00e1n\u00ed)<\/li>\n\n\n\n<li><strong>Ekonomika vozov\u00e9ho parku<\/strong> (servisn\u00ed cykly, n\u00e1klady na n\u00e1hradn\u00ed d\u00edly)<\/li>\n\n\n\n<li><strong>Prost\u0159ed\u00ed aplikace<\/strong> (kopce vs. roviny, t\u011b\u017ek\u00fd n\u00e1klad vs. lehk\u00fd n\u00e1klad)<\/li>\n<\/ul>\n\n\n\n<p>Ve spole\u010dnosti Regen podporujeme jak <strong>konfigurace se st\u0159edov\u00fdm pohonem a motorem v n\u00e1boji<\/strong>, p\u0159izp\u016fsoben\u00ed \u0159e\u0161en\u00ed proces\u016fm a regionu z\u00e1kazn\u00edka.<\/p>","protected":false},"excerpt":{"rendered":"<p>At Regen, when we talk with partners about motor choice for cargo bikes or e-bikes, the conversation often comes down to mid-drive vs hub drive. Mid-drives are praised for their torque, efficiency, and natural pedalling feel. But just like every engineering solution, they also come with trade-offs. Let\u2019s explore the drawbacks in depth \u2014 combining [&hellip;]<\/p>\n","protected":false},"author":2,"featured_media":1192,"comment_status":"closed","ping_status":"closed","sticky":false,"template":"","format":"standard","meta":{"footnotes":""},"categories":[2],"tags":[],"class_list":["post-1814","post","type-post","status-publish","format-standard","has-post-thumbnail","hentry","category-knowledge"],"_links":{"self":[{"href":"https:\/\/regencargobikes.com\/cs\/wp-json\/wp\/v2\/posts\/1814","targetHints":{"allow":["GET"]}}],"collection":[{"href":"https:\/\/regencargobikes.com\/cs\/wp-json\/wp\/v2\/posts"}],"about":[{"href":"https:\/\/regencargobikes.com\/cs\/wp-json\/wp\/v2\/types\/post"}],"author":[{"embeddable":true,"href":"https:\/\/regencargobikes.com\/cs\/wp-json\/wp\/v2\/users\/2"}],"replies":[{"embeddable":true,"href":"https:\/\/regencargobikes.com\/cs\/wp-json\/wp\/v2\/comments?post=1814"}],"version-history":[{"count":1,"href":"https:\/\/regencargobikes.com\/cs\/wp-json\/wp\/v2\/posts\/1814\/revisions"}],"predecessor-version":[{"id":1815,"href":"https:\/\/regencargobikes.com\/cs\/wp-json\/wp\/v2\/posts\/1814\/revisions\/1815"}],"wp:featuredmedia":[{"embeddable":true,"href":"https:\/\/regencargobikes.com\/cs\/wp-json\/wp\/v2\/media\/1192"}],"wp:attachment":[{"href":"https:\/\/regencargobikes.com\/cs\/wp-json\/wp\/v2\/media?parent=1814"}],"wp:term":[{"taxonomy":"category","embeddable":true,"href":"https:\/\/regencargobikes.com\/cs\/wp-json\/wp\/v2\/categories?post=1814"},{"taxonomy":"post_tag","embeddable":true,"href":"https:\/\/regencargobikes.com\/cs\/wp-json\/wp\/v2\/tags?post=1814"}],"curies":[{"name":"wp","href":"https:\/\/api.w.org\/{rel}","templated":true}]}}