{"id":1953,"date":"2026-06-05T05:35:24","date_gmt":"2026-06-04T21:35:24","guid":{"rendered":"https:\/\/regencargobikes.com\/porsche-exits-ebike-market-2026\/"},"modified":"2026-06-05T05:35:24","modified_gmt":"2026-06-04T21:35:24","slug":"porsche-exits-ebike-market-2026","status":"publish","type":"post","link":"https:\/\/regencargobikes.com\/cs\/porsche-exits-ebike-market-2026\/","title":{"rendered":"Porsche uzav\u00edr\u00e1 sv\u016fj byznys s e-koly jako sou\u010d\u00e1st \u0161ir\u0161\u00ed restrukturalizace"},"content":{"rendered":"<p>Porsche ustupuje od jedn\u00e9 ze sv\u00fdch nejviditeln\u011bj\u0161\u00edch s\u00e1zek na technologii e-bike. Spole\u010dnost uzav\u00edr\u00e1 Porsche eBike Performance GmbH, jednotku postavenou kolem podnik\u00e1n\u00ed s pohonn\u00fdmi syst\u00e9my Fazua, kterou z\u00edskala v roce 2022.<\/p>\n<figure class=\"wp-block-image size-full\"><img decoding=\"async\" src=\"https:\/\/regencargobikes.com\/wp-content\/uploads\/2026\/06\/porsche-techcrunch-macan-getty.jpg\" alt=\"Obr\u00e1zek v\u00fdroby elektrick\u00fdch vozidel Porsche pou\u017eit\u00fd v pokryt\u00ed restrukturalizace Porsche od TechCrunch\"\/><figcaption>Zdroj obr\u00e1zku: TechCrunch; foto Sebastian Gollnow\/picture alliance via Getty Images.<\/figcaption><\/figure>\n<p>Rozhodnut\u00ed se net\u00fdk\u00e1 pouze e-bike. Porsche tak\u00e9 uzav\u00edr\u00e1 Cellforce Group, dce\u0159inou spole\u010dnost pro vysoce v\u00fdkonn\u00e9 baterie, a Cetitec, softwarovou spole\u010dnost. Spole\u010dn\u011b tato uzav\u0159en\u00ed ovlivn\u00ed v\u00edce ne\u017e 500 zam\u011bstnanc\u016f.<\/p>\n<p>Kr\u00e1tk\u00e1 verze je tato: Porsche se znovu zam\u011b\u0159uje na hlavn\u00ed oblasti podnik\u00e1n\u00ed pot\u00e9, co se n\u011bkolik ambici\u00f3zn\u00edch technologick\u00fdch s\u00e1zek stalo v chladn\u011bj\u0161\u00edm trhu h\u016f\u0159e obhajiteln\u00fdmi.<\/p><div id=\"regen-1166767309\" class=\"regen-test-placement-from-wizard-2878267818 regen-entity-placement\"><script async src=\"https:\/\/pagead2.googlesyndication.com\/pagead\/js\/adsbygoogle.js?client=ca-pub-1076230867169041\"\n     crossorigin=\"anonymous\"><\/script><\/div><div id=\"regen-4106349929\" class=\"regen-test-placement-from-wizard-1604397851 regen-entity-placement\"><script async src=\"https:\/\/pagead2.googlesyndication.com\/pagead\/js\/adsbygoogle.js?client=ca-pub-1076230867169041\"\n     crossorigin=\"anonymous\"><\/script><\/div>\n<h2>Co Porsche ozn\u00e1milo<\/h2>\n<p>Zpr\u00e1vy od TechCrunch, BikeRadar a Bicycle Retailer and Industry News uv\u00e1d\u011bj\u00ed, \u017ee Porsche uzav\u00edr\u00e1 t\u0159i dce\u0159in\u00e9 spole\u010dnosti:<\/p>\n<table>\n<thead>\n<tr>\n<th>Dce\u0159in\u00e1 spole\u010dnost<\/th>\n<th>Hlavn\u00ed oblast<\/th>\n<th>Kl\u00ed\u010dov\u00e1 m\u00edsta<\/th>\n<\/tr>\n<\/thead>\n<tbody>\n<tr>\n<td>Porsche eBike Performance GmbH<\/td>\n<td>Pohonn\u00e9 syst\u00e9my e-bike<\/td>\n<td>N\u011bmecko a Chorvatsko<\/td>\n<\/tr>\n<tr>\n<td>Cellforce Group GmbH<\/td>\n<td>V\u00fdvoj vysoce v\u00fdkonn\u00fdch bateri\u00ed<\/td>\n<td>N\u011bmecko<\/td>\n<\/tr>\n<tr>\n<td>Cetitec GmbH<\/td>\n<td>Automobilov\u00fd software<\/td>\n<td>N\u011bmecko<\/td>\n<\/tr>\n<\/tbody>\n<\/table>\n<p>Porsche eBike Performance vznikla pot\u00e9, co Porsche z\u00edskalo Fazua, n\u011bmeck\u00e9ho specialistu na e-bike pohony zn\u00e1m\u00e9ho lehk\u00fdmi syst\u00e9my navr\u017een\u00fdmi pro zachov\u00e1n\u00ed p\u0159irozen\u00e9ho pocitu z j\u00edzdy.<\/p>\n<p>V t\u00e9 dob\u011b vypadala akvizice jako v\u00e1\u017en\u00fd z\u00e1vazek k pr\u00e9miov\u00e9 technologii e-bike. Porsche ji\u017e m\u011blo zna\u010dkov\u00e9 e-bike produkty ve spolupr\u00e1ci s jin\u00fdmi v\u00fdrobci a Fazua dala spole\u010dnosti hlub\u0161\u00ed kontrolu nad vrstvou pohonn\u00e9ho syst\u00e9mu.<\/p>\n<p>Tato kapitola se nyn\u00ed uzav\u00edr\u00e1.<\/p>\n<h2>Pro\u010d Porsche ustupuje<\/h2>\n<p>Porsche popsalo trh s pohonn\u00fdmi syst\u00e9my e-bike jako trh, kter\u00fd se z\u00e1sadn\u011b zm\u011bnil. Jednodu\u0161e \u0159e\u010deno, trh, kter\u00fd vypadal atraktivn\u011b b\u011bhem e-bike boomu, se stal obt\u00ed\u017en\u011bj\u0161\u00edm.<\/p>\n<p>Na kategorii dopad\u00e1 n\u011bkolik tlak\u016f sou\u010dasn\u011b:<\/p>\n<ul>\n<li>slab\u0161\u00ed popt\u00e1vka v \u010d\u00e1stech Evropy<\/li>\n<li>vysok\u00e9 z\u00e1soby nap\u0159\u00ed\u010d cyklistick\u00fdm pr\u016fmyslem<\/li>\n<li>tvrd\u0161\u00ed konkurence od levn\u011bj\u0161\u00edch zna\u010dek<\/li>\n<li>tlak na pr\u00e9miov\u00e9 diskre\u010dn\u00ed produkty<\/li>\n<li>vy\u0161\u0161\u00ed kontrola ned\u016fle\u017eit\u00fdch obchodn\u00edch jednotek<\/li>\n<\/ul>\n<p>Pro Porsche toto rozhodnut\u00ed tak\u00e9 zapad\u00e1 do \u0161ir\u0161\u00edho strategick\u00e9ho resetu. Spole\u010dnost p\u0159ezkoum\u00e1v\u00e1 investice a znovu zam\u011b\u0159uje zdroje na oblasti bl\u00ed\u017ee sv\u00e9mu hlavn\u00edmu automobilov\u00e9mu podnik\u00e1n\u00ed.<\/p>\n<h2>Co se stane s Fazua<\/h2>\n<p>Fazua je nejd\u016fle\u017eit\u011bj\u0161\u00ed jm\u00e9no pro mnoho jezdc\u016f na e-bike.<\/p>\n<p>P\u0159ed akvizic\u00ed Porsche m\u011bla Fazua silnou pov\u011bst v lehk\u00fdch e-bike syst\u00e9mech, zejm\u00e9na mezi jezdci, kte\u0159\u00ed cht\u011bli jemnou asistenci sp\u00ed\u0161e ne\u017e t\u011b\u017ek\u00fd, vysoce v\u00fdkonn\u00fd pocit. To ji u\u010dinilo relevantn\u00ed pro lehk\u00e9 eMTB, v\u00fdkonn\u00e1 m\u011bstsk\u00e1 kola a zna\u010dky sna\u017e\u00edc\u00ed se udr\u017eet e-bike bl\u00edzko ovl\u00e1d\u00e1n\u00ed tradi\u010dn\u00edch kol.<\/p>\n<p>Uzav\u0159en\u00ed vyvol\u00e1v\u00e1 praktick\u00e9 ot\u00e1zky pro st\u00e1vaj\u00edc\u00ed u\u017eivatele Fazua a zna\u010dky kol, kter\u00e9 na syst\u00e9m spol\u00e9haly:<\/p>\n<ul>\n<li>jak dlouho bude pokra\u010dovat podpora d\u00edl\u016f a servisu<\/li>\n<li>zda bude zna\u010dka nebo technologie Fazua prod\u00e1na<\/li>\n<li>jak OEM z\u00e1kazn\u00edci p\u0159echod budouc\u00edch model\u016f provedou<\/li>\n<li>zda konkuren\u010dn\u00ed dodavatel\u00e9 pohonn\u00fdch syst\u00e9m\u016f mezeru zapln\u00ed<\/li>\n<\/ul>\n<p>K datu zde citovan\u00fdch zpr\u00e1v Porsche ve\u0159ejn\u011b neup\u0159esnilo dlouhodobou budoucnost Fazua jako nez\u00e1visl\u00e9 zna\u010dky.<\/p>\n<h2>Co to znamen\u00e1 pro pr\u016fmysl e-bike<\/h2>\n<p>Odchod Porsche nen\u00ed zn\u00e1mkou toho, \u017ee e-bike miz\u00ed. Je to zn\u00e1mka toho, \u017ee trh dosp\u00edv\u00e1.<\/p>\n<p>B\u011bhem boomu mnoho spole\u010dnost\u00ed pova\u017eovalo e-bike za rychle rostouc\u00ed technologickou kategorii. To p\u0159il\u00e1kalo kapit\u00e1l, akvizice a ambici\u00f3zn\u00ed produktov\u00e9 pl\u00e1ny. V roce 2026 je prost\u0159ed\u00ed n\u00e1ro\u010dn\u011bj\u0161\u00ed. Zna\u010dky pot\u0159ebuj\u00ed rozsah, servisn\u00ed s\u00edt\u011b, dostupnost komponent\u016f a cenovou discipl\u00ednu.<\/p>\n<p>Pro jezdce je hlavn\u00edm probl\u00e9mem podpora. Ka\u017ed\u00fd, kdo pou\u017e\u00edv\u00e1 kolo poh\u00e1n\u011bn\u00e9 Fazua, by m\u011bl sledovat ofici\u00e1ln\u00ed servisn\u00ed aktualizace a pokyny k n\u00e1hradn\u00edm d\u00edl\u016fm.<\/p>\n<p>Pro konkuren\u010dn\u00ed dodavatele pohonn\u00fdch syst\u00e9m\u016f m\u016f\u017ee uzav\u0159en\u00ed vytvo\u0159it p\u0159\u00edle\u017eitost. Bosch, Shimano, Brose a dal\u0161\u00ed zaveden\u00ed hr\u00e1\u010di by mohli t\u011b\u017eit, pokud se zna\u010dky kol rozhodnou, \u017ee pot\u0159ebuj\u00ed p\u0159edv\u00eddateln\u011bj\u0161\u00ed dlouhodobou podporu.<\/p>\n<p>V\u011bt\u0161\u00ed ponau\u010den\u00ed pro pr\u016fmysl je jasn\u00e9: pr\u00e9miov\u00e9 postaven\u00ed samo o sob\u011b nesta\u010d\u00ed. I siln\u00e1 zna\u010dka pot\u0159ebuje udr\u017eiteln\u00fd obchodn\u00ed p\u0159\u00edpad, kdy\u017e jsou zapojeny mar\u017ee na hardware, riziko z\u00e1sob a povinnosti po prodeji.<\/p>\n<h2>Zdroje<\/h2>\n<ul>\n<li>TechCrunch: <a href=\"https:\/\/techcrunch.com\/2026\/05\/08\/porsche-shutters-e-bike-battery-software-subsidiaries-as-part-of-company-overhaul\/\" target=\"_blank\" rel=\"noopener\">Porsche uzav\u00edr\u00e1 e-bike, bateriov\u00e9 a softwarov\u00e9 dce\u0159in\u00e9 spole\u010dnosti jako sou\u010d\u00e1st p\u0159estavby spole\u010dnosti<\/a><\/li>\n<li>BikeRadar: <a href=\"https:\/\/www.bikeradar.com\/news\/porsche-ebike-performance-discontinued\" target=\"_blank\" rel=\"noopener\">Porsche eBike Performance ukon\u010deno<\/a><\/li>\n<li>Bicycle Retailer and Industry News: <a href=\"https:\/\/www.bicycleretailer.com\/international\/2026\/05\/08\/porsche-closing-its-ebike-performance-group\" target=\"_blank\" rel=\"noopener\">Porsche uzav\u00edr\u00e1 svou skupinu eBike Performance<\/a><\/li>\n<\/ul>","protected":false},"excerpt":{"rendered":"<p>Porsche is shutting down Porsche eBike Performance GmbH, along with battery and software subsidiaries, as part of a wider restructuring. The move affects more than 500 employees and marks a sharp reversal from the company&#8217;s 2022 push into high-performance e-bike drive systems through Fazua.<\/p>","protected":false},"author":2,"featured_media":1951,"comment_status":"","ping_status":"","sticky":false,"template":"","format":"standard","meta":{"footnotes":""},"categories":[33],"tags":[],"class_list":["post-1953","post","type-post","status-publish","format-standard","has-post-thumbnail","hentry","category-ebike-news"],"_links":{"self":[{"href":"https:\/\/regencargobikes.com\/cs\/wp-json\/wp\/v2\/posts\/1953","targetHints":{"allow":["GET"]}}],"collection":[{"href":"https:\/\/regencargobikes.com\/cs\/wp-json\/wp\/v2\/posts"}],"about":[{"href":"https:\/\/regencargobikes.com\/cs\/wp-json\/wp\/v2\/types\/post"}],"author":[{"embeddable":true,"href":"https:\/\/regencargobikes.com\/cs\/wp-json\/wp\/v2\/users\/2"}],"replies":[{"embeddable":true,"href":"https:\/\/regencargobikes.com\/cs\/wp-json\/wp\/v2\/comments?post=1953"}],"version-history":[{"count":0,"href":"https:\/\/regencargobikes.com\/cs\/wp-json\/wp\/v2\/posts\/1953\/revisions"}],"wp:featuredmedia":[{"embeddable":true,"href":"https:\/\/regencargobikes.com\/cs\/wp-json\/wp\/v2\/media\/1951"}],"wp:attachment":[{"href":"https:\/\/regencargobikes.com\/cs\/wp-json\/wp\/v2\/media?parent=1953"}],"wp:term":[{"taxonomy":"category","embeddable":true,"href":"https:\/\/regencargobikes.com\/cs\/wp-json\/wp\/v2\/categories?post=1953"},{"taxonomy":"post_tag","embeddable":true,"href":"https:\/\/regencargobikes.com\/cs\/wp-json\/wp\/v2\/tags?post=1953"}],"curies":[{"name":"wp","href":"https:\/\/api.w.org\/{rel}","templated":true}]}}