{"id":1956,"date":"2026-06-05T05:36:11","date_gmt":"2026-06-04T21:36:11","guid":{"rendered":"https:\/\/regencargobikes.com\/rad-power-bikes-life-ev-acquisition\/"},"modified":"2026-06-05T05:36:11","modified_gmt":"2026-06-04T21:36:11","slug":"rad-power-bikes-life-ev-acquisition","status":"publish","type":"post","link":"https:\/\/regencargobikes.com\/cs\/rad-power-bikes-life-ev-acquisition\/","title":{"rendered":"Zna\u010dka Rad Power Bikes bude pokra\u010dovat po akvizici spole\u010dnost\u00ed Life EV"},"content":{"rendered":"<p>Rad Power Bikes bude pokra\u010dovat pod nov\u00fdm vlastnictv\u00edm po jednom z nejdramati\u010dt\u011bj\u0161\u00edch propad\u016f na severoamerick\u00e9m trhu s elektrokoly.<\/p>\n<figure class=\"wp-block-image size-full\"><img decoding=\"async\" src=\"https:\/\/regencargobikes.com\/wp-content\/uploads\/2026\/06\/rad-life-ev-official-banner-original.png\" alt=\"Ofici\u00e1ln\u00ed obr\u00e1zek ozn\u00e1men\u00ed o akvizici Rad Power Bikes\"\/><figcaption>Zdroj obr\u00e1zku: Ofici\u00e1ln\u00ed ozn\u00e1men\u00ed Rad Power Bikes, \"Life EV dokon\u010duje akvizici aktiv Rad Power Bikes.\"<\/figcaption><\/figure>\n<p>Life Electric Vehicles, zn\u00e1m\u00e1 tak\u00e9 jako Life EV, dokon\u010dila soudem schv\u00e1lenou akvizici aktiv Rad Power Bikes. Dohoda zahrnuje zna\u010dku, du\u0161evn\u00ed vlastnictv\u00ed, z\u00e1soby a souvisej\u00edc\u00ed provozn\u00ed aktiva.<\/p>\n<p>Uv\u00e1d\u011bn\u00e1 cena byla p\u0159ibli\u017en\u011b 13,2 milionu USD. Toto \u010d\u00edslo je pozoruhodn\u00e9, proto\u017ee Rad Power Bikes byla b\u011bhem boomu elektrokol ocen\u011bna na v\u00edce ne\u017e 1,6 miliardy USD.<\/p><div id=\"regen-1010655523\" class=\"regen-test-placement-from-wizard-2878267818 regen-entity-placement\"><script async src=\"https:\/\/pagead2.googlesyndication.com\/pagead\/js\/adsbygoogle.js?client=ca-pub-1076230867169041\"\n     crossorigin=\"anonymous\"><\/script><\/div><div id=\"regen-1681061408\" class=\"regen-test-placement-from-wizard-1604397851 regen-entity-placement\"><script async src=\"https:\/\/pagead2.googlesyndication.com\/pagead\/js\/adsbygoogle.js?client=ca-pub-1076230867169041\"\n     crossorigin=\"anonymous\"><\/script><\/div>\n<p>Kr\u00e1tk\u00e1 odpov\u011b\u010f je, \u017ee Rad nemiz\u00ed, ale u\u017e to nen\u00ed stejn\u00fd p\u0159\u00edb\u011bh rychle rostouc\u00edho startupu. Nyn\u00ed je to p\u0159\u00edpad zvratu.<\/p>\n<h2>Co se stalo<\/h2>\n<p>Rad Power Bikes podala n\u00e1vrh na bankrotovou ochranu po letech finan\u010dn\u00edho tlaku. Life EV se stala v\u00edt\u011bzn\u00fdm uchaze\u010dem v prodejn\u00edm procesu a nyn\u00ed dokon\u010dila akvizici.<\/p>\n<p>Podle GeekWire, Bicycle Retailer and Industry News a vlastn\u00edho ozn\u00e1men\u00ed Rad pl\u00e1nuje Life EV udr\u017eet zna\u010dku Rad Power Bikes v provozu.<\/p>\n<p>Nov\u00fd vlastn\u00edk uvedl, \u017ee zachov\u00e1 maloobchodn\u00ed provoz v USA a spln\u00ed ur\u010dit\u00e9 z\u00e1vazky v\u016f\u010di z\u00e1kazn\u00edk\u016fm, v\u010detn\u011b zp\u016fsobil\u00fdch z\u00e1ru\u010dn\u00edch z\u00e1vazk\u016f a z\u00e1vazk\u016f t\u00fdkaj\u00edc\u00edch se d\u00e1rkov\u00fdch karet podle kupn\u00ed smlouvy.<\/p>\n<h2>Pro\u010d Rad tak klesl<\/h2>\n<p>Rad Power Bikes se stala jednou z nejzn\u00e1m\u011bj\u0161\u00edch zna\u010dek elektrokol p\u0159\u00edm\u00e9ho prodeje spot\u0159ebitel\u016fm v Severn\u00ed Americe d\u00edky prodeji praktick\u00fdch m\u011bstsk\u00fdch a u\u017eitkov\u00fdch elektrokol za dostupn\u00e9 ceny.<\/p>\n<p>B\u011bhem pandemick\u00e9ho cyklistick\u00e9ho boomu tento model fungoval velmi dob\u0159e. Popt\u00e1vka prudce vzrostla, investo\u0159i nalili kapit\u00e1l a Rad se rychle roz\u0161\u00ed\u0159ila.<\/p>\n<p>Ale stejn\u00fd r\u016fstov\u00fd model se stal obt\u00ed\u017en\u011bji zvl\u00e1dnuteln\u00fdm, kdy\u017e se podm\u00ednky zm\u011bnily:<\/p>\n<ul>\n<li>popt\u00e1vka po pandemii ochladla<\/li>\n<li>z\u00e1soby bylo obt\u00ed\u017en\u011bj\u0161\u00ed vyv\u00e1\u017eit<\/li>\n<li>cla a n\u00e1klady na dodavatelsk\u00fd \u0159et\u011bzec stla\u010dily mar\u017ee<\/li>\n<li>z\u00e1ru\u010dn\u00ed a bezpe\u010dnostn\u00ed povinnosti se prodra\u017eily<\/li>\n<li>servisn\u00ed podpora p\u0159\u00edm\u00e9ho prodeje spot\u0159ebitel\u016fm se ve velk\u00e9m m\u011b\u0159\u00edtku stala obt\u00ed\u017en\u011bj\u0161\u00ed<\/li>\n<\/ul>\n<p>Nejviditeln\u011bj\u0161\u00edm kontrastem je ocen\u011bn\u00ed. Rad z\u00edskala stovky milion\u016f dolar\u016f a dos\u00e1hla vrcholn\u00e9ho ocen\u011bn\u00ed p\u0159ibli\u017en\u011b 1,65 miliardy USD. Kone\u010dn\u00e1 prodejn\u00ed cena aktiv byla p\u0159ibli\u017en\u011b 13,2 milionu USD.<\/p>\n<h2>Co pl\u00e1nuje Life EV<\/h2>\n<p>Life EV nen\u00ed v akvizic\u00edch zna\u010dek elektrokol nov\u00e1\u010dkem. D\u0159\u00edve z\u00edskala Serial 1, pr\u00e9miovou zna\u010dku elektrokol p\u016fvodn\u011b uvedenou spole\u010dnost\u00ed Harley-Davidson.<\/p>\n<p>Pro Rad Life EV signalizovala v\u00edce provozn\u011b zam\u011b\u0159en\u00fd p\u0159\u00edstup. Spole\u010dnost uv\u00e1d\u00ed, \u017ee chce zachovat zna\u010dku a z\u00e1rove\u0148 ji p\u0159ebudovat kolem servisu, kontroly dodavatelsk\u00e9ho \u0159et\u011bzce a operac\u00ed v USA.<\/p>\n<p>D\u016fle\u017eitou sou\u010d\u00e1st\u00ed tohoto pl\u00e1nu je dom\u00e1c\u00ed mont\u00e1\u017e. Life EV a souvisej\u00edc\u00ed v\u00fdrobn\u00ed operace ozna\u010dily Tennessee jako budouc\u00ed z\u00e1kladnu pro mont\u00e1\u017en\u00ed \u010dinnost v USA.<\/p>\n<p>To by mohlo pomoci sn\u00ed\u017eit expozici v\u016f\u010di cl\u016fm a d\u00e1t spole\u010dnosti v\u011bt\u0161\u00ed kontrolu nad kvalitou, tokem d\u00edl\u016f a z\u00e1kaznickou podporou.<\/p>\n<h2>Co by z\u00e1kazn\u00edci m\u011bli v\u011bd\u011bt<\/h2>\n<p>St\u00e1vaj\u00edc\u00ed majitel\u00e9 Rad Power Bikes by nem\u011bli p\u0159edpokl\u00e1dat, \u017ee zna\u010dka zmizela. Spole\u010dnost uv\u00e1d\u00ed, \u017ee zna\u010dka bude pokra\u010dovat, ale z\u00e1kazn\u00edci st\u00e1le mus\u00ed zkontrolovat podrobnosti o tom, jak\u00e1 podpora se vztahuje na jejich konkr\u00e9tn\u00ed n\u00e1kup.<\/p>\n<p>Kl\u00ed\u010dov\u00e9 body jsou:<\/p>\n<ul>\n<li>maloobchodn\u00ed \u010dinnost Rad by m\u011bla pokra\u010dovat<\/li>\n<li>n\u011bkter\u00e9 z\u00e1ru\u010dn\u00ed povinnosti mohou b\u00fdt spln\u011bny podle kupn\u00ed smlouvy<\/li>\n<li>zp\u016fsobil\u00e9 d\u00e1rkov\u00e9 karty mohou b\u00fdt st\u00e1le pou\u017eiteln\u00e9<\/li>\n<li>dostupnost d\u00edl\u016f a servisn\u00ed politiky by m\u011bly b\u00fdt ov\u011b\u0159eny prost\u0159ednictv\u00edm ofici\u00e1ln\u00edch kan\u00e1l\u016f Rad<\/li>\n<\/ul>\n<p>Pro z\u00e1kazn\u00edky nen\u00ed d\u016fle\u017eitou ot\u00e1zkou pouze to, zda n\u00e1zev zna\u010dky p\u0159e\u017eije. Je to, zda se d\u00edly, servis a z\u00e1ru\u010dn\u00ed podpora stanou op\u011bt p\u0159edv\u00eddateln\u00fdmi.<\/p>\n<h2>Z\u00e1v\u011br pro pr\u016fmysl<\/h2>\n<p>P\u0159\u00edb\u011bh Rad je varov\u00e1n\u00edm o r\u016fstu v hardwaru.<\/p>\n<p>Spole\u010dnost elektrokol m\u016f\u017ee rychle r\u016fst, kdy\u017e je popt\u00e1vka vysok\u00e1, ale dlouhodob\u00e9 p\u0159e\u017eit\u00ed z\u00e1vis\u00ed na discipl\u00edn\u011b z\u00e1sob, kontrole kvality, poprodejn\u00edm servisu a \u0159\u00edzen\u00ed hotovosti. To je t\u011b\u017e\u0161\u00ed ne\u017e z\u00edsk\u00e1v\u00e1n\u00ed z\u00e1kazn\u00edk\u016f a fundraising.<\/p>\n<p>Akvizice Life EV d\u00e1v\u00e1 Rad cestu vp\u0159ed. Zda se stane trval\u00fdm n\u00e1vratem, z\u00e1vis\u00ed na proveden\u00ed: lep\u0161\u00ed podpora, lep\u0161\u00ed kontrola dodavatelsk\u00e9ho \u0159et\u011bzce a produktov\u00e1 \u0159ada, kter\u00e1 odpov\u00edd\u00e1 sou\u010dasn\u00e9mu trhu sp\u00ed\u0161e ne\u017e pandemick\u00e9mu boomu.<\/p>\n<h2>Zdroje<\/h2>\n<ul>\n<li>GeekWire: <a href=\"https:\/\/www.geekwire.com\/2026\/rad-power-bikes-brand-will-live-on-as-life-ev-completes-acquisition-of-seattle-e-bike-makers-assets\/\" target=\"_blank\" rel=\"noopener\">Zna\u010dka Rad Power Bikes bude \u017e\u00edt d\u00e1l, proto\u017ee Life EV dokon\u010duje akvizici<\/a><\/li>\n<li>Bicycle Retailer and Industry News: <a href=\"https:\/\/www.bicycleretailer.com\/industry-news\/2026\/03\/06\/rad-power-bikes-sale-life-ev-completed\" target=\"_blank\" rel=\"noopener\">Prodej Rad Power Bikes spole\u010dnosti Life EV dokon\u010den<\/a><\/li>\n<li>Rad Power Bikes: <a href=\"https:\/\/www.radpowerbikes.com\/blogs\/the-scenic-route\/life-ev-completes-rad-power-bikes-asset-acquisition\" target=\"_blank\" rel=\"noopener\">Life EV dokon\u010duje akvizici aktiv Rad Power Bikes<\/a><\/li>\n<\/ul>","protected":false},"excerpt":{"rendered":"<p>Life Electric Vehicles has completed its court-approved acquisition of Rad Power Bikes assets, keeping the once-dominant North American e-bike brand alive after bankruptcy. The deal values Rad&#8217;s remaining assets at about USD 13.2 million, far below the company&#8217;s pandemic-era valuation.<\/p>","protected":false},"author":2,"featured_media":1954,"comment_status":"","ping_status":"","sticky":false,"template":"","format":"standard","meta":{"footnotes":""},"categories":[33],"tags":[],"class_list":["post-1956","post","type-post","status-publish","format-standard","has-post-thumbnail","hentry","category-ebike-news"],"_links":{"self":[{"href":"https:\/\/regencargobikes.com\/cs\/wp-json\/wp\/v2\/posts\/1956","targetHints":{"allow":["GET"]}}],"collection":[{"href":"https:\/\/regencargobikes.com\/cs\/wp-json\/wp\/v2\/posts"}],"about":[{"href":"https:\/\/regencargobikes.com\/cs\/wp-json\/wp\/v2\/types\/post"}],"author":[{"embeddable":true,"href":"https:\/\/regencargobikes.com\/cs\/wp-json\/wp\/v2\/users\/2"}],"replies":[{"embeddable":true,"href":"https:\/\/regencargobikes.com\/cs\/wp-json\/wp\/v2\/comments?post=1956"}],"version-history":[{"count":0,"href":"https:\/\/regencargobikes.com\/cs\/wp-json\/wp\/v2\/posts\/1956\/revisions"}],"wp:featuredmedia":[{"embeddable":true,"href":"https:\/\/regencargobikes.com\/cs\/wp-json\/wp\/v2\/media\/1954"}],"wp:attachment":[{"href":"https:\/\/regencargobikes.com\/cs\/wp-json\/wp\/v2\/media?parent=1956"}],"wp:term":[{"taxonomy":"category","embeddable":true,"href":"https:\/\/regencargobikes.com\/cs\/wp-json\/wp\/v2\/categories?post=1956"},{"taxonomy":"post_tag","embeddable":true,"href":"https:\/\/regencargobikes.com\/cs\/wp-json\/wp\/v2\/tags?post=1956"}],"curies":[{"name":"wp","href":"https:\/\/api.w.org\/{rel}","templated":true}]}}