{"id":1145,"date":"2025-05-03T17:19:43","date_gmt":"2025-05-03T09:19:43","guid":{"rendered":"https:\/\/regencargobikes.com\/?p=1145"},"modified":"2025-05-07T21:31:08","modified_gmt":"2025-05-07T13:31:08","slug":"2025-austin-cargo-bike-festival","status":"publish","type":"post","link":"https:\/\/regencargobikes.com\/da\/2025-austin-cargo-bike-festival\/","title":{"rendered":"Austin Cargo Bike Festival 2025"},"content":{"rendered":"<p>De <strong>Austin Cargo Bike Festival 2025<\/strong> giver mulighed for at opleve de praktiske fordele ved ladcykler og lette transportl\u00f8sninger i bymilj\u00f8er p\u00e5 f\u00f8rste h\u00e5nd. Det finder sted p\u00e5 <strong>L\u00f8rdag den 3. maj 2025<\/strong>, fra <strong>11.00 til 15.00<\/strong> p\u00e5 <strong>900 Springdale Road, Austin, TX<\/strong>, Denne begivenhed er gratis for offentligheden og fokuserer p\u00e5 virkelige anvendelser af ladcykler og mikromobilitetsl\u00f8sninger til bylivet.<\/p>\n\n\n\n<h2 class=\"wp-block-heading\"><strong>&nbsp;Detaljer om begivenheden<\/strong><\/h2>\n\n\n\n<ul class=\"wp-block-list\">\n<li><strong>Dato og tid<\/strong>: L\u00f8rdag den 3. maj 2025 | kl. 11.00 - 15.00<\/li>\n\n\n\n<li><strong>Beliggenhed<\/strong>: 900 Springdale Road, Austin, TX 78702<\/li>\n\n\n\n<li><strong>Adgang<\/strong>: Gratis<\/li>\n\n\n\n<li><strong>Arrang\u00f8r<\/strong>: <a href=\"https:\/\/www.biketexas.org\/uncategorized\/2025-austin-cargo-bike-festival\/\" target=\"_blank\" rel=\"noopener\">BikeTexas<\/a><\/li>\n<\/ul>\n\n\n\n<figure class=\"wp-block-image size-full\"><img fetchpriority=\"high\" decoding=\"async\" width=\"600\" height=\"400\" src=\"https:\/\/regencargobikes.com\/wp-content\/uploads\/2025\/05\/Fun-at-ACBF-1.jpg\" alt=\"\" class=\"wp-image-1146\" srcset=\"https:\/\/regencargobikes.com\/wp-content\/uploads\/2025\/05\/Fun-at-ACBF-1.jpg 600w, https:\/\/regencargobikes.com\/wp-content\/uploads\/2025\/05\/Fun-at-ACBF-1-300x200.jpg 300w, https:\/\/regencargobikes.com\/wp-content\/uploads\/2025\/05\/Fun-at-ACBF-1-18x12.jpg 18w\" sizes=\"(max-width: 600px) 100vw, 600px\" \/><\/figure>\n\n\n\n<h2 class=\"wp-block-heading\"><strong>Hvad du kan forvente<\/strong><\/h2>\n\n\n\n<ul class=\"wp-block-list\">\n<li><strong>Pr\u00f8veture<\/strong>: Deltagerne f\u00e5r mulighed for at pr\u00f8ve forskellige ladcykler og mikromobilitetsk\u00f8ret\u00f8jer i den virkelige verden.<\/li>\n\n\n\n<li><strong>Parade med dekorerede ladcykler<\/strong>: Deltagerne kan g\u00e5 med i paraden for at vise deres kreativt tilpassede ladcykler frem.<\/li>\n\n\n\n<li><strong>Lokal mad og underholdning<\/strong>: Festivalen byder p\u00e5 mad fra lokale leverand\u00f8rer og underholdning for deltagere i alle aldre.<\/li>\n\n\n\n<li><strong>Engagement i samfundet<\/strong>: Arrangementet giver mulighed for at komme i kontakt med lokale beboere og virksomheder, der bruger ladcykler til at opfylde transportbehov.<\/li>\n<\/ul>\n\n\n\n<h2 class=\"wp-block-heading\"><strong>Hvem b\u00f8r deltage<\/strong><\/h2>\n\n\n\n<ul class=\"wp-block-list\">\n<li><strong>Cykelentusiaster<\/strong>: Denne begivenhed er ideel for personer, der er interesserede i at l\u00e6re mere om brugen af og fordelene ved ladcykler.<\/li>\n\n\n\n<li><strong>Familier<\/strong>: Festivalen byder p\u00e5 sjove og l\u00e6rerige aktiviteter for alle aldre.<\/li>\n\n\n\n<li><strong>Byplanl\u00e6ggere og politiske beslutningstagere<\/strong>: Arrangementet vil give indsigt i, hvordan ladcykler kan hj\u00e6lpe med at reducere trafikpropper og forbedre mobiliteten i byerne.<\/li>\n\n\n\n<li><strong>Lokale virksomheder<\/strong>: Virksomheder kan unders\u00f8ge, hvordan ladcykler kan integreres i deres drift til leverancer og andre logistikbehov.<\/li>\n<\/ul>\n\n\n\n<h2 class=\"wp-block-heading\"><strong>Tips til bes\u00f8gende<\/strong><\/h2>\n\n\n\n<ul class=\"wp-block-list\">\n<li><strong>Kom i god tid<\/strong>: For at f\u00e5 mest muligt ud af din tid ved arrangementet b\u00f8r du overveje at komme tidligt for at pr\u00f8ve ladcyklerne.<\/li>\n\n\n\n<li><strong>Tag familie og venner med<\/strong>: Dette er en familievenlig begivenhed, og det er en fantastisk mulighed for at l\u00e6re og have det sjovt sammen.<\/li>\n\n\n\n<li><strong>Kl\u00e6d dig komfortabelt p\u00e5<\/strong>: Da arrangementet foreg\u00e5r udend\u00f8rs, skal du have behageligt t\u00f8j og fodt\u00f8j p\u00e5, der er egnet til at g\u00e5 og deltage i aktiviteter.<\/li>\n\n\n\n<li><strong>G\u00e5 i dialog med udstillerne<\/strong>: Tag dig tid til at tale med udstillerne for at l\u00e6re, hvordan ladcykler kan bruges til forskellige praktiske form\u00e5l i dit eget liv eller din virksomhed.<\/li>\n<\/ul>","protected":false},"excerpt":{"rendered":"<p>The 2025 Austin Cargo Bike Festival offers a chance to experience firsthand the practical advantages of cargo bikes and light transport solutions in urban settings. Taking place on Saturday, May 3, 2025, from 11 AM to 3 PM at 900 Springdale Road, Austin, TX, this event is free to the public and focuses on real-world [&hellip;]<\/p>\n","protected":false},"author":2,"featured_media":1147,"comment_status":"open","ping_status":"open","sticky":false,"template":"","format":"standard","meta":{"footnotes":""},"categories":[36],"tags":[],"class_list":["post-1145","post","type-post","status-publish","format-standard","has-post-thumbnail","hentry","category-event-expo"],"_links":{"self":[{"href":"https:\/\/regencargobikes.com\/da\/wp-json\/wp\/v2\/posts\/1145","targetHints":{"allow":["GET"]}}],"collection":[{"href":"https:\/\/regencargobikes.com\/da\/wp-json\/wp\/v2\/posts"}],"about":[{"href":"https:\/\/regencargobikes.com\/da\/wp-json\/wp\/v2\/types\/post"}],"author":[{"embeddable":true,"href":"https:\/\/regencargobikes.com\/da\/wp-json\/wp\/v2\/users\/2"}],"replies":[{"embeddable":true,"href":"https:\/\/regencargobikes.com\/da\/wp-json\/wp\/v2\/comments?post=1145"}],"version-history":[{"count":1,"href":"https:\/\/regencargobikes.com\/da\/wp-json\/wp\/v2\/posts\/1145\/revisions"}],"predecessor-version":[{"id":1148,"href":"https:\/\/regencargobikes.com\/da\/wp-json\/wp\/v2\/posts\/1145\/revisions\/1148"}],"wp:featuredmedia":[{"embeddable":true,"href":"https:\/\/regencargobikes.com\/da\/wp-json\/wp\/v2\/media\/1147"}],"wp:attachment":[{"href":"https:\/\/regencargobikes.com\/da\/wp-json\/wp\/v2\/media?parent=1145"}],"wp:term":[{"taxonomy":"category","embeddable":true,"href":"https:\/\/regencargobikes.com\/da\/wp-json\/wp\/v2\/categories?post=1145"},{"taxonomy":"post_tag","embeddable":true,"href":"https:\/\/regencargobikes.com\/da\/wp-json\/wp\/v2\/tags?post=1145"}],"curies":[{"name":"wp","href":"https:\/\/api.w.org\/{rel}","templated":true}]}}