{"id":1505,"date":"2025-06-09T05:41:03","date_gmt":"2025-06-08T21:41:03","guid":{"rendered":"https:\/\/regencargobikes.com\/?p=1505"},"modified":"2025-06-09T05:41:04","modified_gmt":"2025-06-08T21:41:04","slug":"micro-mobility-labs-unveils-convoy-e-cargo-trailer","status":"publish","type":"post","link":"https:\/\/regencargobikes.com\/da\/micro-mobility-labs-unveils-convoy-e-cargo-trailer\/","title":{"rendered":"Micro Mobility Labs afsl\u00f8rer Convoy E-Cargo Trailer"},"content":{"rendered":"<p><em>Juni 2025 - London, Storbritannien<\/em> - Britisk start-up <strong>Micro Mobility Labs<\/strong> har introduceret sin seneste kreation, den <strong>Konvoj C.01<\/strong> elektrisk lastvogn, som f\u00e5r sin debut p\u00e5 sommerens Eurobike-udstilling. Den robuste, men lette Convoy er designet til nemt at kunne monteres p\u00e5 de fleste cykler og bringer <strong>250W motoreffekt, 30 km r\u00e6kkevidde og 50 kg nyttelastkapacitet<\/strong> i en kompakt, b\u00e6rbar pakke.<\/p>\n\n\n\n<hr class=\"wp-block-separator has-alpha-channel-opacity\"\/>\n\n\n\n<h2 class=\"wp-block-heading\"><strong>Ubesv\u00e6ret pasform, smart h\u00e5ndtering<\/strong><\/h2>\n\n\n\n<p>En s\u00e6rlig funktion er v\u00e6rkt\u00f8jsfri montering - Convoy klikkes p\u00e5 cyklen uden brug af skruen\u00f8gler eller justeringer. Den har ogs\u00e5 et patentanmeldt baghjulsstyringssystem, der hj\u00e6lper anh\u00e6ngeren <strong>F\u00f8lg cykelsving naturligt<\/strong>Det giver bedre k\u00f8reegenskaber i trange byrum.<\/p>\n\n\n\n<p>Parret med en cykels momentf\u00f8lsomme motor tilbyder Convoy en <strong>Klasse 1-assistance op til 26 km\/t (16 mph)<\/strong> med en brugbar r\u00e6kkevidde p\u00e5 <strong>op til 30 km (19 miles)<\/strong>. Prisen er i \u00f8jeblikket sat til omkring <strong>2.200 euro (ca. $2.500)<\/strong>og forudbestillinger er i gang p\u00e5 flere europ\u00e6iske markeder.<\/p><div class=\"regen-test-placement-from-wizard-1604397851\" id=\"regen-1317321137\"><script async src=\"https:\/\/pagead2.googlesyndication.com\/pagead\/js\/adsbygoogle.js?client=ca-pub-1076230867169041\"\n     crossorigin=\"anonymous\"><\/script><\/div><div class=\"regen-test-placement-from-wizard-2878267818\" id=\"regen-4236164918\"><script async src=\"https:\/\/pagead2.googlesyndication.com\/pagead\/js\/adsbygoogle.js?client=ca-pub-1076230867169041\"\n     crossorigin=\"anonymous\"><\/script><\/div>\n\n\n\n<hr class=\"wp-block-separator has-alpha-channel-opacity\"\/>\n\n\n\n<h2 class=\"wp-block-heading\"><strong>Hvem er det til?<\/strong><\/h2>\n\n\n\n<p>I mods\u00e6tning til pladskr\u00e6vende elektriske ladcykler eller varevogne er Convoy designet til fleksibilitet. Uanset om du er en for\u00e6lder, der transporterer dagligvarer, et bud, der h\u00e5ndterer cykelleverancer, eller en lille virksomhed, der transporterer varer, kan Convoy kobles p\u00e5 din egen cykel og hurtigt forvandle den til en praktisk elektrisk ladcykel.<\/p>\n\n\n\n<p>Europ\u00e6iske st\u00f8tter har allerede rapporteret om succes i den virkelige verden: En familie beskrev, at den \"g\u00f8r skolek\u00f8rslen langt lettere\", mens lokale bagere bem\u00e6rkede, at den erstatter korte \u00e6rinder i bil uden at optage parkeringsplads.<\/p>\n\n\n\n<hr class=\"wp-block-separator has-alpha-channel-opacity\"\/>\n\n\n\n<h2 class=\"wp-block-heading\"><strong>Et overblik over pr\u00e6stationerne<\/strong><\/h2>\n\n\n\n<p>Se her, hvordan Convoy klarer sig i forhold til typiske e-lastcykler og varevognsbaserede systemer:<\/p>\n\n\n\n<figure class=\"wp-block-table\"><table class=\"has-fixed-layout\"><tbody><tr><td><strong>Funktion<\/strong><\/td><td><strong>Konvoj C.01<\/strong><\/td><td><strong>Standard E-Cargo-cykel<\/strong><\/td><\/tr><tr><td>Kapacitet til nyttelast<\/td><td>50 kg<\/td><td>100-200 kg<\/td><\/tr><tr><td>Motorudgang<\/td><td>250 W<\/td><td>250-750 W<\/td><\/tr><tr><td>Maks. assisteret hastighed<\/td><td>16 mph (26 km\/t)<\/td><td>25 - 40 km\/t<\/td><\/tr><tr><td>R\u00e6kkevidde<\/td><td>Op til 30 km<\/td><td>40 - 80 km<\/td><\/tr><tr><td>Nem tilknytning<\/td><td>Klipses p\u00e5 uden brug af v\u00e6rkt\u00f8j<\/td><td>Fast ramme, ikke modul\u00e6r<\/td><\/tr><tr><td>Trailerens v\u00e6gt<\/td><td>12 kg<\/td><td>30 kg+<\/td><\/tr><\/tbody><\/table><\/figure>\n\n\n\n<p>Convoy har ikke samme r\u00e6kkevidde eller transportkraft som st\u00f8rre e-lastcykler, men dens <strong>enkelhed, b\u00e6rbarhed og man\u00f8vredygtighed<\/strong> g\u00f8r den ideel til lettere laster og afslappet logistik.<\/p>\n\n\n\n<hr class=\"wp-block-separator has-alpha-channel-opacity\"\/>\n\n\n\n<h2 class=\"wp-block-heading\"><strong>Stigende eftersp\u00f8rgsel efter b\u00e6redygtig fragt<\/strong><\/h2>\n\n\n\n<p>Byer verden over presser p\u00e5 for at f\u00e5 gr\u00f8nnere leverancer p\u00e5 den sidste kilometer. Det europ\u00e6iske cykelforbund rapporterer om en <strong>12% v\u00e6kst i salget af mikro-lastcykler i 2024<\/strong>Den er i h\u00f8j grad drevet af familier og lokale leveringstjenester, der s\u00f8ger b\u00e6redygtige alternativer til biler.<\/p>\n\n\n\n<p>Micro Mobility Labs' team - ledet af tidligere Dyson-ingeni\u00f8rer - lover endnu mere innovation: Den kommende C.02-model vil v\u00e6re udstyret med <strong>Lettere materialer og smartere sensorer<\/strong>.<\/p>\n\n\n\n<p>Insidere i branchen har allerede lagt m\u00e6rke til Convoys modul\u00e6re potentiale. Alex M\u00fcller, en tidligere leder af en bykurertjeneste, sagde:<\/p>\n\n\n\n<blockquote class=\"wp-block-quote is-layout-flow wp-block-quote-is-layout-flow\">\n<p>\"Convoy tilbyder en modul\u00e6r e-cargo-l\u00f8sning med reel appel til b\u00e5de forbrugere og B2B-brugere.\"<\/p>\n<\/blockquote>\n\n\n\n<p>I mellemtiden tilf\u00f8jede bike-tech-anmelderen Emma Clark:<\/p>\n\n\n\n<blockquote class=\"wp-block-quote is-layout-flow wp-block-quote-is-layout-flow\">\n<p>\"Du beh\u00f8ver ikke en skr\u00e6ddersyet e-lastcykel - Convoy forvandler din nuv\u00e6rende cykel til et system, der kan transportere gods, perfekt til udlejningsfl\u00e5der og delecykler.\"<\/p>\n<\/blockquote>\n\n\n\n<hr class=\"wp-block-separator has-alpha-channel-opacity\"\/>\n\n\n\n<h2 class=\"wp-block-heading\"><strong>Tidslinje for kommende udrulning<\/strong><\/h2>\n\n\n\n<p>Micro Mobility Labs har planer om at:<\/p>\n\n\n\n<ul class=\"wp-block-list\">\n<li>Udstillingsvindue Convoy p\u00e5 <strong>Eurobike 2025<\/strong> (juli) til medie- og distribut\u00f8rdemonstrationer<\/li>\n\n\n\n<li>Begynder begr\u00e6nset europ\u00e6isk forsendelse i <strong>Q4 2025<\/strong><\/li>\n\n\n\n<li>G\u00e5 ind i Nordamerika i <strong>Q2 2026<\/strong> via partnerskaber med leveringsplatforme som Uber Freight og Amazon Flex<\/li>\n<\/ul>\n\n\n\n<p>De er i gang med at forfine batteripakken og styringsmekanismen for at opn\u00e5 st\u00f8rre holdbarhed og lavere v\u00e6gt.<\/p>\n\n\n\n<hr class=\"wp-block-separator has-alpha-channel-opacity\"\/>\n\n\n\n<h2 class=\"wp-block-heading\"><strong>De kommende udfordringer<\/strong><\/h2>\n\n\n\n<p>Convoy opfylder behovene hos brugere af let gods, men den er mindre egnet til tunge leveringsopgaver. Dens motor p\u00e5 250 W og r\u00e6kkevidde p\u00e5 30 km opfylder de europ\u00e6iske klasse 1-standarder, selv om de ligger under de nordamerikanske gr\u00e6nser (klasse 2 med en maksimal hastighed p\u00e5 20 km\/t). Skalering af produktion og distribution, samtidig med at omkostningerne kontrolleres, er fortsat vigtige forhindringer.<\/p>\n\n\n\n<hr class=\"wp-block-separator has-alpha-channel-opacity\"\/>\n\n\n\n<h2 class=\"wp-block-heading\"><strong>Sidste ord<\/strong><\/h2>\n\n\n\n<p>Convoy giver et nyt, modul\u00e6rt twist til logistikken i den indre by og kombinerer enkelhed, fleksibilitet og b\u00e6redygtighed. For familier, kurerer eller sm\u00e5 s\u00e6lgere giver den mulighed for at transportere gods, uden at det koster eller fylder s\u00e5 meget som en fuld e-cargo-cykel. Hvis Micro Mobility Labs kan skalere effektivt efter Eurobike, kan Convoy v\u00e6re med til at cementere tendensen til modul\u00e6r, delbar bytransport - en cykel ad gangen.<\/p>\n\n\n\n<h2 class=\"wp-block-heading\">Ansvarsfraskrivelse for ophavsret til billeder<\/h2>\n\n\n\n<p>Nogle af billederne p\u00e5 denne hjemmeside\/artikel stammer fra internettet og er udelukkende beregnet til illustrative og uddannelsesm\u00e6ssige form\u00e5l for at forbedre forst\u00e5elsen af indholdet. Vi respekterer de oprindelige skaberes immaterielle rettigheder og bestr\u00e6ber os p\u00e5 at kreditere kilder, hvor det er relevant.<\/p>\n\n\n\n<p>Hvis du er den retm\u00e6ssige ejer af et af de billeder, der vises her, og mener, at brugen af det udg\u00f8r en kr\u00e6nkelse af ophavsretten, bedes du kontakte os p\u00e5 <a href=\"mailto:info@regencargobikes.com\" target=\"_Blank\" rel=\"noreferrer noopener\">info@regencargobikes.com<\/a>N\u00e5r billedet er bekr\u00e6ftet, fjerner vi det straks eller angiver den korrekte kildeangivelse.<\/p>\n\n\n\n<p>Tak for din forst\u00e5else.<\/p>\n\n\n\n<p>\u00a9 Regen Technology Co., Ltd.<\/p>","protected":false},"excerpt":{"rendered":"<p>June 2025 \u2013 London, UK \u2013 British start-up Micro Mobility Labs has introduced its latest creation, the Convoy C.01 electric cargo trailer, set to debut at this summer\u2019s Eurobike show. Designed to attach easily to most bicycles, the rugged yet lightweight Convoy brings 250W motor power, 30\u202fkm range, and 50\u202fkg payload capacity in a compact, [&hellip;]<\/p>\n","protected":false},"author":2,"featured_media":1506,"comment_status":"open","ping_status":"open","sticky":false,"template":"","format":"standard","meta":{"footnotes":""},"categories":[2],"tags":[],"class_list":["post-1505","post","type-post","status-publish","format-standard","has-post-thumbnail","hentry","category-knowledge"],"_links":{"self":[{"href":"https:\/\/regencargobikes.com\/da\/wp-json\/wp\/v2\/posts\/1505","targetHints":{"allow":["GET"]}}],"collection":[{"href":"https:\/\/regencargobikes.com\/da\/wp-json\/wp\/v2\/posts"}],"about":[{"href":"https:\/\/regencargobikes.com\/da\/wp-json\/wp\/v2\/types\/post"}],"author":[{"embeddable":true,"href":"https:\/\/regencargobikes.com\/da\/wp-json\/wp\/v2\/users\/2"}],"replies":[{"embeddable":true,"href":"https:\/\/regencargobikes.com\/da\/wp-json\/wp\/v2\/comments?post=1505"}],"version-history":[{"count":1,"href":"https:\/\/regencargobikes.com\/da\/wp-json\/wp\/v2\/posts\/1505\/revisions"}],"predecessor-version":[{"id":1507,"href":"https:\/\/regencargobikes.com\/da\/wp-json\/wp\/v2\/posts\/1505\/revisions\/1507"}],"wp:featuredmedia":[{"embeddable":true,"href":"https:\/\/regencargobikes.com\/da\/wp-json\/wp\/v2\/media\/1506"}],"wp:attachment":[{"href":"https:\/\/regencargobikes.com\/da\/wp-json\/wp\/v2\/media?parent=1505"}],"wp:term":[{"taxonomy":"category","embeddable":true,"href":"https:\/\/regencargobikes.com\/da\/wp-json\/wp\/v2\/categories?post=1505"},{"taxonomy":"post_tag","embeddable":true,"href":"https:\/\/regencargobikes.com\/da\/wp-json\/wp\/v2\/tags?post=1505"}],"curies":[{"name":"wp","href":"https:\/\/api.w.org\/{rel}","templated":true}]}}