{"id":1557,"date":"2025-06-19T04:11:32","date_gmt":"2025-06-18T20:11:32","guid":{"rendered":"https:\/\/regencargobikes.com\/?p=1557"},"modified":"2025-06-19T04:11:34","modified_gmt":"2025-06-18T20:11:34","slug":"top-10-cargo-bike-rental-services-in-germany","status":"publish","type":"post","link":"https:\/\/regencargobikes.com\/da\/top-10-cargo-bike-rental-services-in-germany\/","title":{"rendered":"Top 10 udlejningstjenester for ladcykler i Tyskland"},"content":{"rendered":"<p>Tysklands \u00f8kosystem for udlejning af ladcykler trives. Byer, startups og logistikfirmaer anvender i stigende grad el-ladcykler for at reducere emissioner, mindske trafikpropper og forbedre mobiliteten. Disse tjenester betjener en r\u00e6kke brugere \u2013 familier, pendlere, virksomheder og lokale myndigheder \u2013 og viser dermed el-ladcyklers alsidighed. De erstatter ikke kun korte bilture, men bidrager ogs\u00e5 til programmer for delt mobilitet, b\u00e6redygtig logistik og naboinitiativer. I denne sammenh\u00e6ng skiller ti n\u00f8glem\u00e6rker sig ud over hele landet. Uden at rangordne dem profilerer denne artikel hvert m\u00e6rkes model, tjenester og forretningsm\u00e6ssige anvendelsesscenarier og giver indsigt til indk\u00f8bsteams, offentlige myndigheder og logistikplanl\u00e6ggere, der evaluerer partnerskaber mellem ladcykler til offentlige programmer eller kommercielle operationer.<\/p>\n\n\n\n<hr class=\"wp-block-separator has-alpha-channel-opacity\"\/>\n\n\n\n<h2 class=\"wp-block-heading\">1. <strong>Sigo \u2013 Stationsbaseret e-lastdeling<\/strong><\/h2>\n\n\n\n<p>Baseret i Darmstadt, <strong>Sigo<\/strong> er en pioner inden for stationsbaseret e-cargo-deling ved hj\u00e6lp af specialbyggede tohjulede elektriske cargo box-cykler, der er docket ved induktive ladestationer. Siden lanceringen i 2020 har Sigo drevet en B2B2C-model, hvor de samarbejder med boligforeninger, kommuner og offentlige transportenheder. Brugere finder, l\u00e5ser op, k\u00f8rer p\u00e5 og returnerer cykler via en mobilapp. Opladning sker problemfrit p\u00e5 stationen, hvilket sikrer cirka 50-70 km pr. opladning.<\/p>\n\n\n\n<ul class=\"wp-block-list\">\n<li><strong>Fl\u00e5de og teknologi<\/strong>Specialfremstillede cykler med app-styring og hurtig induktiv opladning.<\/li>\n\n\n\n<li><strong>Brugsscenarier<\/strong>Ideel til offentlige pilotprojekter, deling i f\u00e6llesskabet og lokal levering.<\/li>\n\n\n\n<li><strong>Flagskibsprojekt<\/strong>Bayerns &quot;Lastenrad&quot;-ordning - 133 cykler p\u00e5 tv\u00e6rs af 55 byer, 95.000 km k\u00f8rt, og over halvdelen af turene erstattede bilture.<\/li>\n<\/ul>\n\n\n\n<figure class=\"wp-block-image size-full\"><img fetchpriority=\"high\" decoding=\"async\" width=\"900\" height=\"600\" src=\"https:\/\/regencargobikes.com\/wp-content\/uploads\/2025\/06\/Sigo_Eurobike2019.webp\" alt=\"\" class=\"wp-image-1558\" srcset=\"https:\/\/regencargobikes.com\/wp-content\/uploads\/2025\/06\/Sigo_Eurobike2019.webp 900w, https:\/\/regencargobikes.com\/wp-content\/uploads\/2025\/06\/Sigo_Eurobike2019-300x200.webp 300w, https:\/\/regencargobikes.com\/wp-content\/uploads\/2025\/06\/Sigo_Eurobike2019-768x512.webp 768w, https:\/\/regencargobikes.com\/wp-content\/uploads\/2025\/06\/Sigo_Eurobike2019-18x12.webp 18w\" sizes=\"(max-width: 900px) 100vw, 900px\" \/><\/figure>\n\n\n\n<p>Sigos model demonstrerer, hvordan robust infrastruktur, automatisering og partnerskaber kan g\u00f8re e-cargo-deling til en skalerbar byl\u00f8sning. Det fjerner angst for r\u00e6kkevidde, minimerer vedligeholdelse og s\u00e6nker personalebehovet. Indk\u00f8bsansvarlige kan se Sigo som en n\u00f8glef\u00e6rdig partner \u2013 der tilbyder p\u00e5lidelig drift, klimavenlige resultater og infrastrukturintegration \u2013 alt sammen under hensyntagen til lokalplanl\u00e6gning og fl\u00e5dekriterier. Denne ordning fungerer som en model for byer, der s\u00f8ger at udrulle mobilitet med minimal forstyrrelse og maksimal offentlig fordel.<\/p><div class=\"regen-test-placement-from-wizard-1604397851\" id=\"regen-1450896625\"><script async src=\"https:\/\/pagead2.googlesyndication.com\/pagead\/js\/adsbygoogle.js?client=ca-pub-1076230867169041\"\n     crossorigin=\"anonymous\"><\/script><\/div><div class=\"regen-test-placement-from-wizard-2878267818\" id=\"regen-454168332\"><script async src=\"https:\/\/pagead2.googlesyndication.com\/pagead\/js\/adsbygoogle.js?client=ca-pub-1076230867169041\"\n     crossorigin=\"anonymous\"><\/script><\/div>\n\n\n\n<hr class=\"wp-block-separator has-alpha-channel-opacity\"\/>\n\n\n\n<h2 class=\"wp-block-heading\">2. <strong>Nextbike (Tier Mobility) \u2013 Delt cykelnetv\u00e6rk, integration af last<\/strong><\/h2>\n\n\n\n<p><strong>Nextbike<\/strong>, under Tier Mobility, forbedrer bycykler gennem integration af last. I tyske byer som Leipzig og K\u00f6ln tilf\u00f8jede Nextbike el-ladcykler (f.eks. <strong>Urban Arrow Cargo L<\/strong>), tilg\u00e6ngelig via den samme app og dockingsystem. Denne strategi udnytter eksisterende infrastruktur og brugervaner \u2013 hvilket g\u00f8r ladcykler til en synlighedsfremmende udvidelse af popul\u00e6re cykeldelingssystemer.<\/p>\n\n\n\n<ul class=\"wp-block-list\">\n<li><strong>Priser<\/strong>~\u20ac1 opl\u00e5sning, \u20ac0,05\u20130,10 pr. minut.<\/li>\n\n\n\n<li><strong>Anvendelser<\/strong>Ideel til familie\u00e6rinder, b\u00f8rnetransport eller let bylogistik.<\/li>\n\n\n\n<li><strong>Model<\/strong>Urban Arrow Cargo L for stabil k\u00f8rsel og god bagagekapacitet.<\/li>\n<\/ul>\n\n\n\n<p>Integration reducerer overhead: samme fakturering, support og tilg\u00e6ngelighed af stationer. Det udvider fl\u00e5dens diversitet med minimale investeringer og g\u00f8r det muligt for byer at overv\u00e5ge brugen af ladcykler gennem delte data. Cyklister bliver fortrolige uden at skulle bruge nye apps eller tilmeldinger. Sm\u00e5 fl\u00e5der kan dog betyde begr\u00e6nset tilg\u00e6ngelighed og eftersp\u00f8rgselsbaseret p\u00e5lidelighed. Adgang om natten eller i weekenden kan variere. Ikke desto mindre viser Nextbikes tilgang, hvordan byer hurtigt kan integrere fragtmuligheder \u2013 ikke ved at bygge separate systemer, men ved at opgradere eksisterende. For logistik- og indk\u00f8bsteams repr\u00e6senterer dette en lavrisiko, let tilg\u00e6ngelig fragtmulighed inden for kendte rammer.<\/p>\n\n\n\n<hr class=\"wp-block-separator has-alpha-channel-opacity\"\/>\n\n\n\n<h2 class=\"wp-block-heading\">3. <strong>Freie Lastenr\u00e4der \u2013 F\u00e6llesskabsdrevet gratis udl\u00e5n<\/strong><\/h2>\n\n\n\n<p>De <strong>Gratis lastenr\u00e6der<\/strong> netv\u00e6rk \u2013 drevet af NGO&#039;er og lokale klubber \u2013 sp\u00e6nder nu over <strong>179+ tyske byer<\/strong> (f.eks. Berlins fLotte, K\u00f6lns Kasimir). En beboer kan booke en ladcykel online, afhente den p\u00e5 et lokalt sted og returnere den efter brug \u2013 gratis eller baseret p\u00e5 donationer.<\/p>\n\n\n\n<ul class=\"wp-block-list\">\n<li><strong>Fl\u00e5de<\/strong>Manuelle og elektriske kassecykler, trehjulede cykler; brugeropladet, hvis elektriske.<\/li>\n\n\n\n<li><strong>Brugsscenarier<\/strong>\u00c6rinder, opbevaringstransport, familieudflugter.<\/li>\n\n\n\n<li><strong>Model<\/strong>Demokratisk tilgang baseret p\u00e5 frivillige v\u00e6rter.<\/li>\n<\/ul>\n\n\n\n<p>Disse ordninger genererer offentlig velvilje, udvikler samh\u00f8righed i lokalsamfundet og opbygger gr\u00e6srodsst\u00f8tte til b\u00e6redygtig mobilitet. Begr\u00e6nsninger omfatter ikke-kommercielle servicetimer, begr\u00e6nsede vedligeholdelsesressourcer og variation p\u00e5 tv\u00e6rs af lokationer. Den sociale effekt er dog betydelig: de modellerer brugeransvar, reducerer bilafh\u00e6ngighed og validerer brugen af offentlig fragt. For planl\u00e6ggere og virksomheders CSR-teams kan disse programmer supplere betalte tjenester, afpr\u00f8ve infrastrukturudvidelser eller tiltr\u00e6kke borgere til f\u00e6lles ordninger. De hj\u00e6lper ogs\u00e5 med at teste brugeradf\u00e6rd i milj\u00f8er med lave omkostninger og lave barrierer.<\/p>\n\n\n\n<hr class=\"wp-block-separator has-alpha-channel-opacity\"\/>\n\n\n\n<h2 class=\"wp-block-heading\">4. <strong>CYCLE.eco \u2013 Kommerciel abonnementsleasing<\/strong><\/h2>\n\n\n\n<p><strong>CYCLE.eco<\/strong> (tidligere GetHenry) leaser el-ladcykler til gig-medarbejdere, SMV&#039;er og virksomheder p\u00e5 m\u00e5nedlige alt-inklusive kontrakter (\u20ac159-199), der d\u00e6kker vedligeholdelse og forsikring. De er aktive i Berlin, Hamborg, K\u00f6ln og andre steder og bruger modeller som Urban Arrow og Radkutsche long-tails \u2013 robuste og bygget til tung brug.<\/p>\n\n\n\n<ul class=\"wp-block-list\">\n<li><strong>Fl\u00e5de<\/strong>High-end longtail-modeller med Bosch-drivlinjer.<\/li>\n\n\n\n<li><strong>Abonnement<\/strong>Et m\u00e5nedligt gebyr inkluderer service, forsikring og reservedele.<\/li>\n\n\n\n<li><strong>Brugsscenarier<\/strong>F\u00f8devarelevering, kurerlogistik, B2B-transport til den sidste mil.<\/li>\n<\/ul>\n\n\n\n<figure class=\"wp-block-image size-full\"><img decoding=\"async\" width=\"900\" height=\"600\" src=\"https:\/\/regencargobikes.com\/wp-content\/uploads\/2025\/06\/\u5fae\u4fe1\u56fe\u7247_20250619032435.webp\" alt=\"\" class=\"wp-image-1560\" srcset=\"https:\/\/regencargobikes.com\/wp-content\/uploads\/2025\/06\/\u5fae\u4fe1\u56fe\u7247_20250619032435.webp 900w, https:\/\/regencargobikes.com\/wp-content\/uploads\/2025\/06\/\u5fae\u4fe1\u56fe\u7247_20250619032435-300x200.webp 300w, https:\/\/regencargobikes.com\/wp-content\/uploads\/2025\/06\/\u5fae\u4fe1\u56fe\u7247_20250619032435-768x512.webp 768w, https:\/\/regencargobikes.com\/wp-content\/uploads\/2025\/06\/\u5fae\u4fe1\u56fe\u7247_20250619032435-18x12.webp 18w\" sizes=\"(max-width: 900px) 100vw, 900px\" \/><\/figure>\n\n\n\n<p>Virksomheder undg\u00e5r store startomkostninger og kan skalere fl\u00e5der fleksibelt. Forudsigelige driftsomkostninger hj\u00e6lper med budgetlogistikken. Vedligeholdelsessupport \u00f8ger oppetiden og reducerer afbrydelser. Indk\u00f8b kan overv\u00e5ge forbrug, omkostninger og ROI. Tilg\u00e6ngelighed kan svinge under h\u00f8j eftersp\u00f8rgsel, og m\u00e5nedlig leasing kan overstige ejeromkostningerne ved kraftig brug. Alligevel tilbyder CYCLE.eco en n\u00e6sten n\u00f8glef\u00e6rdig fl\u00e5del\u00f8sning \u2013 ideel til fl\u00e5der uden cykelvedligeholdelsesteams eller kapitalfokus.<\/p>\n\n\n\t\t<div data-elementor-type=\"section\" data-elementor-id=\"1530\" class=\"elementor elementor-1530\" data-elementor-post-type=\"elementor_library\">\n\t\t\t<div class=\"elementor-element elementor-element-303061a0 e-flex e-con-boxed e-con e-parent\" data-id=\"303061a0\" data-element_type=\"container\" data-e-type=\"container\" data-settings=\"{&quot;background_background&quot;:&quot;classic&quot;,&quot;ekit_has_onepagescroll_dot&quot;:&quot;yes&quot;}\">\n\t\t\t\t\t<div class=\"e-con-inner\">\n\t\t<div class=\"elementor-element elementor-element-2b5c3a71 e-con-full e-flex e-con e-child\" data-id=\"2b5c3a71\" data-element_type=\"container\" data-e-type=\"container\" data-settings=\"{&quot;ekit_has_onepagescroll_dot&quot;:&quot;yes&quot;}\">\n\t\t\t\t<div class=\"elementor-element elementor-element-272f1e87 elementor-widget elementor-widget-elementskit-heading\" data-id=\"272f1e87\" data-element_type=\"widget\" data-e-type=\"widget\" data-widget_type=\"elementskit-heading.default\">\n\t\t\t\t<div class=\"elementor-widget-container\">\n\t\t\t\t\t<div class=\"ekit-wid-con\" ><div class=\"ekit-heading elementskit-section-title-wraper text_left   ekit_heading_tablet-   ekit_heading_mobile-text_center\"><h2 class=\"ekit-heading--title elementskit-section-title\">\u00d8nsker du at starte din egen udlejningsfl\u00e5de af ladcykler?<\/h2>\t\t\t\t<div class='ekit-heading__description'>\n\t\t\t\t\t<p>Regen har hjulpet snesevis af f\u00f8rstegangsoperat\u00f8rer med at overvinde tekniske og produktionsm\u00e6ssige forhindringer. Vores ekspertteam g\u00f8r det nemt at designe, producere og skalere en udlejningsklar fl\u00e5de \u2013 alt sammen under dit brand.<\/p>\n\t\t\t\t<\/div>\n\t\t\t<\/div><\/div>\t\t\t\t<\/div>\n\t\t\t\t<\/div>\n\t\t\t\t<div class=\"elementor-element elementor-element-4ac735db elementor-widget-mobile__width-auto elementor-widget elementor-widget-elementskit-dual-button\" data-id=\"4ac735db\" data-element_type=\"widget\" data-e-type=\"widget\" data-widget_type=\"elementskit-dual-button.default\">\n\t\t\t\t<div class=\"elementor-widget-container\">\n\t\t\t\t\t<div class=\"ekit-wid-con\" >\n                <div class=\"ekit-element-align-wrapper\">\n                    <div class=\"ekit_double_button\">                <a class=\"ekit-double-btn ekit-double-btn-one\" href=\"https:\/\/regencargobikes.com\/da\/contact\/\">\n                    Anmod om et tilbud                <\/a>\n            \n            <a class=\"ekit-double-btn ekit-double-btn-two\" href=\"https:\/\/regencargobikes.com\/da\/service-center\/\">\n                    Servicecenter                <\/a>\n                  <\/div>\n                <\/div>\n            <\/div>\t\t\t\t<\/div>\n\t\t\t\t<\/div>\n\t\t\t\t<\/div>\n\t\t<div class=\"elementor-element elementor-element-19753a4e e-con-full e-flex e-con e-child\" data-id=\"19753a4e\" data-element_type=\"container\" data-e-type=\"container\" data-settings=\"{&quot;background_background&quot;:&quot;classic&quot;,&quot;ekit_has_onepagescroll_dot&quot;:&quot;yes&quot;}\">\n\t\t\t\t<div class=\"elementor-element elementor-element-17eaa8b elementor-widget elementor-widget-html\" data-id=\"17eaa8b\" data-element_type=\"widget\" data-e-type=\"widget\" data-widget_type=\"html.default\">\n\t\t\t\t<div class=\"elementor-widget-container\">\n\t\t\t\t\t<script async src=\"https:\/\/pagead2.googlesyndication.com\/pagead\/js\/adsbygoogle.js?client=ca-pub-1076230867169041\"\n     crossorigin=\"anonymous\"><\/script>\n<!-- \u6b63\u65b9\u5f62 -->\n<ins class=\"adsbygoogle\"\n     style=\"display:block\"\n     data-ad-client=\"ca-pub-1076230867169041\"\n     data-ad-slot=\"7340675255\"\n     data-ad-format=\"auto\"\n     data-full-width-responsive=\"true\"><\/ins>\n<script>\n     (adsbygoogle = window.adsbygoogle || []).push({});\n<\/script>\t\t\t\t<\/div>\n\t\t\t\t<\/div>\n\t\t\t\t<\/div>\n\t\t\t\t\t<\/div>\n\t\t\t\t<\/div>\n\t\t\t\t<\/div>\n\t\t\n\n\n\n<hr class=\"wp-block-separator has-alpha-channel-opacity\"\/>\n\n\n\n<h2 class=\"wp-block-heading\">5. <strong>ListNRide \u2013 Samler for privat og butiksudlejning<\/strong><\/h2>\n\n\n\n<p><strong>ListNRide<\/strong> fungerer som en platform, der forbinder private ejere og sm\u00e5 udlejningsbutikker og tilbyder omkring <strong>80-90 ladcykler<\/strong> over hele Tyskland. Den viser e-cargo-modeller som Bakfiets og Babboe, der lejes p\u00e5 timebasis eller dagligt \u2013 og er attraktive for familier, turister eller enkeltst\u00e5ende projekter.<\/p>\n\n\n\n<ul class=\"wp-block-list\">\n<li><strong>Fl\u00e5dest\u00f8rrelse<\/strong>Aktive annoncer i st\u00f8rre og mellemstore byer.<\/li>\n\n\n\n<li><strong>Brugsscenarier<\/strong>Kortvarige familieferier, arrangementer, testning.<\/li>\n\n\n\n<li><strong>Eksempler<\/strong>Bakfiets til flyttekasser eller b\u00f8rn.<\/li>\n<\/ul>\n\n\n\n<p>ListNRide tilbyder fleksibilitet \u2013 ingen langtidskontrakter eller systemforpligtelser. Kvaliteten varierer, men den er ideel til indk\u00f8bspilotprojekter, turismepartnere og sociale tjenester, der tilbyder ad hoc-adgang til ladcykler. Prisen kan v\u00e6re h\u00f8jere for enkeltst\u00e5ende lejem\u00e5l. Operat\u00f8rer f\u00e5r synlighed og bookinginfrastruktur gennem platformen uden at investere i deres egen webportal. Det er et v\u00e6rdifuldt indgangspunkt til at teste eftersp\u00f8rgslen eller levere pop-up-logistik.<\/p>\n\n\n\n<hr class=\"wp-block-separator has-alpha-channel-opacity\"\/>\n\n\n\n<h2 class=\"wp-block-heading\">6. <strong>Urban Arrow (via forhandlere) \u2013 Leasing og fl\u00e5desalg<\/strong><\/h2>\n\n\n\n<p><strong>Urban Arrow<\/strong> cykler \u2013 ligesom <strong>Cargo L Performance<\/strong> og <strong>Fladvogn L<\/strong>\u2014er hardware-rygraden for mange B2B-fl\u00e5der og logistikabonnementer. Forhandlere i hele Tyskland tilbyder leasing og fuld service til fl\u00e5destyring, der underst\u00f8tter fl\u00e5deudrulning, vedligeholdelse og opgraderinger.<\/p>\n\n\n\n<ul class=\"wp-block-list\">\n<li><strong>Modeller<\/strong>: Cargo L med lad, Flatbed L til tung k\u00f8rsel.<\/li>\n\n\n\n<li><strong>Brugsscenarier<\/strong>Levering, udlejningsfirmaer, offentlige fl\u00e5der.<\/li>\n\n\n\n<li><strong>St\u00f8tte<\/strong>Forhandlerservicepakker og producentgarantier.<\/li>\n<\/ul>\n\n\n\n<p>Selvom Urban Arrow ikke udlejer direkte, giver de udlejningsudbydere og fl\u00e5deoperat\u00f8rer adgang til f\u00f8rsteklasses ladcykler. Ydeevnen er velegnet til forretningsbehov, navigation p\u00e5 byens veje og h\u00e5ndtering af nyttelast. Leasing hj\u00e6lper med at undg\u00e5 ejerskabsrisiko og lagerinvesteringer. Byer drager ogs\u00e5 fordel af disse cykler, da de integreres med offentlige programmer eller fl\u00e5dekonverteringer. Indk\u00f8bsagenter, der evaluerer hardwaremuligheder, vil anerkende Urban Arrows standards\u00e6ttende omd\u00f8mme og omfattende forhandlersupport.<\/p>\n\n\n\n<hr class=\"wp-block-separator has-alpha-channel-opacity\"\/>\n\n\n\n<h2 class=\"wp-block-heading\">7. <strong>Donkey Republic \u2013 Implementering af pilotfragt<\/strong><\/h2>\n\n\n\n<p><strong>\u00c6selrepublikken<\/strong> tilf\u00f8jede cargo-modeller til sin dockless udlejningsapp i Berlin og udvalgte byer. Disse cykler, udstyret med b\u00f8rnes\u00e6der og cargo-bokse, er problemfrit integreret med standardcykeltilbud i appen \u2013 ingen s\u00e6rlig tilmelding eller depositum kr\u00e6ves.<\/p>\n\n\n\n<ul class=\"wp-block-list\">\n<li><strong>App-baseret opl\u00e5sning<\/strong>En velkendt oplevelse for ryttere.<\/li>\n\n\n\n<li><strong>Brugsscenarier<\/strong>Familieudflugter, aflevering af b\u00f8rn til skole, let indk\u00f8b.<\/li>\n\n\n\n<li><strong>Fordel<\/strong>Tilf\u00e6ldig adoption uden binding.<\/li>\n<\/ul>\n\n\n\n<figure class=\"wp-block-image size-full\"><img decoding=\"async\" width=\"900\" height=\"600\" src=\"https:\/\/regencargobikes.com\/wp-content\/uploads\/2025\/06\/eT21-07552_02-de.webp\" alt=\"\" class=\"wp-image-1559\" srcset=\"https:\/\/regencargobikes.com\/wp-content\/uploads\/2025\/06\/eT21-07552_02-de.webp 900w, https:\/\/regencargobikes.com\/wp-content\/uploads\/2025\/06\/eT21-07552_02-de-300x200.webp 300w, https:\/\/regencargobikes.com\/wp-content\/uploads\/2025\/06\/eT21-07552_02-de-768x512.webp 768w, https:\/\/regencargobikes.com\/wp-content\/uploads\/2025\/06\/eT21-07552_02-de-18x12.webp 18w\" sizes=\"(max-width: 900px) 100vw, 900px\" \/><\/figure>\n\n\n\n<p>Donkeys tilgang s\u00e6nker adgangsbarriererne og giver familier mulighed for at pr\u00f8ve ladcykler uden besv\u00e6r. App-integration muligg\u00f8r enkel fakturering og placeringssporing. Den har dog sm\u00e5 fl\u00e5der, usikker tilg\u00e6ngelighed og begr\u00e6nset servicesupport sammenlignet med stationsbaserede udlejninger. Den er velegnet til turisme- og mikromobilitetspilotprojekter og er ideel til indk\u00f8bschefer i byer, der \u00f8nsker at introducere ladcykler i eksisterende delte mobilitetsplatforme.<\/p>\n\n\n\n<hr class=\"wp-block-separator has-alpha-channel-opacity\"\/>\n\n\n\n<h2 class=\"wp-block-heading\">8. <strong>Ring en cykel (DB) \u2013 Pilot Cargo for dataindsigt<\/strong><\/h2>\n\n\n\n<p><strong>Ring til en cykel<\/strong>, der drives af Deutsche Bahn, afholder lejlighedsvis test af ladcykler i samarbejde med byer som Frankfurt. Disse cykler integreres i eksisterende infrastruktur og er indlejret i forskningsprojekter, der unders\u00f8ger brugeradf\u00e6rd og rejsem\u00f8nstre.<\/p>\n\n\n\n<ul class=\"wp-block-list\">\n<li><strong>Funktioner<\/strong>Barnes\u00e6der, bokse bagi, app-integration.<\/li>\n\n\n\n<li><strong>Brugsscenarier<\/strong>Test af mobilitet i byomr\u00e5der og i forbindelse med offentlig transport.<\/li>\n\n\n\n<li><strong>M\u00e5l<\/strong>Dataindsamling til politikudformning.<\/li>\n<\/ul>\n\n\n\n<p>Pilotprojekter med Call a Bike hj\u00e6lper myndigheder med at evaluere eftersp\u00f8rgsel, rejsem\u00f8nstre og rejsesubstitution uden st\u00f8rre investeringer. De viser godstransportens rolle i multimodale bytransportsystemer. Ulempen er, at tilg\u00e6ngeligheden er begr\u00e6nset til pilotnavneomr\u00e5der, ikke til den brede offentlighed. Indk\u00f8bsansvarlige og planl\u00e6gningsagenturer kan dog bruge resultaterne til at retf\u00e6rdigg\u00f8re st\u00f8rre investeringer eller systemskalering.<\/p>\n\n\n\n<hr class=\"wp-block-separator has-alpha-channel-opacity\"\/>\n\n\n\n<h2 class=\"wp-block-heading\">9. <strong>Fragtfreunde \u2013 NGO Logistikfl\u00e5de<\/strong><\/h2>\n\n\n\n<p><strong>Fragtven<\/strong> er en nonprofitorganisation, der donerer ladcykler til NGO&#039;er og sociale virksomheder, hvilket muligg\u00f8r billig b\u00e6redygtig logistik. Cykler \u2013 ofte tunge trehjulede cykler \u2013 udl\u00e5nes langtids til nonprofitorganisationer, eventlogistik eller f\u00e6llesskabsprogrammer.<\/p>\n\n\n\n<ul class=\"wp-block-list\">\n<li><strong>Fl\u00e5de<\/strong>Elektriske trehjulede cykler til transport, en lasteevne p\u00e5 120+ kg.<\/li>\n\n\n\n<li><strong>Brugsscenarier<\/strong>Ops\u00f8gende arbejde i lokalsamfundet, velg\u00f8renhedsarrangementer, n\u00f8dhj\u00e6lpslogistik.<\/li>\n\n\n\n<li><strong>Finansiering<\/strong>Crowdsourcing af donationer og tilskud.<\/li>\n<\/ul>\n\n\n\n<p>Denne model udvider ladcykler til underfinansierede sektorer uden kommercielle begr\u00e6nsninger. Udfordringerne omfatter finansiering af vedligeholdelse og sikring af ansvarlighed. Ikke desto mindre afspejler den, hvordan cykler kan v\u00e6re en gr\u00e6srodsbaseret logistikl\u00f8sning. Kommuner kan samarbejde med NGO&#039;er som Frachtfreunde for at forbedre lokalsamfundets kapaciteter og opfylde b\u00e6redygtighedsm\u00e5l, mens fl\u00e5der demonstrerer reel evne til at st\u00f8tte samfundsmissioner.<\/p>\n\n\n\n<hr class=\"wp-block-separator has-alpha-channel-opacity\"\/>\n\n\n\n<h2 class=\"wp-block-heading\">10. <strong>Velogista \u2013 Cykelbaseret kurertjeneste<\/strong><\/h2>\n\n\n\n<p><strong>Velogista<\/strong>, et Berlin-baseret kurerfirma, driver kontraktlogistik ved hj\u00e6lp af elektriske trehjulede fragtbiler. Med vejrbestandige fragtkapsler og en lastekapacitet p\u00e5 over 250 kg underst\u00f8tter deres model virksomheder, der kr\u00e6ver agile, milj\u00f8venlige leverancer uden at eje en fl\u00e5de.<\/p>\n\n\n\n<ul class=\"wp-block-list\">\n<li><strong>Service<\/strong>B2B-kontraktlevering med planlagte afhentninger.<\/li>\n\n\n\n<li><strong>Fl\u00e5de<\/strong>Specialbyggede trehjulede cargo-trehjulede cykler med GPS og modul\u00e6re containere.<\/li>\n\n\n\n<li><strong>M\u00e5lgruppekunder<\/strong>Detailhandlere, kontorer, forsyningsk\u00e6der til events.<\/li>\n<\/ul>\n\n\n\n<p>Velogista eliminerer fl\u00e5destyring og emissionsbyrde, hvilket giver kunderne mulighed for at omfordele interne ressourcer. De tilbyder p\u00e5lidelighed og m\u00e5lbare b\u00e6redygtighedsfordele. Udfordringerne omfatter passagerudskiftning og vejrvariationer. Alligevel repr\u00e6senterer de en fuldt ud outsourcet, CO2-fri leveringsmodel, der er relevant for virksomhedens logistikplanl\u00e6ggere og b\u00e6redygtighedsansvarlige.<\/p>\n\n\n\n<hr class=\"wp-block-separator has-alpha-channel-opacity\"\/>\n\n\n\n<h2 class=\"wp-block-heading\">Konklusion: Strategisk indsigt for interessenter<\/h2>\n\n\n\n<p>Tysklands omfattende ladcykellandskab tilbyder skr\u00e6ddersyede l\u00f8sninger til b\u00e5de offentlig og kommerciel brug. Blandt ti m\u00e6rker:<\/p>\n\n\n\n<ul class=\"wp-block-list\">\n<li><strong>Sigo<\/strong>tilbyder robust stationsbaseret deling med automatisk opladning.<\/li>\n\n\n\n<li><strong>Nextbike<\/strong> og <strong>Ring til en cykel<\/strong> integrere gods i byens netv\u00e6rk.<\/li>\n\n\n\n<li><strong>Gratis lastenr\u00e6der<\/strong> og <strong>Fragtven<\/strong> bringe adgang til gr\u00e6srodsorganisationer og nonprofitorganisationer.<\/li>\n\n\n\n<li><strong>CYCLE.eco<\/strong>, <strong>Velogista<\/strong>, og <strong>Urban Arrow leasing<\/strong> opfylder virksomhedens logistikbehov.<\/li>\n\n\n\n<li><strong>ListNRide<\/strong> og <strong>\u00c6selrepublikken<\/strong> st\u00f8tte forbrugerpilotprojekter og turismetilgang.<\/li>\n<\/ul>\n\n\n\n<p>For indk\u00f8bs-, politik- eller logistikchefer omfatter vigtige overvejelser:<\/p>\n\n\n\n<ul class=\"wp-block-list\">\n<li><strong>Infrastrukturberedskab<\/strong>\u2014stations- vs. dockl\u00f8se systemer.<\/li>\n\n\n\n<li><strong>Serviceniveaubehov<\/strong>\u2014korttidsadgang, abonnementer eller logistisk support.<\/li>\n\n\n\n<li><strong>Vedligeholdelsesmodeller<\/strong>\u2014fuldserviceleasing adskiller sig fra lokalsamfundsdrevne programmer.<\/li>\n<\/ul>\n\n\n\n<p>Hver model tilbyder skalerbar, b\u00e6redygtig mobilitet i overensstemmelse med regler og b\u00e6redygtighedsmandater. I takt med at interessen for emissionsreduktion vokser, er ladcykler modnet fra boutique-tjenester til mainstream bytransport. Tyske tjenester kombinerer teknologi, samfundsengagement og kommerciel t\u00e6nkning \u2013 og tilbyder en k\u00f8replan for andre lande, der \u00f8nsker at integrere ladcykler i deres mobilitets\u00f8kosystemer.<\/p>\n\n\n\n<hr class=\"wp-block-separator has-alpha-channel-opacity\"\/>\n\n\n\n<p><strong>Referencer:<\/strong><\/p>\n\n\n\n<ol class=\"wp-block-list\">\n<li><strong>Sigo<\/strong> \u2013 Stationsbaseret opladning og B2B2C-delingsmodel <a href=\"https:\/\/sigo.green\" target=\"_Blank\" rel=\"noreferrer noopener\">sigo.green<\/a><\/li>\n\n\n\n<li><strong>Bavaria &quot;Lastenrad&quot;-projekt<\/strong> \u2013 Implementeringsresultater og brugsdata <a href=\"\/da\/sigo.green\/news\/lastenrad-bavaria\/\" target=\"_Blank\" rel=\"noreferrer noopener\">sigo.green\/news\/lastenrad-bayern<\/a><\/li>\n\n\n\n<li><strong>Nextbike (Tier Mobility)<\/strong> \u2013 Cargo-integration og app-baseret deling <a href=\"https:\/\/nextbike.de\" target=\"_Blank\" rel=\"noreferrer noopener\">nextbike.de<\/a><\/li>\n\n\n\n<li><strong>Freie Lastenr\u00e4der (Frachtfreunde)<\/strong> \u2013 F\u00e6llesskabsdrevet gratis udl\u00e5nsnetv\u00e6rk <a href=\"https:\/\/lastenrad.frachtfreunde.de\" target=\"_Blank\" rel=\"noreferrer noopener\">lastenrad.frachtfreunde.de<\/a><\/li>\n\n\n\n<li><strong>CYCLE.eco (tidligere GetHenry)<\/strong> \u2013 Abonnementsplanoplysninger og fl\u00e5ded\u00e6kning <a href=\"https:\/\/cycle.eco\" target=\"_Blank\" rel=\"noreferrer noopener\">cycle.eco<\/a><\/li>\n\n\n\n<li><strong>ListNRide<\/strong> \u2013 Aggregatorplatform med ladcykler <a href=\"https:\/\/listnride.com\" target=\"_Blank\" rel=\"noreferrer noopener\">listnride.com<\/a><\/li>\n\n\n\n<li><strong>Urban Arrow<\/strong> \u2013 Anvendelse i leasingprogrammer via tyske forhandlere <a href=\"https:\/\/urbanarrow.com\" target=\"_Blank\" rel=\"noreferrer noopener\">urbanarrow.com<\/a><\/li>\n\n\n\n<li><strong>\u00c6selrepublikken<\/strong> \u2013 Pilotudrulninger af ladcykler <a href=\"https:\/\/donkey.bike\" target=\"_Blank\" rel=\"noreferrer noopener\">\u00e6sel.cykel<\/a><\/li>\n\n\n\n<li><strong>Ring efter en cykel fra Deutsche Bahn<\/strong> \u2013 Pilotprojekter til forskning i ladcykler <a href=\"https:\/\/callabike.de\" target=\"_Blank\" rel=\"noreferrer noopener\">callabike.de<\/a><\/li>\n\n\n\n<li><strong>Fragtven<\/strong> \u2013 NGO-logistik og donationer af ladcykler <a href=\"https:\/\/frachtfreunde.de\" target=\"_Blank\" rel=\"noreferrer noopener\">frachtfreunde.de<\/a><\/li>\n\n\n\n<li><strong>Velogista<\/strong> \u2013 Model for kurertjeneste til trehjulede cargo-tre ... <a href=\"https:\/\/velogista.de\" target=\"_Blank\" rel=\"noreferrer noopener\">velogista.de<\/a><\/li>\n<\/ol>","protected":false},"excerpt":{"rendered":"<p>Germany\u2019s cargo bike rental ecosystem is thriving. Cities, startups, and logistics firms are increasingly adopting e-cargo bikes to reduce emissions, ease congestion, and improve mobility. These services serve a variety of users\u2014families, commuters, businesses, and local governments\u2014showcasing the versatility of e-cargo bikes. Not only do they replace short car trips, but they also contribute to [&hellip;]<\/p>\n","protected":false},"author":2,"featured_media":1563,"comment_status":"open","ping_status":"open","sticky":false,"template":"","format":"standard","meta":{"footnotes":""},"categories":[2],"tags":[],"class_list":["post-1557","post","type-post","status-publish","format-standard","has-post-thumbnail","hentry","category-knowledge"],"_links":{"self":[{"href":"https:\/\/regencargobikes.com\/da\/wp-json\/wp\/v2\/posts\/1557","targetHints":{"allow":["GET"]}}],"collection":[{"href":"https:\/\/regencargobikes.com\/da\/wp-json\/wp\/v2\/posts"}],"about":[{"href":"https:\/\/regencargobikes.com\/da\/wp-json\/wp\/v2\/types\/post"}],"author":[{"embeddable":true,"href":"https:\/\/regencargobikes.com\/da\/wp-json\/wp\/v2\/users\/2"}],"replies":[{"embeddable":true,"href":"https:\/\/regencargobikes.com\/da\/wp-json\/wp\/v2\/comments?post=1557"}],"version-history":[{"count":1,"href":"https:\/\/regencargobikes.com\/da\/wp-json\/wp\/v2\/posts\/1557\/revisions"}],"predecessor-version":[{"id":1565,"href":"https:\/\/regencargobikes.com\/da\/wp-json\/wp\/v2\/posts\/1557\/revisions\/1565"}],"wp:featuredmedia":[{"embeddable":true,"href":"https:\/\/regencargobikes.com\/da\/wp-json\/wp\/v2\/media\/1563"}],"wp:attachment":[{"href":"https:\/\/regencargobikes.com\/da\/wp-json\/wp\/v2\/media?parent=1557"}],"wp:term":[{"taxonomy":"category","embeddable":true,"href":"https:\/\/regencargobikes.com\/da\/wp-json\/wp\/v2\/categories?post=1557"},{"taxonomy":"post_tag","embeddable":true,"href":"https:\/\/regencargobikes.com\/da\/wp-json\/wp\/v2\/tags?post=1557"}],"curies":[{"name":"wp","href":"https:\/\/api.w.org\/{rel}","templated":true}]}}