{"id":1600,"date":"2025-06-22T04:17:36","date_gmt":"2025-06-21T20:17:36","guid":{"rendered":"https:\/\/regencargobikes.com\/?p=1600"},"modified":"2025-06-22T04:17:38","modified_gmt":"2025-06-21T20:17:38","slug":"how-fast-can-your-electric-cargo-bike-go","status":"publish","type":"post","link":"https:\/\/regencargobikes.com\/da\/how-fast-can-your-electric-cargo-bike-go\/","title":{"rendered":"Hvor hurtigt kan din elektriske ladcykel k\u00f8re?"},"content":{"rendered":"<p>Hos Regen f\u00e5r vi ofte et tilsyneladende simpelt sp\u00f8rgsm\u00e5l:<\/p>\n\n\n\n<p><strong>&quot;Hvor hurtigt kan din <a href=\"https:\/\/regencargobikes.com\/da\/what-is-a-cargo-bike\/\" data-type=\"post\" data-id=\"1179\">elektrisk ladcykel<\/a> g\u00e5?&quot;<\/strong><\/p>\n\n\n\n<p>Det er et rimeligt sp\u00f8rgsm\u00e5l \u2013 og et vigtigt et. Uanset om du pendler, leverer varer eller k\u00f8rer for fritiden, p\u00e5virker hastighed ikke kun effektiviteten, men ogs\u00e5 lovligheden, sikkerheden og k\u00f8rekomforten. S\u00e5 i dag tager vi dig med bag styret og ind i dataene. Vi vil udforske hastighedsstatistikker fra den virkelige verden, lovlige gr\u00e6nser og <strong>hvad der p\u00e5virker din ladcykels hastighed.<\/strong><\/p><div class=\"regen-test-placement-from-wizard-1604397851\" id=\"regen-3273556836\"><script async src=\"https:\/\/pagead2.googlesyndication.com\/pagead\/js\/adsbygoogle.js?client=ca-pub-1076230867169041\"\n     crossorigin=\"anonymous\"><\/script><\/div><div class=\"regen-test-placement-from-wizard-2878267818\" id=\"regen-2873834903\"><script async src=\"https:\/\/pagead2.googlesyndication.com\/pagead\/js\/adsbygoogle.js?client=ca-pub-1076230867169041\"\n     crossorigin=\"anonymous\"><\/script><\/div>\n\n\n\n<hr class=\"wp-block-separator has-alpha-channel-opacity\"\/>\n\n\n\n<h2 class=\"wp-block-heading\"><strong>Hastighedsgr\u00e6nser rundt om i verden<\/strong><\/h2>\n\n\n\n<p>Lad os starte med det grundl\u00e6ggende: <strong>De lovlige tophastigheder varierer fra region til region<\/strong>De fleste elektriske ladcykler falder i en af to klasser:<\/p>\n\n\n\n<figure class=\"wp-block-table\"><table class=\"has-fixed-layout\"><thead><tr><th><strong>Omr\u00e5de<\/strong><\/th><th><strong>Lovlig tophastighed (km\/t)<\/strong><\/th><th><strong>Tophastighed (mph)<\/strong><\/th><th><strong>Klassenotater<\/strong><\/th><\/tr><\/thead><tbody><tr><td>EU<\/td><td>25<\/td><td>15.5<\/td><td>Pedelec (maks. 250 W motor)<\/td><\/tr><tr><td>EU (Speed-P)<\/td><td>45<\/td><td>28<\/td><td>Speed pedelec, kr\u00e6ver registrering<\/td><\/tr><tr><td>USA<\/td><td>32<\/td><td>20<\/td><td>Klasse 1 &amp; 2 elcykler (motorgr\u00e6nse 750W)<\/td><\/tr><tr><td>Canada<\/td><td>32<\/td><td>20<\/td><td>Maks. 500W motorer<\/td><\/tr><\/tbody><\/table><\/figure>\n\n\n\n<p>I de fleste europ\u00e6iske lande er vores ladcykler <strong>begr\u00e6nset til 25 km\/t<\/strong> for at kvalificere som cykler i henhold til f\u00e6rdselsloven \u2013 ingen k\u00f8rekort eller forsikring n\u00f8dvendig. I USA og Canada er loftet <strong>32 km\/t<\/strong>Nogle cykler overstiger dette (op til 45 km\/t) under en <strong>speed pedelec<\/strong> klassificering, som normalt kr\u00e6ver brug af hjelm, forsikring og endda en nummerplade.<\/p>\n\n\n\n<p><br>\ud83d\udc49 Link til: <strong><a href=\"https:\/\/regencargobikes.com\/da\/electric-cargo-bike-motor-power-system-faq\/\" data-type=\"post\" data-id=\"1310\">Ofte stillede sp\u00f8rgsm\u00e5l om elektrisk ladcykelmotorsystem og str\u00f8m<\/a><\/strong><\/p>\n\n\n\n<hr class=\"wp-block-separator has-alpha-channel-opacity\"\/>\n\n\n\n<h2 class=\"wp-block-heading\"><strong>Hvilke hastigheder opn\u00e5r ryttere rent faktisk?<\/strong><\/h2>\n\n\n\n<p>Det er her, teori m\u00f8der asfalt. <a href=\"https:\/\/regencargobikes.com\/da\/long-john-cargo-bike-regen-02\/\" data-type=\"page\" data-id=\"1395\">Regen elektriske ladcykler<\/a> sejle komfortabelt rundt:<\/p>\n\n\n\n<ul class=\"wp-block-list\">\n<li><strong>20\u201325 km\/t (12\u201315,5 mph)<\/strong> under standard pedalassistance<\/li>\n\n\n\n<li><strong>40-45 km\/t<\/strong> til modeller med h\u00f8j effekt eller speed-pedelec<\/li>\n<\/ul>\n\n\n\n<p>Men husk \u2013 hastighed handler ikke kun om specifikationer. Det handler om <strong>belastning, terr\u00e6n, rytterens input<\/strong>, og selvf\u00f8lgelig, <strong>motorisk styrke<\/strong>.<\/p>\n\n\n\t\t<div data-elementor-type=\"section\" data-elementor-id=\"1414\" class=\"elementor elementor-1414\" data-elementor-post-type=\"elementor_library\">\n\t\t\t<div class=\"elementor-element elementor-element-7bf5eb01 e-flex e-con-boxed e-con e-parent\" data-id=\"7bf5eb01\" data-element_type=\"container\" data-e-type=\"container\" data-settings=\"{&quot;background_background&quot;:&quot;classic&quot;,&quot;ekit_has_onepagescroll_dot&quot;:&quot;yes&quot;}\">\n\t\t\t\t\t<div class=\"e-con-inner\">\n\t\t<div class=\"elementor-element elementor-element-9fc34e2 e-con-full e-flex e-con e-child\" data-id=\"9fc34e2\" data-element_type=\"container\" data-e-type=\"container\" data-settings=\"{&quot;background_background&quot;:&quot;classic&quot;,&quot;ekit_has_onepagescroll_dot&quot;:&quot;yes&quot;}\">\n\t\t\t\t<div class=\"elementor-element elementor-element-af4e700 elementor-absolute elementor-widget elementor-widget-image\" data-id=\"af4e700\" data-element_type=\"widget\" data-e-type=\"widget\" data-settings=\"{&quot;_position&quot;:&quot;absolute&quot;}\" data-widget_type=\"image.default\">\n\t\t\t\t<div class=\"elementor-widget-container\">\n\t\t\t\t\t\t\t\t\t\t\t\t\t\t\t<img fetchpriority=\"high\" decoding=\"async\" width=\"800\" height=\"422\" src=\"https:\/\/regencargobikes.com\/wp-content\/uploads\/2025\/05\/regen-02-electric-cargo-bike-.webp\" class=\"attachment-large size-large wp-image-1398\" alt=\"Regen 02 elektrisk ladcykel\" srcset=\"https:\/\/regencargobikes.com\/wp-content\/uploads\/2025\/05\/regen-02-electric-cargo-bike-.webp 1000w, https:\/\/regencargobikes.com\/wp-content\/uploads\/2025\/05\/regen-02-electric-cargo-bike--300x158.webp 300w, https:\/\/regencargobikes.com\/wp-content\/uploads\/2025\/05\/regen-02-electric-cargo-bike--768x405.webp 768w, https:\/\/regencargobikes.com\/wp-content\/uploads\/2025\/05\/regen-02-electric-cargo-bike--18x9.webp 18w\" sizes=\"(max-width: 800px) 100vw, 800px\" \/>\t\t\t\t\t\t\t\t\t\t\t\t\t\t\t<\/div>\n\t\t\t\t<\/div>\n\t\t\t\t<\/div>\n\t\t<div class=\"elementor-element elementor-element-7de8cd9d e-con-full e-flex e-con e-child\" data-id=\"7de8cd9d\" data-element_type=\"container\" data-e-type=\"container\" data-settings=\"{&quot;ekit_has_onepagescroll_dot&quot;:&quot;yes&quot;}\">\n\t\t\t\t<div class=\"elementor-element elementor-element-308b8d20 elementor-widget elementor-widget-elementskit-heading\" data-id=\"308b8d20\" data-element_type=\"widget\" data-e-type=\"widget\" data-widget_type=\"elementskit-heading.default\">\n\t\t\t\t<div class=\"elementor-widget-container\">\n\t\t\t\t\t<div class=\"ekit-wid-con\" ><div class=\"ekit-heading elementskit-section-title-wraper text_left   ekit_heading_tablet-   ekit_heading_mobile-text_center\"><h3 class=\"elementskit-section-subtitle\">\n\t\t\t\t\t\tRegen 02 El-ladcykel\n\t\t\t\t\t<\/h3><h2 class=\"ekit-heading--title elementskit-section-title\">Leder du efter en kompakt, brugerdefinerbar frontl\u00e6sser til dit m\u00e6rke?<\/h2>\t\t\t\t<div class='ekit-heading__description'>\n\t\t\t\t\t<p class=\"p1\">T\u00dcV-testet gennem tidligere specialprojekter. Offentligt tilg\u00e6ngelig model \u2013 konfigurerbar, gennempr\u00f8vet og klar til skalering.<\/p>\n\t\t\t\t<\/div>\n\t\t\t<\/div><\/div>\t\t\t\t<\/div>\n\t\t\t\t<\/div>\n\t\t\t\t<div class=\"elementor-element elementor-element-bf516c8 elementor-align-left elementor-align--mobilecenter elementor-widget elementor-widget-elementskit-button\" data-id=\"bf516c8\" data-element_type=\"widget\" data-e-type=\"widget\" data-widget_type=\"elementskit-button.default\">\n\t\t\t\t<div class=\"elementor-widget-container\">\n\t\t\t\t\t<div class=\"ekit-wid-con\" >\t\t<div class=\"ekit-btn-wraper\">\n\t\t\t\t\t\t\t<a href=\"https:\/\/regencargobikes.com\/da\/long-john-cargo-bike-regen-02\/\" class=\"elementskit-btn  whitespace--normal\" id=\"\">\n\t\t\t\t\tL\u00e6r mere\t\t\t\t<\/a>\n\t\t\t\t\t<\/div>\n        <\/div>\t\t\t\t<\/div>\n\t\t\t\t<\/div>\n\t\t\t\t<\/div>\n\t\t\t\t\t<\/div>\n\t\t\t\t<\/div>\n\t\t\t\t<\/div>\n\t\t\n\n\n\n<hr class=\"wp-block-separator has-alpha-channel-opacity\"\/>\n\n\n\n<h3 class=\"wp-block-heading\"><strong> Eksempel fra den virkelige verden<\/strong><\/h3>\n\n\n\n<p>En af vores kunder i Tyskland bruger en speed-pedelec ladcykel med dobbelte batterier og en 750W motor. P\u00e5 flade byveje k\u00f8rer den konstant rundt. <strong>42 km\/t<\/strong>, selv med en last p\u00e5 60 kg. N\u00e5r det er sagt, finder de fleste Regen-kunder det til daglig brug i familien eller kommunale leverancer <strong>25 km\/t gr\u00e6nse<\/strong> perfekt egnet \u2013 og sikker.<\/p>\n\n\n\n<hr class=\"wp-block-separator has-alpha-channel-opacity\"\/>\n\n\n\n<h2 class=\"wp-block-heading\"><strong>Hvilke faktorer p\u00e5virker hastigheden p\u00e5 el-ladcykler?<\/strong><\/h2>\n\n\n\n<p>Vi har testet snesevis af konfigurationer p\u00e5 tv\u00e6rs af vores longtail- og frontl\u00e6ssermodeller. Her er hvad der virkelig p\u00e5virker tophastigheden:<\/p>\n\n\n\n<figure class=\"wp-block-table\"><table class=\"has-fixed-layout\"><thead><tr><th><strong>Faktor<\/strong><\/th><th><strong>Effekt p\u00e5 hastighed<\/strong><\/th><\/tr><\/thead><tbody><tr><td><strong>Motorkraft<\/strong><\/td><td>Flere watt = h\u00f8jere tophastighed. 250W \u2248 25 km\/t, 750W \u2248 32+ km\/t<\/td><\/tr><tr><td><strong>Batterikapacitet<\/strong><\/td><td>H\u00f8jere sp\u00e6nding og amperetimer forbedrer vedvarende tophastighed<\/td><\/tr><tr><td><strong>Cykeldesign<\/strong><\/td><td>Longtail-cykler er hurtigere og mere adr\u00e6tte end trehjulede cykler eller h\u00f8jsidede boxbikes<\/td><\/tr><tr><td><strong><a href=\"https:\/\/regencargobikes.com\/wp-content\/uploads\/2025\/04\/10-key-facts-affect-cargo-bike-load-capacity.jpg\" data-type=\"attachment\" data-id=\"1061\">V\u00e6gt af belastning<\/a><\/strong><\/td><td>Mere last = lavere acceleration og reduceret tophastighed<\/td><\/tr><tr><td><strong>Terr\u00e6n og vind<\/strong><\/td><td>Op ad bakke og modvind kan sinke dig betydeligt<\/td><\/tr><tr><td><strong>D\u00e6ktryk<\/strong><\/td><td>For lavt oppustede d\u00e6k reducerer hastighed og r\u00e6kkevidde<\/td><\/tr><\/tbody><\/table><\/figure>\n\n\n\n<p>Yderligere l\u00e6sning:<a href=\"https:\/\/regencargobikes.com\/da\/cargo-bike-frame-geometry\/\" data-type=\"post\" data-id=\"374\">Forst\u00e5else af stelgeometri i ladcykler og dens indflydelse p\u00e5 h\u00e5ndteringsevne<\/a><\/p>\n\n\n\n<h2 class=\"wp-block-heading\"><strong>Hastighed vs. sikkerhed: Hvad er risikoen?<\/strong><\/h2>\n\n\n\n<p>Lad os v\u00e6re \u00e6rlige: Ladcykler er ikke racercykler. Vi designer vores stel til <strong>stabilitet og lasth\u00e5ndtering<\/strong>, ikke til bl\u00e6ndende hastigheder.<\/p>\n\n\n\n<p>P\u00e5 <strong>over 30 mph (~48 km\/t)<\/strong>, selv sm\u00e5 styringssvingninger kan v\u00e6re risikable. Bremsel\u00e6ngden \u00f8ges dramatisk med v\u00e6gten. Derfor leveres alle Regen ladcykler med:<\/p>\n\n\n\n<ul class=\"wp-block-list\">\n<li><strong>Hydrauliske skivebremser<\/strong> nominel til en samlet belastning p\u00e5 200 kg+<\/li>\n\n\n\n<li><strong>Affjedringsgafler eller sadelpinde<\/strong> for stabilitet p\u00e5 uj\u00e6vne veje<\/li>\n\n\n\n<li><strong>Robuste aluminiumsrammer<\/strong> der modst\u00e5r h\u00f8jhastighedsb\u00f8jning<\/li>\n<\/ul>\n\n\n\n<p>Den nederste linje? <strong>Hastighed er sp\u00e6ndende, men sikkerhed kommer altid f\u00f8rst.<\/strong><\/p>\n\n\n\n<ul class=\"wp-block-list\">\n<li>Se vores sammenligning: <a href=\"https:\/\/regencargobikes.com\/da\/mechanical-disc-brakes-vs-hydraulic-disc-brakes-in-ecargo-bikes\/\" data-type=\"post\" data-id=\"1047\">Mekaniske skivebremser vs. hydrauliske skivebremser i elcykler og ladcykler<\/a> <\/li>\n\n\n\n<li>L\u00e6r om <a href=\"https:\/\/regencargobikes.com\/da\/frame-strength-what-determines-durability\/\" data-type=\"post\" data-id=\"1160\">Stelstyrke: Hvad bestemmer holdbarheden?<\/a><\/li>\n<\/ul>\n\n\n\n<h2 class=\"wp-block-heading\"><strong>Sammenligning af popul\u00e6re elcykler til lad (inklusive vores)<\/strong><\/h2>\n\n\n\n<p>Her er en side-om-side liste over de bedst s\u00e6lgende ladcykler:<\/p>\n\n\n\n<figure class=\"wp-block-table\"><table class=\"has-fixed-layout\"><thead><tr><th><strong>Model<\/strong><\/th><th><strong>Motor (W)<\/strong><\/th><th><strong>Tophastighed<\/strong><\/th><th><strong>Klasse<\/strong><\/th><th><strong>Noter<\/strong><\/th><\/tr><\/thead><tbody><tr><td><strong>Gunai GN66<\/strong><\/td><td>1,000<\/td><td>~45 km\/t<\/td><td>Speed-pedelec<\/td><td>H\u00f8j effekt, velegnet til private ruter eller leveringsfl\u00e5der<\/td><\/tr><tr><td><strong>Riese &amp; M\u00fcller l\u00e6s 75<\/strong><\/td><td>500\u2013850<\/td><td>Op til 45 km\/t<\/td><td>Speed-pedelec<\/td><td>Dobbelt affjedring, dobbelt batteri<\/td><\/tr><tr><td><strong>Longtail 750 Pro<\/strong><\/td><td>750<\/td><td>32\u201338 km\/t<\/td><td>Klasse 2\/Hastighed-P<\/td><td>Klassens bedste r\u00e6kkevidde og acceleration<\/td><\/tr><tr><td><strong>Lectric XPedition<\/strong><\/td><td>750<\/td><td>32 km\/t<\/td><td>Klasse 2<\/td><td>Fede d\u00e6k, overkommelige for familier<\/td><\/tr><tr><td><strong>Decathlon R500E<\/strong><\/td><td>250<\/td><td>25 km\/t<\/td><td>EU Pedelec<\/td><td>Fantastisk mulighed for begyndere<\/td><\/tr><\/tbody><\/table><\/figure>\n\n\n\n<p>Er du ikke sikker p\u00e5, hvilken type ladcykel der passer til dig? Se: <a href=\"https:\/\/regencargobikes.com\/da\/types-of-cargo-bike\/\" data-type=\"post\" data-id=\"376\">Hvor mange forskellige typer ladcykler?<\/a><\/p>\n\n\n\n<h2 class=\"wp-block-heading\"><strong>Cykelhastighed og brugsscenarier (visuelt resum\u00e9)<\/strong><\/h2>\n\n\n\n<figure class=\"wp-block-table\"><table class=\"has-fixed-layout\"><thead><tr><th><strong>Hastighedsomr\u00e5de<\/strong><\/th><th><strong>Cykelklasse<\/strong><\/th><th><strong>Almindelige brugstilf\u00e6lde<\/strong><\/th><\/tr><\/thead><tbody><tr><td>\u2264 25 km\/t<\/td><td>Pedelec<\/td><td>Skolek\u00f8rsel, indk\u00f8bsturer, \u00e6rinder i byen<\/td><\/tr><tr><td>25\u201332 km\/t<\/td><td>Klasse 2 \/ 750W<\/td><td>Levering af let gods, pendling i forst\u00e6derne<\/td><\/tr><tr><td>32\u201345 km\/t<\/td><td>Speed Pedelec<\/td><td>Kurertjenester, levering over lange afstande<\/td><\/tr><\/tbody><\/table><\/figure>\n\n\n\n<h2 class=\"wp-block-heading\"><strong>Tips fra Regen: S\u00e5dan k\u00f8rer du hurtigere og sikkert<\/strong><\/h2>\n\n\n\n<p>Vil du \u00f8ge hastigheden p\u00e5 din elcykel, samtidig med at du holder dig inden for sikre gr\u00e6nser? Her er vores r\u00e5d:<\/p>\n\n\n\n<ul class=\"wp-block-list\">\n<li><strong>Opgrader til en 750W mellemdrevsmotor<\/strong> hvis lokale love tillader det<\/li>\n\n\n\n<li><strong>Brug pedalassistance aktivt<\/strong> at presse sig ud over motorens hastigheder<\/li>\n\n\n\n<li><strong>Invest\u00e9r i de rigtige d\u00e6k og bremsesystemer<\/strong>- is\u00e6r med tungere last<\/li>\n\n\n\n<li><strong>Brug en str\u00f8mlinet lastops\u00e6tning<\/strong> (ingen overh\u00e6ngende kasser eller h\u00f8je paneler)<\/li>\n\n\n\n<li><strong>Overbelast ikke bagstativet<\/strong>\u2014selv balancen betyder noget ved h\u00f8jere hastigheder<\/li>\n<\/ul>\n\n\n\n<p>Vi har set leveringsteams \u00f8ge ruteeffektiviteten ved at <strong>35%<\/strong> blot ved at optimere d\u00e6ktryk, lastv\u00e6gt og k\u00f8reteknik \u2013 uden at \u00e6ndre motoren overhovedet.<\/p>\n\n\n\n<hr class=\"wp-block-separator has-alpha-channel-opacity\"\/>\n\n\n\n<h2 class=\"wp-block-heading\"><strong> Vigtige konklusioner<\/strong><\/h2>\n\n\n\n<ul class=\"wp-block-list\">\n<li>De fleste el-ladcykler er lovm\u00e6ssigt begr\u00e6nset til <strong>25\u201332 km\/t<\/strong> afh\u00e6ngigt af din placering<\/li>\n\n\n\n<li>Med den rigtige ops\u00e6tning, hastigheder p\u00e5 <strong>45 km\/t<\/strong> er opn\u00e5elige \u2013 men kr\u00e6ver en speed pedelec-klassificering<\/li>\n\n\n\n<li>Den faktiske marchhastighed ligger normalt omkring <strong>20\u201328 km\/t<\/strong>, som balancerer hastighed med sikkerhed og h\u00e5ndtering<\/li>\n\n\n\n<li>Cykelkonfiguration, lastkapacitet, terr\u00e6n og endda rytterens v\u00e6gt spiller alle en rolle.<\/li>\n\n\n\n<li>Hos Regen designer vi cykler ikke til r\u00e5 fart, men til <strong>sikker og effektiv transport, der holder din virksomhed eller livsstil i gang uden problemer<\/strong><\/li>\n<\/ul>\n\n\n\n<h2 class=\"wp-block-heading\"><strong>Referencer<\/strong><\/h2>\n\n\n\n<ol start=\"1\" class=\"wp-block-list\">\n<li><a href=\"https:\/\/eur-lex.europa.eu\/legal-content\/EN\/TXT\/?uri=CELEX%3A32013R0168\" target=\"_blank\" rel=\"noopener\">EU-forordning nr. 168\/2013<\/a><\/li>\n\n\n\n<li><a href=\"https:\/\/www.peopleforbikes.org\/electric-bikes\/policies\" target=\"_blank\" rel=\"noopener\">PeopleForBikes \u2013 Elcykelkurser<\/a><\/li>\n\n\n\n<li><a href=\"https:\/\/www.decathlon.co.uk\/p\/longtail-cargo-e-bike-r500-electric\/_\/R-p-336237\" target=\"_blank\" rel=\"noopener\">Decathlon R500E Specifikationer<\/a><\/li>\n\n\n\n<li><a href=\"https:\/\/cleantechnica.com\/2023\/06\/15\/lectric-xpedition-cargo-ebike-review\/\" target=\"_blank\" rel=\"noopener\">CleanTechnica-anmeldelse af Lectric XPedition<\/a><\/li>\n\n\n\n<li><a href=\"https:\/\/www.bikeradar.com\/news\/yamaha-electric-cargo-bike\/\" target=\"_blank\" rel=\"noopener\">Giant\/Yamaha Cargo elcykellancering<\/a><\/li>\n\n\n\n<li><a href=\"https:\/\/urbanarrow.com\" target=\"_blank\" rel=\"noopener\">Brugsscenarier for Urban Arrow-tenderfl\u00e5den<\/a><\/li>\n\n\n\n<li><a href=\"https:\/\/www.alibaba.com\/product-detail\/1000w-cargo-bike_1600780935471.html\" target=\"_blank\" rel=\"noopener\">Gunai GN66 Produktliste<\/a><\/li>\n\n\n\n<li><a href=\"https:\/\/www.r-m.de\/en-us\/models\/load-75\/\" target=\"_blank\" rel=\"noopener\">Riese &amp; M\u00fcller Load 75 Specifikationer<\/a><\/li>\n<\/ol>\n\n\n\n<hr class=\"wp-block-separator has-alpha-channel-opacity\"\/>\n\n\n\n<p><strong>Vil du vide mere eller pr\u00f8vek\u00f8re Regen&#039;s nyeste longtail- eller trehjulede modeller?<\/strong><\/p>\n\n\n\n<p>Kontakt os n\u00e5r som helst \u2013 vores ingeni\u00f8rteam hj\u00e6lper dig gerne med at finde den hastighedsops\u00e6tning, der passer til din rute, terr\u00e6n og lokale love.<\/p>\n\n\n\t\t<div data-elementor-type=\"section\" data-elementor-id=\"1591\" class=\"elementor elementor-1591\" data-elementor-post-type=\"elementor_library\">\n\t\t\t<div class=\"elementor-element elementor-element-8afca32 e-flex e-con-boxed e-con e-parent\" data-id=\"8afca32\" data-element_type=\"container\" data-e-type=\"container\" data-settings=\"{&quot;background_background&quot;:&quot;classic&quot;,&quot;ekit_has_onepagescroll_dot&quot;:&quot;yes&quot;}\">\n\t\t\t\t\t<div class=\"e-con-inner\">\n\t\t<div class=\"elementor-element elementor-element-24ec346 e-con-full e-flex e-con e-child\" data-id=\"24ec346\" data-element_type=\"container\" data-e-type=\"container\" data-settings=\"{&quot;background_background&quot;:&quot;classic&quot;,&quot;ekit_has_onepagescroll_dot&quot;:&quot;yes&quot;}\">\n\t\t\t\t<div class=\"elementor-element elementor-element-6b475eec elementor-absolute elementor-widget elementor-widget-image\" data-id=\"6b475eec\" data-element_type=\"widget\" data-e-type=\"widget\" data-settings=\"{&quot;_position&quot;:&quot;absolute&quot;}\" data-widget_type=\"image.default\">\n\t\t\t\t<div class=\"elementor-widget-container\">\n\t\t\t\t\t\t\t\t\t\t\t\t\t\t\t<img decoding=\"async\" width=\"800\" height=\"450\" src=\"https:\/\/regencargobikes.com\/wp-content\/uploads\/2025\/03\/RT.651.webp\" class=\"attachment-large size-large wp-image-1522\" alt=\"\" srcset=\"https:\/\/regencargobikes.com\/wp-content\/uploads\/2025\/03\/RT.651.webp 1000w, https:\/\/regencargobikes.com\/wp-content\/uploads\/2025\/03\/RT.651-300x169.webp 300w, https:\/\/regencargobikes.com\/wp-content\/uploads\/2025\/03\/RT.651-768x432.webp 768w, https:\/\/regencargobikes.com\/wp-content\/uploads\/2025\/03\/RT.651-18x10.webp 18w\" sizes=\"(max-width: 800px) 100vw, 800px\" \/>\t\t\t\t\t\t\t\t\t\t\t\t\t\t\t<\/div>\n\t\t\t\t<\/div>\n\t\t\t\t<div class=\"elementor-element elementor-element-48fc00c2 elementor-widget elementor-widget-image\" data-id=\"48fc00c2\" data-element_type=\"widget\" data-e-type=\"widget\" data-widget_type=\"image.default\">\n\t\t\t\t<div class=\"elementor-widget-container\">\n\t\t\t\t\t\t\t\t\t\t\t\t\t\t\t<img decoding=\"async\" width=\"533\" height=\"330\" src=\"https:\/\/regencargobikes.com\/wp-content\/uploads\/2025\/04\/New-1.png\" class=\"attachment-large size-large wp-image-436\" alt=\"\" srcset=\"https:\/\/regencargobikes.com\/wp-content\/uploads\/2025\/04\/New-1.png 533w, https:\/\/regencargobikes.com\/wp-content\/uploads\/2025\/04\/New-1-300x186.png 300w\" sizes=\"(max-width: 533px) 100vw, 533px\" \/>\t\t\t\t\t\t\t\t\t\t\t\t\t\t\t<\/div>\n\t\t\t\t<\/div>\n\t\t\t\t<\/div>\n\t\t<div class=\"elementor-element elementor-element-25aa7a08 e-con-full e-flex e-con e-child\" data-id=\"25aa7a08\" data-element_type=\"container\" data-e-type=\"container\" data-settings=\"{&quot;ekit_has_onepagescroll_dot&quot;:&quot;yes&quot;}\">\n\t\t\t\t<div class=\"elementor-element elementor-element-3d854eb8 elementor-widget elementor-widget-elementskit-heading\" data-id=\"3d854eb8\" data-element_type=\"widget\" data-e-type=\"widget\" data-widget_type=\"elementskit-heading.default\">\n\t\t\t\t<div class=\"elementor-widget-container\">\n\t\t\t\t\t<div class=\"ekit-wid-con\" ><div class=\"ekit-heading elementskit-section-title-wraper text_left   ekit_heading_tablet-   ekit_heading_mobile-text_center\"><p class=\"elementskit-section-subtitle\">\n\t\t\t\t\t\tKun 20 MOQ-cykler for at komme i gang \n\t\t\t\t\t<\/p><p class=\"ekit-heading--title elementskit-section-title\">Tilpasset el-ladcykel - RS01 <\/p>\t\t\t\t<div class='ekit-heading__description'>\n\t\t\t\t\t<p class=\"p2\">Uanset om du er et voksende brand eller en lokal butik, er vores kraftige ladcykler din billet til den blomstrende verden af milj\u00f8venlig levering. Lad os k\u00f8re!<\/p>\n\t\t\t\t<\/div>\n\t\t\t<\/div><\/div>\t\t\t\t<\/div>\n\t\t\t\t<\/div>\n\t\t\t\t<div class=\"elementor-element elementor-element-137412e2 elementor-align-left elementor-align--mobilecenter elementor-widget elementor-widget-elementskit-button\" data-id=\"137412e2\" data-element_type=\"widget\" data-e-type=\"widget\" data-widget_type=\"elementskit-button.default\">\n\t\t\t\t<div class=\"elementor-widget-container\">\n\t\t\t\t\t<div class=\"ekit-wid-con\" >\t\t<div class=\"ekit-btn-wraper\">\n\t\t\t\t\t\t\t<a href=\"#elementor-action%3Aaction%3Dpopup%3Aopen%26settings%3DeyJpZCI6IjczNCIsInRvZ2dsZSI6ZmFsc2V9\" class=\"elementskit-btn  whitespace--normal\" id=\"\">\n\t\t\t\t\tAnmod om et tilbud\t\t\t\t<\/a>\n\t\t\t\t\t<\/div>\n        <\/div>\t\t\t\t<\/div>\n\t\t\t\t<\/div>\n\t\t\t\t<\/div>\n\t\t\t\t\t<\/div>\n\t\t\t\t<\/div>\n\t\t\t\t<\/div>","protected":false},"excerpt":{"rendered":"<p>At Regen, we often get asked a deceptively simple question: \u201cHow fast can your electric cargo bike go?\u201d It\u2019s a fair question\u2014and an important one. Whether you\u2019re commuting, delivering goods, or riding for leisure, speed affects not just efficiency, but legality, safety, and riding comfort. So today, we\u2019re taking you behind the handlebars and into [&hellip;]<\/p>\n","protected":false},"author":2,"featured_media":1595,"comment_status":"open","ping_status":"closed","sticky":false,"template":"","format":"standard","meta":{"footnotes":""},"categories":[2,30],"tags":[],"class_list":["post-1600","post","type-post","status-publish","format-standard","has-post-thumbnail","hentry","category-knowledge","category-blog"],"_links":{"self":[{"href":"https:\/\/regencargobikes.com\/da\/wp-json\/wp\/v2\/posts\/1600","targetHints":{"allow":["GET"]}}],"collection":[{"href":"https:\/\/regencargobikes.com\/da\/wp-json\/wp\/v2\/posts"}],"about":[{"href":"https:\/\/regencargobikes.com\/da\/wp-json\/wp\/v2\/types\/post"}],"author":[{"embeddable":true,"href":"https:\/\/regencargobikes.com\/da\/wp-json\/wp\/v2\/users\/2"}],"replies":[{"embeddable":true,"href":"https:\/\/regencargobikes.com\/da\/wp-json\/wp\/v2\/comments?post=1600"}],"version-history":[{"count":2,"href":"https:\/\/regencargobikes.com\/da\/wp-json\/wp\/v2\/posts\/1600\/revisions"}],"predecessor-version":[{"id":1602,"href":"https:\/\/regencargobikes.com\/da\/wp-json\/wp\/v2\/posts\/1600\/revisions\/1602"}],"wp:featuredmedia":[{"embeddable":true,"href":"https:\/\/regencargobikes.com\/da\/wp-json\/wp\/v2\/media\/1595"}],"wp:attachment":[{"href":"https:\/\/regencargobikes.com\/da\/wp-json\/wp\/v2\/media?parent=1600"}],"wp:term":[{"taxonomy":"category","embeddable":true,"href":"https:\/\/regencargobikes.com\/da\/wp-json\/wp\/v2\/categories?post=1600"},{"taxonomy":"post_tag","embeddable":true,"href":"https:\/\/regencargobikes.com\/da\/wp-json\/wp\/v2\/tags?post=1600"}],"curies":[{"name":"wp","href":"https:\/\/api.w.org\/{rel}","templated":true}]}}