{"id":1739,"date":"2025-07-17T17:23:16","date_gmt":"2025-07-17T09:23:16","guid":{"rendered":"https:\/\/regencargobikes.com\/?p=1739"},"modified":"2025-07-17T17:23:19","modified_gmt":"2025-07-17T09:23:19","slug":"cargo-bike-front-light-guide","status":"publish","type":"post","link":"https:\/\/regencargobikes.com\/da\/cargo-bike-front-light-guide\/","title":{"rendered":"Guide til forlygter p\u00e5 ladcykler: Lysstyrke, farve og sikkerhed forklaret"},"content":{"rendered":"<p>Hos Regen, hvor vi designer og fremstiller komplette ladcykelsystemer til familier og fl\u00e5der, bliver vi ofte spurgt om frontbelysning - is\u00e6r n\u00e5r rytterne begynder at pendle i skumringen, navigere i svagt oplyste gyder i byen eller levere p\u00e5 m\u00f8rkere ruter p\u00e5 landet. Belysning handler ikke kun om synlighed; det handler om trafiksikkerhed, rytterens sikkerhed og endda batteriets effektivitet.<\/p>\n\n\n\n<p>I denne guide besvarer vi de mest almindelige sp\u00f8rgsm\u00e5l om forlygter til ladcykler, fra hvor mange lumen du faktisk har brug for, til om 4000 lumen er for meget - alt sammen underst\u00f8ttet af standarder og brugsscenarier fra den virkelige verden.<\/p>\n\n\n\n<h2 class=\"wp-block-heading\"><strong><font style=\"vertical-align: inherit;\"><font style=\"vertical-align: inherit;\"><strong>Hvad er en forlygte p\u00e5 en ladcykel?<\/strong><\/font><\/font><\/strong><\/h2>\n\n\n\n<p>EN <strong>Forlygte til ladcykel<\/strong> er en fremadrettet belysningsanordning monteret p\u00e5 styret, gaffelkronen eller bagageb\u00e6reren. Den er designet til:<\/p><div class=\"regen-test-placement-from-wizard-1604397851\" id=\"regen-2681620586\"><script async src=\"https:\/\/pagead2.googlesyndication.com\/pagead\/js\/adsbygoogle.js?client=ca-pub-1076230867169041\"\n     crossorigin=\"anonymous\"><\/script><\/div><div class=\"regen-test-placement-from-wizard-2878267818\" id=\"regen-320439660\"><script async src=\"https:\/\/pagead2.googlesyndication.com\/pagead\/js\/adsbygoogle.js?client=ca-pub-1076230867169041\"\n     crossorigin=\"anonymous\"><\/script><\/div>\n\n\n\n<ul class=\"wp-block-list\">\n<li><strong>Aktiv belysning<\/strong> (for at oplyse rytterens vej)<\/li>\n\n\n\n<li><strong>Passiv synlighed<\/strong> (for at g\u00f8re andre opm\u00e6rksomme p\u00e5 din tilstedev\u00e6relse)<\/li>\n<\/ul>\n\n\n\n<p>I mods\u00e6tning til almindelige pendlercykler kan ladcykler transportere passagerer eller varer, og de k\u00f8rer ofte med h\u00f8jere belastning og hastigheder. Det g\u00f8r p\u00e5lidelig forlygte ikke bare nyttig - men afg\u00f8rende for <strong>Lovlighed p\u00e5 vejene og rytterens sikkerhed<\/strong>.<\/p>\n\n\n\n<figure class=\"wp-block-table\"><table class=\"has-fixed-layout\"><thead><tr><th><strong>Faktor<\/strong><\/th><th><strong>Bym\u00e6ssig brug<\/strong><\/th><th><strong>Brug af landdistrikter eller stier<\/strong><\/th><th><strong>Ladcykler<\/strong><\/th><\/tr><\/thead><tbody><tr><td><strong>Lumen<\/strong><\/td><td>300-500<\/td><td>800-2000+<\/td><td>500-1500<\/td><\/tr><tr><td><strong>Str\u00e5lem\u00f8nster<\/strong><\/td><td>Bred, kort<\/td><td>Lang, fokuseret<\/td><td>Bred + mellemtone<\/td><\/tr><tr><td><strong>Montering<\/strong><\/td><td>Styr<\/td><td>Gaffel \/ hjelm<\/td><td>Gaffel eller integreret i stativ<\/td><\/tr><tr><td><strong>Batteritype<\/strong><\/td><td>USB-opladelig<\/td><td>Ekstern pakke med h\u00f8j kapacitet<\/td><td>Integreret med hovedbatteri (til e-lastcykler)<\/td><\/tr><\/tbody><\/table><\/figure>\n\n\n\n<p>Til ladcykler anbefaler vi en <strong>Vidvinkelstr\u00e5le<\/strong> der oplyser b\u00e5de vejen og siderne - is\u00e6r med en lang frontboks, der kan kaste skygger. Integrerede lygter, der f\u00e5r str\u00f8m fra elcyklens hovedbatteri, er p\u00e5lidelige og praktiske.<\/p>\n\n\n\n<h2 class=\"wp-block-heading\"><strong>Har du virkelig brug for en forlygte p\u00e5 en cykel?<\/strong><\/h2>\n\n\n\n<p>Ja - b\u00e5de juridisk og praktisk er det vigtigt med en forlygte.<\/p>\n\n\n\n<ul class=\"wp-block-list\">\n<li><a href=\"https:\/\/regencargobikes.com\/da\/cargo-bike-safety-standard-en-17860\/\" data-type=\"post\" data-id=\"416\"><strong>Juridiske krav<\/strong>: I de fleste EU-lande og i Storbritannien er en hvid forlygte obligatorisk, n\u00e5r man k\u00f8rer om natten eller under forhold med lav sigtbarhed (EN 15194 og lokale f\u00e6rdselsregler g\u00e6lder).<\/a><\/li>\n\n\n\n<li><strong>Praktisk n\u00f8dvendighed<\/strong>: Det g\u00f8r det muligt for andre trafikanter at se dig og hj\u00e6lper dig med at se vejen foran dig, is\u00e6r huller, kantsten eller snavs - s\u00e6rligt vigtigt p\u00e5 en lastet ladcykel.<\/li>\n<\/ul>\n\n\n\n<blockquote class=\"wp-block-quote is-layout-flow wp-block-quote-is-layout-flow\">\n<p><strong>Rigtig brugssag<\/strong>: Bytransport\u00f8rer rapporterer ofte, at uden en ordentlig forlygte falder sigtbarheden med over 50% efter solnedgang - selv p\u00e5 godt oplyste gader.<\/p>\n\n\n\n<h2 class=\"wp-block-heading\"><strong>Er det n\u00f8dvendigt med en forlygte p\u00e5 en ladcykel?<\/strong><\/h2>\n\n\n\n<p>Ja, i de fleste europ\u00e6iske lande og i Storbritannien, <strong>Forlygter er lovpligtige<\/strong> til cykler, der bruges om natten eller ved d\u00e5rlig sigtbarhed.<\/p>\n\n\n\n<p>If\u00f8lge <strong>EU-forordning EN 15194<\/strong> (til elektrisk assisterede pedalcykler):<\/p>\n\n\n\n<ul class=\"wp-block-list\">\n<li>EN <strong>hvidt eller selektivt gult frontlys<\/strong> skal v\u00e6re monteret.<\/li>\n\n\n\n<li>Lyset skal v\u00e6re synligt fra mindst <strong>100 meter<\/strong>.<\/li>\n\n\n\n<li>Ved vejgodkendelse m\u00e5 lysstr\u00e5len ikke bl\u00e6nde andre trafikanter (afsk\u00e6rmet lys).<\/li>\n<\/ul>\n\n\n\n<p>I Tyskland er <strong>StVZO (Stra\u00dfenverkehrs-Zulassungs-Ordnung)<\/strong> standard kr\u00e6ver specifik str\u00e5leformning, lysstyrke og str\u00f8mkildestabilitet, is\u00e6r for elcykler.<\/p>\n<\/blockquote>\n\n\n\n<h2 class=\"wp-block-heading\"><strong>Hvilken farve lys skal der v\u00e6re foran p\u00e5 en cykel?<\/strong><\/h2>\n\n\n\n<p>De <strong>Korrekt farve til en forlygte<\/strong> er enten:<\/p>\n\n\n\n<p><strong>Selektiv gul<\/strong> (mindre almindeligt, bruges i t\u00e5ge eller under forhold med lav kontrast)<\/p>\n\n\n\n<p><strong>Hvid<\/strong> (mest almindelige og lovlige i alle regioner)<\/p>\n\n\n\n<p>EU- og britiske regler (EN 15194, StVZO i Tyskland, Road Vehicles Lighting Regulations i Storbritannien) specificerer, at forlygten skal udsende et konstant eller blinkende lys. <strong>hvid str\u00e5le<\/strong>.<\/p>\n\n\n\n<blockquote class=\"wp-block-quote is-layout-flow wp-block-quote-is-layout-flow\">\n<p><strong>Vigtigt<\/strong>: Bl\u00e5 eller farvede lygter foran er ofte ulovlige og kan forveksles med udrykningsk\u00f8ret\u00f8jer eller skabe problemer med synligheden for andre trafikanter.<\/p>\n<\/blockquote>\n\n\n\n<p><strong>Tip<\/strong>: Varmhvide lys (4000-5000K farvetemperatur) er mere behagelige at k\u00f8re med om natten sammenlignet med h\u00e5rde bl\u00e5tonede LED'er.<\/p>\n\n\n\n<h2 class=\"wp-block-heading\"><strong>Hvor mange lumen skal en cykellygte foran have?<\/strong><\/h2>\n\n\n\n<p><br>Lysstyrken m\u00e5les i <strong>Lumen<\/strong>som kvantificerer den samlede m\u00e6ngde synligt lys, der udsendes.<\/p>\n\n\n\n<figure class=\"wp-block-table\"><table class=\"has-fixed-layout\"><thead><tr><th><strong>Ridesituation<\/strong><\/th><th><strong>Minimum anbefalet lysstyrke<\/strong><\/th><\/tr><\/thead><tbody><tr><td>Synlighed i dagtimerne (blinkende tilstand)<\/td><td>200-300 lumen<\/td><\/tr><tr><td>Byk\u00f8rsel om natten<\/td><td>400-600 lumen<\/td><\/tr><tr><td>Landlige eller uoplyste veje<\/td><td>800-1500 lumen<\/td><\/tr><tr><td>Nedstigning med h\u00f8j hastighed \/ tung belastning<\/td><td>1500-2000+ lumen<\/td><\/tr><\/tbody><\/table><\/figure>\n\n\n\n<p>For <strong>ladcykler<\/strong>anbefaler vi normalt <strong>600-1200 lumen<\/strong>afh\u00e6ngigt af:<\/p>\n\n\n\n<ul class=\"wp-block-list\">\n<li>Uanset om du k\u00f8rer om natten<\/li>\n\n\n\n<li>Vejens lysforhold<\/li>\n\n\n\n<li>Hastighed og lastv\u00e6gt (som p\u00e5virker bremsetiden)<\/li>\n<\/ul>\n\n\n\n<p><strong>Pro-tip<\/strong>: V\u00e6lg en lygte med justerbar lysstyrke (f.eks. lav-middel-h\u00f8j) for at skabe balance mellem str\u00f8mforbrug og synlighed.<\/p>\n\n\n\n<h2 class=\"wp-block-heading\"><strong>Er 1000\/3000\/4000 lumen for st\u00e6rkt til en cykellygte?<\/strong><\/h2>\n\n\n\n<p>Det kommer an p\u00e5 - men ja, det <em>kan v\u00e6re<\/em> for lys under nogle forhold.<\/p>\n\n\n\n<figure class=\"wp-block-table\"><table class=\"has-fixed-layout\"><thead><tr><th><strong>Lumen-niveau<\/strong><\/th><th><strong>Brugsscenarie<\/strong><\/th><th><strong>For lyst?<\/strong><\/th><\/tr><\/thead><tbody><tr><td><strong>1000 lumen<\/strong><\/td><td>Fremragende til ladcykler og allround-brug<\/td><td>\u2705 Sikker og ideel<\/td><\/tr><tr><td><strong>3000 lumen<\/strong><\/td><td>Velegnet til off-road eller meget m\u00f8rke omr\u00e5der<\/td><td>\u26a0\ufe0f Risiko for at bl\u00e6nde andre<\/td><\/tr><tr><td><strong>4000+ lumen<\/strong><\/td><td>Ekstrem lysstyrke; MTB- eller trailbrug<\/td><td>\ud83d\udeab Overkill til vejbrug<\/td><\/tr><\/tbody><\/table><\/figure>\n\n\n\n<p><strong>Hvorfor overdreven lysstyrke kan v\u00e6re et problem:<\/strong><\/p>\n\n\n\n<ul class=\"wp-block-list\">\n<li>Bl\u00e6nder modk\u00f8rende ryttere eller bilister<\/li>\n\n\n\n<li>Kan v\u00e6re i strid med lovm\u00e6ssige standarder i lande som Tyskland (StVZO-kompatible lygter begr\u00e6nser lysintensiteten)<\/li>\n\n\n\n<li>Spilder energi - dr\u00e6ner dit elcykelbatteri eller din eksterne lyspakke hurtigere<\/li>\n<\/ul>\n\n\n\n<p><strong>L\u00f8sning<\/strong>: Se efter lygter med antireflekslinser eller en afsk\u00e6rmet str\u00e5le - disse retter lyset nedad og oplyser vejen uden at bl\u00e6nde andre.<\/p>\n\n\n\n<h2 class=\"wp-block-heading\"><strong>Typer af <a href=\"https:\/\/regencargobikes.com\/da\/what-is-a-cargo-bike\/\" data-type=\"post\" data-id=\"1179\">Lastcykel<\/a> Forlygter efter str\u00f8mkilde<\/strong><\/h2>\n\n\n\n<figure class=\"wp-block-table\"><table class=\"has-fixed-layout\"><thead><tr><th><strong>Type<\/strong><\/th><th><strong>Beskrivelse<\/strong><\/th><th><strong>Egnet til<\/strong><\/th><\/tr><\/thead><tbody><tr><td><strong>Batteridrevet<\/strong><\/td><td>Integreret litium-ion-celle, genopladelig via USB<\/td><td>Letv\u00e6gtsops\u00e6tninger, afslappet bybrug<\/td><\/tr><tr><td><strong>Dynamo-drevet<\/strong><\/td><td>Hub-drevet, energieffektiv, uendelig driftstid<\/td><td>Brugscykler, ingen opladning n\u00f8dvendig<\/td><\/tr><tr><td><strong>Elcykelsystem drevet af str\u00f8m<\/strong><\/td><td>Tilsluttet elcyklens hovedbatteri via controller<\/td><td>De fleste moderne ladcykler med centralt batteri<\/td><\/tr><\/tbody><\/table><\/figure>\n\n\n\n<h2 class=\"wp-block-heading\"><strong>Ekstra funktioner, du skal kigge efter i en forlygte til ladcykler<\/strong><\/h2>\n\n\n\n<ul class=\"wp-block-list\">\n<li><strong>Integreret monteringssystem<\/strong>: S\u00e6rligt vigtigt for frontladende ladcykler. En gaffelmonteret eller bagageb\u00e6rerintegreret lygte reducerer vibrationer og forbedrer bj\u00e6lkens stabilitet.<\/li>\n\n\n\n<li><strong>Vandt\u00e6t klassificering<\/strong>: Mindst IPX4 til regnfulde pendlerture.<\/li>\n\n\n\n<li><strong>Dagk\u00f8rselstilstand<\/strong>: Forbedrer synligheden i dagslys - som i stigende grad findes i fragtfl\u00e5der.<\/li>\n\n\n\n<li><strong>Integration af batterier<\/strong>: Til e-lastcykler er en forlygte, der tr\u00e6kker str\u00f8m fra cyklens hovedbatteri, ideel - f\u00e6rre komponenter, der skal oplades eller administreres.<\/li>\n\n\n\n<li><strong>Standlight-funktion<\/strong>: Nogle avancerede dynamolygter eller integrerede lygter forbliver t\u00e6ndt i et par minutter efter stop - nyttigt ved r\u00f8dt lys eller korte stop.<\/li>\n<\/ul>\n\n\n\n<h2 class=\"wp-block-heading\"><strong>Juridiske og sikkerhedsm\u00e6ssige standarder at overveje<\/strong><\/h2>\n\n\n\n<p>N\u00e5r du k\u00f8ber eller integrerer et forlygtesystem, skal du kontrollere, at det overholder kravene:<\/p>\n\n\n\n<ul class=\"wp-block-list\">\n<li><strong>EN 15194<\/strong> - Europ\u00e6isk sikkerhedsforordning for elcykler omfatter krav til belysning<\/li>\n\n\n\n<li><strong>StVZO<\/strong> - Tysk standard for vejbelysning (hvis du eksporterer eller s\u00e6lger i Tyskland)<\/li>\n\n\n\n<li><strong>UN ECE R113<\/strong> - Til str\u00e5lem\u00f8nstre og lysspredning, is\u00e6r relevant for st\u00f8rre elektriske k\u00f8ret\u00f8jer<\/li>\n\n\n\n<li><strong>RoHS \/ CE<\/strong> - Sikkerhed for elektriske komponenter og overholdelse af milj\u00f8krav<\/li>\n<\/ul>\n\n\n\n<hr class=\"wp-block-separator has-alpha-channel-opacity\"\/>\n\n\n\t\t<div data-elementor-type=\"section\" data-elementor-id=\"1414\" class=\"elementor elementor-1414\" data-elementor-post-type=\"elementor_library\">\n\t\t\t<div class=\"elementor-element elementor-element-7bf5eb01 e-flex e-con-boxed e-con e-parent\" data-id=\"7bf5eb01\" data-element_type=\"container\" data-e-type=\"container\" data-settings=\"{&quot;background_background&quot;:&quot;classic&quot;,&quot;ekit_has_onepagescroll_dot&quot;:&quot;yes&quot;}\">\n\t\t\t\t\t<div class=\"e-con-inner\">\n\t\t<div class=\"elementor-element elementor-element-9fc34e2 e-con-full e-flex e-con e-child\" data-id=\"9fc34e2\" data-element_type=\"container\" data-e-type=\"container\" data-settings=\"{&quot;background_background&quot;:&quot;classic&quot;,&quot;ekit_has_onepagescroll_dot&quot;:&quot;yes&quot;}\">\n\t\t\t\t<div class=\"elementor-element elementor-element-af4e700 elementor-absolute elementor-widget elementor-widget-image\" data-id=\"af4e700\" data-element_type=\"widget\" data-e-type=\"widget\" data-settings=\"{&quot;_position&quot;:&quot;absolute&quot;}\" data-widget_type=\"image.default\">\n\t\t\t\t<div class=\"elementor-widget-container\">\n\t\t\t\t\t\t\t\t\t\t\t\t\t\t\t<img fetchpriority=\"high\" decoding=\"async\" width=\"800\" height=\"422\" src=\"https:\/\/regencargobikes.com\/wp-content\/uploads\/2025\/05\/regen-02-electric-cargo-bike-.webp\" class=\"attachment-large size-large wp-image-1398\" alt=\"Regen 02 elektrisk ladcykel\" srcset=\"https:\/\/regencargobikes.com\/wp-content\/uploads\/2025\/05\/regen-02-electric-cargo-bike-.webp 1000w, https:\/\/regencargobikes.com\/wp-content\/uploads\/2025\/05\/regen-02-electric-cargo-bike--300x158.webp 300w, https:\/\/regencargobikes.com\/wp-content\/uploads\/2025\/05\/regen-02-electric-cargo-bike--768x405.webp 768w, https:\/\/regencargobikes.com\/wp-content\/uploads\/2025\/05\/regen-02-electric-cargo-bike--18x9.webp 18w\" sizes=\"(max-width: 800px) 100vw, 800px\" \/>\t\t\t\t\t\t\t\t\t\t\t\t\t\t\t<\/div>\n\t\t\t\t<\/div>\n\t\t\t\t<\/div>\n\t\t<div class=\"elementor-element elementor-element-7de8cd9d e-con-full e-flex e-con e-child\" data-id=\"7de8cd9d\" data-element_type=\"container\" data-e-type=\"container\" data-settings=\"{&quot;ekit_has_onepagescroll_dot&quot;:&quot;yes&quot;}\">\n\t\t\t\t<div class=\"elementor-element elementor-element-308b8d20 elementor-widget elementor-widget-elementskit-heading\" data-id=\"308b8d20\" data-element_type=\"widget\" data-e-type=\"widget\" data-widget_type=\"elementskit-heading.default\">\n\t\t\t\t<div class=\"elementor-widget-container\">\n\t\t\t\t\t<div class=\"ekit-wid-con\" ><div class=\"ekit-heading elementskit-section-title-wraper text_left   ekit_heading_tablet-   ekit_heading_mobile-text_center\"><h3 class=\"elementskit-section-subtitle\">\n\t\t\t\t\t\tRegen 02 El-ladcykel\n\t\t\t\t\t<\/h3><h2 class=\"ekit-heading--title elementskit-section-title\">Leder du efter en kompakt, brugerdefinerbar frontl\u00e6sser til dit m\u00e6rke?<\/h2>\t\t\t\t<div class='ekit-heading__description'>\n\t\t\t\t\t<p class=\"p1\">T\u00dcV-testet gennem tidligere specialprojekter. Offentligt tilg\u00e6ngelig model \u2013 konfigurerbar, gennempr\u00f8vet og klar til skalering.<\/p>\n\t\t\t\t<\/div>\n\t\t\t<\/div><\/div>\t\t\t\t<\/div>\n\t\t\t\t<\/div>\n\t\t\t\t<div class=\"elementor-element elementor-element-bf516c8 elementor-align-left elementor-align--mobilecenter elementor-widget elementor-widget-elementskit-button\" data-id=\"bf516c8\" data-element_type=\"widget\" data-e-type=\"widget\" data-widget_type=\"elementskit-button.default\">\n\t\t\t\t<div class=\"elementor-widget-container\">\n\t\t\t\t\t<div class=\"ekit-wid-con\" >\t\t<div class=\"ekit-btn-wraper\">\n\t\t\t\t\t\t\t<a href=\"https:\/\/regencargobikes.com\/da\/long-john-cargo-bike-regen-02\/\" class=\"elementskit-btn  whitespace--normal\" id=\"\">\n\t\t\t\t\tL\u00e6r mere\t\t\t\t<\/a>\n\t\t\t\t\t<\/div>\n        <\/div>\t\t\t\t<\/div>\n\t\t\t\t<\/div>\n\t\t\t\t<\/div>\n\t\t\t\t\t<\/div>\n\t\t\t\t<\/div>\n\t\t\t\t<\/div>\n\t\t\n\n\n\n<h2 class=\"wp-block-heading\"><strong>Hvad kendetegner en god forlygte til ladcykler?<\/strong><\/h2>\n\n\n\n<p>En god forlygte til ladcykler er afg\u00f8rende for sikkerheden, is\u00e6r i betragtning af ladcyklers typisk st\u00f8rre st\u00f8rrelse og tungere last. Her er en oversigt over, hvad der g\u00f8r en lygte effektiv:<\/p>\n\n\n\n<h3 class=\"wp-block-heading\"><strong>1. Lysstyrke (Lumen\/Lux Output):<\/strong><\/h3>\n\n\n\n<ul class=\"wp-block-list\">\n<li><strong>H\u00f8jt lysniveau:<\/strong> Lastcykler har brug for et stort lysudbytte for at oplyse vejen foran sig, is\u00e6r n\u00e5r de b\u00e6rer tung last, der kan skjule vejen, eller n\u00e5r de k\u00f8rer i omr\u00e5der med begr\u00e6nset gadebelysning. Mens der ofte n\u00e6vnes et minimum p\u00e5 100-200 lumen for almindelige cykler, har ladcykler stor gavn af h\u00f8jere lysudbytte, ofte i st\u00f8rrelsesordenen <strong>500-1000+ lumen r\u00e6kkevidde<\/strong>Is\u00e6r p\u00e5 uoplyste veje og stier. Nogle elcykellygter kan endda lyse op til 1800 lumen eller mere.<\/li>\n\n\n\n<li><strong>Lux vs. lumen:<\/strong> Mens lumen m\u00e5ler det samlede lysudbytte, m\u00e5ler lux lysets intensitet p\u00e5 en bestemt afstand og i et bestemt omr\u00e5de. Lygter, der er designet med et godt str\u00e5lem\u00f8nster (se nedenfor), kan have lavere lumen, men stadig give fremragende belysning, hvor der er mest brug for det, p\u00e5 grund af optimeret lux.<\/li>\n<\/ul>\n\n\n\n<h3 class=\"wp-block-heading\"><strong>2. Str\u00e5lem\u00f8nster:<\/strong><\/h3>\n\n\n\n<ul class=\"wp-block-list\">\n<li><strong>Bred og j\u00e6vn spredning:<\/strong> I mods\u00e6tning til landevejscykler, der kan have gavn af en mere fokuseret lysstr\u00e5le af hensyn til hastigheden, har ladcykler brug for en bred og j\u00e6vn lysstr\u00e5le til at oplyse det st\u00f8rre omr\u00e5de foran cyklen, inklusive ladomr\u00e5det og potentielle forhindringer p\u00e5 siderne.<\/li>\n\n\n\n<li><strong>Afsk\u00e6ringsstr\u00e5le (StVZO-kompatibel):<\/strong> Lygter med vandret afsk\u00e6rmning anbefales, is\u00e6r hvis du k\u00f8rer i trafikken. Dette design leder lyset ud p\u00e5 vejen og forhindrer, at modk\u00f8rende cyklister og bilister bl\u00e6ndes. Dette er en almindelig funktion i europ\u00e6iske lygter (StVZO).<\/li>\n\n\n\n<li><strong>Ingen varme steder:<\/strong> En god lysstr\u00e5le skal v\u00e6re j\u00e6vn og ensartet uden alt for lyse \"hot spots\", der kan skabe skygger og reducere den samlede synlighed.<\/li>\n<\/ul>\n\n\n\n<h3 class=\"wp-block-heading\"><strong>3. Str\u00f8mkilde og driftstid:<\/strong><\/h3>\n\n\n\n<ul class=\"wp-block-list\">\n<li><strong>Batteridrevet (genopladelig):<\/strong> Mange moderne lygter til ladcykler er USB-opladelige. Se efter lange driftstider, is\u00e6r hvis du k\u00f8rer lange ture eller ofte glemmer at oplade. USB-C er en praktisk opladningsstandard.<\/li>\n\n\n\n<li><strong>Dynamo Hub Powered:<\/strong> For ultimativ bekvemmelighed og \"altid t\u00e6ndt\" belysning er et dynamonav integreret i dit forhjul en fremragende mulighed. Det genererer str\u00f8m, mens du cykler, og eliminerer behovet for batteriopladning. Det er is\u00e6r popul\u00e6rt p\u00e5 europ\u00e6iske ladcykler.<\/li>\n\n\n\n<li><strong>E-Bike integreret:<\/strong> Hvis du har en e-lastcykel, skal du kigge efter lygter, der er designet til at blive integreret direkte med din elcykels batterisystem. Disse lygter giver ofte h\u00f8jere effekt og konstant str\u00f8m uden behov for separate batterier. S\u00f8rg for, at lygtens sp\u00e6nding matcher din elcykels system (f.eks. 12 V, 24 V, 36 V, 48 V).<\/li>\n<\/ul>\n\n\n\n<h3 class=\"wp-block-heading\"><strong>4. Muligheder for montering:<\/strong><\/h3>\n\n\n\n<ul class=\"wp-block-list\">\n<li><strong>Sikker og stabil:<\/strong> Lastcykler oplever ofte flere vibrationer og kraftigere st\u00f8d. Lygten skal v\u00e6re sikkert monteret for at kunne modst\u00e5 disse kr\u00e6fter og bevare sit sigte.<\/li>\n\n\n\n<li><strong>Passende placering:<\/strong> Overvej, hvor lygten skal monteres p\u00e5 netop din ladcykel. Nogle ladcykler har dedikerede monteringspunkter, mens andre kan kr\u00e6ve kreative l\u00f8sninger. Et h\u00f8jere monteringspunkt kan ofte forbedre synligheden for rytteren og for andre trafikanter.<\/li>\n\n\n\n<li><strong>Fri bane:<\/strong> S\u00f8rg for, at lyset ikke forstyrrer din last, styring eller andet tilbeh\u00f8r.<\/li>\n<\/ul>\n\n\n\n<h3 class=\"wp-block-heading\"><strong>5. Holdbarhed og vejrbestandighed:<\/strong><\/h3>\n\n\n\n<ul class=\"wp-block-list\">\n<li><strong>Robust konstruktion:<\/strong> En lygte til ladcykler skal v\u00e6re bygget til at holde, med et holdbart kabinet (ofte aluminium), der kan modst\u00e5 daglig brug og potentielle st\u00f8d.<\/li>\n\n\n\n<li><strong>Vandt\u00e6t\/vejrbestandig:<\/strong> Se efter en IPX4-klassificering eller h\u00f8jere for at sikre, at lygten kan modst\u00e5 regn og st\u00e6nk.<\/li>\n<\/ul>\n\n\n\n<h3 class=\"wp-block-heading\"><strong>6. Yderligere funktioner:<\/strong><\/h3>\n\n\n\n<ul class=\"wp-block-list\">\n<li><strong>Flere tilstande:<\/strong> Selv om en st\u00e6rk konstant lysstr\u00e5le er afg\u00f8rende for at kunne se, kan blinkende tilstande \u00f8ge din synlighed for andre i dagslys eller i travle bymilj\u00f8er. Nogle lygter har ogs\u00e5 en \"adaptiv\" funktion, som justerer lysstyrken ud fra det omgivende lys.<\/li>\n\n\n\n<li><strong>K\u00f8relys i dagtimerne (DRL):<\/strong> Unders\u00f8gelser viser, at brug af lys om dagen kan reducere risikoen for kollisioner betydeligt. En dedikeret DRL-tilstand, ofte et mindre intenst, men meget synligt blink, er en v\u00e6rdifuld funktion.<\/li>\n\n\n\n<li><strong>Sidesynlighed:<\/strong> Lygter med sideudsk\u00e6ringer eller ekstra sidevendte LED'er kan forbedre din synlighed fra andre vinkler end direkte foran, hvilket er vigtigt for sikkerheden i vejkryds.<\/li>\n\n\n\n<li><strong>Power Bank-funktionalitet:<\/strong> Nogle batteridrevne lygter fungerer ogs\u00e5 som powerbanks, s\u00e5 du kan oplade din telefon eller andre enheder, n\u00e5r du er p\u00e5 farten.<\/li>\n\n\n\n<li><strong>Nem brugergr\u00e6nseflade:<\/strong> Enkle, handskevenlige knapper og tydeligt valg af tilstand er et plus.<\/li>\n\n\n\n<li><\/li>\n<\/ul>\n\n\n\n<h2 class=\"wp-block-heading\"><strong>Hvor skal forlygten monteres?<\/strong><\/h2>\n\n\n\n<p>Korrekt placering giver sikkerhed og forhindrer skyggedannelse. Her er almindelige muligheder:<\/p>\n\n\n\n<figure class=\"wp-block-table\"><table class=\"has-fixed-layout\"><thead><tr><th><strong>Monteringsposition<\/strong><\/th><th><strong>Fordele<\/strong><\/th><th><strong>Ulemper<\/strong><\/th><\/tr><\/thead><tbody><tr><td><strong>Monteret p\u00e5 styret<\/strong><\/td><td>Let at installere og justere<\/td><td>Kan skabe skygger fremad, hvis lasten blokerer<\/td><\/tr><tr><td><strong>Gaffelkrone<\/strong><\/td><td>Stabil belysning, lav bl\u00e6nding<\/td><td>Kan ryste i uj\u00e6vnt terr\u00e6n<\/td><\/tr><tr><td><strong>Bagageb\u00e6rer eller hovedr\u00f8r<\/strong><\/td><td>Tilpasses til lastens h\u00f8jde<\/td><td>Kr\u00e6ver tilpassede beslag<\/td><\/tr><\/tbody><\/table><\/figure>\n\n\n\n<p>Til frontl\u00e6ssede ladcykler, <strong>Lygter p\u00e5 styret kan v\u00e6re utilstr\u00e6kkelige<\/strong>. Vi anbefaler ofte <strong>dobbelte belysningssystemer<\/strong>:<\/p>\n\n\n\n<ul class=\"wp-block-list\">\n<li>Prim\u00e6rt lys t\u00e6ndt <strong>bagageb\u00e6rer eller ramme<\/strong><\/li>\n\n\n\n<li>Sekund\u00e6rt lys t\u00e6ndt <strong>Styr<\/strong><\/li>\n<\/ul>\n\n\n\n<h2 class=\"wp-block-heading\"><strong>Hvordan <a href=\"https:\/\/regencargobikes.com\/da\/about\/\" data-type=\"page\" data-id=\"171\">Regen <\/a>Hj\u00e6lpemidler: Modul\u00e6r belysning, integreret str\u00f8m og overholdelse af regler<\/strong><\/h2>\n\n\n\n<p>Vi designer Regen-ladcykler med integration af belysning i tankerne:<\/p>\n\n\n\n<ul class=\"wp-block-list\">\n<li><strong>Brugerdefineret montering af lys<\/strong> til Long Johns, trikes og step-throughs<\/li>\n\n\n\n<li><strong>Vandt\u00e6tte kabler<\/strong> (IP65+) og forudsikret ledningsnet<\/li>\n\n\n\n<li><strong>Str\u00f8mstyring p\u00e5 systemniveau<\/strong> for at undg\u00e5 batteridr\u00e6n<\/li>\n\n\n\n<li><strong>StVZO- og EN 15194-kompatible muligheder<\/strong> for EU-kunder<\/li>\n\n\n\n<li>Valgfri <strong>DRL, skift mellem fjern- og n\u00e6rlys<\/strong>, og <strong>Automatiske lyssensorer<\/strong><\/li>\n<\/ul>\n\n\n\n<p>Og til OEM\/ODM-partnere tilbyder vi <strong>Skr\u00e6ddersyet integration af forlygter<\/strong> afh\u00e6ngigt af rammegeometri, branding-\u00e6stetik og brugerscenarier.<\/p>\n\n\n\n<p>\ud83d\udce9 <a href=\"https:\/\/regencargobikes.com\/da\/contact\/\" data-type=\"page\" data-id=\"177\"><strong>Kontakt os nu<\/strong><\/a> for at diskutere dit projekt.<\/p>\n\n\n\n<hr class=\"wp-block-separator has-alpha-channel-opacity\"\/>\n\n\n\n<h2 class=\"wp-block-heading\"><strong>Referencer<\/strong><\/h2>\n\n\n\n<ul class=\"wp-block-list\">\n<li>Den Europ\u00e6iske Standardiseringsorganisation (CEN). (2021). <em>EN 15194: Elektrisk drevne cykler (EPAC) - EPAC - Sikkerhedskrav og pr\u00f8vningsmetoder.<\/em><\/li>\n\n\n\n<li>Forbundsministeriet for transport og digital infrastruktur (Tyskland). (2022). <em>StVZO - Stra\u00dfenverkehrs-Zulassungs-Ordnung.<\/em><\/li>\n\n\n\n<li>Unders\u00f8gelse af cykellygter og sikkerhed - det tyske cyklistforbund (ADFC), 2020.<\/li>\n<\/ul>","protected":false},"excerpt":{"rendered":"<p>At Regen, where we design and manufacture complete cargo bike systems for families and fleets, we often get asked about front lighting \u2014 especially as riders begin commuting at dusk, navigating low-light city alleys, or delivering across darker rural routes. Lighting is not just about visibility; it\u2019s about road legality, rider safety, and even battery [&hellip;]<\/p>\n","protected":false},"author":2,"featured_media":1740,"comment_status":"open","ping_status":"closed","sticky":false,"template":"","format":"standard","meta":{"footnotes":""},"categories":[2],"tags":[],"class_list":["post-1739","post","type-post","status-publish","format-standard","has-post-thumbnail","hentry","category-knowledge"],"_links":{"self":[{"href":"https:\/\/regencargobikes.com\/da\/wp-json\/wp\/v2\/posts\/1739","targetHints":{"allow":["GET"]}}],"collection":[{"href":"https:\/\/regencargobikes.com\/da\/wp-json\/wp\/v2\/posts"}],"about":[{"href":"https:\/\/regencargobikes.com\/da\/wp-json\/wp\/v2\/types\/post"}],"author":[{"embeddable":true,"href":"https:\/\/regencargobikes.com\/da\/wp-json\/wp\/v2\/users\/2"}],"replies":[{"embeddable":true,"href":"https:\/\/regencargobikes.com\/da\/wp-json\/wp\/v2\/comments?post=1739"}],"version-history":[{"count":1,"href":"https:\/\/regencargobikes.com\/da\/wp-json\/wp\/v2\/posts\/1739\/revisions"}],"predecessor-version":[{"id":1741,"href":"https:\/\/regencargobikes.com\/da\/wp-json\/wp\/v2\/posts\/1739\/revisions\/1741"}],"wp:featuredmedia":[{"embeddable":true,"href":"https:\/\/regencargobikes.com\/da\/wp-json\/wp\/v2\/media\/1740"}],"wp:attachment":[{"href":"https:\/\/regencargobikes.com\/da\/wp-json\/wp\/v2\/media?parent=1739"}],"wp:term":[{"taxonomy":"category","embeddable":true,"href":"https:\/\/regencargobikes.com\/da\/wp-json\/wp\/v2\/categories?post=1739"},{"taxonomy":"post_tag","embeddable":true,"href":"https:\/\/regencargobikes.com\/da\/wp-json\/wp\/v2\/tags?post=1739"}],"curies":[{"name":"wp","href":"https:\/\/api.w.org\/{rel}","templated":true}]}}