{"id":1763,"date":"2025-07-29T02:36:57","date_gmt":"2025-07-28T18:36:57","guid":{"rendered":"https:\/\/regencargobikes.com\/?p=1763"},"modified":"2025-07-29T02:37:00","modified_gmt":"2025-07-28T18:37:00","slug":"the-strategic-imperative-of-cargo-bikes-in-european-urban-mobility","status":"publish","type":"post","link":"https:\/\/regencargobikes.com\/da\/the-strategic-imperative-of-cargo-bikes-in-european-urban-mobility\/","title":{"rendered":"Den strategiske n\u00f8dvendighed af ladcykler i europ\u00e6isk bymobilitet"},"content":{"rendered":"<p>Europ\u00e6iske byer gennemg\u00e5r en dybtg\u00e5ende forandring i deres tilgang til transport og logistik i byerne. Fra at v\u00e6re en nichel\u00f8sning har ladcykler - is\u00e6r elektriske ladcykler (e-cargo bikes) - hurtigt udviklet sig til en strategisk s\u00f8jle for b\u00e6redygtig, omkostningseffektiv og menneskecentreret mobilitet. De er ikke blot et alternativ til traditionelle varevogne eller lastbiler; de er snarere en katalysator for sundere, sikrere og mere modstandsdygtige bymilj\u00f8er.<\/p>\n\n\n\n<p>I hele Europa hj\u00e6lper ladcykler med at opfylde ambiti\u00f8se klimam\u00e5l, tackle tr\u00e6ngsel i byerne og reducere de samfundsm\u00e6ssige omkostninger ved bildominerede bylandskaber. Denne overgang underst\u00f8ttes af st\u00e6rk markedsv\u00e6kst, underst\u00f8ttende politikker og teknologiske fremskridt, der g\u00f8r ladcykler stadig mere konkurrencedygtige.<\/p>\n\n\n\n<blockquote class=\"wp-block-quote is-layout-flow wp-block-quote-is-layout-flow\">\n<p><\/p>\n<\/blockquote>\n\n\n\n<hr class=\"wp-block-separator has-alpha-channel-opacity\"\/>\n\n\n\n<h2 class=\"wp-block-heading\"><strong>Definition af ladcykler og deres mangeartede fordele<\/strong><\/h2>\n\n\n\n<p>Lastcykler er specialbyggede cykler eller trehjulede cykler, der er designet til at transportere varer, passagerer eller udstyr ud over, hvad en konventionel cykel kan klare. Deres elektriske varianter (e-cargo bikes) integrerer batteridrevet pedalassistance, s\u00e5 de kan b\u00e6re tungere last og k\u00f8re l\u00e6ngere afstande med mindre fysisk anstrengelse.<\/p><div class=\"regen-test-placement-from-wizard-1604397851\" id=\"regen-327987409\"><script async src=\"https:\/\/pagead2.googlesyndication.com\/pagead\/js\/adsbygoogle.js?client=ca-pub-1076230867169041\"\n     crossorigin=\"anonymous\"><\/script><\/div><div class=\"regen-test-placement-from-wizard-2878267818\" id=\"regen-3506297628\"><script async src=\"https:\/\/pagead2.googlesyndication.com\/pagead\/js\/adsbygoogle.js?client=ca-pub-1076230867169041\"\n     crossorigin=\"anonymous\"><\/script><\/div>\n\n\n\n<p>Engang var de begr\u00e6nset til sm\u00e5 leveringspiloter i byerne eller familiebrug, men nu spiller ladcykler en central rolle i bylogistikken og mobiliteten. Deres brede appel ligger i en kombination af milj\u00f8m\u00e6ssige, \u00f8konomiske, driftsm\u00e6ssige og sociale fordele, der r\u00e6kker langt ud over transportsektoren.<\/p>\n\n\n\n<hr class=\"wp-block-separator has-alpha-channel-opacity\"\/>\n\n\n\n<p><\/p>\n\n\n\n<h3 class=\"wp-block-heading\"><strong>Milj\u00f8m\u00e6ssige fordele: Udledningsfri bytransport<\/strong><\/h3>\n\n\n\n<p>Lastcykler er en direkte l\u00f8sning p\u00e5 det presserende behov for at reducere CO2-udledningen fra bytransport. I mods\u00e6tning til konventionelle dieselvarebiler k\u00f8rer e-cargo-cykler uden udst\u00f8dningsgasser, hvilket reducerer CO2-aftrykket dramatisk.<\/p>\n\n\n\n<ul class=\"wp-block-list\">\n<li>En unders\u00f8gelse fra London viste, at ladcykler producerer <strong>96% mindre CO\u2082-udledning pr. kilometer end elektriske varevogne<\/strong> og op til <strong>90% mindre end dieselvarebiler<\/strong>.<\/li>\n\n\n\n<li>I Amsterdam er byens <em>Cykellogistik<\/em> projekt erstattet <strong>7% af kommercielle varevognsture<\/strong>, sk\u00e6re <strong>16.000 tons \u00e5rlig CO\u2082-udledning<\/strong>-det svarer til at fjerne <strong>3.500 biler<\/strong> fra gaderne.<\/li>\n<\/ul>\n\n\n\n<p>Disse milj\u00f8m\u00e6ssige fordele har afledte effekter. Renere luft bidrager til at forbedre folkesundheden, mens reduceret st\u00f8jforurening g\u00f8r det nemmere at bo i byen.<\/p>\n\n\n\n<blockquote class=\"wp-block-quote is-layout-flow wp-block-quote-is-layout-flow\">\n<figure class=\"wp-block-image size-large\"><img fetchpriority=\"high\" decoding=\"async\" width=\"1024\" height=\"471\" src=\"https:\/\/regencargobikes.com\/wp-content\/uploads\/2025\/07\/In-Amsterdam-the-citys-Cycle-Logistics-project-replaced-7-of-commercial-van-trips-cutting-16000-tonnes-of-annual-CO\u2082-emissions\u2014the-equivalent-of-removing-3500-cars-from-the-streets-1024x471.webp\" alt=\"\" class=\"wp-image-1764\" srcset=\"https:\/\/regencargobikes.com\/wp-content\/uploads\/2025\/07\/In-Amsterdam-the-citys-Cycle-Logistics-project-replaced-7-of-commercial-van-trips-cutting-16000-tonnes-of-annual-CO\u2082-emissions\u2014the-equivalent-of-removing-3500-cars-from-the-streets-1024x471.webp 1024w, https:\/\/regencargobikes.com\/wp-content\/uploads\/2025\/07\/In-Amsterdam-the-citys-Cycle-Logistics-project-replaced-7-of-commercial-van-trips-cutting-16000-tonnes-of-annual-CO\u2082-emissions\u2014the-equivalent-of-removing-3500-cars-from-the-streets-300x138.webp 300w, https:\/\/regencargobikes.com\/wp-content\/uploads\/2025\/07\/In-Amsterdam-the-citys-Cycle-Logistics-project-replaced-7-of-commercial-van-trips-cutting-16000-tonnes-of-annual-CO\u2082-emissions\u2014the-equivalent-of-removing-3500-cars-from-the-streets-768x353.webp 768w, https:\/\/regencargobikes.com\/wp-content\/uploads\/2025\/07\/In-Amsterdam-the-citys-Cycle-Logistics-project-replaced-7-of-commercial-van-trips-cutting-16000-tonnes-of-annual-CO\u2082-emissions\u2014the-equivalent-of-removing-3500-cars-from-the-streets-1536x706.webp 1536w, https:\/\/regencargobikes.com\/wp-content\/uploads\/2025\/07\/In-Amsterdam-the-citys-Cycle-Logistics-project-replaced-7-of-commercial-van-trips-cutting-16000-tonnes-of-annual-CO\u2082-emissions\u2014the-equivalent-of-removing-3500-cars-from-the-streets-18x8.webp 18w, https:\/\/regencargobikes.com\/wp-content\/uploads\/2025\/07\/In-Amsterdam-the-citys-Cycle-Logistics-project-replaced-7-of-commercial-van-trips-cutting-16000-tonnes-of-annual-CO\u2082-emissions\u2014the-equivalent-of-removing-3500-cars-from-the-streets.webp 1766w\" sizes=\"(max-width: 1024px) 100vw, 1024px\" \/><\/figure>\n<\/blockquote>\n\n\n\n<hr class=\"wp-block-separator has-alpha-channel-opacity\"\/>\n\n\n\n<p><\/p>\n\n\n\n<h3 class=\"wp-block-heading\"><strong>\u00d8konomisk og operationel effektivitet: Omdefinering af byleverancer<\/strong><\/h3>\n\n\n\n<p>Fra et forretningsm\u00e6ssigt perspektiv giver ladcykler overbevisende \u00f8konomiske fordele. Flere unders\u00f8gelser og pilotprojekter har vist, at e-lastcykler klarer sig bedre end varevogne i t\u00e6tte bymilj\u00f8er.<\/p>\n\n\n\n<ul class=\"wp-block-list\">\n<li>Lastcykler kan reducere leveringsomkostningerne ved at <strong>op til 90%<\/strong> n\u00e5r man tager h\u00f8jde for br\u00e6ndstof, parkering og vedligeholdelse.<\/li>\n\n\n\n<li>I Milano viste et pilotprogram en <strong>23% reduktion i leveringstider<\/strong> og en <strong>40% fald i driftsomkostninger<\/strong> til last mile-logistik sammenlignet med varevogne.<\/li>\n\n\n\n<li>I overbelastede bycentre leverer ladcykler pakker <strong>30% hurtigere<\/strong> og kan gennemf\u00f8re <strong>20-25 leverancer i timen<\/strong>mod kun <strong>12 leveringer i timen<\/strong> til varevogne.<\/li>\n<\/ul>\n\n\n\n<p>Lastcyklernes evne til at opretholde forudsigelige servicetider, selv i trafikerede omr\u00e5der, g\u00f8r det muligt for virksomheder at optimere leveringsplanerne og \u00f8ge kundetilfredsheden.<\/p>\n\n\n\n<blockquote class=\"wp-block-quote is-layout-flow wp-block-quote-is-layout-flow\">\n<p><\/p>\n<\/blockquote>\n\n\n\n<hr class=\"wp-block-separator has-alpha-channel-opacity\"\/>\n\n\n\n<p><\/p>\n\n\n\n<h3 class=\"wp-block-heading\"><strong>Mindre tr\u00e6ngsel og bedre adgang til byerne<\/strong><\/h3>\n\n\n\n<p>Lastcykler er s\u00e6rdeles velegnede til at navigere i overfyldte bygader, g\u00e5gader og lavemissionszoner (LEZ), hvor st\u00f8rre k\u00f8ret\u00f8jer f\u00e5r b\u00f8der eller direkte restriktioner.<\/p>\n\n\n\n<p>Deres kompakte st\u00f8rrelse g\u00f8r dem i stand til at omg\u00e5 trafikk\u00f8er og f\u00e5 adgang til kantsten uden at blokere veje eller cykelstier. Ved at erstatte varevogne frig\u00f8r ladcykler v\u00e6rdifuldt byrum, reducerer antallet af dobbeltparkeringer og mindsker tr\u00e6ngslen - en fordel, som b\u00e5de byer og virksomheder s\u00e6tter stor pris p\u00e5.<\/p>\n\n\n\n<hr class=\"wp-block-separator has-alpha-channel-opacity\"\/>\n\n\n\n<p><\/p>\n\n\n\n<h3 class=\"wp-block-heading\"><strong>Sociale og sundhedsm\u00e6ssige fordele: Sikrere, mere aktive byer<\/strong><\/h3>\n\n\n\n<p>Ud over de milj\u00f8m\u00e6ssige og \u00f8konomiske gevinster giver ladcykler betydelige sociale fordele:<\/p>\n\n\n\n<ol start=\"1\" class=\"wp-block-list\">\n<li><strong>Fremme af aktiv rejseaktivitet:<\/strong> \u00d8get cykeldeltagelse fremmer en sundere livsstil og opbygger cykelkulturer i byerne.<\/li>\n\n\n\n<li><strong>Sikrere gader:<\/strong> Lastcykler k\u00f8rer med lavere hastigheder end motoriserede k\u00f8ret\u00f8jer, hvilket reducerer risikoen for og alvoren af trafiksammenst\u00f8d.<\/li>\n\n\n\n<li><strong>Folkesundhed:<\/strong> Renere luft og mindre st\u00f8jforurening bidrager til bedre trivsel i samfundet.<\/li>\n<\/ol>\n\n\n\n<p>Londons <strong>Vision Zero<\/strong> Sikkerhedsstrategien er f.eks. t\u00e6t forbundet med indf\u00f8relse af ladcykler, fordi disse k\u00f8ret\u00f8jer reducerer trafikrisikoen for fodg\u00e6ngere og andre cyklister.<\/p>\n\n\n\n<blockquote class=\"wp-block-quote is-layout-flow wp-block-quote-is-layout-flow\">\n<p><\/p>\n<\/blockquote>\n\n\n\n<hr class=\"wp-block-separator has-alpha-channel-opacity\"\/>\n\n\n\n<p><\/p>\n\n\n\n<h3 class=\"wp-block-heading\"><strong>En selvforst\u00e6rkende cyklus af fordele<\/strong><\/h3>\n\n\n\n<p>Disse mangesidede fordele arbejder i synergi. Virksomheder geninvesterer besparelserne fra ladcykelleverancer i at udvide deres gr\u00f8nne fl\u00e5der, hvilket yderligere reducerer tr\u00e6ngsel og emissioner. Renere og sikrere gader f\u00e5r flere mennesker til at cykle, hvilket \u00f8ger eftersp\u00f8rgslen efter cykelinfrastruktur og normaliserer brugen af ladcykler.<\/p>\n\n\n\n<p>Bypolitikker, der er designet til at fremme ladcykler, b\u00f8r derfor tage en <strong>holistisk tilgang<\/strong>og udnytter milj\u00f8m\u00e6ssige, \u00f8konomiske og sociale fordele p\u00e5 samme tid for at maksimere effekten.<\/p>\n\n\n\n<hr class=\"wp-block-separator has-alpha-channel-opacity\"\/>\n\n\n\n<p><\/p>\n\n\n\n<h2 class=\"wp-block-heading\"><strong>Oversigt over det europ\u00e6iske marked for e-lastcykler: Nuv\u00e6rende status og v\u00e6kstprognoser (2024-2034)<\/strong><\/h2>\n\n\n\n<p>Det europ\u00e6iske marked for e-lastcykler er g\u00e5et ind i en periode med eksplosiv v\u00e6kst, hvilket afspejler dets stigende betydning i byernes mobilitetsstrategier.<\/p>\n\n\n\n<ul class=\"wp-block-list\">\n<li><strong>Markedsv\u00e6rdi i 2024:<\/strong> USD <strong>2,01 milliarder kroner<\/strong><\/li>\n\n\n\n<li><strong>Forventet markedsv\u00e6rdi i 2034:<\/strong> USD <strong>37,24 milliarder kroner<\/strong><\/li>\n\n\n\n<li><strong>CAGR:<\/strong> <strong>33.90% (2024-2034)<\/strong><\/li>\n<\/ul>\n\n\n\n<p>En separat analyse ansl\u00e5r, at markedet vil vokse fra <strong>USD 1,16 milliarder i 2025 til USD 1,6 milliarder i 2029<\/strong>hvilket repr\u00e6senterer en mere konservativ, men stadig betydelig <strong>8.51% CAGR<\/strong>.<\/p>\n\n\n\n<p>Denne opadg\u00e5ende kurve er drevet af flere sammenfaldende kr\u00e6fter:<\/p>\n\n\n\n<ol start=\"1\" class=\"wp-block-list\">\n<li><strong>Prioriteter for b\u00e6redygtig mobilitet:<\/strong> Byer og virksomheder prioriterer transport med lavt CO2-udslip.<\/li>\n\n\n\n<li><strong>Regulatorisk pres:<\/strong> Strengere milj\u00f8standarder, som f.eks. den europ\u00e6iske gr\u00f8nne pagt, fremskynder elektrificeringen af bilparken.<\/li>\n\n\n\n<li><strong>Omkostningseffektiv logistik:<\/strong> Eftersp\u00f8rgslen efter prisbillige l\u00f8sninger til levering af sidste kilometer er rekordh\u00f8j.<\/li>\n<\/ol>\n\n\n\n<blockquote class=\"wp-block-quote is-layout-flow wp-block-quote-is-layout-flow\">\n<p><\/p>\n<\/blockquote>\n\n\n\n<hr class=\"wp-block-separator has-alpha-channel-opacity\"\/>\n\n\n\n<p><\/p>\n\n\n\n<h3 class=\"wp-block-heading\"><strong>Regionale ledere: Vesteuropa i front<\/strong><\/h3>\n\n\n\n<p>Vesteuropa dominerer markedet for e-lastcykler med Tyskland, Holland, Danmark og Frankrig som de f\u00f8rende lande.<\/p>\n\n\n\n<ul class=\"wp-block-list\">\n<li><strong>Tyskland:<\/strong> Holder <strong>44% af det europ\u00e6iske marked (2024)<\/strong>takket v\u00e6re st\u00e6rke cykeltraditioner, ambiti\u00f8se klimapolitikker og investeringer i cykelinfrastruktur som beskyttede baner og sikre parkeringsfaciliteter.<\/li>\n\n\n\n<li><strong>Holland og Danmark:<\/strong> Disse cykelnationer nyder godt af \u00e5rtiers udvikling af infrastruktur, hvilket g\u00f8r dem til ideelle milj\u00f8er for udbredt brug af e-lastcykler.<\/li>\n\n\n\n<li><strong>Frankrig:<\/strong> Paris og andre franske byer er i fuld gang med at opskalere ladcykelinitiativer som en del af bredere mobilitets- og klimastrategier.<\/li>\n<\/ul>\n\n\n\n<hr class=\"wp-block-separator has-alpha-channel-opacity\"\/>\n\n\n\n<p><\/p>\n\n\n\n<h3 class=\"wp-block-heading\"><strong>Industriens landskab: Forskellige akt\u00f8rer driver innovation<\/strong><\/h3>\n\n\n\n<p>Markedet best\u00e5r af en dynamisk blanding af etablerede cykelproducenter, nystartede virksomheder inden for elektrisk mobilitet og specialiserede producenter af ladcykler. De f\u00f8rende virksomheder omfatter:<\/p>\n\n\n\n<ul class=\"wp-block-list\">\n<li><strong>Urban Arrow<\/strong><\/li>\n\n\n\n<li><strong>Riese &amp; M\u00fcller<\/strong><\/li>\n\n\n\n<li><strong>Tern Cykler<\/strong><\/li>\n\n\n\n<li><strong>Slagtere og cykler<\/strong><\/li>\n\n\n\n<li><strong>Rad Power Bikes<\/strong><\/li>\n\n\n\n<li><strong>Babboe<\/strong><\/li>\n<\/ul>\n\n\n\n<p>Disse m\u00e6rker investerer kraftigt i <strong>Produktdiversificering<\/strong>og tilbyder modeller som f.eks:<\/p>\n\n\n\n<ol start=\"1\" class=\"wp-block-list\">\n<li><strong><a href=\"https:\/\/regencargobikes.com\/da\/what-is-a-long-john-cargo-bike\/\" data-type=\"post\" data-id=\"1411\">Lastcykler med lang hale<\/a>:<\/strong> Forl\u00e6ngede bagageb\u00e6rere til transport af flere b\u00f8rn eller store ting.<\/li>\n\n\n\n<li><strong><a href=\"https:\/\/regencargobikes.com\/da\/rs01-e-cargo-bike\/\" data-type=\"page\" data-id=\"933\">Design med frontl\u00e6sser (Bakfiets)<\/a>:<\/strong> Store kasser foran til tungere eller mere skr\u00f8beligt gods.<\/li>\n\n\n\n<li><strong>Trehjulede cargo-trikes:<\/strong> St\u00f8rre lasteevne og stabilitet, ideel til kommerciel fragt.<\/li>\n<\/ol>\n\n\n\n<p>Fremskridt inden for <strong>batteriteknologi, elmotorer og letv\u00e6gtsrammer<\/strong> g\u00f8r ladcykler mere holdbare, p\u00e5lidelige og alsidige end nogensinde.<\/p>\n\n\n\n<blockquote class=\"wp-block-quote is-layout-flow wp-block-quote-is-layout-flow\">\n<p><strong>Forslag til billede:<\/strong> En collage med etiketter, der viser forskellige e-lastcykeldesigns (longtail, frontloader og trehjulet cykel) fra f\u00f8rende europ\u00e6iske m\u00e6rker.<\/p>\n<\/blockquote>\n\n\n\n<hr class=\"wp-block-separator has-alpha-channel-opacity\"\/>\n\n\n\n<p><\/p>\n\n\n\n<h3 class=\"wp-block-heading\"><strong>Markedsudvikling og specialisering<\/strong><\/h3>\n\n\n\n<p>Lastcykelsektoren er ved at blive modnet til et selvst\u00e6ndigt segment, der adskiller sig fra den bredere cykelindustri. Beviset p\u00e5 dette skift kan ses i lanceringen af <strong>Mobifuture<\/strong>, en dedikeret messe for elektrisk og urban mobilitet, der afholdes sammen med <strong>Eurobike<\/strong> fra 2026.<\/p>\n\n\n\n<p>Denne nye begivenhed vil s\u00e6tte fokus p\u00e5 ladcykler som en vigtig del af Europas mobilitetsfremtid og forbinde producenter, beslutningstagere og fl\u00e5deoperat\u00f8rer. Efterh\u00e5nden som de private investeringer vokser, og stordriftsfordelene sl\u00e5r igennem, forventes sektoren at blive mere og mere selvb\u00e6rende og mindre afh\u00e6ngig af offentlige tilskud.<\/p>\n\n\n\n<blockquote class=\"wp-block-quote is-layout-flow wp-block-quote-is-layout-flow\">\n<p><strong>Forslag til billede:<\/strong> Foto af en travl Eurobike-udstillingshal med innovative ladcykelmodeller og netv\u00e6rk mellem branchefolk.<\/p>\n<\/blockquote>\n\n\n\n<hr class=\"wp-block-separator has-alpha-channel-opacity\"\/>\n\n\n\n<p><\/p>\n\n\n\n<h2 class=\"wp-block-heading\"><strong>Konklusion: Lastcykler som en hj\u00f8rnesten i europ\u00e6isk bymobilitet<\/strong><\/h2>\n\n\n\n<p>Lastcykler giver transformerende resultater for byer, virksomheder og lokalsamfund. De reducerer udledningen af drivhusgasser dramatisk, s\u00e6nker logistikomkostningerne og forbedrer bylivet gennem sikrere gader og bedre offentlige rum.<\/p>\n\n\n\n<p>Europas marked for e-lastcykler er p\u00e5 en stejl opadg\u00e5ende kurve og vokser fra <strong>2,01 milliarder USD i 2024 til forventet 37,24 milliarder USD i 2034<\/strong>. Denne udvidelse er drevet af fremsynede politikker, teknologisk innovation og et skift i offentlighedens holdning til b\u00e6redygtig transport.<\/p>\n\n\n\n<p>For politiske beslutningstagere er investering i infrastruktur og incitamenter for ladcykler ikke bare en milj\u00f8m\u00e6ssig gestus - det er en strategisk beslutning om mobilitet i byerne med langsigtede sociale og \u00f8konomiske fordele. For virksomheder er det en klar konkurrencefordel at tage ladcykler i brug for at im\u00f8dekomme kundernes forventninger om hurtige, p\u00e5lidelige og milj\u00f8venlige leverancer.<\/p>\n\n\n\n<p>Mens byerne fortsat k\u00e6mper med tr\u00e6ngsel, klimaforandringer og folkesundhedsudfordringer, skiller ladcykler sig ud som en gennempr\u00f8vet, skalerbar l\u00f8sning, der kan omforme europ\u00e6isk bymobilitet i de kommende \u00e5rtier.<\/p>\n\n\n\n<p><\/p>","protected":false},"excerpt":{"rendered":"<p>European cities are undergoing a profound transformation in how they approach urban transportation and logistics. Once regarded as a niche solution, cargo bikes\u2014particularly electric cargo bikes (e-cargo bikes)\u2014have rapidly evolved into a strategic pillar for sustainable, cost-effective, and people-centric mobility. They are not merely an alternative to traditional delivery vans or trucks; rather, they are [&hellip;]<\/p>\n","protected":false},"author":2,"featured_media":1630,"comment_status":"closed","ping_status":"closed","sticky":false,"template":"","format":"standard","meta":{"footnotes":""},"categories":[2],"tags":[],"class_list":["post-1763","post","type-post","status-publish","format-standard","has-post-thumbnail","hentry","category-knowledge"],"_links":{"self":[{"href":"https:\/\/regencargobikes.com\/da\/wp-json\/wp\/v2\/posts\/1763","targetHints":{"allow":["GET"]}}],"collection":[{"href":"https:\/\/regencargobikes.com\/da\/wp-json\/wp\/v2\/posts"}],"about":[{"href":"https:\/\/regencargobikes.com\/da\/wp-json\/wp\/v2\/types\/post"}],"author":[{"embeddable":true,"href":"https:\/\/regencargobikes.com\/da\/wp-json\/wp\/v2\/users\/2"}],"replies":[{"embeddable":true,"href":"https:\/\/regencargobikes.com\/da\/wp-json\/wp\/v2\/comments?post=1763"}],"version-history":[{"count":1,"href":"https:\/\/regencargobikes.com\/da\/wp-json\/wp\/v2\/posts\/1763\/revisions"}],"predecessor-version":[{"id":1765,"href":"https:\/\/regencargobikes.com\/da\/wp-json\/wp\/v2\/posts\/1763\/revisions\/1765"}],"wp:featuredmedia":[{"embeddable":true,"href":"https:\/\/regencargobikes.com\/da\/wp-json\/wp\/v2\/media\/1630"}],"wp:attachment":[{"href":"https:\/\/regencargobikes.com\/da\/wp-json\/wp\/v2\/media?parent=1763"}],"wp:term":[{"taxonomy":"category","embeddable":true,"href":"https:\/\/regencargobikes.com\/da\/wp-json\/wp\/v2\/categories?post=1763"},{"taxonomy":"post_tag","embeddable":true,"href":"https:\/\/regencargobikes.com\/da\/wp-json\/wp\/v2\/tags?post=1763"}],"curies":[{"name":"wp","href":"https:\/\/api.w.org\/{rel}","templated":true}]}}