{"id":1766,"date":"2025-07-29T04:04:42","date_gmt":"2025-07-28T20:04:42","guid":{"rendered":"https:\/\/regencargobikes.com\/?p=1766"},"modified":"2025-07-29T04:04:44","modified_gmt":"2025-07-28T20:04:44","slug":"e-cargo-bike-current-policy-landscape-and-enabling-activities-across-the-eu","status":"publish","type":"post","link":"https:\/\/regencargobikes.com\/da\/e-cargo-bike-current-policy-landscape-and-enabling-activities-across-the-eu\/","title":{"rendered":"E Cargo Bike Nuv\u00e6rende politiske landskab og underst\u00f8ttende aktiviteter i hele EU"},"content":{"rendered":"<p>Udbredelsen af ladcykler i Europa sker ikke i isolation. Et robust og velkoordineret politisk \u00f8kosystem p\u00e5 <strong>EU-, nationalt- og byniveau<\/strong> driver denne overgang, st\u00f8ttet af <strong>\u00f8konomiske incitamenter, udvikling af infrastruktur, pilotprogrammer og offentlig-private partnerskaber<\/strong>. Tilsammen skaber disse initiativer foruds\u00e6tningerne for, at ladcykler kan blive en almindelig l\u00f8sning for mobilitet og logistik i byerne.<\/p>\n\n\n\n<hr class=\"wp-block-separator has-alpha-channel-opacity\"\/>\n\n\n\n<h2 class=\"wp-block-heading\"><strong>2.1 Den Europ\u00e6iske Unions rammer for ladcykelpolitik og direktiver<\/strong><\/h2>\n\n\n\n<p>P\u00e5 h\u00f8jeste niveau har Den Europ\u00e6iske Union fastlagt en <strong>strategisk mandat<\/strong> for vedtagelse af ladcykler gennem en r\u00e6kke rammer og direktiver. Disse politikker er afg\u00f8rende for at give retning og konsistens til medlemslandene og de lokale myndigheder.<\/p>\n\n\n\n<p><strong>Oversigt over de vigtigste tilskudsprogrammer for lastcykler i udvalgte EU-lande\/byer (2024-2025)<\/strong><\/p><div class=\"regen-test-placement-from-wizard-1604397851\" id=\"regen-1767951224\"><script async src=\"https:\/\/pagead2.googlesyndication.com\/pagead\/js\/adsbygoogle.js?client=ca-pub-1076230867169041\"\n     crossorigin=\"anonymous\"><\/script><\/div><div class=\"regen-test-placement-from-wizard-2878267818\" id=\"regen-3045220709\"><script async src=\"https:\/\/pagead2.googlesyndication.com\/pagead\/js\/adsbygoogle.js?client=ca-pub-1076230867169041\"\n     crossorigin=\"anonymous\"><\/script><\/div>\n\n\n\n<figure class=\"wp-block-table\"><table class=\"has-fixed-layout\"><tbody><tr><td>Beliggenhed<\/td><td>Programnavn<\/td><td>M\u00e5lgruppe<\/td><td>Cykeltype<\/td><td>Tilskudsbel\u00f8b\/mekanisme<\/td><td>Vigtige kriterier for st\u00f8tteberettigelse<\/td><\/tr><tr><td>\u00d8strig (Salzburg)<\/td><td>Finansiering af cykelanh\u00e6ngere og ladcykler<\/td><td>Privatpersoner<\/td><td>Lastcykler, E-lastcykler, cykelanh\u00e6ngere<\/td><td>30% af ny pris: op til \u20ac250 (trailer), \u20ac800 (cargo), \u20ac1.000 (e-cargo)<\/td><td>Boede i Salzburg i \u22651 \u00e5r<\/td><\/tr><tr><td>\u00d8strig (Wien)<\/td><td>Tilskud til ladcykler til privatpersoner<\/td><td>Privatpersoner, virksomheder, nonprofitorganisationer<\/td><td>Ikke-elektrisk, elektrisk<\/td><td>50% af k\u00f8bsprisen: op til \u20ac800 (ikke-elektrisk), \u20ac1.000 (elektrisk); h\u00f8jere for virksomheder<\/td><td>Bevis for k\u00f8b, bop\u00e6l\/registrering i Wien<\/td><\/tr><tr><td>\u00d8strig (Stuttgart)<\/td><td>Tilskudsprogram for elektriske ladcykler<\/td><td>Familier, enlige for\u00e6ldre<\/td><td>E-lastcykler<\/td><td>Op til 1.100 euro (600 euro p\u00e5 forh\u00e5nd, 500 euro efter 3 \u00e5r)<\/td><td>S\u00e6rlige familieforhold<\/td><\/tr><tr><td>\u00d8strig (national)<\/td><td>Klimaaktivt program<\/td><td>Privatpersoner, virksomheder, kommuner, foreninger<\/td><td>Elcykler, ladcykler, foldecykler<\/td><td>Op til \u20ac900 (cykler til privat transport); 30% af omkostningerne (virksomheder\/kommuner, min. 5 elcykler)<\/td><td>Opfylder specifik belastningskapacitet\/dimensioner; ans\u00f8gninger \u00e5bne indtil 28. februar 2025<\/td><\/tr><tr><td>Tyskland (forbundsstat)<\/td><td>E-Cargo Bike Grant Fund<\/td><td>Private virksomheder, offentlige institutioner<\/td><td>E-lastcykler, E-lasttrailere<\/td><td>25% af k\u00f8bsomkostninger, maks. \u20ac 3.500 pr. cykel\/trailer<\/td><td>Godstransport i forskellige sektorer<\/td><\/tr><tr><td>Italien (national)<\/td><td>2021 Budgetlov Skattefradrag<\/td><td>Mikro- og sm\u00e5 virksomheder<\/td><td>Muskul\u00e6r, pedalassisteret<\/td><td>30%-skattefradrag, op til 2.000 euro om \u00e5ret<\/td><td>Virksomheder, der udf\u00f8rer godstransportaktiviteter<\/td><\/tr><tr><td>Holland (national)<\/td><td>MIA- og Vamil-ordninger (2025)<\/td><td>Virksomheder<\/td><td>Elektriske ladcykler (inklusive soldrevne)<\/td><td>MIA: op til 45% fradrag; Vamil: 75% fleksibel afskrivning<\/td><td>Minimum egenv\u00e6gt 75 kg; solceller: min. 400 W peak integreret<\/td><\/tr><\/tbody><\/table><\/figure>\n\n\n\n<hr class=\"wp-block-separator has-alpha-channel-opacity\"\/>\n\n\n\n<h3 class=\"wp-block-heading\"><strong>Den europ\u00e6iske gr\u00f8nne pagt: Fremme af klimaneutral mobilitet<\/strong><\/h3>\n\n\n\n<p>De <strong>Den europ\u00e6iske gr\u00f8nne pagt<\/strong> s\u00e6tter det ambiti\u00f8se m\u00e5l at g\u00f8re Europa til det f\u00f8rste klimaneutrale kontinent inden <strong>2050<\/strong>, og kr\u00e6ver en <strong>90% reduktion i transportsektorens CO\u2082-udledning<\/strong>. Lastcykler spiller en central rolle i at n\u00e5 denne vision ved at erstatte k\u00f8ret\u00f8jer med h\u00f8j udledning i byomr\u00e5der.<\/p>\n\n\n\n<blockquote class=\"wp-block-quote is-layout-flow wp-block-quote-is-layout-flow\">\n<p><\/p>\n<\/blockquote>\n\n\n\n<hr class=\"wp-block-separator has-alpha-channel-opacity\"\/>\n\n\n\n<h3 class=\"wp-block-heading\"><strong>Strategi for b\u00e6redygtig og intelligent mobilitet<\/strong><\/h3>\n\n\n\n<p>Vedtaget i <strong>December 2020<\/strong>, den <strong>Strategi for b\u00e6redygtig og intelligent mobilitet<\/strong> tilbyder en k\u00f8replan for EU's gr\u00f8nne og digitale transportomstilling. Dens politikker p\u00e5virker handlinger gennem <strong>2024 og fremefter<\/strong>, med fokus p\u00e5 <strong>multimodal integration, nulemissionsk\u00f8ret\u00f8jer og dekarbonisering af bylogistikken<\/strong>, som alle direkte st\u00f8tter udbredelsen af ladcykler.<\/p>\n\n\n\n<hr class=\"wp-block-separator has-alpha-channel-opacity\"\/>\n\n\n\n<h3 class=\"wp-block-heading\"><strong>Europ\u00e6isk erkl\u00e6ring om cykling (2024)<\/strong><\/h3>\n\n\n\n<p>I <strong>April 2024<\/strong>, har Europa-Kommissionen, Parlamentet og R\u00e5det i f\u00e6llesskab vedtaget <strong>Europ\u00e6isk erkl\u00e6ring om cykling<\/strong>, en skels\u00e6ttende politisk forpligtelse, der formelt anerkender cykling som en <strong>fuldgyldig transportform<\/strong>.<\/p>\n\n\n\n<ul class=\"wp-block-list\">\n<li>Indeholder <strong>otte kerneprincipper<\/strong> og <strong>36 forpligtelser<\/strong> med det form\u00e5l at integrere cykling i transport- og infrastrukturpolitikken.<\/li>\n\n\n\n<li>Giver et st\u00e6rkt politisk signal og rammer for <strong>nationale og lokale cykelpolitikker<\/strong>.<\/li>\n<\/ul>\n\n\n\n<hr class=\"wp-block-separator has-alpha-channel-opacity\"\/>\n\n\n\n<h3 class=\"wp-block-heading\"><strong>Ekspertgruppen for mobilitet i byer (EGUM) og SULP'er<\/strong><\/h3>\n\n\n\n<p>De <strong>Ekspertgruppe om mobilitet i byer (EGUM)<\/strong> har v\u00e6ret medvirkende til at oms\u00e6tte politikker p\u00e5 h\u00f8jt niveau til operationelle strategier.<\/p>\n\n\n\n<ul class=\"wp-block-list\">\n<li>Dens <strong>Arbejdsprogram 2023-2024<\/strong> indeholdt anbefalinger til <strong>Planer for b\u00e6redygtig bylogistik (SULP)<\/strong>, formelt vedtaget i <strong>December 2024<\/strong>.<\/li>\n\n\n\n<li>Opdaterede retningslinjer integrerer nu nye elementer som f.eks:\n<ul class=\"wp-block-list\">\n<li>Dynamik p\u00e5 ejendomsmarkedet<\/li>\n\n\n\n<li>Energiforsyning til e-mobilitet<\/li>\n\n\n\n<li>Principper for cirkul\u00e6r \u00f8konomi<\/li>\n\n\n\n<li>Avancerede digitaliseringsv\u00e6rkt\u00f8jer (f.eks, <strong>Digitale tvillinger og AI<\/strong>)<\/li>\n<\/ul>\n<\/li>\n<\/ul>\n\n\n\n<p>Disse SULP'er giver byerne rammer til at optimere byernes godssystemer og samtidig reducere emissioner og tr\u00e6ngsel.<\/p>\n\n\n\n<hr class=\"wp-block-separator has-alpha-channel-opacity\"\/>\n\n\n\n<h3 class=\"wp-block-heading\"><strong>EU-finansierede projekter og initiativer<\/strong><\/h3>\n\n\n\n<p><strong>EU-finansieringsprogrammer<\/strong> spiller en afg\u00f8rende rolle i at st\u00f8tte pilotprojekter, vidensoverf\u00f8rsel og oplysningskampagner:<\/p>\n\n\n\n<ul class=\"wp-block-list\">\n<li><strong>City Changer Cargo Bike (CCCB)<\/strong>:\n<ul class=\"wp-block-list\">\n<li>Involverer <strong>20+ europ\u00e6iske partnere<\/strong>, fremme brugen af ladcykler gennem uddannelse, pr\u00f8veordninger og innovative finansieringsmodeller.<\/li>\n\n\n\n<li>Fokuserer p\u00e5 at reducere adoptionsbarrierer for offentlige, private og kommercielle brugere.<\/li>\n<\/ul>\n<\/li>\n\n\n\n<li><strong>CIVITAS-initiativet<\/strong>:\n<ul class=\"wp-block-list\">\n<li>Fremh\u00e6ver ladcykler som en l\u00f8sning p\u00e5 bym\u00e6ssige udfordringer som tr\u00e6ngsel, d\u00e5rlig luftkvalitet og st\u00f8j.<\/li>\n\n\n\n<li>Tilbyder forskning, bedste praksis og st\u00f8tte til byer, der afpr\u00f8ver ladcykelordninger.<\/li>\n<\/ul>\n<\/li>\n<\/ul>\n\n\n\n<p>Disse projekter p\u00e5 EU-niveau forst\u00e6rker r\u00e6kkevidden af nationale og lokale initiativer og sikrer sammenh\u00e6ng og hurtigere vedtagelse.<\/p>\n\n\n\n<hr class=\"wp-block-separator has-alpha-channel-opacity\"\/>\n\n\n\n<h3 class=\"wp-block-heading\"><strong>Resum\u00e9: Et sammenh\u00e6ngende top-down-engagement<\/strong><\/h3>\n\n\n\n<p>Vedtagelsen af EU's cykelerkl\u00e6ring (2024), EGUM's SULP-anbefalinger og den overordnede gr\u00f8nne pagt viser en <strong>sammenh\u00e6ngende, topstyret strategisk indsats<\/strong> til mainstream-lastcykler. Disse rammer giver et klart mandat til <strong>nationale og lokale myndigheder<\/strong> til at handle, fremme tilpasning p\u00e5 tv\u00e6rs af medlemslandene og fremskynde udbredelsen.<\/p>\n\n\n\n<hr class=\"wp-block-separator has-alpha-channel-opacity\"\/>\n\n\n\n<h2 class=\"wp-block-heading\"><strong>2.2 Politikker og bedste praksis p\u00e5 nationalt plan og byniveau<\/strong><\/h2>\n\n\n\n<p>Mens rammer p\u00e5 EU-niveau s\u00e6tter den strategiske retning, <strong>nationale regeringer og individuelle byer<\/strong> fremmer adoptionen gennem konkrete tiltag. Disse sp\u00e6nder fra <strong>\u00f8konomiske incitamenter og tilskud<\/strong> til <strong>investeringer i infrastruktur, mikro-hubs og programmer til integration af fl\u00e5den<\/strong>.<\/p>\n\n\n\n<hr class=\"wp-block-separator has-alpha-channel-opacity\"\/>\n\n\n\n<h3 class=\"wp-block-heading\"><strong>\u00d8konomiske incitamenter og tilskud<\/strong><\/h3>\n\n\n\n<p>H\u00f8je startomkostninger er stadig en barriere for udbredelsen af ladcykler, is\u00e6r for virksomheder og familier. Mange europ\u00e6iske regeringer har udviklet <strong>sofistikerede st\u00f8tteprogrammer<\/strong> for at g\u00f8re ladcykler mere overkommelige:<\/p>\n\n\n\n<h4 class=\"wp-block-heading\"><strong>Tyskland<\/strong><\/h4>\n\n\n\n<ul class=\"wp-block-list\">\n<li>F\u00f8derale tilskud d\u00e6kker <strong>op til 25%<\/strong> af udgifterne til k\u00f8b af e-lastcykler.<\/li>\n<\/ul>\n\n\n\n<h4 class=\"wp-block-heading\"><strong>\u00d8strig<\/strong><\/h4>\n\n\n\n<ul class=\"wp-block-list\">\n<li><strong>Salzburg<\/strong>: 30%-tilskud (op til 250 euro for anh\u00e6ngere, 800 euro for ladcykler, 1.000 euro for e-cargo-cykler).<\/li>\n\n\n\n<li><strong>Wien<\/strong>: 50%-tilskud (op til \u20ac1.000 for e-lastcykler), med h\u00f8jere tilskud til virksomheder og nonprofitorganisationer.<\/li>\n\n\n\n<li><strong>Stuttgart<\/strong>: Op til <strong>\u20ac1,100<\/strong> for familier\/enlige for\u00e6ldre, med trinvise betalinger (600 euro p\u00e5 forh\u00e5nd, 500 euro efter tre \u00e5r).<\/li>\n\n\n\n<li>National <strong>Klimaaktiv program<\/strong>:\n<ul class=\"wp-block-list\">\n<li>Op til <strong>\u20ac900<\/strong> til private ladcykler<\/li>\n\n\n\n<li>30% af omkostninger for virksomheder og kommuner (min. 5 elcykler)<\/li>\n<\/ul>\n<\/li>\n\n\n\n<li><strong>Graz<\/strong>: En pioner inden for tilskud siden 2011, der tilbyder <strong>\u20ac1,000<\/strong> til kommercielle eller delte lastcykler.<\/li>\n<\/ul>\n\n\n\n<h4 class=\"wp-block-heading\"><strong>Italien<\/strong><\/h4>\n\n\n\n<ul class=\"wp-block-list\">\n<li>Tilbyder en <strong>30%-skattefradrag (op til 2.000 euro \u00e5rligt)<\/strong> for mikrovirksomheder og sm\u00e5 virksomheder, der k\u00f8ber ladcykler, i henhold til budgetloven for 2021.<\/li>\n<\/ul>\n\n\n\n<h4 class=\"wp-block-heading\"><strong>Nederlandene<\/strong><\/h4>\n\n\n\n<ul class=\"wp-block-list\">\n<li>Udvidet <strong>Fradrag for milj\u00f8investeringer (MIA)<\/strong> og <strong>Vamil<\/strong> afskrivningsordninger frem til 2025:\n<ul class=\"wp-block-list\">\n<li>MIA: op til <strong>45% skattefradrag<\/strong><\/li>\n\n\n\n<li>Vamil: <strong>75% fleksibel afskrivning<\/strong><\/li>\n\n\n\n<li>Man kan nu ogs\u00e5 f\u00e5 st\u00f8tte til solcelledrevne ladcykler og en minimumsv\u00e6gt (75 kg).<\/li>\n<\/ul>\n<\/li>\n\n\n\n<li>Hollandsk <strong>firmacykelordning<\/strong> giver medarbejderne adgang til skattefordele ved k\u00f8b af cykler.<\/li>\n<\/ul>\n\n\n\n<blockquote class=\"wp-block-quote is-layout-flow wp-block-quote-is-layout-flow\">\n<p><strong>Forslag til billede:<\/strong> En veldesignet tabel (som den oprindelige tabel 1), der opsummerer de vigtigste st\u00f8tteprogrammer for ladcykler efter land\/by (\u00d8strig, Tyskland, Italien, Holland), herunder bel\u00f8b, m\u00e5lgrupper og berettigelse.<\/p>\n<\/blockquote>\n\n\n\n<hr class=\"wp-block-separator has-alpha-channel-opacity\"\/>\n\n\n\n<h3 class=\"wp-block-heading\"><strong>Udvikling af infrastruktur<\/strong><\/h3>\n\n\n\n<p>Adoption afh\u00e6nger af <strong>infrastruktur, der passer til st\u00f8rrelse og v\u00e6gt p\u00e5 ladcykler<\/strong>:<\/p>\n\n\n\n<ul class=\"wp-block-list\">\n<li><strong>K\u00f8benhavn:<\/strong>\n<ul class=\"wp-block-list\">\n<li>Opdateret <em>Cykelvenlig infrastruktur 2024<\/em> standarder:\n<ul class=\"wp-block-list\">\n<li>Bredere cykelstier<\/li>\n\n\n\n<li>Forbedrede vejkryds<\/li>\n\n\n\n<li>Stigninger optimeret til tungere ladcykler<\/li>\n<\/ul>\n<\/li>\n\n\n\n<li>Resultater: <strong>49% af alle ture til arbejde eller skole<\/strong> nu lavet p\u00e5 cykel.<\/li>\n<\/ul>\n<\/li>\n\n\n\n<li><strong>Berlin:<\/strong>\n<ul class=\"wp-block-list\">\n<li>Introduceret <strong>Pop-up-cykelstier<\/strong> og er ved at implementere sin <em>Lov om mobilitet i Berlin<\/em>, en plan om at blive en \u201ccykelby\u201d.\u201d<\/li>\n<\/ul>\n<\/li>\n\n\n\n<li><strong>Amsterdam:<\/strong>\n<ul class=\"wp-block-list\">\n<li>Fjernelse af <strong>10.000 parkeringspladser<\/strong> i byens centrum.<\/li>\n\n\n\n<li>H\u00e5ndh\u00e6velse <strong>Zero-Emission Zones (ZEZ'er)<\/strong> i 14 hollandske byer af <strong>Januar 2025<\/strong>, og forbyder forurenende varevogne og lastbiler.<\/li>\n<\/ul>\n<\/li>\n\n\n\n<li><strong>Oslo og Helsinki:<\/strong>\n<ul class=\"wp-block-list\">\n<li>Investering i s\u00e6rlige lastcykelstier, sikker parkering og ladestationer.<\/li>\n<\/ul>\n<\/li>\n\n\n\n<li><strong>London:<\/strong>\n<ul class=\"wp-block-list\">\n<li>Firedoblede sit strategiske cykelnetv\u00e6rk til <strong>360 km<\/strong> i 2024.<\/li>\n\n\n\n<li>M\u00e5ls\u00e6tning: <strong>40% af beboere<\/strong> inden for 400 meter fra en cykelrute inden 2030.<\/li>\n<\/ul>\n<\/li>\n<\/ul>\n\n\n\n<blockquote class=\"wp-block-quote is-layout-flow wp-block-quote-is-layout-flow\">\n<p><strong>Forslag til billede:<\/strong> Billeder side om side: K\u00f8benhavns brede cykelstier vs. Amsterdams emissionsfrie leveringszoner i byerne.<\/p>\n<\/blockquote>\n\n\n\n<hr class=\"wp-block-separator has-alpha-channel-opacity\"\/>\n\n\n\n<h3 class=\"wp-block-heading\"><strong>Bykonsolideringscentre (mikro-hubs)<\/strong><\/h3>\n\n\n\n<p>Mikro-hubs er sm\u00e5, strategisk placerede depoter, hvor varerne konsolideres f\u00f8r den sidste del af leveringen p\u00e5 ladcykel.<\/p>\n\n\n\n<ul class=\"wp-block-list\">\n<li><strong>Prag:<\/strong>\n<ul class=\"wp-block-list\">\n<li>\u00c5bnede to ladcykeldepoter (2020, 2021), der hver is\u00e6r h\u00e5ndterer <strong>7.000 ordrer\/m\u00e5ned<\/strong>.<\/li>\n\n\n\n<li>Serverer op til <strong>8 virksomheder<\/strong> og blev anerkendt af <strong>Eurocities Awards 2021<\/strong>.<\/li>\n<\/ul>\n<\/li>\n\n\n\n<li><strong>Berlin:<\/strong>\n<ul class=\"wp-block-list\">\n<li>Amazon \u00e5bnede en mikromobilitetshub n\u00e6r Alexanderplatz i <strong>Juli 2024<\/strong>, og sigter efter <strong>1,5 millioner pakkeleveringer \u00e5rligt<\/strong> p\u00e5 ladcykel.<\/li>\n\n\n\n<li>Amazon driver nu <strong>50+ knudepunkter<\/strong> i <strong>40+ europ\u00e6iske byer<\/strong>.<\/li>\n<\/ul>\n<\/li>\n\n\n\n<li><strong>Frankfurt:<\/strong>\n<ul class=\"wp-block-list\">\n<li>Lancerede den <strong>LastMileTram<\/strong> Projekt: Pakker leveres til byens centrum med sporvogn og distribueres derefter med e-cargo-cykel.<\/li>\n<\/ul>\n<\/li>\n\n\n\n<li><strong>REWE Group (Tyskland):<\/strong>\n<ul class=\"wp-block-list\">\n<li>Bruger lastcykelhubs til levering af dagligvarer i byerne, som drives af specialiserede logistikpartnere.<\/li>\n<\/ul>\n<\/li>\n<\/ul>\n\n\n\n<blockquote class=\"wp-block-quote is-layout-flow wp-block-quote-is-layout-flow\">\n<p><strong>Forslag til billede:<\/strong> Diagram, der viser, hvordan varer flyder fra varevogne til mikro-hubs til ladcykler til levering den sidste kilometer.<\/p>\n<\/blockquote>\n\n\n\n<hr class=\"wp-block-separator has-alpha-channel-opacity\"\/>\n\n\n\n<h3 class=\"wp-block-heading\"><strong>Offentlig-private partnerskaber og pilotprogrammer<\/strong><\/h3>\n\n\n\n<p>Samarbejde mellem offentlige myndigheder og akt\u00f8rer i den private sektor fremskynder indf\u00f8relsen:<\/p>\n\n\n\n<ul class=\"wp-block-list\">\n<li><strong>City Changer Cargo Bike (CCCB):<\/strong> EU-d\u00e6kkende partnerskab, der deler bedste praksis og st\u00f8tter pilotprojekter.<\/li>\n\n\n\n<li><strong>Prag:<\/strong> Lastcykeldepoter skabt gennem et t\u00e6t samarbejde mellem logistikfirmaer og bydrevne virksomheder.<\/li>\n\n\n\n<li><strong>Bruxelles' cAIRgo-cykelprojekt (2020-2023):<\/strong>\n<ul class=\"wp-block-list\">\n<li>Assisteret <strong>500+ organisationer<\/strong> i at skifte til ladcykler.<\/li>\n\n\n\n<li>Tilb\u00f8d tr\u00e6ning, information og pr\u00f8veprogrammer.<\/li>\n<\/ul>\n<\/li>\n\n\n\n<li><strong>Londons TfL Cargo Bike Action Plan (2023):<\/strong>\n<ul class=\"wp-block-list\">\n<li>Underst\u00f8tter intermodale transportpiloter (lastcykler + b\u00e5de\/tog).<\/li>\n\n\n\n<li>Fremmer ladcykler i lavtrafikerede kvarterer.<\/li>\n<\/ul>\n<\/li>\n<\/ul>\n\n\n\n<hr class=\"wp-block-separator has-alpha-channel-opacity\"\/>\n\n\n\n<h3 class=\"wp-block-heading\"><strong>Integration af den kommunale fl\u00e5de<\/strong><\/h3>\n\n\n\n<p>Mange byer er <strong>At g\u00e5 foran med et godt eksempel<\/strong> ved at udskifte deres egne kommunale servicebiler med el-lastcykler:<\/p>\n\n\n\n<ul class=\"wp-block-list\">\n<li>Bruges til logistik i forbindelse med byarrangementer, forvaltning af gr\u00f8nne omr\u00e5der og transport af udstyr.<\/li>\n\n\n\n<li>Bruxelles afpr\u00f8ver programmer, der helt erstatter kommunale varevogne med ladcykler.<\/li>\n<\/ul>\n\n\n\n<p>Indk\u00f8bspolitikker favoriserer i stigende grad leverand\u00f8rer, der kan <strong>levere p\u00e5 ladcykel<\/strong>, og giver virksomheder incitament til at skifte.<\/p>\n\n\n\n<hr class=\"wp-block-separator has-alpha-channel-opacity\"\/>\n\n\n\n<h3 class=\"wp-block-heading\"><strong>Deling af ladcykler og pr\u00f8veordninger<\/strong><\/h3>\n\n\n\n<p>Delesystemer for ladcykler giver brugerne mulighed for at pr\u00f8ve ladcykler uden at forpligte sig til at k\u00f8be dem:<\/p>\n\n\n\n<ul class=\"wp-block-list\">\n<li>Tyskland og \u00d8strig: <strong>70+ samfundsstyrede initiativer<\/strong> siden 2013, herunder <strong>fLotte Berlin<\/strong> (120 ladcykler).<\/li>\n\n\n\n<li>Unders\u00f8gelse: <strong>35% af delende brugere<\/strong> har t\u00e6nkt sig at k\u00f8be deres egen ladcykel.<\/li>\n\n\n\n<li>Byer som Grenoble, Strasbourg, Hamborg og Stuttgart integrerer ladcykler i <strong>Fl\u00e5der af delecykler<\/strong>.<\/li>\n\n\n\n<li>Bruxelles\u2019 cAIRgo-projekt fandt ud af, at <strong>tr\u00e6ning + pr\u00f8veture<\/strong> (\u201cTesting is Adopting\u201d) var afg\u00f8rende for at nedbryde adoptionsbarrierer.<\/li>\n<\/ul>\n\n\n\n<blockquote class=\"wp-block-quote is-layout-flow wp-block-quote-is-layout-flow\">\n<p><strong>Forslag til billede:<\/strong> Fotocollage af ladcykelsystemer i Berlin og Bruxelles med medlemmer af lokalsamfundet, der bruger dem.<\/p>\n<\/blockquote>\n\n\n\n<hr class=\"wp-block-separator has-alpha-channel-opacity\"\/>\n\n\n\n<h3 class=\"wp-block-heading\"><strong>Omfattende tilgang: H\u00e5rde og bl\u00f8de foranstaltninger<\/strong><\/h3>\n\n\n\n<p>Vellykket adoption kr\u00e6ver <strong>Integrerede strategier<\/strong>:<\/p>\n\n\n\n<ol start=\"1\" class=\"wp-block-list\">\n<li><strong>H\u00e5rde foranstaltninger:<\/strong> Infrastruktur, tilskud, mikro-hubs<\/li>\n\n\n\n<li><strong>Bl\u00f8de foranstaltninger:<\/strong> Oplysningskampagner, uddannelse, fors\u00f8gsordninger<\/li>\n<\/ol>\n\n\n\n<p>K\u00f8benhavns \u00e5rtier lange investering i cykelkultur illustrerer, at det er vigtigt at kombinere fysisk infrastruktur med kulturelle og adf\u00e6rdsm\u00e6ssige initiativer.<\/p>\n\n\n\n<blockquote class=\"wp-block-quote is-layout-flow wp-block-quote-is-layout-flow\">\n<p><strong>Forslag til billede (afslutning af afsnit):<\/strong> Et splitbillede, der viser lastcykelstier (h\u00e5rde tiltag) og lokale workshops om lastcykler (bl\u00f8de tiltag).<\/p>\n<\/blockquote>\n\n\n\n<hr class=\"wp-block-separator has-alpha-channel-opacity\"\/>\n\n\n\n<h2 class=\"wp-block-heading\"><strong>Konklusion: Opbygning af et politisk \u00f8kosystem for transformation<\/strong><\/h2>\n\n\n\n<p>EU's politiske rammer p\u00e5 h\u00f8jt niveau kombineret med m\u00e5lrettede <strong>nationale initiativer og initiativer p\u00e5 byniveau<\/strong>, er ved at l\u00e6gge grunden til en revolution inden for ladcykler.<\/p>\n\n\n\n<ul class=\"wp-block-list\">\n<li><strong>\u00d8konomisk st\u00f8tte<\/strong> g\u00f8r adoption mulig.<\/li>\n\n\n\n<li><strong>Forbedringer af infrastrukturen<\/strong> g\u00f8r brugen praktisk og sikker.<\/li>\n\n\n\n<li><strong>Mikro-hubs, deleordninger og offentlig-private partnerskaber<\/strong> sikre skalerbar, langsigtet succes.<\/li>\n<\/ul>\n\n\n\n<p>Denne <strong>Politisk \u00f8kosystem i flere lag<\/strong> er afg\u00f8rende for at drive et vedvarende modalskift v\u00e6k fra varevogne og lastbiler og hj\u00e6lpe Europa med at n\u00e5 sine m\u00e5l. <strong>m\u00e5l for klima, tr\u00e6ngsel og folkesundhed<\/strong>.<\/p>","protected":false},"excerpt":{"rendered":"<p>The adoption of cargo bikes in Europe is not happening in isolation. A robust and well-coordinated policy ecosystem at the EU, national, and city levels is driving this transition, supported by financial incentives, infrastructure development, pilot programs, and public-private partnerships. Together, these initiatives create the conditions for cargo bikes to become a mainstream solution for [&hellip;]<\/p>\n","protected":false},"author":2,"featured_media":547,"comment_status":"closed","ping_status":"closed","sticky":false,"template":"","format":"standard","meta":{"footnotes":""},"categories":[2],"tags":[],"class_list":["post-1766","post","type-post","status-publish","format-standard","has-post-thumbnail","hentry","category-knowledge"],"_links":{"self":[{"href":"https:\/\/regencargobikes.com\/da\/wp-json\/wp\/v2\/posts\/1766","targetHints":{"allow":["GET"]}}],"collection":[{"href":"https:\/\/regencargobikes.com\/da\/wp-json\/wp\/v2\/posts"}],"about":[{"href":"https:\/\/regencargobikes.com\/da\/wp-json\/wp\/v2\/types\/post"}],"author":[{"embeddable":true,"href":"https:\/\/regencargobikes.com\/da\/wp-json\/wp\/v2\/users\/2"}],"replies":[{"embeddable":true,"href":"https:\/\/regencargobikes.com\/da\/wp-json\/wp\/v2\/comments?post=1766"}],"version-history":[{"count":1,"href":"https:\/\/regencargobikes.com\/da\/wp-json\/wp\/v2\/posts\/1766\/revisions"}],"predecessor-version":[{"id":1767,"href":"https:\/\/regencargobikes.com\/da\/wp-json\/wp\/v2\/posts\/1766\/revisions\/1767"}],"wp:featuredmedia":[{"embeddable":true,"href":"https:\/\/regencargobikes.com\/da\/wp-json\/wp\/v2\/media\/547"}],"wp:attachment":[{"href":"https:\/\/regencargobikes.com\/da\/wp-json\/wp\/v2\/media?parent=1766"}],"wp:term":[{"taxonomy":"category","embeddable":true,"href":"https:\/\/regencargobikes.com\/da\/wp-json\/wp\/v2\/categories?post=1766"},{"taxonomy":"post_tag","embeddable":true,"href":"https:\/\/regencargobikes.com\/da\/wp-json\/wp\/v2\/tags?post=1766"}],"curies":[{"name":"wp","href":"https:\/\/api.w.org\/{rel}","templated":true}]}}