{"id":1950,"date":"2026-06-05T05:34:42","date_gmt":"2026-06-04T21:34:42","guid":{"rendered":"https:\/\/regencargobikes.com\/specialized-turbo-levo-price-cut-2026\/"},"modified":"2026-06-05T05:34:42","modified_gmt":"2026-06-04T21:34:42","slug":"specialized-turbo-levo-price-cut-2026","status":"publish","type":"post","link":"https:\/\/regencargobikes.com\/da\/specialized-turbo-levo-price-cut-2026\/","title":{"rendered":"Specialized s\u00e6nker permanent Turbo Levo E-MTB-priserne i Nordamerika"},"content":{"rendered":"<p>Specialized har foretaget et st\u00f8rre prisskift p\u00e5 det nordamerikanske marked for elektriske mountainbikes. I begyndelsen af maj 2026 meddelte virksomheden forhandlere i USA og Canada, at den permanent ville s\u00e6nke detailpriserne p\u00e5 st\u00f8rstedelen af Turbo Levo-serien.<\/p>\n<figure class=\"wp-block-image size-full\"><img decoding=\"async\" src=\"https:\/\/regencargobikes.com\/wp-content\/uploads\/2026\/06\/specialized-levo-brain.jpg\" alt=\"Specialized Turbo Levo elektrisk mountainbike produktbillede brugt i Bicycle Retailer-d\u00e6kning\"\/><figcaption>Billedkilde: Bicycle Retailer and Industry News, ved brug af Specialized produktbilleder.<\/figcaption><\/figure>\n<p>Overskriftstallet er stort: nogle modeller er nu op til 27 procent billigere end f\u00f8r. For ryttere, der har betragtet high-end eMTB'er p\u00e5 afstand, er dette ikke et s\u00e6sonudsalg. Det er en ny prisstruktur.<\/p>\n<p>Den praktiske betydning er enkel. Premium elektriske mountainbikes bev\u00e6ger sig ind i en mere prisf\u00f8lsom fase, og selv etablerede m\u00e6rker tilpasser sig et marked, hvor k\u00f8bere har flere alternativer og st\u00e6rkere forventninger til v\u00e6rdi.<\/p><div id=\"regen-2289602115\" class=\"regen-test-placement-from-wizard-2878267818 regen-entity-placement\"><script async src=\"https:\/\/pagead2.googlesyndication.com\/pagead\/js\/adsbygoogle.js?client=ca-pub-1076230867169041\"\n     crossorigin=\"anonymous\"><\/script><\/div><div id=\"regen-630175698\" class=\"regen-test-placement-from-wizard-1604397851 regen-entity-placement\"><script async src=\"https:\/\/pagead2.googlesyndication.com\/pagead\/js\/adsbygoogle.js?client=ca-pub-1076230867169041\"\n     crossorigin=\"anonymous\"><\/script><\/div>\n<h2>Hvad \u00e6ndrede sig<\/h2>\n<p>If\u00f8lge Bicycle Retailer and Industry News s\u00e6nkede Specialized de vejledende detailpriser p\u00e5 Turbo Levo-modeller i Nordamerika med 6 procent til 27 procent, og engrospriserne blev ogs\u00e5 reduceret.<\/p>\n<p>Den st\u00f8rste reduktion g\u00e6lder angiveligt Levo R S-Works. Dens vejledende detailpris faldt fra USD 15.650 til USD 11.500, en reduktion p\u00e5 USD 4.150.<\/p>\n<p>Ikke alle modeller \u00e6ndrede sig. Rapporter siger, at Levo 4 LTD og Levo 4 Comp Carbon ikke var inkluderet i samme prisjustering.<\/p>\n<p>\u00c6ndringen g\u00e6lder USA og Canada. Europ\u00e6iske priser blev ikke p\u00e5virket af denne nordamerikanske opdatering.<\/p>\n<h2>Hvorfor Specialized s\u00e6nker priserne<\/h2>\n<p>Specialized rammede beslutningen ind som en strukturel prisjustering snarere end en kortvarig kampagne.<\/p>\n<p>Virksomheden henviste til forbedringer i forsyningsk\u00e6den og produktionsomkostninger p\u00e5 Levo-platformen, mens den ogs\u00e5 anerkendte, at markedet er blevet mere konkurrencepr\u00e6get.<\/p>\n<p>Det andet punkt betyder noget. Premium eMTB-kategorien har v\u00e6ret under pres fra nyere m\u00e6rker, der tilbyder st\u00e6rke specifikationer til lavere priser. K\u00f8bere sammenligner nu affjedring, motoreffekt, batterikapacitet, software og service support mere aggressivt, end de gjorde for et par \u00e5r siden.<\/p>\n<p>For et etableret m\u00e6rke kan en priss\u00e6nkning tjene to form\u00e5l p\u00e5 \u00e9n gang:<\/p>\n<ul>\n<li>s\u00e6nke adgangsbarrieren for ryttere, der overvejer en high-performance eMTB<\/li>\n<li>holde forhandlerlageret i bev\u00e6gelse uden at f\u00e5 produktet til at f\u00f8les som en midlertidig udsalgsvare<\/li>\n<li>forsvare markedspositionen mod aggressive nye konkurrenter<\/li>\n<li>nulstille k\u00f8berforventninger f\u00f8r n\u00e6ste produktcyklus<\/li>\n<\/ul>\n<h2>Eksisterende k\u00f8bere og forhandlere f\u00e5r st\u00f8tte<\/h2>\n<p>Specialized oprettede ogs\u00e5 st\u00f8tteprogrammer for k\u00f8bere og forhandlere, der er p\u00e5virket af tidspunktet for \u00e6ndringen.<\/p>\n<p>Forhandlere, der k\u00f8bte ber\u00f8rt lager mellem 1. februar og 7. maj 2026, kan deltage i et lagerkreditprogram. Forbrugere, der k\u00f8bte en Turbo Levo mellem 1. januar og 7. maj 2026, kan ogs\u00e5 v\u00e6re berettiget til kredit mod nye Specialized-produkter.<\/p>\n<p>Det betyder noget, fordi permanente priss\u00e6nkninger kan frustrere tidlige k\u00f8bere og efterlade forhandlere med lager k\u00f8bt til gamle priser. Kompensationsprogrammer er en m\u00e5de at reducere den friktion p\u00e5.<\/p>\n<h2>Hvad dette betyder for E-MTB-markedet<\/h2>\n<p>Turbo Levo har l\u00e6nge v\u00e6ret en af de mest kendte premium eMTB-platforme. N\u00e5r et m\u00e6rke p\u00e5 det niveau permanent s\u00e6nker priserne, sender det et bredere signal til markedet.<\/p>\n<p>Det sandsynlige budskab er, at premium eMTB'er ikke l\u00e6ngere kun kan stole p\u00e5 m\u00e6rkestyrke og h\u00f8je specifikationslister. K\u00f8bere vil have hele pakken: ydeevne, p\u00e5lidelighed, forhandlerst\u00f8tte og en pris, der f\u00f8les forsvarlig over for nyere konkurrenter.<\/p>\n<p>For ryttere er resultatet positivt p\u00e5 kort sigt. En lavere pris g\u00f8r high-end trail-ydeevne mere tilg\u00e6ngelig. For forhandlere kan \u00e6ndringen hj\u00e6lpe med at konvertere shoppere, der tidligere kunne lide Levo, men ikke kunne retf\u00e6rdigg\u00f8re den gamle pris.<\/p>\n<p>For branchen er det endnu et tegn p\u00e5, at elcykelboomet bliver mere disciplineret. M\u00e6rker presses til at matche produktambitioner med realistiske priser, bedre lagerstyring og klarere v\u00e6rdi.<\/p>\n<h2>Kilder<\/h2>\n<ul>\n<li>Bicycle Retailer and Industry News: <a href=\"https:\/\/www.bicycleretailer.com\/industry-news\/2026\/05\/07\/specialized-unveils-drastic-price-reduction-plan-retailers-turbo-levo\" target=\"_blank\" rel=\"noopener\">Specialized afsl\u00f8rer drastisk prisreduktionsplan til forhandlere for Turbo Levo<\/a><\/li>\n<li>Singletracks: <a href=\"https:\/\/www.singletracks.com\/mtb-gear\/specialized-drops-us-prices-on-turbo-levo-emtbs-in-permanent-shift\/\" target=\"_blank\" rel=\"noopener\">Specialized s\u00e6nker amerikanske priser p\u00e5 Turbo Levo eMTB'er i permanent skift<\/a><\/li>\n<\/ul>","protected":false},"excerpt":{"rendered":"<p>Specialized har permanent s\u00e6nket de nordamerikanske priser p\u00e5 st\u00f8rstedelen af sin Turbo Levo elektriske mountainbike-serie, hvor nogle modeller er reduceret med op til 27 procent. Flytningen afspejler lavere platformomkostninger, stigende prispres i eMTB-kategorien og et mere konkurrencepr\u00e6get marked for premium elektriske mountainbikes.<\/p>","protected":false},"author":2,"featured_media":1948,"comment_status":"","ping_status":"","sticky":false,"template":"","format":"standard","meta":{"footnotes":""},"categories":[33],"tags":[],"class_list":["post-1950","post","type-post","status-publish","format-standard","has-post-thumbnail","hentry","category-ebike-news"],"_links":{"self":[{"href":"https:\/\/regencargobikes.com\/da\/wp-json\/wp\/v2\/posts\/1950","targetHints":{"allow":["GET"]}}],"collection":[{"href":"https:\/\/regencargobikes.com\/da\/wp-json\/wp\/v2\/posts"}],"about":[{"href":"https:\/\/regencargobikes.com\/da\/wp-json\/wp\/v2\/types\/post"}],"author":[{"embeddable":true,"href":"https:\/\/regencargobikes.com\/da\/wp-json\/wp\/v2\/users\/2"}],"replies":[{"embeddable":true,"href":"https:\/\/regencargobikes.com\/da\/wp-json\/wp\/v2\/comments?post=1950"}],"version-history":[{"count":0,"href":"https:\/\/regencargobikes.com\/da\/wp-json\/wp\/v2\/posts\/1950\/revisions"}],"wp:featuredmedia":[{"embeddable":true,"href":"https:\/\/regencargobikes.com\/da\/wp-json\/wp\/v2\/media\/1948"}],"wp:attachment":[{"href":"https:\/\/regencargobikes.com\/da\/wp-json\/wp\/v2\/media?parent=1950"}],"wp:term":[{"taxonomy":"category","embeddable":true,"href":"https:\/\/regencargobikes.com\/da\/wp-json\/wp\/v2\/categories?post=1950"},{"taxonomy":"post_tag","embeddable":true,"href":"https:\/\/regencargobikes.com\/da\/wp-json\/wp\/v2\/tags?post=1950"}],"curies":[{"name":"wp","href":"https:\/\/api.w.org\/{rel}","templated":true}]}}