{"id":1953,"date":"2026-06-05T05:35:24","date_gmt":"2026-06-04T21:35:24","guid":{"rendered":"https:\/\/regencargobikes.com\/porsche-exits-ebike-market-2026\/"},"modified":"2026-06-05T05:35:24","modified_gmt":"2026-06-04T21:35:24","slug":"porsche-exits-ebike-market-2026","status":"publish","type":"post","link":"https:\/\/regencargobikes.com\/da\/porsche-exits-ebike-market-2026\/","title":{"rendered":"Porsche lukker sin e-cykel performance-forretning som del af en bredere omstrukturering"},"content":{"rendered":"<p>Porsche tr\u00e6kker sig tilbage fra et af sine mest synlige e-bike-teknologisatsninger. Virksomheden lukker Porsche eBike Performance GmbH, enheden bygget omkring Fazua-drivesystemforretningen, som den opk\u00f8bte i 2022.<\/p>\n<figure class=\"wp-block-image size-full\"><img decoding=\"async\" src=\"https:\/\/regencargobikes.com\/wp-content\/uploads\/2026\/06\/porsche-techcrunch-macan-getty.jpg\" alt=\"Porsche-elbilproduktionsbillede brugt i TechCrunch-d\u00e6kning af Porsches omstrukturering\"\/><figcaption>Billedkilde: TechCrunch; foto af Sebastian Gollnow\/picture alliance via Getty Images.<\/figcaption><\/figure>\n<p>Beslutningen er ikke begr\u00e6nset til e-bikes. Porsche lukker ogs\u00e5 Cellforce Group, et datterselskab for h\u00f8jtydende batterier, og Cetitec, et softwarefirma. Tilsammen p\u00e5virker lukningerne mere end 500 medarbejdere.<\/p>\n<p>Den korte version er dette: Porsche fokuserer igen p\u00e5 kerneforretningsomr\u00e5der, efter at flere ambiti\u00f8se teknologisatsninger blev sv\u00e6rere at retf\u00e6rdigg\u00f8re p\u00e5 et k\u00f8ligere marked.<\/p><div id=\"regen-2449392050\" class=\"regen-test-placement-from-wizard-2878267818 regen-entity-placement\"><script async src=\"https:\/\/pagead2.googlesyndication.com\/pagead\/js\/adsbygoogle.js?client=ca-pub-1076230867169041\"\n     crossorigin=\"anonymous\"><\/script><\/div><div id=\"regen-4200192490\" class=\"regen-test-placement-from-wizard-1604397851 regen-entity-placement\"><script async src=\"https:\/\/pagead2.googlesyndication.com\/pagead\/js\/adsbygoogle.js?client=ca-pub-1076230867169041\"\n     crossorigin=\"anonymous\"><\/script><\/div>\n<h2>Hvad Porsche annoncerede<\/h2>\n<p>Rapporter fra TechCrunch, BikeRadar og Bicycle Retailer and Industry News siger, at Porsche lukker tre datterselskaber:<\/p>\n<table>\n<thead>\n<tr>\n<th>Datterselskab<\/th>\n<th>Hovedomr\u00e5de<\/th>\n<th>N\u00f8glelokationer<\/th>\n<\/tr>\n<\/thead>\n<tbody>\n<tr>\n<td>Porsche eBike Performance GmbH<\/td>\n<td>E-bike-drivesystemer<\/td>\n<td>Tyskland og Kroatien<\/td>\n<\/tr>\n<tr>\n<td>Cellforce Group GmbH<\/td>\n<td>Udvikling af h\u00f8jtydende batterier<\/td>\n<td>Tyskland<\/td>\n<\/tr>\n<tr>\n<td>Cetitec GmbH<\/td>\n<td>Bilssoftware<\/td>\n<td>Tyskland<\/td>\n<\/tr>\n<\/tbody>\n<\/table>\n<p>Porsche eBike Performance blev oprettet, efter at Porsche opk\u00f8bte Fazua, en tysk e-bike-drivespecialist kendt for letv\u00e6gtssystemer designet til at bevare en naturlig k\u00f8refornemmelse.<\/p>\n<p>P\u00e5 det tidspunkt lignede opk\u00f8bet en seri\u00f8s forpligtelse til premium e-bike-teknologi. Porsche havde allerede branded e-bike-produkter i partnerskab med andre producenter, og Fazua gav virksomheden dybere kontrol over drivesystemlaget.<\/p>\n<p>Det kapitel lukker nu.<\/p>\n<h2>Hvorfor Porsche tr\u00e6kker sig tilbage<\/h2>\n<p>Porsche beskrev e-bike-drivesystemmarkedet som fundamentalt forandret. Sagt enkelt er markedet, der s\u00e5 attraktivt ud under e-bike-boomet, blevet sv\u00e6rere.<\/p>\n<p>Flere presfaktorer rammer kategorien p\u00e5 samme tid:<\/p>\n<ul>\n<li>bl\u00f8dere eftersp\u00f8rgsel i dele af Europa<\/li>\n<li>h\u00f8je lagre p\u00e5 tv\u00e6rs af cykelindustrien<\/li>\n<li>h\u00e5rdere konkurrence fra lavprism\u00e6rker<\/li>\n<li>pres p\u00e5 premium-discretion\u00e6re produkter<\/li>\n<li>st\u00f8rre granskning af ikke-kerneforretningsenheder<\/li>\n<\/ul>\n<p>For Porsche passer beslutningen ogs\u00e5 ind i en bredere strategisk omstilling. Virksomheden har gennemg\u00e5et investeringer og fokuseret ressourcer p\u00e5 omr\u00e5der t\u00e6ttere p\u00e5 sin prim\u00e6re bilforretning.<\/p>\n<h2>Hvad sker der med Fazua<\/h2>\n<p>Fazua er det vigtigste navn for mange e-bike-ryttere.<\/p>\n<p>F\u00f8r Porsche opk\u00f8bte det, havde Fazua et st\u00e6rkt ry inden for letv\u00e6gts-e-bike-systemer, is\u00e6r blandt ryttere, der \u00f8nskede subtil assistance frem for en tung, h\u00f8jtydende fornemmelse. Det gjorde det relevant for letv\u00e6gts-eMTB'er, pr\u00e6stationsorienterede bycykler og m\u00e6rker, der fors\u00f8gte at holde e-bikes t\u00e6t p\u00e5 h\u00e5ndteringen af traditionelle cykler.<\/p>\n<p>Lukningen rejser praktiske sp\u00f8rgsm\u00e5l for eksisterende Fazua-brugere og cykelm\u00e6rker, der stolede p\u00e5 systemet:<\/p>\n<ul>\n<li>hvor l\u00e6nge dele- og serviceunderst\u00f8ttelse forts\u00e6tter<\/li>\n<li>om Fazua-m\u00e6rket eller -teknologien vil blive solgt<\/li>\n<li>hvordan OEM-kunder vil overg\u00e5 til fremtidige modeller<\/li>\n<li>om konkurrerende drivesystemleverand\u00f8rer vil udfylde hullet<\/li>\n<\/ul>\n<p>If\u00f8lge de rapporter, der er citeret her, havde Porsche ikke offentligt detaljeret en langsigtet fremtid for Fazua som et uafh\u00e6ngigt m\u00e6rke.<\/p>\n<h2>Hvad det betyder for e-bike-industrien<\/h2>\n<p>Porsches exit er ikke et tegn p\u00e5, at e-bikes forsvinder. Det er et tegn p\u00e5, at markedet modnes.<\/p>\n<p>I boom-\u00e5rene behandlede mange virksomheder e-bikes som en hurtigtvoksende teknologikategori. Det tiltrak kapital, opk\u00f8b og ambiti\u00f8se produktplaner. I 2026 er milj\u00f8et mere kr\u00e6vende. M\u00e6rker har brug for skala, servicenetv\u00e6rk, komponenttilg\u00e6ngelighed og prisdiciplin.<\/p>\n<p>For ryttere er hovedsp\u00f8rgsm\u00e5let support. Enhver, der bruger en Fazua-drevet cykel, b\u00f8r holde \u00f8je med officielle serviceopdateringer og vejledning om udskiftningsdele.<\/p>\n<p>For konkurrerende drivesystemleverand\u00f8rer kan lukningen skabe mulighed. Bosch, Shimano, Brose og andre etablerede akt\u00f8rer kan drage fordel, hvis cykelm\u00e6rker beslutter, at de har brug for mere forudsigelig langsigtet support.<\/p>\n<p>Den st\u00f8rre industrilektion er klar: premium-positionering er ikke nok i sig selv. Selv et st\u00e6rkt m\u00e6rke har brug for en b\u00e6redygtig forretningscase, n\u00e5r hardwaremarginer, lagerrisiko og eftersalgsforpligtelser er involveret.<\/p>\n<h2>Kilder<\/h2>\n<ul>\n<li>TechCrunch: <a href=\"https:\/\/techcrunch.com\/2026\/05\/08\/porsche-shutters-e-bike-battery-software-subsidiaries-as-part-of-company-overhaul\/\" target=\"_blank\" rel=\"noopener\">Porsche lukker e-bike-, batteri- og softwaredatterselskaber som del af virksomhedsoml\u00e6gning<\/a><\/li>\n<li>BikeRadar: <a href=\"https:\/\/www.bikeradar.com\/news\/porsche-ebike-performance-discontinued\" target=\"_blank\" rel=\"noopener\">Porsche eBike Performance oph\u00f8rer<\/a><\/li>\n<li>Bicycle Retailer and Industry News: <a href=\"https:\/\/www.bicycleretailer.com\/international\/2026\/05\/08\/porsche-closing-its-ebike-performance-group\" target=\"_blank\" rel=\"noopener\">Porsche lukker sin eBike Performance-gruppe<\/a><\/li>\n<\/ul>","protected":false},"excerpt":{"rendered":"<p>Porsche is shutting down Porsche eBike Performance GmbH, along with battery and software subsidiaries, as part of a wider restructuring. The move affects more than 500 employees and marks a sharp reversal from the company&#8217;s 2022 push into high-performance e-bike drive systems through Fazua.<\/p>","protected":false},"author":2,"featured_media":1951,"comment_status":"","ping_status":"","sticky":false,"template":"","format":"standard","meta":{"footnotes":""},"categories":[33],"tags":[],"class_list":["post-1953","post","type-post","status-publish","format-standard","has-post-thumbnail","hentry","category-ebike-news"],"_links":{"self":[{"href":"https:\/\/regencargobikes.com\/da\/wp-json\/wp\/v2\/posts\/1953","targetHints":{"allow":["GET"]}}],"collection":[{"href":"https:\/\/regencargobikes.com\/da\/wp-json\/wp\/v2\/posts"}],"about":[{"href":"https:\/\/regencargobikes.com\/da\/wp-json\/wp\/v2\/types\/post"}],"author":[{"embeddable":true,"href":"https:\/\/regencargobikes.com\/da\/wp-json\/wp\/v2\/users\/2"}],"replies":[{"embeddable":true,"href":"https:\/\/regencargobikes.com\/da\/wp-json\/wp\/v2\/comments?post=1953"}],"version-history":[{"count":0,"href":"https:\/\/regencargobikes.com\/da\/wp-json\/wp\/v2\/posts\/1953\/revisions"}],"wp:featuredmedia":[{"embeddable":true,"href":"https:\/\/regencargobikes.com\/da\/wp-json\/wp\/v2\/media\/1951"}],"wp:attachment":[{"href":"https:\/\/regencargobikes.com\/da\/wp-json\/wp\/v2\/media?parent=1953"}],"wp:term":[{"taxonomy":"category","embeddable":true,"href":"https:\/\/regencargobikes.com\/da\/wp-json\/wp\/v2\/categories?post=1953"},{"taxonomy":"post_tag","embeddable":true,"href":"https:\/\/regencargobikes.com\/da\/wp-json\/wp\/v2\/tags?post=1953"}],"curies":[{"name":"wp","href":"https:\/\/api.w.org\/{rel}","templated":true}]}}