{"id":1956,"date":"2026-06-05T05:36:11","date_gmt":"2026-06-04T21:36:11","guid":{"rendered":"https:\/\/regencargobikes.com\/rad-power-bikes-life-ev-acquisition\/"},"modified":"2026-06-05T05:36:11","modified_gmt":"2026-06-04T21:36:11","slug":"rad-power-bikes-life-ev-acquisition","status":"publish","type":"post","link":"https:\/\/regencargobikes.com\/da\/rad-power-bikes-life-ev-acquisition\/","title":{"rendered":"Rad Power Bikes-m\u00e6rket forts\u00e6tter efter Life EV-overtagelsen"},"content":{"rendered":"<p>Rad Power Bikes vil forts\u00e6tte under nyt ejerskab efter en af de mest dramatiske nedture p\u00e5 det nordamerikanske e-cykelmarked.<\/p>\n<figure class=\"wp-block-image size-full\"><img decoding=\"async\" src=\"https:\/\/regencargobikes.com\/wp-content\/uploads\/2026\/06\/rad-life-ev-official-banner-original.png\" alt=\"Rad Power Bikes officielle opk\u00f8bsmeddelelsesbillede\"\/><figcaption>Billedkilde: Rad Power Bikes officielle meddelelse, \"Life EV Completes Rad Power Bikes Asset Acquisition.\"<\/figcaption><\/figure>\n<p>Life Electric Vehicles, ogs\u00e5 kendt som Life EV, har gennemf\u00f8rt et retsgodkendt opk\u00f8b af Rad Power Bikes' aktiver. Aftalen omfatter brandet, intellektuel ejendom, lagerbeholdning og relaterede driftsaktiver.<\/p>\n<p>Den rapporterede pris var omkring 13,2 millioner USD. Det tal er sl\u00e5ende, fordi Rad Power Bikes engang blev vurderet til mere end 1,6 milliarder USD under e-cykelboomet.<\/p><div id=\"regen-700466386\" class=\"regen-test-placement-from-wizard-2878267818 regen-entity-placement\"><script async src=\"https:\/\/pagead2.googlesyndication.com\/pagead\/js\/adsbygoogle.js?client=ca-pub-1076230867169041\"\n     crossorigin=\"anonymous\"><\/script><\/div><div id=\"regen-3952254504\" class=\"regen-test-placement-from-wizard-1604397851 regen-entity-placement\"><script async src=\"https:\/\/pagead2.googlesyndication.com\/pagead\/js\/adsbygoogle.js?client=ca-pub-1076230867169041\"\n     crossorigin=\"anonymous\"><\/script><\/div>\n<p>Det korte svar er, at Rad ikke forsvinder, men det er ikke l\u00e6ngere den samme h\u00f8jv\u00e6kst-startup-historie. Det er nu en turnaround-sag.<\/p>\n<h2>Hvad skete der<\/h2>\n<p>Rad Power Bikes indgav konkursbeskyttelse efter \u00e5r med \u00f8konomisk pres. Life EV fremstod som den vindende byder i salgsprocessen og har nu gennemf\u00f8rt opk\u00f8bet.<\/p>\n<p>If\u00f8lge GeekWire, Bicycle Retailer and Industry News og Rads egen meddelelse planl\u00e6gger Life EV at holde Rad Power Bikes-brandet i drift.<\/p>\n<p>Den nye ejer har sagt, at de vil opretholde detaildriften i USA og \u00e6re visse kundeforpligtelser, herunder berettigede garanti- og gavekortforpligtelser i henhold til k\u00f8bsaftalen.<\/p>\n<h2>Hvorfor Rad faldt s\u00e5 langt<\/h2>\n<p>Rad Power Bikes blev et af de mest kendte direkte-til-forbruger-e-cykelm\u00e6rker i Nordamerika ved at s\u00e6lge praktiske by- og brugs-e-cykler til overkommelige priser.<\/p>\n<p>Under pandemiens cykelboom fungerede den model ekstremt godt. Eftersp\u00f8rgslen steg, investorer h\u00e6ldte kapital ind, og Rad ekspanderede hurtigt.<\/p>\n<p>Men den samme v\u00e6kstmodel blev sv\u00e6rere at h\u00e5ndtere, da forholdene \u00e6ndrede sig:<\/p>\n<ul>\n<li>eftersp\u00f8rgslen efter pandemien k\u00f8lnede<\/li>\n<li>lagerbeholdning blev sv\u00e6rere at balancere<\/li>\n<li>told og forsyningsk\u00e6deomkostninger pressede marginerne<\/li>\n<li>garanti- og sikkerhedsforpligtelser blev dyrere<\/li>\n<li>direkte-til-forbruger-servicest\u00f8tte blev sv\u00e6rere i stor skala<\/li>\n<\/ul>\n<p>Den mest synlige kontrast er v\u00e6rdians\u00e6ttelsen. Rad rejste hundredvis af millioner af dollars og n\u00e5ede en topv\u00e6rdians\u00e6ttelse p\u00e5 cirka 1,65 milliarder USD. Den endelige aktivsalgspris var cirka 13,2 millioner USD.<\/p>\n<h2>Hvad Life EV planl\u00e6gger at g\u00f8re<\/h2>\n<p>Life EV er ikke ny inden for opk\u00f8b af e-cykelm\u00e6rker. Virksomheden opk\u00f8bte tidligere Serial 1, det premium e-cykelm\u00e6rke, der oprindeligt blev lanceret af Harley-Davidson.<\/p>\n<p>For Rad har Life EV signaleret en mere operationelt fokuseret tilgang. Virksomheden siger, at de vil bevare brandet, mens de genopbygger omkring service, forsyningsk\u00e6dekontrol og USA-baserede operationer.<\/p>\n<p>En vigtig del af den plan er indenlandsk samling. Life EV og relaterede produktionsoperationer har peget p\u00e5 Tennessee som en fremtidig base for samlingsaktivitet i USA.<\/p>\n<p>Det kan hj\u00e6lpe med at reducere toldeksponering og give virksomheden mere kontrol over kvalitet, deleflow og kundesupport.<\/p>\n<h2>Hvad kunder b\u00f8r vide<\/h2>\n<p>Eksisterende Rad Power Bikes-ejere b\u00f8r ikke antage, at brandet er forsvundet. Virksomheden siger, at brandet vil forts\u00e6tte, men kunder skal stadig tjekke detaljerne for, hvilken support der g\u00e6lder for deres specifikke k\u00f8b.<\/p>\n<p>De vigtigste punkter er:<\/p>\n<ul>\n<li>Rads detailaktivitet forventes at forts\u00e6tte<\/li>\n<li>nogle garantiforpligtelser kan \u00e6res i henhold til k\u00f8bsaftalen<\/li>\n<li>berettigede gavekort kan stadig v\u00e6re brugbare<\/li>\n<li>dele tilg\u00e6ngelighed og servicepolitikker b\u00f8r tjekkes gennem officielle Rad-kanaler<\/li>\n<\/ul>\n<p>For kunder er det vigtige sp\u00f8rgsm\u00e5l ikke kun, om brandnavnet overlever. Det er, om dele, service og garantist\u00f8tte bliver forudsigelige igen.<\/p>\n<h2>Brancheperspektiv<\/h2>\n<p>Rads historie er en advarsel om hardwarev\u00e6kst.<\/p>\n<p>En e-cykelvirksomhed kan vokse hurtigt, n\u00e5r eftersp\u00f8rgslen er h\u00f8j, men langsigtet overlevelse afh\u00e6nger af lagerdisciplin, kvalitetskontrol, eftersalgsservice og likviditetsstyring. Det er sv\u00e6rere end kundeanskaffelse og fundraising.<\/p>\n<p>Life EV-opk\u00f8bet giver Rad en vej frem. Om det bliver et varigt comeback afh\u00e6nger af eksekvering: bedre support, bedre forsyningsk\u00e6dekontrol og en produktportef\u00f8lje, der passer til det nuv\u00e6rende marked snarere end pandemiens boom.<\/p>\n<h2>Kilder<\/h2>\n<ul>\n<li>GeekWire: <a href=\"https:\/\/www.geekwire.com\/2026\/rad-power-bikes-brand-will-live-on-as-life-ev-completes-acquisition-of-seattle-e-bike-makers-assets\/\" target=\"_blank\" rel=\"noopener\">Rad Power Bikes-brandet vil leve videre, n\u00e5r Life EV gennemf\u00f8rer opk\u00f8bet<\/a><\/li>\n<li>Bicycle Retailer and Industry News: <a href=\"https:\/\/www.bicycleretailer.com\/industry-news\/2026\/03\/06\/rad-power-bikes-sale-life-ev-completed\" target=\"_blank\" rel=\"noopener\">Rad Power Bikes-salg til Life EV gennemf\u00f8rt<\/a><\/li>\n<li>Rad Power Bikes: <a href=\"https:\/\/www.radpowerbikes.com\/blogs\/the-scenic-route\/life-ev-completes-rad-power-bikes-asset-acquisition\" target=\"_blank\" rel=\"noopener\">Life EV gennemf\u00f8rer Rad Power Bikes-aktivopk\u00f8b<\/a><\/li>\n<\/ul>","protected":false},"excerpt":{"rendered":"<p>Life Electric Vehicles has completed its court-approved acquisition of Rad Power Bikes assets, keeping the once-dominant North American e-bike brand alive after bankruptcy. The deal values Rad&#8217;s remaining assets at about USD 13.2 million, far below the company&#8217;s pandemic-era valuation.<\/p>","protected":false},"author":2,"featured_media":1954,"comment_status":"","ping_status":"","sticky":false,"template":"","format":"standard","meta":{"footnotes":""},"categories":[33],"tags":[],"class_list":["post-1956","post","type-post","status-publish","format-standard","has-post-thumbnail","hentry","category-ebike-news"],"_links":{"self":[{"href":"https:\/\/regencargobikes.com\/da\/wp-json\/wp\/v2\/posts\/1956","targetHints":{"allow":["GET"]}}],"collection":[{"href":"https:\/\/regencargobikes.com\/da\/wp-json\/wp\/v2\/posts"}],"about":[{"href":"https:\/\/regencargobikes.com\/da\/wp-json\/wp\/v2\/types\/post"}],"author":[{"embeddable":true,"href":"https:\/\/regencargobikes.com\/da\/wp-json\/wp\/v2\/users\/2"}],"replies":[{"embeddable":true,"href":"https:\/\/regencargobikes.com\/da\/wp-json\/wp\/v2\/comments?post=1956"}],"version-history":[{"count":0,"href":"https:\/\/regencargobikes.com\/da\/wp-json\/wp\/v2\/posts\/1956\/revisions"}],"wp:featuredmedia":[{"embeddable":true,"href":"https:\/\/regencargobikes.com\/da\/wp-json\/wp\/v2\/media\/1954"}],"wp:attachment":[{"href":"https:\/\/regencargobikes.com\/da\/wp-json\/wp\/v2\/media?parent=1956"}],"wp:term":[{"taxonomy":"category","embeddable":true,"href":"https:\/\/regencargobikes.com\/da\/wp-json\/wp\/v2\/categories?post=1956"},{"taxonomy":"post_tag","embeddable":true,"href":"https:\/\/regencargobikes.com\/da\/wp-json\/wp\/v2\/tags?post=1956"}],"curies":[{"name":"wp","href":"https:\/\/api.w.org\/{rel}","templated":true}]}}