{"id":1145,"date":"2025-05-03T17:19:43","date_gmt":"2025-05-03T09:19:43","guid":{"rendered":"https:\/\/regencargobikes.com\/?p=1145"},"modified":"2025-05-07T21:31:08","modified_gmt":"2025-05-07T13:31:08","slug":"2025-austin-cargo-bike-festival","status":"publish","type":"post","link":"https:\/\/regencargobikes.com\/de\/2025-austin-cargo-bike-festival\/","title":{"rendered":"Austin Cargo Bike Festival 2025"},"content":{"rendered":"<p>Der <strong>Austin Cargo Bike Festival 2025<\/strong> bietet die M\u00f6glichkeit, die praktischen Vorteile von Lastenr\u00e4dern und leichten Transportl\u00f6sungen im st\u00e4dtischen Umfeld aus erster Hand zu erfahren. Die Veranstaltung findet statt am <strong>Samstag, 3. Mai 2025<\/strong>, von <strong>11 AM bis 15 PM<\/strong> unter <strong>900 Springdale Road, Austin, TX<\/strong>, Diese Veranstaltung ist f\u00fcr die \u00d6ffentlichkeit kostenlos und konzentriert sich auf praktische Anwendungen von Lastenr\u00e4dern und Mikromobilit\u00e4tsl\u00f6sungen f\u00fcr das Leben in der Stadt.<\/p>\n\n\n\n<h2 class=\"wp-block-heading\"><strong>&nbsp;Veranstaltungsdetails<\/strong><\/h2>\n\n\n\n<ul class=\"wp-block-list\">\n<li><strong>Datum und Uhrzeit<\/strong>: Samstag, 3. Mai 2025 | 11 AM - 15 PM<\/li>\n\n\n\n<li><strong>Standort<\/strong>900 Springdale Road, Austin, TX 78702<\/li>\n\n\n\n<li><strong>Zulassung<\/strong>: Frei<\/li>\n\n\n\n<li><strong>Veranstalter<\/strong>: <a href=\"https:\/\/www.biketexas.org\/uncategorized\/2025-austin-cargo-bike-festival\/\" target=\"_blank\" rel=\"noopener\">BikeTexas<\/a><\/li>\n<\/ul>\n\n\n\n<figure class=\"wp-block-image size-full\"><img fetchpriority=\"high\" decoding=\"async\" width=\"600\" height=\"400\" src=\"https:\/\/regencargobikes.com\/wp-content\/uploads\/2025\/05\/Fun-at-ACBF-1.jpg\" alt=\"\" class=\"wp-image-1146\" srcset=\"https:\/\/regencargobikes.com\/wp-content\/uploads\/2025\/05\/Fun-at-ACBF-1.jpg 600w, https:\/\/regencargobikes.com\/wp-content\/uploads\/2025\/05\/Fun-at-ACBF-1-300x200.jpg 300w, https:\/\/regencargobikes.com\/wp-content\/uploads\/2025\/05\/Fun-at-ACBF-1-18x12.jpg 18w\" sizes=\"(max-width: 600px) 100vw, 600px\" \/><\/figure>\n\n\n\n<h2 class=\"wp-block-heading\"><strong>Was Sie erwartet<\/strong><\/h2>\n\n\n\n<ul class=\"wp-block-list\">\n<li><strong>Probefahrten<\/strong>: Die Teilnehmer haben die M\u00f6glichkeit, verschiedene Lastenr\u00e4der und Mikromobilit\u00e4tsfahrzeuge unter realen Bedingungen auszuprobieren.<\/li>\n\n\n\n<li><strong>Dekorierte Cargo-Bike-Parade<\/strong>: Die Teilnehmer k\u00f6nnen an der Parade teilnehmen, um ihre kreativ gestalteten Lastenfahrr\u00e4der zu pr\u00e4sentieren.<\/li>\n\n\n\n<li><strong>Lokales Essen &amp; Unterhaltung<\/strong>: Auf dem Festival gibt es Essen von lokalen Anbietern und Unterhaltung f\u00fcr Besucher aller Altersgruppen.<\/li>\n\n\n\n<li><strong>Gemeinschaftliches Engagement<\/strong>: Die Veranstaltung bietet die M\u00f6glichkeit, Kontakte zu Anwohnern und Unternehmen zu kn\u00fcpfen, die Lastenfahrr\u00e4der zur Deckung ihres Transportbedarfs nutzen.<\/li>\n<\/ul>\n\n\n\n<h2 class=\"wp-block-heading\"><strong>Wer sollte teilnehmen?<\/strong><\/h2>\n\n\n\n<ul class=\"wp-block-list\">\n<li><strong>Radsport-Enthusiasten<\/strong>: Diese Veranstaltung ist ideal f\u00fcr Personen, die mehr \u00fcber den Einsatz und die Vorteile von Lastenr\u00e4dern erfahren m\u00f6chten.<\/li>\n\n\n\n<li><strong>Familien<\/strong>: Das Festival bietet unterhaltsame und lehrreiche Aktivit\u00e4ten f\u00fcr alle Altersgruppen.<\/li>\n\n\n\n<li><strong>Stadtplaner und politische Entscheidungstr\u00e4ger<\/strong>: Die Veranstaltung wird einen Einblick geben, wie Lastenr\u00e4der dazu beitragen k\u00f6nnen, Verkehrsstaus zu verringern und die Mobilit\u00e4t in der Stadt zu verbessern.<\/li>\n\n\n\n<li><strong>Lokale Unternehmen<\/strong>: Unternehmen k\u00f6nnen erforschen, wie Lastenfahrr\u00e4der f\u00fcr Lieferungen und andere logistische Anforderungen in ihren Betrieb integriert werden k\u00f6nnen.<\/li>\n<\/ul>\n\n\n\n<h2 class=\"wp-block-heading\"><strong>Tipps f\u00fcr Besucher<\/strong><\/h2>\n\n\n\n<ul class=\"wp-block-list\">\n<li><strong>Fr\u00fch ankommen<\/strong>: Um Ihre Zeit auf der Veranstaltung optimal zu nutzen, sollten Sie fr\u00fch kommen, um die Lastenfahrr\u00e4der auszuprobieren.<\/li>\n\n\n\n<li><strong>Bringen Sie Familie und Freunde mit<\/strong>: Es handelt sich um eine familienfreundliche Veranstaltung, die eine gute Gelegenheit bietet, gemeinsam zu lernen und Spa\u00df zu haben.<\/li>\n\n\n\n<li><strong>Bequeme Kleidung<\/strong>: Da die Veranstaltung im Freien stattfindet, sollten Sie bequeme Kleidung und Schuhe tragen, die zum Gehen und zur Teilnahme an den Aktivit\u00e4ten geeignet sind.<\/li>\n\n\n\n<li><strong>Mit Ausstellern in Kontakt treten<\/strong>: Nehmen Sie sich die Zeit, mit den Ausstellern zu sprechen, um zu erfahren, wie Lastenfahrr\u00e4der f\u00fcr verschiedene praktische Anwendungen in Ihrem eigenen Leben oder Unternehmen genutzt werden k\u00f6nnen.<\/li>\n<\/ul>","protected":false},"excerpt":{"rendered":"<p>The 2025 Austin Cargo Bike Festival offers a chance to experience firsthand the practical advantages of cargo bikes and light transport solutions in urban settings. Taking place on Saturday, May 3, 2025, from 11 AM to 3 PM at 900 Springdale Road, Austin, TX, this event is free to the public and focuses on real-world [&hellip;]<\/p>\n","protected":false},"author":2,"featured_media":1147,"comment_status":"open","ping_status":"open","sticky":false,"template":"","format":"standard","meta":{"footnotes":""},"categories":[36],"tags":[],"class_list":["post-1145","post","type-post","status-publish","format-standard","has-post-thumbnail","hentry","category-event-expo"],"_links":{"self":[{"href":"https:\/\/regencargobikes.com\/de\/wp-json\/wp\/v2\/posts\/1145","targetHints":{"allow":["GET"]}}],"collection":[{"href":"https:\/\/regencargobikes.com\/de\/wp-json\/wp\/v2\/posts"}],"about":[{"href":"https:\/\/regencargobikes.com\/de\/wp-json\/wp\/v2\/types\/post"}],"author":[{"embeddable":true,"href":"https:\/\/regencargobikes.com\/de\/wp-json\/wp\/v2\/users\/2"}],"replies":[{"embeddable":true,"href":"https:\/\/regencargobikes.com\/de\/wp-json\/wp\/v2\/comments?post=1145"}],"version-history":[{"count":1,"href":"https:\/\/regencargobikes.com\/de\/wp-json\/wp\/v2\/posts\/1145\/revisions"}],"predecessor-version":[{"id":1148,"href":"https:\/\/regencargobikes.com\/de\/wp-json\/wp\/v2\/posts\/1145\/revisions\/1148"}],"wp:featuredmedia":[{"embeddable":true,"href":"https:\/\/regencargobikes.com\/de\/wp-json\/wp\/v2\/media\/1147"}],"wp:attachment":[{"href":"https:\/\/regencargobikes.com\/de\/wp-json\/wp\/v2\/media?parent=1145"}],"wp:term":[{"taxonomy":"category","embeddable":true,"href":"https:\/\/regencargobikes.com\/de\/wp-json\/wp\/v2\/categories?post=1145"},{"taxonomy":"post_tag","embeddable":true,"href":"https:\/\/regencargobikes.com\/de\/wp-json\/wp\/v2\/tags?post=1145"}],"curies":[{"name":"wp","href":"https:\/\/api.w.org\/{rel}","templated":true}]}}