{"id":1600,"date":"2025-06-22T04:17:36","date_gmt":"2025-06-21T20:17:36","guid":{"rendered":"https:\/\/regencargobikes.com\/?p=1600"},"modified":"2025-06-22T04:17:38","modified_gmt":"2025-06-21T20:17:38","slug":"how-fast-can-your-electric-cargo-bike-go","status":"publish","type":"post","link":"https:\/\/regencargobikes.com\/de\/how-fast-can-your-electric-cargo-bike-go\/","title":{"rendered":"Wie schnell kann Ihr elektrisches Lastenfahrrad fahren?"},"content":{"rendered":"<p>Bei Regen wird uns oft eine t\u00e4uschend einfache Frage gestellt:<\/p>\n\n\n\n<p><strong>\u201eWie schnell kann Ihr <a href=\"https:\/\/regencargobikes.com\/de\/what-is-a-cargo-bike\/\" data-type=\"post\" data-id=\"1179\">elektrisches Lastenfahrrad<\/a> gehen?&quot;<\/strong><\/p>\n\n\n\n<p>Das ist eine berechtigte Frage \u2013 und eine wichtige. Ob Sie pendeln, Waren ausliefern oder in Ihrer Freizeit fahren \u2013 Geschwindigkeit beeinflusst nicht nur die Effizienz, sondern auch die Legalit\u00e4t, Sicherheit und den Fahrkomfort. Deshalb nehmen wir Sie heute mit hinter den Lenker und in die Daten. Wir untersuchen reale Geschwindigkeitsstatistiken, gesetzliche Grenzwerte und <strong>was die Geschwindigkeit Ihres Lastenfahrrads beeinflusst.<\/strong><\/p><div class=\"regen-test-placement-from-wizard-1604397851\" id=\"regen-4050886125\"><script async src=\"https:\/\/pagead2.googlesyndication.com\/pagead\/js\/adsbygoogle.js?client=ca-pub-1076230867169041\"\n     crossorigin=\"anonymous\"><\/script><\/div><div class=\"regen-test-placement-from-wizard-2878267818\" id=\"regen-1917584494\"><script async src=\"https:\/\/pagead2.googlesyndication.com\/pagead\/js\/adsbygoogle.js?client=ca-pub-1076230867169041\"\n     crossorigin=\"anonymous\"><\/script><\/div>\n\n\n\n<hr class=\"wp-block-separator has-alpha-channel-opacity\"\/>\n\n\n\n<h2 class=\"wp-block-heading\"><strong>Geschwindigkeitsbegrenzungen auf der ganzen Welt<\/strong><\/h2>\n\n\n\n<p>Beginnen wir mit den Grundlagen: <strong>Die zul\u00e4ssigen H\u00f6chstgeschwindigkeiten variieren je nach Region<\/strong>Die meisten elektrischen Lastenfahrr\u00e4der fallen in eine von zwei Klassen:<\/p>\n\n\n\n<figure class=\"wp-block-table\"><table class=\"has-fixed-layout\"><thead><tr><th><strong>Region<\/strong><\/th><th><strong>Zul\u00e4ssige H\u00f6chstgeschwindigkeit (km\/h)<\/strong><\/th><th><strong>H\u00f6chstgeschwindigkeit (mph)<\/strong><\/th><th><strong>Unterrichtsnotizen<\/strong><\/th><\/tr><\/thead><tbody><tr><td>EU<\/td><td>25<\/td><td>15.5<\/td><td>Pedelec (max. 250 W Motor)<\/td><\/tr><tr><td>EU (Geschwindigkeit-P)<\/td><td>45<\/td><td>28<\/td><td>Speed-Pedelec, registrierungspflichtig<\/td><\/tr><tr><td>USA<\/td><td>32<\/td><td>20<\/td><td>E-Bikes der Klassen 1 und 2 (750 W Motorleistung)<\/td><\/tr><tr><td>Kanada<\/td><td>32<\/td><td>20<\/td><td>Max. 500-W-Motoren<\/td><\/tr><\/tbody><\/table><\/figure>\n\n\n\n<p>In den meisten europ\u00e4ischen L\u00e4ndern sind unsere Lastenr\u00e4der <strong>begrenzt auf 25 km\/h<\/strong> um im Stra\u00dfenverkehr als Fahrr\u00e4der zu gelten \u2013 keine Lizenz oder Versicherung erforderlich. In den USA und Kanada betr\u00e4gt die Obergrenze <strong>32 km\/h<\/strong>Manche Fahrr\u00e4der \u00fcberschreiten diese Geschwindigkeit (bis zu 45 km\/h) unter <strong>Speed-Pedelec<\/strong> Klassifizierung, die normalerweise das Tragen eines Helms, eine Versicherung und sogar ein Nummernschild erfordert.<\/p>\n\n\n\n<p><br>\ud83d\udc49 Link zu: <strong><a href=\"https:\/\/regencargobikes.com\/de\/electric-cargo-bike-motor-power-system-faq\/\" data-type=\"post\" data-id=\"1310\">FAQ zum Motorsystem und zur Leistung von elektrischen Lastenfahrr\u00e4dern<\/a><\/strong><\/p>\n\n\n\n<hr class=\"wp-block-separator has-alpha-channel-opacity\"\/>\n\n\n\n<h2 class=\"wp-block-heading\"><strong>Welche Geschwindigkeiten erreichen Fahrer tats\u00e4chlich?<\/strong><\/h2>\n\n\n\n<p>Hier trifft Theorie auf Asphalt. <a href=\"https:\/\/regencargobikes.com\/de\/long-john-cargo-bike-regen-02\/\" data-type=\"page\" data-id=\"1395\">Regen Elektro-Lastenr\u00e4der<\/a> Bequem herumfahren:<\/p>\n\n\n\n<ul class=\"wp-block-list\">\n<li><strong>20\u201325 km\/h (12\u201315,5 mph)<\/strong> unter Standard-Pedalunterst\u00fctzung<\/li>\n\n\n\n<li><strong>40\u201345 km\/h<\/strong> f\u00fcr leistungsstarke oder Speed-Pedelec-Modelle<\/li>\n<\/ul>\n\n\n\n<p>Aber denken Sie daran: Geschwindigkeit ist nicht nur eine Frage der Spezifikationen. Es geht um <strong>Beladung, Gel\u00e4nde, Fahrereingaben<\/strong>und nat\u00fcrlich <strong>Motorst\u00e4rke<\/strong>.<\/p>\n\n\n\t\t<div data-elementor-type=\"section\" data-elementor-id=\"1414\" class=\"elementor elementor-1414\" data-elementor-post-type=\"elementor_library\">\n\t\t\t<div class=\"elementor-element elementor-element-7bf5eb01 e-flex e-con-boxed e-con e-parent\" data-id=\"7bf5eb01\" data-element_type=\"container\" data-e-type=\"container\" data-settings=\"{&quot;background_background&quot;:&quot;classic&quot;,&quot;ekit_has_onepagescroll_dot&quot;:&quot;yes&quot;}\">\n\t\t\t\t\t<div class=\"e-con-inner\">\n\t\t<div class=\"elementor-element elementor-element-9fc34e2 e-con-full e-flex e-con e-child\" data-id=\"9fc34e2\" data-element_type=\"container\" data-e-type=\"container\" data-settings=\"{&quot;background_background&quot;:&quot;classic&quot;,&quot;ekit_has_onepagescroll_dot&quot;:&quot;yes&quot;}\">\n\t\t\t\t<div class=\"elementor-element elementor-element-af4e700 elementor-absolute elementor-widget elementor-widget-image\" data-id=\"af4e700\" data-element_type=\"widget\" data-e-type=\"widget\" data-settings=\"{&quot;_position&quot;:&quot;absolute&quot;}\" data-widget_type=\"image.default\">\n\t\t\t\t<div class=\"elementor-widget-container\">\n\t\t\t\t\t\t\t\t\t\t\t\t\t\t\t<img fetchpriority=\"high\" decoding=\"async\" width=\"800\" height=\"422\" src=\"https:\/\/regencargobikes.com\/wp-content\/uploads\/2025\/05\/regen-02-electric-cargo-bike-.webp\" class=\"attachment-large size-large wp-image-1398\" alt=\"regen 02 elektrisches Lastenfahrrad\" srcset=\"https:\/\/regencargobikes.com\/wp-content\/uploads\/2025\/05\/regen-02-electric-cargo-bike-.webp 1000w, https:\/\/regencargobikes.com\/wp-content\/uploads\/2025\/05\/regen-02-electric-cargo-bike--300x158.webp 300w, https:\/\/regencargobikes.com\/wp-content\/uploads\/2025\/05\/regen-02-electric-cargo-bike--768x405.webp 768w, https:\/\/regencargobikes.com\/wp-content\/uploads\/2025\/05\/regen-02-electric-cargo-bike--18x9.webp 18w\" sizes=\"(max-width: 800px) 100vw, 800px\" \/>\t\t\t\t\t\t\t\t\t\t\t\t\t\t\t<\/div>\n\t\t\t\t<\/div>\n\t\t\t\t<\/div>\n\t\t<div class=\"elementor-element elementor-element-7de8cd9d e-con-full e-flex e-con e-child\" data-id=\"7de8cd9d\" data-element_type=\"container\" data-e-type=\"container\" data-settings=\"{&quot;ekit_has_onepagescroll_dot&quot;:&quot;yes&quot;}\">\n\t\t\t\t<div class=\"elementor-element elementor-element-308b8d20 elementor-widget elementor-widget-elementskit-heading\" data-id=\"308b8d20\" data-element_type=\"widget\" data-e-type=\"widget\" data-widget_type=\"elementskit-heading.default\">\n\t\t\t\t<div class=\"elementor-widget-container\">\n\t\t\t\t\t<div class=\"ekit-wid-con\" ><div class=\"ekit-heading elementskit-section-title-wraper text_left   ekit_heading_tablet-   ekit_heading_mobile-text_center\"><h3 class=\"elementskit-section-subtitle\">\n\t\t\t\t\t\tRegen 02 E-Lastenrad\n\t\t\t\t\t<\/h3><h2 class=\"ekit-heading--title elementskit-section-title\">Suchen Sie nach einem kompakten, anpassbaren Frontlader f\u00fcr Ihre Marke?<\/h2>\t\t\t\t<div class='ekit-heading__description'>\n\t\t\t\t\t<p class=\"p1\">T\u00dcV-gepr\u00fcft durch vergangene kundenspezifische Projekte. \u00d6ffentlich verf\u00fcgbares Modell \u2013 konfigurierbar, bew\u00e4hrt und skalierbar.<\/p>\n\t\t\t\t<\/div>\n\t\t\t<\/div><\/div>\t\t\t\t<\/div>\n\t\t\t\t<\/div>\n\t\t\t\t<div class=\"elementor-element elementor-element-bf516c8 elementor-align-left elementor-align--mobilecenter elementor-widget elementor-widget-elementskit-button\" data-id=\"bf516c8\" data-element_type=\"widget\" data-e-type=\"widget\" data-widget_type=\"elementskit-button.default\">\n\t\t\t\t<div class=\"elementor-widget-container\">\n\t\t\t\t\t<div class=\"ekit-wid-con\" >\t\t<div class=\"ekit-btn-wraper\">\n\t\t\t\t\t\t\t<a href=\"https:\/\/regencargobikes.com\/de\/long-john-cargo-bike-regen-02\/\" class=\"elementskit-btn  whitespace--normal\" id=\"\">\n\t\t\t\t\tMehr erfahren\t\t\t\t<\/a>\n\t\t\t\t\t<\/div>\n        <\/div>\t\t\t\t<\/div>\n\t\t\t\t<\/div>\n\t\t\t\t<\/div>\n\t\t\t\t\t<\/div>\n\t\t\t\t<\/div>\n\t\t\t\t<\/div>\n\t\t\n\n\n\n<hr class=\"wp-block-separator has-alpha-channel-opacity\"\/>\n\n\n\n<h3 class=\"wp-block-heading\"><strong> Beispiel aus der Praxis<\/strong><\/h3>\n\n\n\n<p>Einer unserer Kunden in Deutschland nutzt ein Speed-Pedelec-Lastenrad mit Doppelbatterien und einem 750-W-Motor. Auf flachen Stadtstra\u00dfen f\u00e4hrt es konstant <strong>42 km\/h<\/strong>, selbst mit einer Zuladung von 60 kg. F\u00fcr den t\u00e4glichen Familiengebrauch oder kommunale Lieferungen finden die meisten Regen-Kunden den <strong>25 km\/h-Grenze<\/strong> perfekt geeignet \u2013 und sicher.<\/p>\n\n\n\n<hr class=\"wp-block-separator has-alpha-channel-opacity\"\/>\n\n\n\n<h2 class=\"wp-block-heading\"><strong>Welche Faktoren beeinflussen die Geschwindigkeit eines E-Lastenrads?<\/strong><\/h2>\n\n\n\n<p>Wir haben Dutzende von Konfigurationen an unseren Longtail- und Frontladermodellen getestet. Folgendes beeinflusst die H\u00f6chstgeschwindigkeit wirklich:<\/p>\n\n\n\n<figure class=\"wp-block-table\"><table class=\"has-fixed-layout\"><thead><tr><th><strong>Faktor<\/strong><\/th><th><strong>Auswirkungen auf die Geschwindigkeit<\/strong><\/th><\/tr><\/thead><tbody><tr><td><strong>Motorleistung<\/strong><\/td><td>Mehr Watt = h\u00f6here H\u00f6chstgeschwindigkeit. 250 W \u2248 25 km\/h, 750 W \u2248 32+ km\/h<\/td><\/tr><tr><td><strong>Batteriekapazit\u00e4t<\/strong><\/td><td>H\u00f6here Spannung und Amperestunden verbessern die anhaltende H\u00f6chstgeschwindigkeit<\/td><\/tr><tr><td><strong>Fahrraddesign<\/strong><\/td><td>Longtails sind schneller und wendiger als Dreir\u00e4der oder hochbordige Kastenr\u00e4der<\/td><\/tr><tr><td><strong><a href=\"https:\/\/regencargobikes.com\/wp-content\/uploads\/2025\/04\/10-key-facts-affect-cargo-bike-load-capacity.jpg\" data-type=\"attachment\" data-id=\"1061\">Gewicht laden<\/a><\/strong><\/td><td>Mehr Ladung = geringere Beschleunigung und reduzierte H\u00f6chstgeschwindigkeit<\/td><\/tr><tr><td><strong>Gel\u00e4nde &amp; Wind<\/strong><\/td><td>Steigungen und Gegenwind k\u00f6nnen Sie deutlich verlangsamen<\/td><\/tr><tr><td><strong>Reifendruck<\/strong><\/td><td>Zu geringer Reifendruck verringert Geschwindigkeit und Reichweite<\/td><\/tr><\/tbody><\/table><\/figure>\n\n\n\n<p>Weiterf\u00fchrende Literatur:<a href=\"https:\/\/regencargobikes.com\/de\/cargo-bike-frame-geometry\/\" data-type=\"post\" data-id=\"374\">Verst\u00e4ndnis der Rahmengeometrie bei Lastenfahrr\u00e4dern und ihres Einflusses auf das Fahrverhalten<\/a><\/p>\n\n\n\n<h2 class=\"wp-block-heading\"><strong>Geschwindigkeit vs. Sicherheit: Was ist das Risiko<\/strong><\/h2>\n\n\n\n<p>Seien wir ehrlich: Lastenr\u00e4der sind keine Rennr\u00e4der. Wir entwickeln unsere Rahmen f\u00fcr <strong>Stabilit\u00e4t und Frachthandling<\/strong>, nicht f\u00fcr rasende Geschwindigkeiten.<\/p>\n\n\n\n<p>Bei <strong>\u00fcber 30 mph (~48 km\/h)<\/strong>Schon leichte Lenkbewegungen k\u00f6nnen riskant werden. Der Bremsweg verl\u00e4ngert sich mit zunehmendem Gewicht deutlich. Deshalb sind alle Regen-Lastenr\u00e4der mit folgender Ausstattung ausgestattet:<\/p>\n\n\n\n<ul class=\"wp-block-list\">\n<li><strong>Hydraulische Scheibenbremsen<\/strong> ausgelegt f\u00fcr eine Gesamtlast von 200 kg+<\/li>\n\n\n\n<li><strong>Federgabeln oder Sattelst\u00fctzen<\/strong> f\u00fcr Stabilit\u00e4t auf holprigen Stra\u00dfen<\/li>\n\n\n\n<li><strong>Stabile Aluminiumrahmen<\/strong> die Hochgeschwindigkeitsbiegungen standhalten<\/li>\n<\/ul>\n\n\n\n<p>Das Endergebnis? <strong>Geschwindigkeit ist aufregend, aber Sicherheit steht immer an erster Stelle.<\/strong><\/p>\n\n\n\n<ul class=\"wp-block-list\">\n<li>Sehen Sie sich unseren Vergleich an: <a href=\"https:\/\/regencargobikes.com\/de\/mechanical-disc-brakes-vs-hydraulic-disc-brakes-in-ecargo-bikes\/\" data-type=\"post\" data-id=\"1047\">Mechanische Scheibenbremsen vs. hydraulische Scheibenbremsen bei E-Bikes und Lastenr\u00e4dern<\/a> <\/li>\n\n\n\n<li>Erfahren Sie mehr \u00fcber <a href=\"https:\/\/regencargobikes.com\/de\/frame-strength-what-determines-durability\/\" data-type=\"post\" data-id=\"1160\">Rahmenst\u00e4rke: Was bestimmt die Haltbarkeit?<\/a><\/li>\n<\/ul>\n\n\n\n<h2 class=\"wp-block-heading\"><strong>Vergleich beliebter Cargo-E-Bikes (einschlie\u00dflich unseres)<\/strong><\/h2>\n\n\n\n<p>Hier ist ein Vergleich der meistverkauften Lastenfahrr\u00e4der:<\/p>\n\n\n\n<figure class=\"wp-block-table\"><table class=\"has-fixed-layout\"><thead><tr><th><strong>Modell<\/strong><\/th><th><strong>Motorleistung (W)<\/strong><\/th><th><strong>H\u00f6chstgeschwindigkeit<\/strong><\/th><th><strong>Klasse<\/strong><\/th><th><strong>Hinweise<\/strong><\/th><\/tr><\/thead><tbody><tr><td><strong>Gunai GN66<\/strong><\/td><td>1,000<\/td><td>~45 km\/h<\/td><td>Speed-Pedelec<\/td><td>Hohe Leistung, geeignet f\u00fcr Privatwege oder Lieferflotten<\/td><\/tr><tr><td><strong>Riese &amp; M\u00fcller Load 75<\/strong><\/td><td>500\u2013850<\/td><td>Bis zu 45 km\/h<\/td><td>Speed-Pedelec<\/td><td>Doppelte Federung, doppelte Batterie<\/td><\/tr><tr><td><strong>Longtail 750 Pro<\/strong><\/td><td>750<\/td><td>32\u201338 km\/h<\/td><td>Klasse 2\/Geschwindigkeit-P<\/td><td>Beste Reichweite und Beschleunigung seiner Klasse<\/td><\/tr><tr><td><strong>Lectric XPedition<\/strong><\/td><td>750<\/td><td>32 km\/h<\/td><td>Klasse 2<\/td><td>Dicke Reifen, erschwinglich f\u00fcr Familien<\/td><\/tr><tr><td><strong>Decathlon R500E<\/strong><\/td><td>250<\/td><td>25 km\/h<\/td><td>EU Pedelec<\/td><td>Tolle Einstiegsoption<\/td><\/tr><\/tbody><\/table><\/figure>\n\n\n\n<p>Sind Sie sich nicht sicher, welcher Lastenfahrradtyp zu Ihnen passt? Siehe: <a href=\"https:\/\/regencargobikes.com\/de\/types-of-cargo-bike\/\" data-type=\"post\" data-id=\"376\">Wie viele verschiedene Arten von Lastenfahrr\u00e4dern gibt es?<\/a><\/p>\n\n\n\n<h2 class=\"wp-block-heading\"><strong>Fahrradgeschwindigkeit und Anwendungsf\u00e4lle (visuelle Zusammenfassung)<\/strong><\/h2>\n\n\n\n<figure class=\"wp-block-table\"><table class=\"has-fixed-layout\"><thead><tr><th><strong>Geschwindigkeitsbereich<\/strong><\/th><th><strong>Fahrradklasse<\/strong><\/th><th><strong>H\u00e4ufige Anwendungsf\u00e4lle<\/strong><\/th><\/tr><\/thead><tbody><tr><td>\u2264 25 km\/h<\/td><td>Pedelec<\/td><td>Schulwege, Lebensmitteleink\u00e4ufe, Besorgungen in der Stadt<\/td><\/tr><tr><td>25\u201332 km\/h<\/td><td>Klasse 2 \/ 750W<\/td><td>Leichte Frachtlieferung, Pendlerverkehr im Vorortbereich<\/td><\/tr><tr><td>32\u201345 km\/h<\/td><td>Speed-Pedelec<\/td><td>Kurierdienste, Fernlieferung<\/td><\/tr><\/tbody><\/table><\/figure>\n\n\n\n<h2 class=\"wp-block-heading\"><strong>Tipps von Regen: So werden Sie schneller und sicherer<\/strong><\/h2>\n\n\n\n<p>Du m\u00f6chtest die Geschwindigkeit deines E-Lastenrads erh\u00f6hen und gleichzeitig die Sicherheitsgrenzen einhalten? Hier unsere Tipps:<\/p>\n\n\n\n<ul class=\"wp-block-list\">\n<li><strong>Upgrade auf einen 750-W-Mittelmotor<\/strong> wenn die \u00f6rtlichen Gesetze dies zulassen<\/li>\n\n\n\n<li><strong>Tretunterst\u00fctzung aktiv nutzen<\/strong> um \u00fcber die reine Motorgeschwindigkeit hinauszugehen<\/li>\n\n\n\n<li><strong>Investieren Sie in geeignete Reifen und Bremssysteme<\/strong>\u2013 insbesondere bei schwererer Ladung<\/li>\n\n\n\n<li><strong>Verwenden Sie ein optimiertes Lade-Setup<\/strong> (keine \u00fcberh\u00e4ngenden K\u00e4sten oder hohen Paneele)<\/li>\n\n\n\n<li><strong>\u00dcberladen Sie den Gep\u00e4cktr\u00e4ger nicht<\/strong>\u2014auch bei h\u00f6heren Geschwindigkeiten kommt es auf die Balance an<\/li>\n<\/ul>\n\n\n\n<p>Wir haben gesehen, wie Lieferteams die Routeneffizienz steigern konnten, indem sie <strong>35%<\/strong> allein durch die Optimierung von Reifendruck, Ladegewicht und Fahrtechnik \u2013 ohne den Motor \u00fcberhaupt zu ver\u00e4ndern.<\/p>\n\n\n\n<hr class=\"wp-block-separator has-alpha-channel-opacity\"\/>\n\n\n\n<h2 class=\"wp-block-heading\"><strong> Die wichtigsten Erkenntnisse<\/strong><\/h2>\n\n\n\n<ul class=\"wp-block-list\">\n<li>Die meisten E-Lastenr\u00e4der sind gesetzlich beschr\u00e4nkt auf <strong>25\u201332 km\/h<\/strong> abh\u00e4ngig von Ihrem Standort<\/li>\n\n\n\n<li>Mit der richtigen Konfiguration k\u00f6nnen Geschwindigkeiten von <strong>45 km\/h<\/strong> sind erreichbar \u2013 erfordern aber eine Speed-Pedelec-Klassifizierung<\/li>\n\n\n\n<li>Die realen Reisegeschwindigkeiten liegen normalerweise bei <strong>20\u201328 km\/h<\/strong>, das Geschwindigkeit mit Sicherheit und Handling in Einklang bringt<\/li>\n\n\n\n<li>Fahrradkonfiguration, Zuladung, Gel\u00e4nde und sogar das Gewicht des Fahrers spielen eine Rolle<\/li>\n\n\n\n<li>Bei Regen entwickeln wir Fahrr\u00e4der nicht f\u00fcr pure Geschwindigkeit, sondern f\u00fcr <strong>sicherer, effizienter Transport, der Ihr Gesch\u00e4ft oder Ihren Lebensstil reibungslos am Laufen h\u00e4lt<\/strong><\/li>\n<\/ul>\n\n\n\n<h2 class=\"wp-block-heading\"><strong>Verweise<\/strong><\/h2>\n\n\n\n<ol start=\"1\" class=\"wp-block-list\">\n<li><a href=\"https:\/\/eur-lex.europa.eu\/legal-content\/EN\/TXT\/?uri=CELEX%3A32013R0168\" target=\"_blank\" rel=\"noopener\">EU-Verordnung Nr. 168\/2013<\/a><\/li>\n\n\n\n<li><a href=\"https:\/\/www.peopleforbikes.org\/electric-bikes\/policies\" target=\"_blank\" rel=\"noopener\">PeopleForBikes \u2013 E-Bike Kurse<\/a><\/li>\n\n\n\n<li><a href=\"https:\/\/www.decathlon.co.uk\/p\/longtail-cargo-e-bike-r500-electric\/_\/R-p-336237\" target=\"_blank\" rel=\"noopener\">Decathlon R500E Spezifikationen<\/a><\/li>\n\n\n\n<li><a href=\"https:\/\/cleantechnica.com\/2023\/06\/15\/lectric-xpedition-cargo-ebike-review\/\" target=\"_blank\" rel=\"noopener\">CleanTechnica-Rezension zu Lectric XPedition<\/a><\/li>\n\n\n\n<li><a href=\"https:\/\/www.bikeradar.com\/news\/yamaha-electric-cargo-bike\/\" target=\"_blank\" rel=\"noopener\">Markteinf\u00fchrung des Giant\/Yamaha Cargo E-Bikes<\/a><\/li>\n\n\n\n<li><a href=\"https:\/\/urbanarrow.com\" target=\"_blank\" rel=\"noopener\">Anwendungsf\u00e4lle f\u00fcr die Tenderflotte von Urban Arrow<\/a><\/li>\n\n\n\n<li><a href=\"https:\/\/www.alibaba.com\/product-detail\/1000w-cargo-bike_1600780935471.html\" target=\"_blank\" rel=\"noopener\">Gunai GN66 Produktliste<\/a><\/li>\n\n\n\n<li><a href=\"https:\/\/www.r-m.de\/en-us\/models\/load-75\/\" target=\"_blank\" rel=\"noopener\">Riese &amp; M\u00fcller Load 75 Spezifikationen<\/a><\/li>\n<\/ol>\n\n\n\n<hr class=\"wp-block-separator has-alpha-channel-opacity\"\/>\n\n\n\n<p><strong>M\u00f6chten Sie mehr erfahren oder die neuesten Longtail- oder Trike-Modelle von Regen Probe fahren?<\/strong><\/p>\n\n\n\n<p>Kontaktieren Sie uns jederzeit \u2013 unser Ingenieurteam ber\u00e4t Sie gerne, welche Geschwindigkeitseinstellung zu Ihrer Route, Ihrem Gel\u00e4nde und den \u00f6rtlichen Gesetzen passt.<\/p>\n\n\n\t\t<div data-elementor-type=\"section\" data-elementor-id=\"1591\" class=\"elementor elementor-1591\" data-elementor-post-type=\"elementor_library\">\n\t\t\t<div class=\"elementor-element elementor-element-8afca32 e-flex e-con-boxed e-con e-parent\" data-id=\"8afca32\" data-element_type=\"container\" data-e-type=\"container\" data-settings=\"{&quot;background_background&quot;:&quot;classic&quot;,&quot;ekit_has_onepagescroll_dot&quot;:&quot;yes&quot;}\">\n\t\t\t\t\t<div class=\"e-con-inner\">\n\t\t<div class=\"elementor-element elementor-element-24ec346 e-con-full e-flex e-con e-child\" data-id=\"24ec346\" data-element_type=\"container\" data-e-type=\"container\" data-settings=\"{&quot;background_background&quot;:&quot;classic&quot;,&quot;ekit_has_onepagescroll_dot&quot;:&quot;yes&quot;}\">\n\t\t\t\t<div class=\"elementor-element elementor-element-6b475eec elementor-absolute elementor-widget elementor-widget-image\" data-id=\"6b475eec\" data-element_type=\"widget\" data-e-type=\"widget\" data-settings=\"{&quot;_position&quot;:&quot;absolute&quot;}\" data-widget_type=\"image.default\">\n\t\t\t\t<div class=\"elementor-widget-container\">\n\t\t\t\t\t\t\t\t\t\t\t\t\t\t\t<img decoding=\"async\" width=\"800\" height=\"450\" src=\"https:\/\/regencargobikes.com\/wp-content\/uploads\/2025\/03\/RT.651.webp\" class=\"attachment-large size-large wp-image-1522\" alt=\"\" srcset=\"https:\/\/regencargobikes.com\/wp-content\/uploads\/2025\/03\/RT.651.webp 1000w, https:\/\/regencargobikes.com\/wp-content\/uploads\/2025\/03\/RT.651-300x169.webp 300w, https:\/\/regencargobikes.com\/wp-content\/uploads\/2025\/03\/RT.651-768x432.webp 768w, https:\/\/regencargobikes.com\/wp-content\/uploads\/2025\/03\/RT.651-18x10.webp 18w\" sizes=\"(max-width: 800px) 100vw, 800px\" \/>\t\t\t\t\t\t\t\t\t\t\t\t\t\t\t<\/div>\n\t\t\t\t<\/div>\n\t\t\t\t<div class=\"elementor-element elementor-element-48fc00c2 elementor-widget elementor-widget-image\" data-id=\"48fc00c2\" data-element_type=\"widget\" data-e-type=\"widget\" data-widget_type=\"image.default\">\n\t\t\t\t<div class=\"elementor-widget-container\">\n\t\t\t\t\t\t\t\t\t\t\t\t\t\t\t<img decoding=\"async\" width=\"533\" height=\"330\" src=\"https:\/\/regencargobikes.com\/wp-content\/uploads\/2025\/04\/New-1.png\" class=\"attachment-large size-large wp-image-436\" alt=\"\" srcset=\"https:\/\/regencargobikes.com\/wp-content\/uploads\/2025\/04\/New-1.png 533w, https:\/\/regencargobikes.com\/wp-content\/uploads\/2025\/04\/New-1-300x186.png 300w\" sizes=\"(max-width: 533px) 100vw, 533px\" \/>\t\t\t\t\t\t\t\t\t\t\t\t\t\t\t<\/div>\n\t\t\t\t<\/div>\n\t\t\t\t<\/div>\n\t\t<div class=\"elementor-element elementor-element-25aa7a08 e-con-full e-flex e-con e-child\" data-id=\"25aa7a08\" data-element_type=\"container\" data-e-type=\"container\" data-settings=\"{&quot;ekit_has_onepagescroll_dot&quot;:&quot;yes&quot;}\">\n\t\t\t\t<div class=\"elementor-element elementor-element-3d854eb8 elementor-widget elementor-widget-elementskit-heading\" data-id=\"3d854eb8\" data-element_type=\"widget\" data-e-type=\"widget\" data-widget_type=\"elementskit-heading.default\">\n\t\t\t\t<div class=\"elementor-widget-container\">\n\t\t\t\t\t<div class=\"ekit-wid-con\" ><div class=\"ekit-heading elementskit-section-title-wraper text_left   ekit_heading_tablet-   ekit_heading_mobile-text_center\"><p class=\"elementskit-section-subtitle\">\n\t\t\t\t\t\tNur 20 MOQ-Bikes zum Einstieg \n\t\t\t\t\t<\/p><p class=\"ekit-heading--title elementskit-section-title\">Individualisierbares E-Lastenrad - RS01 <\/p>\t\t\t\t<div class='ekit-heading__description'>\n\t\t\t\t\t<p class=\"p2\">Egal, ob Sie eine wachsende Marke oder ein Nachbarschaftsladen sind, unsere Schwerlast-Lastenfahrr\u00e4der sind Ihre Eintrittskarte in die boomende Welt der umweltfreundlichen Lieferung. Los geht&#039;s!<\/p>\n\t\t\t\t<\/div>\n\t\t\t<\/div><\/div>\t\t\t\t<\/div>\n\t\t\t\t<\/div>\n\t\t\t\t<div class=\"elementor-element elementor-element-137412e2 elementor-align-left elementor-align--mobilecenter elementor-widget elementor-widget-elementskit-button\" data-id=\"137412e2\" data-element_type=\"widget\" data-e-type=\"widget\" data-widget_type=\"elementskit-button.default\">\n\t\t\t\t<div class=\"elementor-widget-container\">\n\t\t\t\t\t<div class=\"ekit-wid-con\" >\t\t<div class=\"ekit-btn-wraper\">\n\t\t\t\t\t\t\t<a href=\"#elementor-action%3Aaction%3Dpopup%3Aopen%26settings%3DeyJpZCI6IjczNCIsInRvZ2dsZSI6ZmFsc2V9\" class=\"elementskit-btn  whitespace--normal\" id=\"\">\n\t\t\t\t\tFordern Sie ein Angebot an\t\t\t\t<\/a>\n\t\t\t\t\t<\/div>\n        <\/div>\t\t\t\t<\/div>\n\t\t\t\t<\/div>\n\t\t\t\t<\/div>\n\t\t\t\t\t<\/div>\n\t\t\t\t<\/div>\n\t\t\t\t<\/div>","protected":false},"excerpt":{"rendered":"<p>At Regen, we often get asked a deceptively simple question: \u201cHow fast can your electric cargo bike go?\u201d It\u2019s a fair question\u2014and an important one. Whether you\u2019re commuting, delivering goods, or riding for leisure, speed affects not just efficiency, but legality, safety, and riding comfort. So today, we\u2019re taking you behind the handlebars and into [&hellip;]<\/p>\n","protected":false},"author":2,"featured_media":1595,"comment_status":"open","ping_status":"closed","sticky":false,"template":"","format":"standard","meta":{"footnotes":""},"categories":[2,30],"tags":[],"class_list":["post-1600","post","type-post","status-publish","format-standard","has-post-thumbnail","hentry","category-knowledge","category-blog"],"_links":{"self":[{"href":"https:\/\/regencargobikes.com\/de\/wp-json\/wp\/v2\/posts\/1600","targetHints":{"allow":["GET"]}}],"collection":[{"href":"https:\/\/regencargobikes.com\/de\/wp-json\/wp\/v2\/posts"}],"about":[{"href":"https:\/\/regencargobikes.com\/de\/wp-json\/wp\/v2\/types\/post"}],"author":[{"embeddable":true,"href":"https:\/\/regencargobikes.com\/de\/wp-json\/wp\/v2\/users\/2"}],"replies":[{"embeddable":true,"href":"https:\/\/regencargobikes.com\/de\/wp-json\/wp\/v2\/comments?post=1600"}],"version-history":[{"count":2,"href":"https:\/\/regencargobikes.com\/de\/wp-json\/wp\/v2\/posts\/1600\/revisions"}],"predecessor-version":[{"id":1602,"href":"https:\/\/regencargobikes.com\/de\/wp-json\/wp\/v2\/posts\/1600\/revisions\/1602"}],"wp:featuredmedia":[{"embeddable":true,"href":"https:\/\/regencargobikes.com\/de\/wp-json\/wp\/v2\/media\/1595"}],"wp:attachment":[{"href":"https:\/\/regencargobikes.com\/de\/wp-json\/wp\/v2\/media?parent=1600"}],"wp:term":[{"taxonomy":"category","embeddable":true,"href":"https:\/\/regencargobikes.com\/de\/wp-json\/wp\/v2\/categories?post=1600"},{"taxonomy":"post_tag","embeddable":true,"href":"https:\/\/regencargobikes.com\/de\/wp-json\/wp\/v2\/tags?post=1600"}],"curies":[{"name":"wp","href":"https:\/\/api.w.org\/{rel}","templated":true}]}}