{"id":1739,"date":"2025-07-17T17:23:16","date_gmt":"2025-07-17T09:23:16","guid":{"rendered":"https:\/\/regencargobikes.com\/?p=1739"},"modified":"2025-07-17T17:23:19","modified_gmt":"2025-07-17T09:23:19","slug":"cargo-bike-front-light-guide","status":"publish","type":"post","link":"https:\/\/regencargobikes.com\/de\/cargo-bike-front-light-guide\/","title":{"rendered":"Cargo Bike Frontlicht Leitfaden: Helligkeit, Farbe und Sicherheit erkl\u00e4rt"},"content":{"rendered":"<p>Bei Regen, wo wir komplette Lastenfahrradsysteme f\u00fcr Familien und Flotten entwickeln und herstellen, werden wir oft nach der Frontbeleuchtung gefragt - vor allem, wenn die Fahrer in der D\u00e4mmerung pendeln, durch schlecht beleuchtete Stadtgassen fahren oder auf dunkleren Landstra\u00dfen ausliefern. Bei der Beleuchtung geht es nicht nur um die Sichtbarkeit, sondern auch um die Legalit\u00e4t im Stra\u00dfenverkehr, die Sicherheit des Fahrers und sogar die Effizienz der Batterie.<\/p>\n\n\n\n<p>In diesem Leitfaden beantworten wir die h\u00e4ufigsten Fragen zu Lastenrad-Vorderlichtern, angefangen bei der Frage, wie viele Lumen Sie tats\u00e4chlich ben\u00f6tigen, bis hin zu der Frage, ob 4000 Lumen zu viel sind - und das alles auf der Grundlage von Normen und realen Anwendungsf\u00e4llen.<\/p>\n\n\n\n<h2 class=\"wp-block-heading\"><strong><font style=\"vertical-align: inherit;\"><font style=\"vertical-align: inherit;\"><strong>Was ist ein Frontlicht an einem Lastenfahrrad?<\/strong><\/font><\/font><\/strong><\/h2>\n\n\n\n<p>A <strong>Lastenrad Vorderlicht<\/strong> ist eine nach vorne gerichtete Beleuchtungseinrichtung, die am Lenker, am Gabelkopf oder am Gep\u00e4cktr\u00e4ger montiert wird. Sie ist konzipiert f\u00fcr:<\/p><div class=\"regen-test-placement-from-wizard-1604397851\" id=\"regen-3249097724\"><script async src=\"https:\/\/pagead2.googlesyndication.com\/pagead\/js\/adsbygoogle.js?client=ca-pub-1076230867169041\"\n     crossorigin=\"anonymous\"><\/script><\/div><div class=\"regen-test-placement-from-wizard-2878267818\" id=\"regen-4294013999\"><script async src=\"https:\/\/pagead2.googlesyndication.com\/pagead\/js\/adsbygoogle.js?client=ca-pub-1076230867169041\"\n     crossorigin=\"anonymous\"><\/script><\/div>\n\n\n\n<ul class=\"wp-block-list\">\n<li><strong>Aktive Beleuchtung<\/strong> (um den Weg des Reiters zu beleuchten)<\/li>\n\n\n\n<li><strong>Passive Sichtbarkeit<\/strong> (um andere auf Ihre Anwesenheit aufmerksam zu machen)<\/li>\n<\/ul>\n\n\n\n<p>Im Gegensatz zu einfachen Pendlerfahrr\u00e4dern k\u00f6nnen Lastenfahrr\u00e4der Personen oder G\u00fcter bef\u00f6rdern und sind oft mit h\u00f6heren Lasten und Geschwindigkeiten unterwegs. Das macht eine zuverl\u00e4ssige Frontbeleuchtung nicht nur hilfreich, sondern unerl\u00e4sslich f\u00fcr <strong>Rechtm\u00e4\u00dfigkeit im Stra\u00dfenverkehr und Sicherheit des Fahrers<\/strong>.<\/p>\n\n\n\n<figure class=\"wp-block-table\"><table class=\"has-fixed-layout\"><thead><tr><th><strong>Faktor<\/strong><\/th><th><strong>St\u00e4dtische Nutzung<\/strong><\/th><th><strong>L\u00e4ndliche Nutzung oder Wanderwege<\/strong><\/th><th><strong>Lastenr\u00e4der<\/strong><\/th><\/tr><\/thead><tbody><tr><td><strong>Lumen<\/strong><\/td><td>300-500<\/td><td>800-2000+<\/td><td>500-1500<\/td><\/tr><tr><td><strong>Strahlenmuster<\/strong><\/td><td>Breit, kurz<\/td><td>Lang, konzentriert<\/td><td>Weit + Mittelbereich<\/td><\/tr><tr><td><strong>Montage<\/strong><\/td><td>Lenker<\/td><td>Gabel \/ Helm<\/td><td>Gabel oder in Regal integriert<\/td><\/tr><tr><td><strong>Akku-Typ<\/strong><\/td><td>USB-aufladbar<\/td><td>Externer Akku mit hoher Kapazit\u00e4t<\/td><td>Integriert mit Hauptbatterie (f\u00fcr E-Lastenr\u00e4der)<\/td><\/tr><\/tbody><\/table><\/figure>\n\n\n\n<p>F\u00fcr Lastenfahrr\u00e4der empfehlen wir ein <strong>breitwinkliger Strahl<\/strong> das sowohl die Stra\u00dfe als auch die Seiten ausleuchtet - insbesondere bei einer langen Frontbox, die Schatten werfen kann. Integrierte Lichter, die vom Hauptakku des E-Bikes gespeist werden, bieten Zuverl\u00e4ssigkeit und Komfort.<\/p>\n\n\n\n<h2 class=\"wp-block-heading\"><strong>Brauchen Sie wirklich ein Frontlicht am Fahrrad?<\/strong><\/h2>\n\n\n\n<p>Ja - sowohl rechtlich als auch praktisch ist ein Frontlicht unerl\u00e4sslich.<\/p>\n\n\n\n<ul class=\"wp-block-list\">\n<li><a href=\"https:\/\/regencargobikes.com\/de\/cargo-bike-safety-standard-en-17860\/\" data-type=\"post\" data-id=\"416\"><strong>Gesetzliche Vorschrift<\/strong>: In den meisten EU-L\u00e4ndern und im Vereinigten K\u00f6nigreich ist ein wei\u00dfes Frontlicht vorgeschrieben, wenn man nachts oder bei schlechten Sichtverh\u00e4ltnissen f\u00e4hrt (es gelten die EN 15194 und die \u00f6rtlichen Verkehrsvorschriften).<\/a><\/li>\n\n\n\n<li><strong>Praktische Notwendigkeit<\/strong>: So k\u00f6nnen Sie von anderen Verkehrsteilnehmern gesehen werden und die Stra\u00dfe vor Ihnen, insbesondere Schlagl\u00f6cher, Bordsteinkanten oder Tr\u00fcmmer, besser erkennen - besonders wichtig bei einem beladenen Lastenfahrrad.<\/li>\n<\/ul>\n\n\n\n<blockquote class=\"wp-block-quote is-layout-flow wp-block-quote-is-layout-flow\">\n<p><strong>Realer Anwendungsfall<\/strong>: Fahrer von Lieferdiensten in der Stadt berichten h\u00e4ufig, dass die Sichtbarkeit nach Sonnenuntergang ohne richtiges Frontlicht um mehr als 50% abnimmt - selbst auf gut beleuchteten Stra\u00dfen.<\/p>\n\n\n\n<h2 class=\"wp-block-heading\"><strong>Ist ein Frontlicht an einem Lastenfahrrad erforderlich?<\/strong><\/h2>\n\n\n\n<p>Ja, in den meisten europ\u00e4ischen L\u00e4ndern und im Vereinigten K\u00f6nigreich, <strong>Frontleuchten sind gesetzlich vorgeschrieben<\/strong> f\u00fcr Fahrr\u00e4der, die in der Nacht oder bei schlechten Sichtverh\u00e4ltnissen benutzt werden.<\/p>\n\n\n\n<p>Nach Angaben von <strong>EU-Verordnung EN 15194<\/strong> (f\u00fcr elektrisch unterst\u00fctzte Pedalr\u00e4der):<\/p>\n\n\n\n<ul class=\"wp-block-list\">\n<li>A <strong>wei\u00dfes oder selektiv gelbes Frontlicht<\/strong> m\u00fcssen eingebaut werden.<\/li>\n\n\n\n<li>Das Licht muss mindestens aus folgenden Richtungen sichtbar sein <strong>100 Meter<\/strong>.<\/li>\n\n\n\n<li>F\u00fcr die Stra\u00dfenzulassung darf der Lichtstrahl andere Verkehrsteilnehmer nicht blenden (Abblendlicht).<\/li>\n<\/ul>\n\n\n\n<p>In Deutschland ist die <strong>StVZO (Stra\u00dfenverkehrs-Zulassungs-Ordnung)<\/strong> Norm schreibt eine bestimmte Lichtformung, Helligkeit und Stabilit\u00e4t der Stromquelle vor, insbesondere f\u00fcr E-Bikes.<\/p>\n<\/blockquote>\n\n\n\n<h2 class=\"wp-block-heading\"><strong>Welche Farbe sollte das Licht an der Vorderseite eines Fahrrads haben?<\/strong><\/h2>\n\n\n\n<p>Der <strong>die richtige Farbe f\u00fcr eine Frontleuchte<\/strong> ist entweder:<\/p>\n\n\n\n<p><strong>Selektiv gelb<\/strong> (weniger h\u00e4ufig, wird bei Nebel oder kontrastarmen Bedingungen verwendet)<\/p>\n\n\n\n<p><strong>Wei\u00df<\/strong> (am weitesten verbreitet und in allen Regionen legal)<\/p>\n\n\n\n<p>Die Vorschriften der EU und des Vereinigten K\u00f6nigreichs (EN 15194, StVZO in Deutschland, Road Vehicles Lighting Regulations im Vereinigten K\u00f6nigreich) schreiben vor, dass die Frontleuchte ein gleichm\u00e4\u00dfiges oder blinkendes Licht ausstrahlen muss. <strong>wei\u00dfer Strahl<\/strong>.<\/p>\n\n\n\n<blockquote class=\"wp-block-quote is-layout-flow wp-block-quote-is-layout-flow\">\n<p><strong>Wichtig<\/strong>: Blaue oder farbige Scheinwerfer an der Front sind oft illegal und k\u00f6nnen mit Einsatzfahrzeugen verwechselt werden oder die Sichtbarkeit f\u00fcr andere Verkehrsteilnehmer beeintr\u00e4chtigen.<\/p>\n<\/blockquote>\n\n\n\n<p><strong>Tipp<\/strong>: Warmwei\u00dfes Licht (4000-5000K Farbtemperatur) ist bei Nachtfahrten angenehmer als grelle, blau gef\u00e4rbte LEDs.<\/p>\n\n\n\n<h2 class=\"wp-block-heading\"><strong>Wie viele Lumen sollte eine Fahrradfrontleuchte haben?<\/strong><\/h2>\n\n\n\n<p><br>Die Helligkeit wird gemessen in <strong>Lumen<\/strong>, die die Gesamtmenge des ausgestrahlten sichtbaren Lichts quantifizieren.<\/p>\n\n\n\n<figure class=\"wp-block-table\"><table class=\"has-fixed-layout\"><thead><tr><th><strong>Situation beim Reiten<\/strong><\/th><th><strong>Empfohlene Mindestlichtst\u00e4rke<\/strong><\/th><\/tr><\/thead><tbody><tr><td>Tagessichtbarkeit (Blinkmodus)<\/td><td>200-300 Lumen<\/td><\/tr><tr><td>Reiten in der Stadt bei Nacht<\/td><td>400-600 Lumen<\/td><\/tr><tr><td>L\u00e4ndliche oder unbeleuchtete Stra\u00dfen<\/td><td>800-1500 Lumen<\/td><\/tr><tr><td>Hochgeschwindigkeitsabfahrt \/ schwere Last<\/td><td>1500-2000+ Lumen<\/td><\/tr><\/tbody><\/table><\/figure>\n\n\n\n<p>F\u00fcr <strong>Lastenfahrr\u00e4der<\/strong>empfehlen wir in der Regel <strong>600-1200 Lumen<\/strong>je nach:<\/p>\n\n\n\n<ul class=\"wp-block-list\">\n<li>Ob Sie nachts fahren<\/li>\n\n\n\n<li>Bedingungen der Stra\u00dfenbeleuchtung<\/li>\n\n\n\n<li>Geschwindigkeit und Ladungsgewicht (die die Anhaltezeit beeinflussen)<\/li>\n<\/ul>\n\n\n\n<p><strong>Profi-Tipp<\/strong>: W\u00e4hlen Sie eine Leuchte mit einstellbarer Helligkeit (z. B. niedrig-mittel-hoch), um Stromverbrauch und Sichtbarkeit in Einklang zu bringen.<\/p>\n\n\n\n<h2 class=\"wp-block-heading\"><strong>Sind 1000 \/ 3000 \/ 4000 Lumen zu hell f\u00fcr ein Fahrradlicht?<\/strong><\/h2>\n\n\n\n<p>Es kommt darauf an - aber ja, es <em>kann sein<\/em> unter bestimmten Bedingungen zu hell.<\/p>\n\n\n\n<figure class=\"wp-block-table\"><table class=\"has-fixed-layout\"><thead><tr><th><strong>Lumen-Wert<\/strong><\/th><th><strong>Anwendungsfall<\/strong><\/th><th><strong>Zu hell?<\/strong><\/th><\/tr><\/thead><tbody><tr><td><strong>1000 Lumen<\/strong><\/td><td>Hervorragend geeignet f\u00fcr Lastenr\u00e4der und Allround-Einsatz<\/td><td>\u2705 Sicher und ideal<\/td><\/tr><tr><td><strong>3000 Lumen<\/strong><\/td><td>Geeignet f\u00fcr den Einsatz im Gel\u00e4nde oder in sehr dunklen Bereichen<\/td><td>\u26a0\ufe0f Gefahr der Blendung anderer<\/td><\/tr><tr><td><strong>4000+ Lumen<\/strong><\/td><td>Extreme Helligkeit; MTB- oder Trail-Einsatz<\/td><td>\ud83d\udeab Overkill f\u00fcr den Stra\u00dfengebrauch<\/td><\/tr><\/tbody><\/table><\/figure>\n\n\n\n<p><strong>Warum \u00fcberm\u00e4\u00dfige Helligkeit ein Problem sein kann:<\/strong><\/p>\n\n\n\n<ul class=\"wp-block-list\">\n<li>Blendet entgegenkommende Radfahrer oder Autofahrer<\/li>\n\n\n\n<li>Kann in L\u00e4ndern wie Deutschland gegen gesetzliche Vorschriften versto\u00dfen (StVZO-konforme Leuchten begrenzen die Lichtst\u00e4rke)<\/li>\n\n\n\n<li>Vergeudet Energie - entl\u00e4dt den Akku Ihres E-Bikes oder Ihres externen Lichtpakets schneller<\/li>\n<\/ul>\n\n\n\n<p><strong>L\u00f6sung<\/strong>: Achten Sie auf Lichter mit blendfreien Linsen oder einem abgeschalteten Lichtstrahl - diese lenken das Licht nach unten und leuchten die Stra\u00dfe aus, ohne andere zu blenden.<\/p>\n\n\n\n<h2 class=\"wp-block-heading\"><strong>Arten von <a href=\"https:\/\/regencargobikes.com\/de\/what-is-a-cargo-bike\/\" data-type=\"post\" data-id=\"1179\">Lastenfahrrad<\/a> Frontleuchten nach Stromquelle<\/strong><\/h2>\n\n\n\n<figure class=\"wp-block-table\"><table class=\"has-fixed-layout\"><thead><tr><th><strong>Typ<\/strong><\/th><th><strong>Beschreibung<\/strong><\/th><th><strong>Geeignet f\u00fcr<\/strong><\/th><\/tr><\/thead><tbody><tr><td><strong>Batteriebetrieben<\/strong><\/td><td>Integrierte Lithium-Ionen-Zelle, wiederaufladbar \u00fcber USB<\/td><td>Leichte Aufbauten, gelegentlicher Einsatz in der Stadt<\/td><\/tr><tr><td><strong>Dynamo-Antrieb<\/strong><\/td><td>Hub-betrieben, energieeffizient, unendliche Laufzeit<\/td><td>Nutzfahrr\u00e4der, kein Aufladen erforderlich<\/td><\/tr><tr><td><strong>E-Bike-System angetrieben<\/strong><\/td><td>\u00dcber den Controller mit dem Hauptakku des E-Bikes verkabelt<\/td><td>Die meisten modernen Lastenfahrr\u00e4der mit Zentralbatterie<\/td><\/tr><\/tbody><\/table><\/figure>\n\n\n\n<h2 class=\"wp-block-heading\"><strong>Zus\u00e4tzliche Merkmale, auf die Sie bei einem Cargo Bike Frontlicht achten sollten<\/strong><\/h2>\n\n\n\n<ul class=\"wp-block-list\">\n<li><strong>Integriertes Montagesystem<\/strong>: Besonders wichtig f\u00fcr Frontlader-Lastenr\u00e4der. Ein an der Gabel oder am Gep\u00e4cktr\u00e4ger befestigtes Licht reduziert Vibrationen und verbessert die Stabilit\u00e4t des Lichtstrahls.<\/li>\n\n\n\n<li><strong>Wasserdichte Bewertung<\/strong>: Mindestens IPX4 f\u00fcr regnerische Fahrten.<\/li>\n\n\n\n<li><strong>Tagfahrmodus<\/strong>: Verbessert die Sichtbarkeit bei Tageslicht - immer h\u00e4ufiger in Frachtflotten zu finden.<\/li>\n\n\n\n<li><strong>Integration von Batterien<\/strong>: F\u00fcr E-Lastenfahrr\u00e4der ist ein Frontlicht, das von der Hauptbatterie des Fahrrads gespeist wird, ideal - es m\u00fcssen weniger Komponenten geladen oder verwaltet werden.<\/li>\n\n\n\n<li><strong>Standlicht Funktion<\/strong>: Einige hochwertige Dynamo- oder integrierte Lichter bleiben nach dem Anhalten noch einige Minuten lang eingeschaltet - n\u00fctzlich bei roten Ampeln oder kurzen Stopps.<\/li>\n<\/ul>\n\n\n\n<h2 class=\"wp-block-heading\"><strong>Zu beachtende Rechts- und Sicherheitsstandards<\/strong><\/h2>\n\n\n\n<p>Achten Sie beim Kauf oder Einbau eines Frontbeleuchtungssystems auf die Einhaltung der Vorschriften:<\/p>\n\n\n\n<ul class=\"wp-block-list\">\n<li><strong>EN 15194<\/strong> - Europ\u00e4ische Sicherheitsvorschriften f\u00fcr E-Bikes, einschlie\u00dflich Anforderungen an die Beleuchtung<\/li>\n\n\n\n<li><strong>StVZO<\/strong> - Deutsche Beleuchtungsnorm f\u00fcr den Stra\u00dfenverkehr (bei Export oder Verkauf in Deutschland)<\/li>\n\n\n\n<li><strong>UN ECE R113<\/strong> - F\u00fcr Strahlenmuster und Lichtverteilung, besonders relevant f\u00fcr gr\u00f6\u00dfere Elektrofahrzeuge<\/li>\n\n\n\n<li><strong>RoHS \/ CE<\/strong> - Sicherheit elektrischer Komponenten und Einhaltung von Umweltvorschriften<\/li>\n<\/ul>\n\n\n\n<hr class=\"wp-block-separator has-alpha-channel-opacity\"\/>\n\n\n\t\t<div data-elementor-type=\"section\" data-elementor-id=\"1414\" class=\"elementor elementor-1414\" data-elementor-post-type=\"elementor_library\">\n\t\t\t<div class=\"elementor-element elementor-element-7bf5eb01 e-flex e-con-boxed e-con e-parent\" data-id=\"7bf5eb01\" data-element_type=\"container\" data-e-type=\"container\" data-settings=\"{&quot;background_background&quot;:&quot;classic&quot;,&quot;ekit_has_onepagescroll_dot&quot;:&quot;yes&quot;}\">\n\t\t\t\t\t<div class=\"e-con-inner\">\n\t\t<div class=\"elementor-element elementor-element-9fc34e2 e-con-full e-flex e-con e-child\" data-id=\"9fc34e2\" data-element_type=\"container\" data-e-type=\"container\" data-settings=\"{&quot;background_background&quot;:&quot;classic&quot;,&quot;ekit_has_onepagescroll_dot&quot;:&quot;yes&quot;}\">\n\t\t\t\t<div class=\"elementor-element elementor-element-af4e700 elementor-absolute elementor-widget elementor-widget-image\" data-id=\"af4e700\" data-element_type=\"widget\" data-e-type=\"widget\" data-settings=\"{&quot;_position&quot;:&quot;absolute&quot;}\" data-widget_type=\"image.default\">\n\t\t\t\t<div class=\"elementor-widget-container\">\n\t\t\t\t\t\t\t\t\t\t\t\t\t\t\t<img fetchpriority=\"high\" decoding=\"async\" width=\"800\" height=\"422\" src=\"https:\/\/regencargobikes.com\/wp-content\/uploads\/2025\/05\/regen-02-electric-cargo-bike-.webp\" class=\"attachment-large size-large wp-image-1398\" alt=\"regen 02 elektrisches Lastenfahrrad\" srcset=\"https:\/\/regencargobikes.com\/wp-content\/uploads\/2025\/05\/regen-02-electric-cargo-bike-.webp 1000w, https:\/\/regencargobikes.com\/wp-content\/uploads\/2025\/05\/regen-02-electric-cargo-bike--300x158.webp 300w, https:\/\/regencargobikes.com\/wp-content\/uploads\/2025\/05\/regen-02-electric-cargo-bike--768x405.webp 768w, https:\/\/regencargobikes.com\/wp-content\/uploads\/2025\/05\/regen-02-electric-cargo-bike--18x9.webp 18w\" sizes=\"(max-width: 800px) 100vw, 800px\" \/>\t\t\t\t\t\t\t\t\t\t\t\t\t\t\t<\/div>\n\t\t\t\t<\/div>\n\t\t\t\t<\/div>\n\t\t<div class=\"elementor-element elementor-element-7de8cd9d e-con-full e-flex e-con e-child\" data-id=\"7de8cd9d\" data-element_type=\"container\" data-e-type=\"container\" data-settings=\"{&quot;ekit_has_onepagescroll_dot&quot;:&quot;yes&quot;}\">\n\t\t\t\t<div class=\"elementor-element elementor-element-308b8d20 elementor-widget elementor-widget-elementskit-heading\" data-id=\"308b8d20\" data-element_type=\"widget\" data-e-type=\"widget\" data-widget_type=\"elementskit-heading.default\">\n\t\t\t\t<div class=\"elementor-widget-container\">\n\t\t\t\t\t<div class=\"ekit-wid-con\" ><div class=\"ekit-heading elementskit-section-title-wraper text_left   ekit_heading_tablet-   ekit_heading_mobile-text_center\"><h3 class=\"elementskit-section-subtitle\">\n\t\t\t\t\t\tRegen 02 E-Lastenrad\n\t\t\t\t\t<\/h3><h2 class=\"ekit-heading--title elementskit-section-title\">Suchen Sie nach einem kompakten, anpassbaren Frontlader f\u00fcr Ihre Marke?<\/h2>\t\t\t\t<div class='ekit-heading__description'>\n\t\t\t\t\t<p class=\"p1\">T\u00dcV-gepr\u00fcft durch vergangene kundenspezifische Projekte. \u00d6ffentlich verf\u00fcgbares Modell \u2013 konfigurierbar, bew\u00e4hrt und skalierbar.<\/p>\n\t\t\t\t<\/div>\n\t\t\t<\/div><\/div>\t\t\t\t<\/div>\n\t\t\t\t<\/div>\n\t\t\t\t<div class=\"elementor-element elementor-element-bf516c8 elementor-align-left elementor-align--mobilecenter elementor-widget elementor-widget-elementskit-button\" data-id=\"bf516c8\" data-element_type=\"widget\" data-e-type=\"widget\" data-widget_type=\"elementskit-button.default\">\n\t\t\t\t<div class=\"elementor-widget-container\">\n\t\t\t\t\t<div class=\"ekit-wid-con\" >\t\t<div class=\"ekit-btn-wraper\">\n\t\t\t\t\t\t\t<a href=\"https:\/\/regencargobikes.com\/de\/long-john-cargo-bike-regen-02\/\" class=\"elementskit-btn  whitespace--normal\" id=\"\">\n\t\t\t\t\tMehr erfahren\t\t\t\t<\/a>\n\t\t\t\t\t<\/div>\n        <\/div>\t\t\t\t<\/div>\n\t\t\t\t<\/div>\n\t\t\t\t<\/div>\n\t\t\t\t\t<\/div>\n\t\t\t\t<\/div>\n\t\t\t\t<\/div>\n\t\t\n\n\n\n<h2 class=\"wp-block-heading\"><strong>Was macht ein gutes Cargo Bike Frontlicht aus?<\/strong><\/h2>\n\n\n\n<p>Ein gutes Vorderlicht f\u00fcr Lastenfahrr\u00e4der ist f\u00fcr die Sicherheit von entscheidender Bedeutung, vor allem, weil Lastenfahrr\u00e4der in der Regel gr\u00f6\u00dfer und schwerer sind. Hier ist eine Aufschl\u00fcsselung, was ein Licht effektiv macht:<\/p>\n\n\n\n<h3 class=\"wp-block-heading\"><strong>1. Helligkeit (Lumen\/Lux Output):<\/strong><\/h3>\n\n\n\n<ul class=\"wp-block-list\">\n<li><strong>Hohe Leuchtkraft:<\/strong> Lastenfahrr\u00e4der ben\u00f6tigen eine hohe Lichtleistung, um den Weg zu beleuchten, vor allem wenn sie schwere Lasten tragen, die die Stra\u00dfe verdecken k\u00f6nnten, oder wenn sie in Gegenden mit begrenzter Stra\u00dfenbeleuchtung fahren. W\u00e4hrend f\u00fcr normale Fahrr\u00e4der oft ein Minimum von 100-200 Lumen angegeben wird, profitieren Lastenfahrr\u00e4der stark von einer h\u00f6heren Lichtleistung, oft im Bereich von <strong>Bereich 500-1000+ Lumen<\/strong>besonders f\u00fcr unbeleuchtete Stra\u00dfen oder Wege. Einige E-Bike-spezifische Lichter k\u00f6nnen sogar bis zu 1800 Lumen oder mehr erreichen.<\/li>\n\n\n\n<li><strong>Lux vs. Lumen:<\/strong> W\u00e4hrend Lumen die Gesamtlichtleistung messen, misst Lux die Lichtintensit\u00e4t in einem bestimmten Abstand und Bereich. Leuchten mit einer guten Lichtverteilung (siehe unten) k\u00f6nnen geringere Lumenwerte haben, aber aufgrund der optimierten Lux-Werte immer noch eine hervorragende Ausleuchtung bieten, wo sie am meisten ben\u00f6tigt wird.<\/li>\n<\/ul>\n\n\n\n<h3 class=\"wp-block-heading\"><strong>2. Strahlenmuster:<\/strong><\/h3>\n\n\n\n<ul class=\"wp-block-list\">\n<li><strong>Breite und gleichm\u00e4\u00dfige Verteilung:<\/strong> Im Gegensatz zu Rennr\u00e4dern, die von einem fokussierteren Lichtkegel f\u00fcr die Geschwindigkeit profitieren k\u00f6nnen, ben\u00f6tigen Lastenr\u00e4der einen breiten und gleichm\u00e4\u00dfigen Lichtkegel, um den breiteren Bereich vor dem Fahrrad auszuleuchten, einschlie\u00dflich der Ladefl\u00e4che und m\u00f6glicher Hindernisse an den Seiten.<\/li>\n\n\n\n<li><strong>Abschneidestrahl (StVZO-konform):<\/strong> Leuchten mit horizontalem Abblendlicht sind sehr empfehlenswert, vor allem, wenn Sie im Stra\u00dfenverkehr unterwegs sind. Dieses Design lenkt das Licht auf die Stra\u00dfe und verhindert, dass entgegenkommende Radfahrer und Autofahrer geblendet werden. Dies ist ein \u00fcbliches Merkmal der europ\u00e4ischen (StVZO) konformen Leuchten.<\/li>\n\n\n\n<li><strong>Keine Hot Spots:<\/strong> Ein guter Lichtstrahl sollte gleichm\u00e4\u00dfig sein und keine \u00fcberm\u00e4\u00dfig hellen \"Hot Spots\" aufweisen, die Schatten erzeugen und die Gesamtsicht beeintr\u00e4chtigen k\u00f6nnen.<\/li>\n<\/ul>\n\n\n\n<h3 class=\"wp-block-heading\"><strong>3. Stromquelle und Laufzeit:<\/strong><\/h3>\n\n\n\n<ul class=\"wp-block-list\">\n<li><strong>Batteriebetrieben (wiederaufladbar):<\/strong> Viele moderne Lastenradlampen sind \u00fcber USB aufladbar. Achten Sie auf lange Laufzeiten, vor allem, wenn Sie l\u00e4ngere Fahrten unternehmen oder h\u00e4ufig vergessen zu laden. USB-C ist ein praktischer Ladestandard.<\/li>\n\n\n\n<li><strong>Dynamo-Nabe angetrieben:<\/strong> F\u00fcr den ultimativen Komfort und \"immer eingeschaltetes\" Licht ist eine in das Vorderrad integrierte Dynamonabe eine hervorragende Option. Sie erzeugt w\u00e4hrend der Fahrt Strom und macht das Aufladen der Batterie \u00fcberfl\u00fcssig. Dies ist besonders bei europ\u00e4ischen Lastenr\u00e4dern beliebt.<\/li>\n\n\n\n<li><strong>E-Bike integriert:<\/strong> Wenn Sie ein E-Lastenrad haben, sollten Sie sich nach Leuchten umsehen, die direkt in das Batteriesystem Ihres E-Bikes integriert sind. Diese Leuchten bieten oft eine h\u00f6here Leistung und gleichm\u00e4\u00dfige Energie, ohne dass separate Batterien erforderlich sind. Stellen Sie sicher, dass die Spannung der Leuchte zum System Ihres E-Bikes passt (z. B. 12 V, 24 V, 36 V, 48 V).<\/li>\n<\/ul>\n\n\n\n<h3 class=\"wp-block-heading\"><strong>4. Montageoptionen:<\/strong><\/h3>\n\n\n\n<ul class=\"wp-block-list\">\n<li><strong>Sicher und stabil:<\/strong> Bei Lastenfahrr\u00e4dern treten h\u00e4ufig mehr Vibrationen und st\u00e4rkere St\u00f6\u00dfe auf. Die Leuchte muss sicher montiert sein, um diesen Kr\u00e4ften standzuhalten und ihre Ausrichtung beizubehalten.<\/li>\n\n\n\n<li><strong>Angemessene Platzierung:<\/strong> \u00dcberlegen Sie, wo das Licht an Ihrem Lastenfahrrad angebracht werden soll. Einige Lastenfahrr\u00e4der verf\u00fcgen \u00fcber spezielle Befestigungspunkte, w\u00e4hrend andere kreative L\u00f6sungen erfordern k\u00f6nnen. Ein h\u00f6herer Anbringungspunkt kann oft die Sichtbarkeit f\u00fcr den Fahrer und andere Verkehrsteilnehmer verbessern.<\/li>\n\n\n\n<li><strong>Freigabe:<\/strong> Achten Sie darauf, dass das Licht Ihre Ladung, die Lenkung oder anderes Zubeh\u00f6r nicht behindert.<\/li>\n<\/ul>\n\n\n\n<h3 class=\"wp-block-heading\"><strong>5. Langlebigkeit und Witterungsbest\u00e4ndigkeit:<\/strong><\/h3>\n\n\n\n<ul class=\"wp-block-list\">\n<li><strong>Robuste Konstruktion:<\/strong> Ein Lastenfahrradlicht sollte langlebig sein, mit einem robusten Geh\u00e4use (oft aus Aluminium), das dem t\u00e4glichen Gebrauch und m\u00f6glichen St\u00f6\u00dfen standh\u00e4lt.<\/li>\n\n\n\n<li><strong>Wasserdicht\/Wetterbest\u00e4ndig:<\/strong> Achten Sie auf die Schutzklasse IPX4 oder h\u00f6her, um sicherzustellen, dass die Leuchte regen- und spritzwassergesch\u00fctzt ist.<\/li>\n<\/ul>\n\n\n\n<h3 class=\"wp-block-heading\"><strong>6. Zus\u00e4tzliche Merkmale:<\/strong><\/h3>\n\n\n\n<ul class=\"wp-block-list\">\n<li><strong>Mehrere Modi:<\/strong> W\u00e4hrend ein starker, konstanter Lichtstrahl f\u00fcr das Sehen unerl\u00e4sslich ist, k\u00f6nnen Blinkmodi Ihre Sichtbarkeit f\u00fcr andere bei Tageslicht oder in belebten st\u00e4dtischen Umgebungen erh\u00f6hen. Einige Leuchten bieten auch einen \"adaptiven\" Modus, der die Helligkeit je nach Umgebungslicht anpasst.<\/li>\n\n\n\n<li><strong>Tagfahrlicht (DRL):<\/strong> Studien zeigen, dass die Verwendung von Licht am Tag das Risiko von Zusammenst\u00f6\u00dfen erheblich verringern kann. Ein spezieller Tagfahrlichtmodus, oft ein weniger intensives, aber gut sichtbares Blinken, ist ein wertvolles Merkmal.<\/li>\n\n\n\n<li><strong>Seitliche Sichtbarkeit:<\/strong> Leuchten mit seitlichen Aussparungen oder zus\u00e4tzlichen seitlich ausgerichteten LEDs k\u00f6nnen Ihre Sichtbarkeit aus anderen Winkeln als direkt von vorne verbessern, was f\u00fcr die Sicherheit im Stra\u00dfenverkehr wichtig ist.<\/li>\n\n\n\n<li><strong>Powerbank-Funktionalit\u00e4t:<\/strong> Einige batteriebetriebene Lampen dienen auch als Powerbank, mit der Sie Ihr Handy oder andere Ger\u00e4te unterwegs aufladen k\u00f6nnen.<\/li>\n\n\n\n<li><strong>Einfache Benutzeroberfl\u00e4che:<\/strong> Einfache, handschuhfreundliche Tasten und eine klare Modusauswahl sind ein Plus.<\/li>\n\n\n\n<li><\/li>\n<\/ul>\n\n\n\n<h2 class=\"wp-block-heading\"><strong>Wo soll die Frontleuchte angebracht werden?<\/strong><\/h2>\n\n\n\n<p>Die richtige Positionierung sorgt f\u00fcr Sicherheit und vermeidet Schattenwurf. Hier sind g\u00e4ngige Optionen:<\/p>\n\n\n\n<figure class=\"wp-block-table\"><table class=\"has-fixed-layout\"><thead><tr><th><strong>Position montieren<\/strong><\/th><th><strong>Vorteile<\/strong><\/th><th><strong>Nachteile<\/strong><\/th><\/tr><\/thead><tbody><tr><td><strong>Am Lenker montierte<\/strong><\/td><td>Einfach zu installieren und einzustellen<\/td><td>Kann nach vorn gerichtete Schatten erzeugen, wenn die Ladung im Weg ist<\/td><\/tr><tr><td><strong>Gabelkopf<\/strong><\/td><td>Gleichm\u00e4\u00dfige Ausleuchtung, geringe Blendung<\/td><td>Kann auf unebenem Gel\u00e4nde wackeln<\/td><\/tr><tr><td><strong>Gep\u00e4cktr\u00e4ger oder Steuerrohr<\/strong><\/td><td>Passt sich der Ladungsh\u00f6he an<\/td><td>Erfordert kundenspezifische Halterungen<\/td><\/tr><\/tbody><\/table><\/figure>\n\n\n\n<p>F\u00fcr Frontlader-Lastenfahrr\u00e4der, <strong>Lenkerleuchten k\u00f6nnen unzureichend sein<\/strong>. Wir empfehlen oft <strong>duale Beleuchtungssysteme<\/strong>:<\/p>\n\n\n\n<ul class=\"wp-block-list\">\n<li>Prim\u00e4res Licht an <strong>Gep\u00e4cktr\u00e4ger oder Rahmen<\/strong><\/li>\n\n\n\n<li>Sekund\u00e4res Licht an <strong>Lenker<\/strong><\/li>\n<\/ul>\n\n\n\n<h2 class=\"wp-block-heading\"><strong>Wie <a href=\"https:\/\/regencargobikes.com\/de\/about\/\" data-type=\"page\" data-id=\"171\">Regen <\/a>Hilft: Modulare Beleuchtung, integrierte Stromversorgung und Konformit\u00e4t<\/strong><\/h2>\n\n\n\n<p>Bei der Entwicklung der Regen-Lastenfahrr\u00e4der haben wir die Integration der Beleuchtung im Blick:<\/p>\n\n\n\n<ul class=\"wp-block-list\">\n<li><strong>Benutzerdefinierte Lichtmontage<\/strong> f\u00fcr Long Johns, Trikes und Step-Throughs<\/li>\n\n\n\n<li><strong>Wasserdichte Verkabelung<\/strong> (IP65+) und vorgesicherter Kabelbaum<\/li>\n\n\n\n<li><strong>Energiemanagement auf Systemebene<\/strong> um eine Entladung der Batterie zu vermeiden<\/li>\n\n\n\n<li><strong>StVZO- und EN 15194-konforme Optionen<\/strong> f\u00fcr EU-Kunden<\/li>\n\n\n\n<li>Optional <strong>Tagfahrlicht, Umschalten zwischen Fern- und Abblendlicht<\/strong>, Und <strong>Auto-Licht-Sensoren<\/strong><\/li>\n<\/ul>\n\n\n\n<p>Und f\u00fcr OEM\/ODM-Partner bieten wir <strong>ma\u00dfgeschneiderte Integration von Scheinwerfern<\/strong> je nach Rahmengeometrie, Marken\u00e4sthetik und Benutzerszenarien.<\/p>\n\n\n\n<p>\ud83d\udce9 <a href=\"https:\/\/regencargobikes.com\/de\/contact\/\" data-type=\"page\" data-id=\"177\"><strong>Kontaktieren Sie uns jetzt<\/strong><\/a> um Ihr Projekt zu besprechen.<\/p>\n\n\n\n<hr class=\"wp-block-separator has-alpha-channel-opacity\"\/>\n\n\n\n<h2 class=\"wp-block-heading\"><strong>Verweise<\/strong><\/h2>\n\n\n\n<ul class=\"wp-block-list\">\n<li>Europ\u00e4isches Komitee f\u00fcr Normung (CEN). (2021). <em>EN 15194: Elektrisch unterst\u00fctzte Fahrr\u00e4der (EPACs) - EPACs - Sicherheitstechnische Anforderungen und Pr\u00fcfverfahren.<\/em><\/li>\n\n\n\n<li>Bundesministerium f\u00fcr Verkehr und digitale Infrastruktur (Deutschland). (2022). <em>StVZO - Stra\u00dfenverkehrs-Zulassungs-Ordnung.<\/em><\/li>\n\n\n\n<li>Fahrrad-Lichtmuster und Sicherheitsstudie - Bund Deutscher Radfahrer (ADFC), 2020.<\/li>\n<\/ul>","protected":false},"excerpt":{"rendered":"<p>At Regen, where we design and manufacture complete cargo bike systems for families and fleets, we often get asked about front lighting \u2014 especially as riders begin commuting at dusk, navigating low-light city alleys, or delivering across darker rural routes. Lighting is not just about visibility; it\u2019s about road legality, rider safety, and even battery [&hellip;]<\/p>\n","protected":false},"author":2,"featured_media":1740,"comment_status":"open","ping_status":"closed","sticky":false,"template":"","format":"standard","meta":{"footnotes":""},"categories":[2],"tags":[],"class_list":["post-1739","post","type-post","status-publish","format-standard","has-post-thumbnail","hentry","category-knowledge"],"_links":{"self":[{"href":"https:\/\/regencargobikes.com\/de\/wp-json\/wp\/v2\/posts\/1739","targetHints":{"allow":["GET"]}}],"collection":[{"href":"https:\/\/regencargobikes.com\/de\/wp-json\/wp\/v2\/posts"}],"about":[{"href":"https:\/\/regencargobikes.com\/de\/wp-json\/wp\/v2\/types\/post"}],"author":[{"embeddable":true,"href":"https:\/\/regencargobikes.com\/de\/wp-json\/wp\/v2\/users\/2"}],"replies":[{"embeddable":true,"href":"https:\/\/regencargobikes.com\/de\/wp-json\/wp\/v2\/comments?post=1739"}],"version-history":[{"count":1,"href":"https:\/\/regencargobikes.com\/de\/wp-json\/wp\/v2\/posts\/1739\/revisions"}],"predecessor-version":[{"id":1741,"href":"https:\/\/regencargobikes.com\/de\/wp-json\/wp\/v2\/posts\/1739\/revisions\/1741"}],"wp:featuredmedia":[{"embeddable":true,"href":"https:\/\/regencargobikes.com\/de\/wp-json\/wp\/v2\/media\/1740"}],"wp:attachment":[{"href":"https:\/\/regencargobikes.com\/de\/wp-json\/wp\/v2\/media?parent=1739"}],"wp:term":[{"taxonomy":"category","embeddable":true,"href":"https:\/\/regencargobikes.com\/de\/wp-json\/wp\/v2\/categories?post=1739"},{"taxonomy":"post_tag","embeddable":true,"href":"https:\/\/regencargobikes.com\/de\/wp-json\/wp\/v2\/tags?post=1739"}],"curies":[{"name":"wp","href":"https:\/\/api.w.org\/{rel}","templated":true}]}}