{"id":1763,"date":"2025-07-29T02:36:57","date_gmt":"2025-07-28T18:36:57","guid":{"rendered":"https:\/\/regencargobikes.com\/?p=1763"},"modified":"2025-07-29T02:37:00","modified_gmt":"2025-07-28T18:37:00","slug":"the-strategic-imperative-of-cargo-bikes-in-european-urban-mobility","status":"publish","type":"post","link":"https:\/\/regencargobikes.com\/de\/the-strategic-imperative-of-cargo-bikes-in-european-urban-mobility\/","title":{"rendered":"Die strategische Bedeutung von Lastenfahrr\u00e4dern f\u00fcr die st\u00e4dtische Mobilit\u00e4t in Europa"},"content":{"rendered":"<p>In den europ\u00e4ischen St\u00e4dten vollzieht sich ein tiefgreifender Wandel in der Art und Weise, wie sie den st\u00e4dtischen Verkehr und die Logistik angehen. Einst als Nischenl\u00f6sung betrachtet, haben sich Lastenfahrr\u00e4der - insbesondere elektrische Lastenfahrr\u00e4der (E-Cargo-Bikes) - rasch zu einer strategischen S\u00e4ule f\u00fcr eine nachhaltige, kosteneffiziente und menschenzentrierte Mobilit\u00e4t entwickelt. Sie sind nicht nur eine Alternative zu herk\u00f6mmlichen Lieferwagen oder Lastwagen, sondern vielmehr ein Katalysator f\u00fcr ein ges\u00fcnderes, sichereres und widerstandsf\u00e4higeres st\u00e4dtisches Umfeld.<\/p>\n\n\n\n<p>In ganz Europa tragen Lastenr\u00e4der dazu bei, die ehrgeizigen Klimaziele zu erreichen, die \u00dcberlastung der St\u00e4dte zu bek\u00e4mpfen und die gesellschaftlichen Kosten der vom Auto dominierten Stadtbilder zu senken. Unterst\u00fctzt wird dieser Wandel durch ein starkes Marktwachstum, unterst\u00fctzende politische Ma\u00dfnahmen und technologische Fortschritte, die Lastenr\u00e4der zunehmend wettbewerbsf\u00e4hig machen.<\/p>\n\n\n\n<blockquote class=\"wp-block-quote is-layout-flow wp-block-quote-is-layout-flow\">\n<p><\/p>\n<\/blockquote>\n\n\n\n<hr class=\"wp-block-separator has-alpha-channel-opacity\"\/>\n\n\n\n<h2 class=\"wp-block-heading\"><strong>Definition von Cargo Bikes und ihre vielf\u00e4ltigen Vorteile<\/strong><\/h2>\n\n\n\n<p>Lastenfahrr\u00e4der sind spezielle Fahrr\u00e4der oder Dreir\u00e4der, die f\u00fcr den Transport von G\u00fctern, Personen oder Ausr\u00fcstungen konzipiert sind, die ein herk\u00f6mmliches Fahrrad nicht bew\u00e4ltigen kann. Ihre elektrischen Varianten (E-Cargo-Bikes) verf\u00fcgen \u00fcber eine batteriebetriebene Tretunterst\u00fctzung, die es ihnen erm\u00f6glicht, schwerere Lasten zu transportieren und l\u00e4ngere Strecken mit weniger k\u00f6rperlicher Anstrengung zur\u00fcckzulegen.<\/p><div class=\"regen-test-placement-from-wizard-1604397851\" id=\"regen-2289156991\"><script async src=\"https:\/\/pagead2.googlesyndication.com\/pagead\/js\/adsbygoogle.js?client=ca-pub-1076230867169041\"\n     crossorigin=\"anonymous\"><\/script><\/div><div class=\"regen-test-placement-from-wizard-2878267818\" id=\"regen-3874839046\"><script async src=\"https:\/\/pagead2.googlesyndication.com\/pagead\/js\/adsbygoogle.js?client=ca-pub-1076230867169041\"\n     crossorigin=\"anonymous\"><\/script><\/div>\n\n\n\n<p>Einst auf kleine st\u00e4dtische Lieferdienste oder die Nutzung durch Familien beschr\u00e4nkt, spielen Lastenr\u00e4der heute eine zentrale Rolle in der st\u00e4dtischen Logistik und Mobilit\u00e4t. Ihre gro\u00dfe Anziehungskraft liegt in einer Kombination aus \u00f6kologischen, wirtschaftlichen, betrieblichen und sozialen Vorteilen, die weit \u00fcber den Verkehrssektor hinausgehen.<\/p>\n\n\n\n<hr class=\"wp-block-separator has-alpha-channel-opacity\"\/>\n\n\n\n<p><\/p>\n\n\n\n<h3 class=\"wp-block-heading\"><strong>Vorteile f\u00fcr die Umwelt: Emissionsfreier st\u00e4dtischer G\u00fcterverkehr<\/strong><\/h3>\n\n\n\n<p>Lastenfahrr\u00e4der sind eine direkte Antwort auf die dringende Notwendigkeit, den st\u00e4dtischen Verkehr zu dekarbonisieren. Im Gegensatz zu herk\u00f6mmlichen Diesel-Lieferwagen arbeiten E-Lastenfahrr\u00e4der ohne Auspuffemissionen, wodurch sich der CO2-Fu\u00dfabdruck drastisch verringert.<\/p>\n\n\n\n<ul class=\"wp-block-list\">\n<li>Eine Londoner Studie ergab, dass Lastenfahrr\u00e4der <strong>96% weniger CO\u2082-Emissionen pro Kilometer als elektrische Transporter<\/strong> und bis zu <strong>90% weniger als Dieseltransporter<\/strong>.<\/li>\n\n\n\n<li>In Amsterdam, der Stadt der <em>Zyklus-Logistik<\/em> Projekt ersetzt <strong>7% der kommerziellen Transporterfahrten<\/strong>, Schneiden <strong>16.000 Tonnen CO\u2082-Emissionen pro Jahr<\/strong>-das \u00c4quivalent zum Entfernen <strong>3.500 Autos<\/strong> von der Stra\u00dfe.<\/li>\n<\/ul>\n\n\n\n<p>Diese Umweltvorteile haben Kaskadeneffekte. Eine sauberere Luft tr\u00e4gt zu einer besseren \u00f6ffentlichen Gesundheit bei, w\u00e4hrend eine geringere L\u00e4rmbelastung die Lebensqualit\u00e4t in den St\u00e4dten erh\u00f6ht.<\/p>\n\n\n\n<blockquote class=\"wp-block-quote is-layout-flow wp-block-quote-is-layout-flow\">\n<figure class=\"wp-block-image size-large\"><img fetchpriority=\"high\" decoding=\"async\" width=\"1024\" height=\"471\" src=\"https:\/\/regencargobikes.com\/wp-content\/uploads\/2025\/07\/In-Amsterdam-the-citys-Cycle-Logistics-project-replaced-7-of-commercial-van-trips-cutting-16000-tonnes-of-annual-CO\u2082-emissions\u2014the-equivalent-of-removing-3500-cars-from-the-streets-1024x471.webp\" alt=\"\" class=\"wp-image-1764\" srcset=\"https:\/\/regencargobikes.com\/wp-content\/uploads\/2025\/07\/In-Amsterdam-the-citys-Cycle-Logistics-project-replaced-7-of-commercial-van-trips-cutting-16000-tonnes-of-annual-CO\u2082-emissions\u2014the-equivalent-of-removing-3500-cars-from-the-streets-1024x471.webp 1024w, https:\/\/regencargobikes.com\/wp-content\/uploads\/2025\/07\/In-Amsterdam-the-citys-Cycle-Logistics-project-replaced-7-of-commercial-van-trips-cutting-16000-tonnes-of-annual-CO\u2082-emissions\u2014the-equivalent-of-removing-3500-cars-from-the-streets-300x138.webp 300w, https:\/\/regencargobikes.com\/wp-content\/uploads\/2025\/07\/In-Amsterdam-the-citys-Cycle-Logistics-project-replaced-7-of-commercial-van-trips-cutting-16000-tonnes-of-annual-CO\u2082-emissions\u2014the-equivalent-of-removing-3500-cars-from-the-streets-768x353.webp 768w, https:\/\/regencargobikes.com\/wp-content\/uploads\/2025\/07\/In-Amsterdam-the-citys-Cycle-Logistics-project-replaced-7-of-commercial-van-trips-cutting-16000-tonnes-of-annual-CO\u2082-emissions\u2014the-equivalent-of-removing-3500-cars-from-the-streets-1536x706.webp 1536w, https:\/\/regencargobikes.com\/wp-content\/uploads\/2025\/07\/In-Amsterdam-the-citys-Cycle-Logistics-project-replaced-7-of-commercial-van-trips-cutting-16000-tonnes-of-annual-CO\u2082-emissions\u2014the-equivalent-of-removing-3500-cars-from-the-streets-18x8.webp 18w, https:\/\/regencargobikes.com\/wp-content\/uploads\/2025\/07\/In-Amsterdam-the-citys-Cycle-Logistics-project-replaced-7-of-commercial-van-trips-cutting-16000-tonnes-of-annual-CO\u2082-emissions\u2014the-equivalent-of-removing-3500-cars-from-the-streets.webp 1766w\" sizes=\"(max-width: 1024px) 100vw, 1024px\" \/><\/figure>\n<\/blockquote>\n\n\n\n<hr class=\"wp-block-separator has-alpha-channel-opacity\"\/>\n\n\n\n<p><\/p>\n\n\n\n<h3 class=\"wp-block-heading\"><strong>Wirtschaftliche und betriebliche Effizienz: St\u00e4dtische Zustellungen neu definieren<\/strong><\/h3>\n\n\n\n<p>Aus gesch\u00e4ftlicher Sicht bieten Lastenfahrr\u00e4der \u00fcberzeugende wirtschaftliche Vorteile. Mehrere Studien und Pilotprojekte haben gezeigt, dass E-Lastenr\u00e4der Transportern in dichten st\u00e4dtischen Umgebungen \u00fcberlegen sind.<\/p>\n\n\n\n<ul class=\"wp-block-list\">\n<li>Lastenfahrr\u00e4der k\u00f6nnen die Lieferkosten senken durch <strong>bis zu 90%<\/strong> wenn man die Kosten f\u00fcr Kraftstoff, Parken und Wartung ber\u00fccksichtigt.<\/li>\n\n\n\n<li>In Mailand wurde im Rahmen eines Pilotprogramms ein <strong>23% Verk\u00fcrzung der Lieferzeiten<\/strong> und eine <strong>40% R\u00fcckgang der Betriebskosten<\/strong> f\u00fcr die Logistik auf der letzten Meile im Vergleich zu Lieferwagen.<\/li>\n\n\n\n<li>In \u00fcberlasteten Stadtzentren liefern Lastenfahrr\u00e4der Pakete aus <strong>30% schneller<\/strong> und kann die <strong>20-25 Lieferungen pro Stunde<\/strong>gegen\u00fcber nur <strong>12 Lieferungen pro Stunde<\/strong> f\u00fcr Lieferwagen.<\/li>\n<\/ul>\n\n\n\n<p>Die F\u00e4higkeit von Lastenfahrr\u00e4dern, selbst in verkehrsreichen Gegenden vorhersehbare Servicezeiten einzuhalten, erm\u00f6glicht es Unternehmen, ihre Lieferpl\u00e4ne zu optimieren und die Kundenzufriedenheit zu erh\u00f6hen.<\/p>\n\n\n\n<blockquote class=\"wp-block-quote is-layout-flow wp-block-quote-is-layout-flow\">\n<p><\/p>\n<\/blockquote>\n\n\n\n<hr class=\"wp-block-separator has-alpha-channel-opacity\"\/>\n\n\n\n<p><\/p>\n\n\n\n<h3 class=\"wp-block-heading\"><strong>Verringerung der Verkehrs\u00fcberlastung und Verbesserung des Zugangs zur Stadt<\/strong><\/h3>\n\n\n\n<p>Lastenfahrr\u00e4der eignen sich hervorragend zum Befahren von \u00fcberf\u00fcllten Stra\u00dfen, Fu\u00dfg\u00e4ngerzonen und Umweltzonen, in denen gr\u00f6\u00dfere Fahrzeuge mit Strafen oder Einschr\u00e4nkungen rechnen m\u00fcssen.<\/p>\n\n\n\n<p>Dank ihrer kompakten Gr\u00f6\u00dfe k\u00f6nnen sie Verkehrswarteschlangen umgehen und Bordsteinkanten anfahren, ohne Stra\u00dfen oder Radwege zu blockieren. Indem sie Lieferwagen ersetzen, machen sie wertvollen st\u00e4dtischen Raum frei, reduzieren Doppelparker und verringern Staus - ein Vorteil, den sowohl St\u00e4dte als auch Unternehmen sehr sch\u00e4tzen.<\/p>\n\n\n\n<hr class=\"wp-block-separator has-alpha-channel-opacity\"\/>\n\n\n\n<p><\/p>\n\n\n\n<h3 class=\"wp-block-heading\"><strong>Soziale und gesundheitliche Vorteile: Sicherere, aktivere St\u00e4dte<\/strong><\/h3>\n\n\n\n<p>Abgesehen von den \u00f6kologischen und wirtschaftlichen Vorteilen haben Lastenr\u00e4der auch einen erheblichen sozialen Nutzen:<\/p>\n\n\n\n<ol start=\"1\" class=\"wp-block-list\">\n<li><strong>F\u00f6rderung des aktiven Reisens:<\/strong> Eine st\u00e4rkere Beteiligung am Radverkehr f\u00f6rdert eine ges\u00fcndere Lebensweise und den Aufbau einer Fahrradkultur in den St\u00e4dten.<\/li>\n\n\n\n<li><strong>Sicherere Stra\u00dfen:<\/strong> Lastenfahrr\u00e4der fahren mit niedrigeren Geschwindigkeiten als motorisierte Fahrzeuge, was das Risiko und die Schwere von Verkehrsunf\u00e4llen verringert.<\/li>\n\n\n\n<li><strong>\u00d6ffentliche Gesundheit:<\/strong> Sauberere Luft und weniger L\u00e4rmbel\u00e4stigung tragen zu einem besseren Wohlbefinden der Bev\u00f6lkerung bei.<\/li>\n<\/ol>\n\n\n\n<p>Londoner <strong>Vision Zero<\/strong> Sicherheitsstrategie ist beispielsweise eng mit der Einf\u00fchrung von Lastenfahrr\u00e4dern verkn\u00fcpft, da diese Fahrzeuge das Verkehrsrisiko f\u00fcr Fu\u00dfg\u00e4nger und andere Radfahrer verringern.<\/p>\n\n\n\n<blockquote class=\"wp-block-quote is-layout-flow wp-block-quote-is-layout-flow\">\n<p><\/p>\n<\/blockquote>\n\n\n\n<hr class=\"wp-block-separator has-alpha-channel-opacity\"\/>\n\n\n\n<p><\/p>\n\n\n\n<h3 class=\"wp-block-heading\"><strong>Ein sich selbst verst\u00e4rkender Kreislauf von Vorteilen<\/strong><\/h3>\n\n\n\n<p>Diese vielseitigen Vorteile wirken synergetisch. Die Unternehmen reinvestieren die Einsparungen aus den Lastenradlieferungen in die Erweiterung ihrer umweltfreundlichen Flotten, wodurch Staus und Emissionen weiter reduziert werden. Sauberere und sicherere Stra\u00dfen ermutigen mehr Menschen zum Radfahren, was die Nachfrage nach Radverkehrsinfrastruktur erh\u00f6ht und die Nutzung von Lastenr\u00e4dern normalisiert.<\/p>\n\n\n\n<p>Stadtpolitische Ma\u00dfnahmen zur F\u00f6rderung von Lastenfahrr\u00e4dern sollten sich daher an <strong>Ganzheitlicher Ansatz<\/strong>, die \u00f6kologische, wirtschaftliche und soziale Vorteile gleichzeitig nutzen, um die Wirkung zu maximieren.<\/p>\n\n\n\n<hr class=\"wp-block-separator has-alpha-channel-opacity\"\/>\n\n\n\n<p><\/p>\n\n\n\n<h2 class=\"wp-block-heading\"><strong>\u00dcberblick \u00fcber den europ\u00e4ischen E-Lastenrad-Markt: Aktueller Stand und Wachstumsprognosen (2024-2034)<\/strong><\/h2>\n\n\n\n<p>Der europ\u00e4ische Markt f\u00fcr E-Lastenfahrr\u00e4der ist in eine Phase explosiven Wachstums eingetreten, was seine zunehmende Bedeutung in den Strategien der st\u00e4dtischen Mobilit\u00e4t widerspiegelt.<\/p>\n\n\n\n<ul class=\"wp-block-list\">\n<li><strong>Marktwert im Jahr 2024:<\/strong> USD <strong>2,01 Milliarden<\/strong><\/li>\n\n\n\n<li><strong>Voraussichtlicher Marktwert im Jahr 2034:<\/strong> USD <strong>37,24 Milliarden<\/strong><\/li>\n\n\n\n<li><strong>CAGR:<\/strong> <strong>33.90% (2024-2034)<\/strong><\/li>\n<\/ul>\n\n\n\n<p>Eine separate Analyse prognostiziert ein Wachstum des Marktes von <strong>1,16 Milliarden USD im Jahr 2025 bis 1,6 Milliarden USD im Jahr 2029<\/strong>die eine konservativere, aber immer noch signifikante <strong>8.51% CAGR<\/strong>.<\/p>\n\n\n\n<p>Dieser Aufw\u00e4rtstrend wird durch mehrere konvergierende Kr\u00e4fte beg\u00fcnstigt:<\/p>\n\n\n\n<ol start=\"1\" class=\"wp-block-list\">\n<li><strong>Priorit\u00e4ten f\u00fcr nachhaltige Mobilit\u00e4t:<\/strong> St\u00e4dte und Unternehmen setzen auf einen kohlenstoffarmen Verkehr.<\/li>\n\n\n\n<li><strong>Regulatorischer Druck:<\/strong> Strengere Umweltstandards, wie der europ\u00e4ische Green Deal, beschleunigen die Elektrifizierung der Flotte.<\/li>\n\n\n\n<li><strong>Kosteneffiziente Logistik:<\/strong> Die Nachfrage nach erschwinglichen L\u00f6sungen f\u00fcr die Zustellung auf der letzten Meile ist so hoch wie nie zuvor.<\/li>\n<\/ol>\n\n\n\n<blockquote class=\"wp-block-quote is-layout-flow wp-block-quote-is-layout-flow\">\n<p><\/p>\n<\/blockquote>\n\n\n\n<hr class=\"wp-block-separator has-alpha-channel-opacity\"\/>\n\n\n\n<p><\/p>\n\n\n\n<h3 class=\"wp-block-heading\"><strong>Regionale F\u00fchrungspers\u00f6nlichkeiten: Westeuropa an vorderster Front<\/strong><\/h3>\n\n\n\n<p>Westeuropa dominiert den Markt f\u00fcr E-Lastenr\u00e4der, wobei Deutschland, die Niederlande, D\u00e4nemark und Frankreich f\u00fchrend bei der Einf\u00fchrung sind.<\/p>\n\n\n\n<ul class=\"wp-block-list\">\n<li><strong>Deutschland:<\/strong> H\u00e4lt <strong>44% des europ\u00e4ischen Marktes (2024)<\/strong>Dank einer starken Fahrradtradition, einer ehrgeizigen Klimapolitik und Investitionen in die Fahrradinfrastruktur wie gesch\u00fctzte Fahrspuren und sichere Abstellanlagen.<\/li>\n\n\n\n<li><strong>Die Niederlande und D\u00e4nemark:<\/strong> Diese Fahrradnationen profitieren von einer jahrzehntelangen Entwicklung der Infrastruktur, was sie zu idealen Umgebungen f\u00fcr die weit verbreitete Nutzung von E-Lastenr\u00e4dern macht.<\/li>\n\n\n\n<li><strong>Frankreich:<\/strong> Paris und andere franz\u00f6sische St\u00e4dte bauen ihre Initiativen f\u00fcr Lastenfahrr\u00e4der als Teil umfassenderer Mobilit\u00e4ts- und Klimastrategien rasch aus.<\/li>\n<\/ul>\n\n\n\n<hr class=\"wp-block-separator has-alpha-channel-opacity\"\/>\n\n\n\n<p><\/p>\n\n\n\n<h3 class=\"wp-block-heading\"><strong>Industrielandschaft: Vielf\u00e4ltige Akteure treiben Innovation voran<\/strong><\/h3>\n\n\n\n<p>Der Markt besteht aus einer dynamischen Mischung aus etablierten Fahrradherstellern, Start-ups im Bereich der Elektromobilit\u00e4t und spezialisierten Lastenradherstellern. Zu den f\u00fchrenden Unternehmen geh\u00f6ren:<\/p>\n\n\n\n<ul class=\"wp-block-list\">\n<li><strong>Urban Arrow<\/strong><\/li>\n\n\n\n<li><strong>Riese &amp; M\u00fcller<\/strong><\/li>\n\n\n\n<li><strong>Seeschwalbe Fahrr\u00e4der<\/strong><\/li>\n\n\n\n<li><strong>Metzger &amp; Fahrr\u00e4der<\/strong><\/li>\n\n\n\n<li><strong>Rad Power Bikes<\/strong><\/li>\n\n\n\n<li><strong>Babboe<\/strong><\/li>\n<\/ul>\n\n\n\n<p>Diese Marken investieren stark in <strong>Produktdiversifizierung<\/strong>und bietet unter anderem folgende Modelle an:<\/p>\n\n\n\n<ol start=\"1\" class=\"wp-block-list\">\n<li><strong><a href=\"https:\/\/regencargobikes.com\/de\/what-is-a-long-john-cargo-bike\/\" data-type=\"post\" data-id=\"1411\">Langschwanz-Lastenfahrr\u00e4der<\/a>:<\/strong> Verl\u00e4ngerte Gep\u00e4cktr\u00e4ger f\u00fcr den Transport mehrerer Kinder oder sperriger Gegenst\u00e4nde.<\/li>\n\n\n\n<li><strong><a href=\"https:\/\/regencargobikes.com\/de\/rs01-e-cargo-bike\/\" data-type=\"page\" data-id=\"933\">Frontlader (Bakfiets) Designs<\/a>:<\/strong> Gro\u00dfe Boxen an der Vorderseite f\u00fcr schwerere oder empfindlichere G\u00fcter.<\/li>\n\n\n\n<li><strong>Dreir\u00e4drige Lastendreir\u00e4der:<\/strong> H\u00f6here Tragf\u00e4higkeit und Stabilit\u00e4t, ideal f\u00fcr den gewerblichen G\u00fcterverkehr.<\/li>\n<\/ol>\n\n\n\n<p>Fortschritte in <strong>Batterietechnologie, Elektromotoren und leichte Rahmen<\/strong> machen Lastenfahrr\u00e4der langlebiger, zuverl\u00e4ssiger und vielseitiger als je zuvor.<\/p>\n\n\n\n<blockquote class=\"wp-block-quote is-layout-flow wp-block-quote-is-layout-flow\">\n<p><strong>Vorschlag f\u00fcr ein Bild:<\/strong> Eine beschriftete Collage mit verschiedenen E-Lastenrad-Designs (Longtail, Frontlader und Dreirad) f\u00fchrender europ\u00e4ischer Marken.<\/p>\n<\/blockquote>\n\n\n\n<hr class=\"wp-block-separator has-alpha-channel-opacity\"\/>\n\n\n\n<p><\/p>\n\n\n\n<h3 class=\"wp-block-heading\"><strong>Marktentwicklung und Spezialisierung<\/strong><\/h3>\n\n\n\n<p>Der Lastenradsektor entwickelt sich zu einem eigenst\u00e4ndigen Segment, das sich von der allgemeinen Fahrradindustrie unterscheidet. Ein Beweis f\u00fcr diesen Wandel ist die Einf\u00fchrung von <strong>Mobifuture<\/strong>eine Fachmesse f\u00fcr elektrische und urbane Mobilit\u00e4t, die zusammen mit der <strong>Eurobike<\/strong> ab 2026.<\/p>\n\n\n\n<p>Diese neue Veranstaltung wird das Lastenrad als wichtigen Bestandteil der zuk\u00fcnftigen Mobilit\u00e4t in Europa in den Mittelpunkt stellen und Hersteller, politische Entscheidungstr\u00e4ger und Flottenbetreiber zusammenbringen. In dem Ma\u00dfe, wie private Investitionen zunehmen und Gr\u00f6\u00dfenvorteile zum Tragen kommen, wird erwartet, dass sich der Sektor zunehmend selbst tr\u00e4gt und weniger auf \u00f6ffentliche Subventionen angewiesen ist.<\/p>\n\n\n\n<blockquote class=\"wp-block-quote is-layout-flow wp-block-quote-is-layout-flow\">\n<p><strong>Vorschlag f\u00fcr ein Bild:<\/strong> Foto einer belebten Eurobike-Ausstellungshalle mit innovativen Lastenradmodellen und Networking unter Fachleuten.<\/p>\n<\/blockquote>\n\n\n\n<hr class=\"wp-block-separator has-alpha-channel-opacity\"\/>\n\n\n\n<p><\/p>\n\n\n\n<h2 class=\"wp-block-heading\"><strong>Schlussfolgerung: Lastenfahrr\u00e4der als Eckpfeiler der europ\u00e4ischen urbanen Mobilit\u00e4t<\/strong><\/h2>\n\n\n\n<p>Lastenfahrr\u00e4der sind f\u00fcr St\u00e4dte, Unternehmen und Gemeinden von gro\u00dfem Nutzen. Sie reduzieren die Treibhausgasemissionen drastisch, senken die Logistikkosten und verbessern die Lebensqualit\u00e4t in den St\u00e4dten durch sicherere Stra\u00dfen und verbesserte \u00f6ffentliche R\u00e4ume.<\/p>\n\n\n\n<p>Der Markt f\u00fcr E-Lastenfahrr\u00e4der in Europa befindet sich auf einem steilen Aufw\u00e4rtstrend und w\u00e4chst von <strong>2,01 Milliarden USD im Jahr 2024 auf voraussichtlich 37,24 Milliarden USD im Jahr 2034<\/strong>. Diese Expansion wird durch eine vorausschauende Politik, technologische Innovationen und eine ver\u00e4nderte Einstellung der \u00d6ffentlichkeit zu nachhaltigem Verkehr vorangetrieben.<\/p>\n\n\n\n<p>F\u00fcr politische Entscheidungstr\u00e4ger sind Investitionen in die Lastenrad-Infrastruktur und Anreize nicht nur eine \u00f6kologische Geste, sondern eine strategische Entscheidung f\u00fcr die urbane Mobilit\u00e4t, die sich langfristig sozial und wirtschaftlich auszahlt. F\u00fcr Unternehmen ist die Einf\u00fchrung von Lastenr\u00e4dern ein klarer Wettbewerbsvorteil, um die Erwartungen der Kunden an schnelle, zuverl\u00e4ssige und umweltfreundliche Lieferungen zu erf\u00fcllen.<\/p>\n\n\n\n<p>Da die St\u00e4dte weiterhin mit Staus, dem Klimawandel und den Problemen der \u00f6ffentlichen Gesundheit zu k\u00e4mpfen haben, sind Lastenfahrr\u00e4der eine bew\u00e4hrte, skalierbare L\u00f6sung, die die urbane Mobilit\u00e4t in Europa f\u00fcr die n\u00e4chsten Jahrzehnte neu gestalten kann.<\/p>\n\n\n\n<p><\/p>","protected":false},"excerpt":{"rendered":"<p>European cities are undergoing a profound transformation in how they approach urban transportation and logistics. Once regarded as a niche solution, cargo bikes\u2014particularly electric cargo bikes (e-cargo bikes)\u2014have rapidly evolved into a strategic pillar for sustainable, cost-effective, and people-centric mobility. They are not merely an alternative to traditional delivery vans or trucks; rather, they are [&hellip;]<\/p>\n","protected":false},"author":2,"featured_media":1630,"comment_status":"closed","ping_status":"closed","sticky":false,"template":"","format":"standard","meta":{"footnotes":""},"categories":[2],"tags":[],"class_list":["post-1763","post","type-post","status-publish","format-standard","has-post-thumbnail","hentry","category-knowledge"],"_links":{"self":[{"href":"https:\/\/regencargobikes.com\/de\/wp-json\/wp\/v2\/posts\/1763","targetHints":{"allow":["GET"]}}],"collection":[{"href":"https:\/\/regencargobikes.com\/de\/wp-json\/wp\/v2\/posts"}],"about":[{"href":"https:\/\/regencargobikes.com\/de\/wp-json\/wp\/v2\/types\/post"}],"author":[{"embeddable":true,"href":"https:\/\/regencargobikes.com\/de\/wp-json\/wp\/v2\/users\/2"}],"replies":[{"embeddable":true,"href":"https:\/\/regencargobikes.com\/de\/wp-json\/wp\/v2\/comments?post=1763"}],"version-history":[{"count":1,"href":"https:\/\/regencargobikes.com\/de\/wp-json\/wp\/v2\/posts\/1763\/revisions"}],"predecessor-version":[{"id":1765,"href":"https:\/\/regencargobikes.com\/de\/wp-json\/wp\/v2\/posts\/1763\/revisions\/1765"}],"wp:featuredmedia":[{"embeddable":true,"href":"https:\/\/regencargobikes.com\/de\/wp-json\/wp\/v2\/media\/1630"}],"wp:attachment":[{"href":"https:\/\/regencargobikes.com\/de\/wp-json\/wp\/v2\/media?parent=1763"}],"wp:term":[{"taxonomy":"category","embeddable":true,"href":"https:\/\/regencargobikes.com\/de\/wp-json\/wp\/v2\/categories?post=1763"},{"taxonomy":"post_tag","embeddable":true,"href":"https:\/\/regencargobikes.com\/de\/wp-json\/wp\/v2\/tags?post=1763"}],"curies":[{"name":"wp","href":"https:\/\/api.w.org\/{rel}","templated":true}]}}