{"id":1766,"date":"2025-07-29T04:04:42","date_gmt":"2025-07-28T20:04:42","guid":{"rendered":"https:\/\/regencargobikes.com\/?p=1766"},"modified":"2025-07-29T04:04:44","modified_gmt":"2025-07-28T20:04:44","slug":"e-cargo-bike-current-policy-landscape-and-enabling-activities-across-the-eu","status":"publish","type":"post","link":"https:\/\/regencargobikes.com\/de\/e-cargo-bike-current-policy-landscape-and-enabling-activities-across-the-eu\/","title":{"rendered":"E Cargo Bike Aktuelle politische Landschaft und Aktivit\u00e4ten in der EU"},"content":{"rendered":"<p>Die Einf\u00fchrung von Lastenr\u00e4dern in Europa erfolgt nicht isoliert. Ein robustes und gut koordiniertes politisches \u00d6kosystem auf der <strong>EU, nationale und st\u00e4dtische Ebene<\/strong> treibt diesen Wandel voran, unterst\u00fctzt durch <strong>finanzielle Anreize, Infrastrukturentwicklung, Pilotprogramme und \u00f6ffentlich-private Partnerschaften<\/strong>. Gemeinsam schaffen diese Initiativen die Voraussetzungen daf\u00fcr, dass Lastenfahrr\u00e4der zu einer g\u00e4ngigen L\u00f6sung f\u00fcr die st\u00e4dtische Mobilit\u00e4t und Logistik werden.<\/p>\n\n\n\n<hr class=\"wp-block-separator has-alpha-channel-opacity\"\/>\n\n\n\n<h2 class=\"wp-block-heading\"><strong>2.1 Rahmen und Richtlinien der Europ\u00e4ischen Union f\u00fcr Lastenfahrr\u00e4der<\/strong><\/h2>\n\n\n\n<p>Auf h\u00f6chster Ebene hat die Europ\u00e4ische Union eine <strong>strategisches Mandat<\/strong> f\u00fcr die Einf\u00fchrung von Lastenfahrr\u00e4dern durch eine Reihe von Rahmenwerken und Richtlinien. Diese Richtlinien sind von entscheidender Bedeutung, um den Mitgliedstaaten und Kommunalverwaltungen Orientierung und Konsistenz zu bieten.<\/p>\n\n\n\n<p><strong>\u00dcberblick \u00fcber die wichtigsten F\u00f6rderprogramme f\u00fcr Lastenfahrr\u00e4der in ausgew\u00e4hlten EU-L\u00e4ndern\/St\u00e4dten (2024-2025)<\/strong><\/p><div class=\"regen-test-placement-from-wizard-1604397851\" id=\"regen-2610632353\"><script async src=\"https:\/\/pagead2.googlesyndication.com\/pagead\/js\/adsbygoogle.js?client=ca-pub-1076230867169041\"\n     crossorigin=\"anonymous\"><\/script><\/div><div class=\"regen-test-placement-from-wizard-2878267818\" id=\"regen-2703343649\"><script async src=\"https:\/\/pagead2.googlesyndication.com\/pagead\/js\/adsbygoogle.js?client=ca-pub-1076230867169041\"\n     crossorigin=\"anonymous\"><\/script><\/div>\n\n\n\n<figure class=\"wp-block-table\"><table class=\"has-fixed-layout\"><tbody><tr><td>Standort<\/td><td>Name des Programms<\/td><td>Zielgruppe<\/td><td>Fahrradtyp<\/td><td>Betrag\/Mechanismus der Subvention<\/td><td>Wesentliche Zulassungskriterien<\/td><\/tr><tr><td>\u00d6sterreich (Salzburg)<\/td><td>Finanzierung von Fahrradanh\u00e4ngern und Lastenfahrr\u00e4dern<\/td><td>Privatpersonen<\/td><td>Lastenfahrr\u00e4der, E-Lastenfahrr\u00e4der, Fahrradanh\u00e4nger<\/td><td>30% neuer Preis: bis zu 250 \u20ac (Anh\u00e4nger), 800 \u20ac (Ladung), 1.000 \u20ac (E-Ladung)<\/td><td>Lebt seit \u22651 Jahr in Salzburg<\/td><\/tr><tr><td>\u00d6sterreich (Wien)<\/td><td>Subventionierung von Lastenfahrr\u00e4dern f\u00fcr Privatpersonen<\/td><td>Privatpersonen, Unternehmen, gemeinn\u00fctzige Organisationen<\/td><td>Nicht-elektrisch, elektrisch<\/td><td>50% des Kaufpreises: bis zu 800 \u20ac (nichtelektrisch), 1.000 \u20ac (elektrisch); f\u00fcr Unternehmen h\u00f6her<\/td><td>Kaufnachweis, Wohnsitz\/Immatrikulation in Wien<\/td><\/tr><tr><td>\u00d6sterreich (Stuttgart)<\/td><td>Subventionsprogramm f\u00fcr elektrische Lastenfahrr\u00e4der<\/td><td>Familien, Alleinerziehende<\/td><td>E-Lastenfahrr\u00e4der<\/td><td>Bis zu 1.100 \u20ac (600 \u20ac im Voraus, 500 \u20ac nach 3 Jahren)<\/td><td>Besondere famili\u00e4re Umst\u00e4nde<\/td><\/tr><tr><td>\u00d6sterreich (National)<\/td><td>Klimaaktiv-Programm<\/td><td>Privatpersonen, Unternehmen, Gemeinden, Verb\u00e4nde<\/td><td>E-Bikes, Lastenfahrr\u00e4der, Klappfahrr\u00e4der<\/td><td>Bis zu 900 \u20ac (Fahrr\u00e4der f\u00fcr den Individualverkehr); 30% der Kosten (Unternehmen\/Kommunen, mindestens 5 E-Bikes)<\/td><td>Erf\u00fcllt spezifische Tragf\u00e4higkeit\/Abmessungen; Bewerbungen sind bis zum 28. Februar 2025 m\u00f6glich<\/td><\/tr><tr><td>Deutschland (Bund)<\/td><td>E-Cargo Bike Zuschussfonds<\/td><td>Private Unternehmen, \u00f6ffentliche Einrichtungen<\/td><td>E-Cargo-Fahrr\u00e4der, E-Cargo-Anh\u00e4nger<\/td><td>25% der Anschaffungskosten, maximal 3.500 \u20ac pro Fahrrad\/Anh\u00e4nger<\/td><td>G\u00fcterverkehr in verschiedenen Sektoren<\/td><\/tr><tr><td>Italien (National)<\/td><td>2021 Haushaltsgesetz Steuergutschrift<\/td><td>Kleinst- und Kleinunternehmen<\/td><td>Muskul\u00e4r, pedalunterst\u00fctzt<\/td><td>30% Steuergutschrift, bis zu 2.000 \u20ac pro Jahr<\/td><td>Unternehmen, die im G\u00fcterverkehr t\u00e4tig sind<\/td><\/tr><tr><td>Niederlande (National)<\/td><td>MIA &amp; Vamil Schemata (2025)<\/td><td>Unternehmen<\/td><td>Elektrische Lastenfahrr\u00e4der (einschlie\u00dflich solarbetriebener)<\/td><td>MIA: bis zu 45% Abzug; Vamil: 75% flexible Abschreibung<\/td><td>Mindestleergewicht 75kg; Solar: min 400W peak integriert<\/td><\/tr><\/tbody><\/table><\/figure>\n\n\n\n<hr class=\"wp-block-separator has-alpha-channel-opacity\"\/>\n\n\n\n<h3 class=\"wp-block-heading\"><strong>Der Europ\u00e4ische Green Deal: Antrieb f\u00fcr klimaneutrale Mobilit\u00e4t<\/strong><\/h3>\n\n\n\n<p>Der <strong>Europ\u00e4ischer Gr\u00fcner Deal<\/strong> setzt sich das ehrgeizige Ziel, Europa bis zum Jahr 2010 zum ersten klimaneutralen Kontinent zu machen. <strong>2050<\/strong>, die eine <strong>90% Verringerung der CO\u2082-Emissionen im Verkehrssektor<\/strong>. Lastenfahrr\u00e4der spielen eine zentrale Rolle bei der Verwirklichung dieser Vision, indem sie emissionsintensive Fahrzeuge in st\u00e4dtischen Gebieten ersetzen.<\/p>\n\n\n\n<blockquote class=\"wp-block-quote is-layout-flow wp-block-quote-is-layout-flow\">\n<p><\/p>\n<\/blockquote>\n\n\n\n<hr class=\"wp-block-separator has-alpha-channel-opacity\"\/>\n\n\n\n<h3 class=\"wp-block-heading\"><strong>Strategie f\u00fcr nachhaltige und intelligente Mobilit\u00e4t<\/strong><\/h3>\n\n\n\n<p>Verabschiedet in <strong>Dezember 2020<\/strong>, Die <strong>Strategie f\u00fcr nachhaltige und intelligente Mobilit\u00e4t<\/strong> bietet einen Fahrplan f\u00fcr die gr\u00fcne und digitale Transformation des Verkehrs in der EU. Ihre Politik beeinflusst Ma\u00dfnahmen durch <strong>2024 und dar\u00fcber hinaus<\/strong>, mit Schwerpunkt auf <strong>multimodale Integration, emissionsfreie Fahrzeuge und Dekarbonisierung der st\u00e4dtischen Logistik<\/strong>, die alle unmittelbar die Einf\u00fchrung von Lastenfahrr\u00e4dern unterst\u00fctzen.<\/p>\n\n\n\n<hr class=\"wp-block-separator has-alpha-channel-opacity\"\/>\n\n\n\n<h3 class=\"wp-block-heading\"><strong>Europ\u00e4ische Erkl\u00e4rung zum Radverkehr (2024)<\/strong><\/h3>\n\n\n\n<p>Unter <strong>April 2024<\/strong>, haben die Europ\u00e4ische Kommission, das Parlament und der Rat gemeinsam die <strong>Europ\u00e4ische Erkl\u00e4rung zum Radfahren<\/strong>, eine bahnbrechende politische Verpflichtung, die das Radfahren offiziell als eine <strong>vollwertiges Verkehrsmittel<\/strong>.<\/p>\n\n\n\n<ul class=\"wp-block-list\">\n<li>Enth\u00e4lt <strong>acht Grundprinzipien<\/strong> Und <strong>36 Verpflichtungen<\/strong> die darauf abzielen, den Radverkehr in die Verkehrs- und Infrastrukturpolitik zu integrieren.<\/li>\n\n\n\n<li>setzt ein starkes politisches Signal und einen Rahmen f\u00fcr <strong>nationale und lokale Radverkehrspolitik<\/strong>.<\/li>\n<\/ul>\n\n\n\n<hr class=\"wp-block-separator has-alpha-channel-opacity\"\/>\n\n\n\n<h3 class=\"wp-block-heading\"><strong>Expertengruppe f\u00fcr urbane Mobilit\u00e4t (EGUM) und SULPs<\/strong><\/h3>\n\n\n\n<p>Der <strong>Expertengruppe f\u00fcr urbane Mobilit\u00e4t (EGUM)<\/strong> war ma\u00dfgeblich an der Umsetzung hochrangiger politischer Ma\u00dfnahmen in operative Strategien beteiligt.<\/p>\n\n\n\n<ul class=\"wp-block-list\">\n<li>Seine <strong>Arbeitsprogramm 2023-2024<\/strong> enthielt Empfehlungen f\u00fcr <strong>Nachhaltige st\u00e4dtische Logistikpl\u00e4ne (SULP)<\/strong>, f\u00f6rmlich angenommen in <strong>Dezember 2024<\/strong>.<\/li>\n\n\n\n<li>Die aktualisierten Leitlinien enthalten nun neue Elemente wie z. B.:\n<ul class=\"wp-block-list\">\n<li>Dynamik des Immobilienmarktes<\/li>\n\n\n\n<li>Energieversorgung f\u00fcr E-Mobilit\u00e4t<\/li>\n\n\n\n<li>Grunds\u00e4tze der Kreislaufwirtschaft<\/li>\n\n\n\n<li>Fortgeschrittene Digitalisierungswerkzeuge (z.B., <strong>Digitale Zwillinge und KI<\/strong>)<\/li>\n<\/ul>\n<\/li>\n<\/ul>\n\n\n\n<p>Diese SULPs bieten den St\u00e4dten einen Rahmen f\u00fcr die Optimierung der st\u00e4dtischen G\u00fcterverkehrssysteme bei gleichzeitiger Reduzierung von Emissionen und Staus.<\/p>\n\n\n\n<hr class=\"wp-block-separator has-alpha-channel-opacity\"\/>\n\n\n\n<h3 class=\"wp-block-heading\"><strong>EU-finanzierte Projekte und Initiativen<\/strong><\/h3>\n\n\n\n<p><strong>EU-F\u00f6rderprogramme<\/strong> spielen eine entscheidende Rolle bei der Unterst\u00fctzung von Pilotprojekten, Wissenstransfer und Sensibilisierungskampagnen:<\/p>\n\n\n\n<ul class=\"wp-block-list\">\n<li><strong>City Changer Cargo Bike (CCCB)<\/strong>:\n<ul class=\"wp-block-list\">\n<li>Beteiligt sind <strong>Mehr als 20 europ\u00e4ische Partner<\/strong>, F\u00f6rderung der Nutzung von Lastenfahrr\u00e4dern durch Schulungen, Schnupperkurse und innovative Finanzierungsmodelle.<\/li>\n\n\n\n<li>Der Schwerpunkt liegt auf der Verringerung der Einf\u00fchrungshindernisse f\u00fcr \u00f6ffentliche, private und kommerzielle Nutzer.<\/li>\n<\/ul>\n<\/li>\n\n\n\n<li><strong>CIVITAS-Initiative<\/strong>:\n<ul class=\"wp-block-list\">\n<li>hebt Lastenr\u00e4der als L\u00f6sung f\u00fcr st\u00e4dtische Probleme wie Verkehrsstaus, schlechte Luftqualit\u00e4t und L\u00e4rm hervor.<\/li>\n\n\n\n<li>Bietet Forschung, bew\u00e4hrte Praktiken und Unterst\u00fctzung f\u00fcr St\u00e4dte, die Lastenfahrradsysteme einf\u00fchren.<\/li>\n<\/ul>\n<\/li>\n<\/ul>\n\n\n\n<p>Diese Projekte auf EU-Ebene verst\u00e4rken die Reichweite nationaler und lokaler Initiativen und sorgen f\u00fcr Koh\u00e4renz und eine schnellere Umsetzung.<\/p>\n\n\n\n<hr class=\"wp-block-separator has-alpha-channel-opacity\"\/>\n\n\n\n<h3 class=\"wp-block-heading\"><strong>Zusammenfassung: Ein koh\u00e4rentes Top-Down-Engagement<\/strong><\/h3>\n\n\n\n<p>Die Verabschiedung der EU-Erkl\u00e4rung zum Radverkehr (2024), die SULP-Empfehlungen der EGUM und der \u00fcbergreifende Green Deal zeigen eine <strong>koh\u00e4rente, strategische Bem\u00fchungen von oben nach unten<\/strong> zur allgemeinen Verbreitung von Lastenr\u00e4dern. Diese Rahmenwerke bieten einen klaren Auftrag f\u00fcr <strong>nationale und lokale Regierungen<\/strong> zu handeln, die Angleichung zwischen den Mitgliedstaaten zu f\u00f6rdern und die Einf\u00fchrung zu beschleunigen.<\/p>\n\n\n\n<hr class=\"wp-block-separator has-alpha-channel-opacity\"\/>\n\n\n\n<h2 class=\"wp-block-heading\"><strong>2.2 Nationale und st\u00e4dtische Politiken und bew\u00e4hrte Praktiken<\/strong><\/h2>\n\n\n\n<p>W\u00e4hrend die Rahmenbedingungen auf EU-Ebene die strategische Richtung vorgeben, <strong>nationale Regierungen und einzelne St\u00e4dte<\/strong> treiben die Einf\u00fchrung durch konkrete Ma\u00dfnahmen voran. Diese reichen von <strong>finanzielle Anreize und Subventionen<\/strong> Zu <strong>Infrastrukturinvestitionen, Mikro-Hubs und Flottenintegrationsprogramme<\/strong>.<\/p>\n\n\n\n<hr class=\"wp-block-separator has-alpha-channel-opacity\"\/>\n\n\n\n<h3 class=\"wp-block-heading\"><strong>Finanzielle Anreize und Subventionen<\/strong><\/h3>\n\n\n\n<p>Hohe Anschaffungskosten sind nach wie vor ein Hindernis f\u00fcr die Einf\u00fchrung von Lastenr\u00e4dern, insbesondere f\u00fcr Unternehmen und Familien. Viele europ\u00e4ische Regierungen haben eine <strong>ausgekl\u00fcgelte F\u00f6rderprogramme<\/strong> um Lastenfahrr\u00e4der erschwinglicher zu machen:<\/p>\n\n\n\n<h4 class=\"wp-block-heading\"><strong>Deutschland<\/strong><\/h4>\n\n\n\n<ul class=\"wp-block-list\">\n<li>Bundeszusch\u00fcsse decken <strong>bis zu 25%<\/strong> der Anschaffungskosten f\u00fcr E-Lastenr\u00e4der.<\/li>\n<\/ul>\n\n\n\n<h4 class=\"wp-block-heading\"><strong>\u00d6sterreich<\/strong><\/h4>\n\n\n\n<ul class=\"wp-block-list\">\n<li><strong>Salzburg<\/strong>: 30%-Zuschuss (bis zu 250 \u20ac f\u00fcr Anh\u00e4nger, 800 \u20ac f\u00fcr Lastenfahrr\u00e4der, 1.000 \u20ac f\u00fcr E-Lastenfahrr\u00e4der).<\/li>\n\n\n\n<li><strong>Wien<\/strong>: 50% Zuschuss (bis zu 1.000 \u20ac f\u00fcr E-Lastenr\u00e4der), mit h\u00f6heren Zusch\u00fcssen f\u00fcr Unternehmen und gemeinn\u00fctzige Organisationen.<\/li>\n\n\n\n<li><strong>Stuttgart<\/strong>: Bis zu <strong>\u20ac1,100<\/strong> f\u00fcr Familien\/Alleinerziehende, mit gestaffelten Zahlungen (600 \u20ac im Voraus, 500 \u20ac nach drei Jahren).<\/li>\n\n\n\n<li>National <strong>Klimaaktiv-Programm<\/strong>:\n<ul class=\"wp-block-list\">\n<li>Bis zu <strong>\u20ac900<\/strong> f\u00fcr private Lastenfahrr\u00e4der<\/li>\n\n\n\n<li>30% der Kosten f\u00fcr Unternehmen und Gemeinden (mind. 5 E-Bikes)<\/li>\n<\/ul>\n<\/li>\n\n\n\n<li><strong>Graz<\/strong>: Ein Pionier der Subventionen seit 2011, bietet <strong>\u20ac1,000<\/strong> f\u00fcr gewerbliche oder gemeinsam genutzte Lastenfahrr\u00e4der.<\/li>\n<\/ul>\n\n\n\n<h4 class=\"wp-block-heading\"><strong>Italien<\/strong><\/h4>\n\n\n\n<ul class=\"wp-block-list\">\n<li>Bietet eine <strong>30% Steuergutschrift (bis zu 2.000 \u20ac j\u00e4hrlich)<\/strong> f\u00fcr Kleinst- und Kleinunternehmen, die Lastenfahrr\u00e4der kaufen, im Rahmen des Haushaltsgesetzes 2021.<\/li>\n<\/ul>\n\n\n\n<h4 class=\"wp-block-heading\"><strong>Die Niederlande<\/strong><\/h4>\n\n\n\n<ul class=\"wp-block-list\">\n<li>Erweitert <strong>Abzug f\u00fcr Umweltinvestitionen (MIA)<\/strong> Und <strong>Vamil<\/strong> Abschreibungsregelungen bis 2025:\n<ul class=\"wp-block-list\">\n<li>MIA: bis zu <strong>45% Steuerabzug<\/strong><\/li>\n\n\n\n<li>Vamil: <strong>75% flexible Abschreibung<\/strong><\/li>\n\n\n\n<li>F\u00f6rderf\u00e4hig sind jetzt auch solarbetriebene Lastenfahrr\u00e4der und ein Mindestleergewicht (75 kg).<\/li>\n<\/ul>\n<\/li>\n\n\n\n<li>Niederl\u00e4ndisch <strong>Firmenfahrradprogramm<\/strong> erm\u00f6glicht es Arbeitnehmern, beim Kauf von Fahrr\u00e4dern Steuervorteile zu nutzen.<\/li>\n<\/ul>\n\n\n\n<blockquote class=\"wp-block-quote is-layout-flow wp-block-quote-is-layout-flow\">\n<p><strong>Vorschlag f\u00fcr ein Bild:<\/strong> Eine gut gestaltete Tabelle (wie die urspr\u00fcngliche Tabelle 1), die die wichtigsten F\u00f6rderprogramme f\u00fcr Lastenfahrr\u00e4der nach L\u00e4ndern\/St\u00e4dten (\u00d6sterreich, Deutschland, Italien, Niederlande) zusammenfasst, einschlie\u00dflich Betr\u00e4ge, Zielgruppen und F\u00f6rderf\u00e4higkeit.<\/p>\n<\/blockquote>\n\n\n\n<hr class=\"wp-block-separator has-alpha-channel-opacity\"\/>\n\n\n\n<h3 class=\"wp-block-heading\"><strong>Entwicklung der Infrastruktur<\/strong><\/h3>\n\n\n\n<p>Die Annahme h\u00e4ngt ab von <strong>eine Infrastruktur, die der Gr\u00f6\u00dfe und dem Gewicht von Lastenr\u00e4dern gerecht wird<\/strong>:<\/p>\n\n\n\n<ul class=\"wp-block-list\">\n<li><strong>Kopenhagen:<\/strong>\n<ul class=\"wp-block-list\">\n<li>Aktualisiert <em>Fahrradfreundliche Infrastruktur 2024<\/em> Normen:\n<ul class=\"wp-block-list\">\n<li>Breitere Radwege<\/li>\n\n\n\n<li>Verbesserte Kreuzungen<\/li>\n\n\n\n<li>Steigungen optimiert f\u00fcr schwerere Lastenr\u00e4der<\/li>\n<\/ul>\n<\/li>\n\n\n\n<li>Ergebnisse: <strong>49% aller Fahrten zur Arbeit oder zur Schule<\/strong> jetzt mit dem Fahrrad gemacht.<\/li>\n<\/ul>\n<\/li>\n\n\n\n<li><strong>Berlin:<\/strong>\n<ul class=\"wp-block-list\">\n<li>Eingef\u00fchrt <strong>Pop-up-Radwege<\/strong> und setzt seine <em>Berliner Mobilit\u00e4tsgesetz<\/em>, einen Plan, um eine \u201cFahrradstadt\u201d zu werden.\u201d<\/li>\n<\/ul>\n<\/li>\n\n\n\n<li><strong>Amsterdam:<\/strong>\n<ul class=\"wp-block-list\">\n<li>Entfernen von <strong>10.000 Stellpl\u00e4tze<\/strong> im Stadtzentrum.<\/li>\n\n\n\n<li>Durchsetzung von <strong>Null-Emissions-Zonen (ZEZs)<\/strong> in 14 niederl\u00e4ndischen St\u00e4dten durch <strong>Januar 2025<\/strong>, Verbot von umweltsch\u00e4dlichen Lieferwagen und Lastwagen.<\/li>\n<\/ul>\n<\/li>\n\n\n\n<li><strong>Oslo und Helsinki:<\/strong>\n<ul class=\"wp-block-list\">\n<li>Investitionen in Radwege f\u00fcr den G\u00fcterverkehr, sichere Parkpl\u00e4tze und Ladestationen.<\/li>\n<\/ul>\n<\/li>\n\n\n\n<li><strong>London:<\/strong>\n<ul class=\"wp-block-list\">\n<li>Vervierfachung des strategischen Fahrradnetzes auf <strong>360 km<\/strong> im Jahr 2024.<\/li>\n\n\n\n<li>Das Ziel: <strong>40% der Einwohner<\/strong> im Umkreis von 400 Metern um einen Radweg bis 2030.<\/li>\n<\/ul>\n<\/li>\n<\/ul>\n\n\n\n<blockquote class=\"wp-block-quote is-layout-flow wp-block-quote-is-layout-flow\">\n<p><strong>Vorschlag f\u00fcr ein Bild:<\/strong> Seite an Seite Bilder: Kopenhagens breite Radwege und Amsterdams emissionsfreie st\u00e4dtische Lieferzonen.<\/p>\n<\/blockquote>\n\n\n\n<hr class=\"wp-block-separator has-alpha-channel-opacity\"\/>\n\n\n\n<h3 class=\"wp-block-heading\"><strong>St\u00e4dtische Konsolidierungszentren (Micro-Hubs)<\/strong><\/h3>\n\n\n\n<p>Micro-Hubs sind kleine, strategisch g\u00fcnstig gelegene Depots, in denen die Waren vor der endg\u00fcltigen Auslieferung per Lastenrad konsolidiert werden.<\/p>\n\n\n\n<ul class=\"wp-block-list\">\n<li><strong>Prag:<\/strong>\n<ul class=\"wp-block-list\">\n<li>Er\u00f6ffnung von zwei Cargo-Bike-Depots (2020, 2021), die jeweils die <strong>7.000 Auftr\u00e4ge\/Monat<\/strong>.<\/li>\n\n\n\n<li>Serviert bis zu <strong>8 Unternehmen<\/strong> und wurde anerkannt von der <strong>Eurocities Awards 2021<\/strong>.<\/li>\n<\/ul>\n<\/li>\n\n\n\n<li><strong>Berlin:<\/strong>\n<ul class=\"wp-block-list\">\n<li>Amazon er\u00f6ffnete ein Mikromobilit\u00e4tszentrum in der N\u00e4he des Alexanderplatzes in <strong>Juli 2024<\/strong>, mit dem Ziel <strong>1,5 Millionen Paketzustellungen j\u00e4hrlich<\/strong> mit dem Lastenfahrrad.<\/li>\n\n\n\n<li>Amazon betreibt jetzt <strong>50+ Drehkreuze<\/strong> In <strong>40+ europ\u00e4ische St\u00e4dte<\/strong>.<\/li>\n<\/ul>\n<\/li>\n\n\n\n<li><strong>Frankfurt:<\/strong>\n<ul class=\"wp-block-list\">\n<li>Lancierung der <strong>LastMileTram<\/strong> Projekt: Die Pakete werden mit der Stra\u00dfenbahn ins Stadtzentrum gebracht und dann mit dem E-Cargo-Bike verteilt.<\/li>\n<\/ul>\n<\/li>\n\n\n\n<li><strong>REWE Group (Deutschland):<\/strong>\n<ul class=\"wp-block-list\">\n<li>Nutzt Cargo-Bike-Hubs f\u00fcr die st\u00e4dtische Lebensmittellieferung, die von spezialisierten Logistikpartnern betrieben werden.<\/li>\n<\/ul>\n<\/li>\n<\/ul>\n\n\n\n<blockquote class=\"wp-block-quote is-layout-flow wp-block-quote-is-layout-flow\">\n<p><strong>Vorschlag f\u00fcr ein Bild:<\/strong> Diagramm, das zeigt, wie Waren von Lieferwagen zu Mikro-Hubs zu Lastenfahrr\u00e4dern f\u00fcr die Zustellung auf der letzten Meile flie\u00dfen.<\/p>\n<\/blockquote>\n\n\n\n<hr class=\"wp-block-separator has-alpha-channel-opacity\"\/>\n\n\n\n<h3 class=\"wp-block-heading\"><strong>\u00d6ffentlich-private Partnerschaften und Pilotprogramme<\/strong><\/h3>\n\n\n\n<p>Die Zusammenarbeit zwischen Beh\u00f6rden und Akteuren des Privatsektors beschleunigt die Einf\u00fchrung:<\/p>\n\n\n\n<ul class=\"wp-block-list\">\n<li><strong>City Changer Cargo Bike (CCCB):<\/strong> EU-weite Partnerschaft zum Austausch bew\u00e4hrter Verfahren und zur Unterst\u00fctzung von Pilotprojekten.<\/li>\n\n\n\n<li><strong>Prag:<\/strong> Cargo-Bike-Depots, die in enger Zusammenarbeit zwischen Logistikunternehmen und st\u00e4dtischen Betrieben entstehen.<\/li>\n\n\n\n<li><strong>Br\u00fcsseler Fahrradprojekt cAIRgo (2020-2023):<\/strong>\n<ul class=\"wp-block-list\">\n<li>Unterst\u00fctzt <strong>500+ Organisationen<\/strong> auf Lastenfahrr\u00e4der umzusteigen.<\/li>\n\n\n\n<li>Bereitstellung von Schulungen, Informationen und Testprogrammen.<\/li>\n<\/ul>\n<\/li>\n\n\n\n<li><strong>Londons TfL Cargo Bike Action Plan (2023):<\/strong>\n<ul class=\"wp-block-list\">\n<li>Unterst\u00fctzt intermodale Transportpiloten (Lastenfahrr\u00e4der + Schiffe\/Z\u00fcge).<\/li>\n\n\n\n<li>F\u00f6rderung von Lastenfahrr\u00e4dern in verkehrsarmen Vierteln.<\/li>\n<\/ul>\n<\/li>\n<\/ul>\n\n\n\n<hr class=\"wp-block-separator has-alpha-channel-opacity\"\/>\n\n\n\n<h3 class=\"wp-block-heading\"><strong>Integration des kommunalen Fuhrparks<\/strong><\/h3>\n\n\n\n<p>Viele St\u00e4dte sind <strong>mit gutem Beispiel vorangehen<\/strong> indem sie ihre eigenen st\u00e4dtischen Dienstfahrzeuge durch E-Lastenr\u00e4der ersetzen:<\/p>\n\n\n\n<ul class=\"wp-block-list\">\n<li>Wird f\u00fcr die Logistik von st\u00e4dtischen Veranstaltungen, die Verwaltung von Gr\u00fcnfl\u00e4chen und den Transport von Ausr\u00fcstung verwendet.<\/li>\n\n\n\n<li>Br\u00fcssel testet Programme, um st\u00e4dtische Lieferwagen vollst\u00e4ndig durch Lastenfahrr\u00e4der zu ersetzen.<\/li>\n<\/ul>\n\n\n\n<p>Die Beschaffungspolitik beg\u00fcnstigt zunehmend Anbieter, die <strong>mit dem Lastenfahrrad ausliefern<\/strong>, und bietet den Unternehmen Anreize f\u00fcr den Umstieg.<\/p>\n\n\n\n<hr class=\"wp-block-separator has-alpha-channel-opacity\"\/>\n\n\n\n<h3 class=\"wp-block-heading\"><strong>Cargo-Bike-Sharing und Schnuppermodelle<\/strong><\/h3>\n\n\n\n<p>Cargo-Bike-Sharing-Systeme erm\u00f6glichen es den Nutzern, Cargo-Bikes auszuprobieren, ohne sich zum Kauf zu verpflichten:<\/p>\n\n\n\n<ul class=\"wp-block-list\">\n<li>Deutschland und \u00d6sterreich: <strong>70+ von der Gemeinschaft geleitete Initiativen<\/strong> seit 2013, darunter <strong>fLotte Berlin<\/strong> (120 Lastenfahrr\u00e4der).<\/li>\n\n\n\n<li>Umfrage: <strong>35% der gemeinsamen Nutzer<\/strong> beabsichtigen, ihr eigenes Lastenfahrrad zu kaufen.<\/li>\n\n\n\n<li>St\u00e4dte wie Grenoble, Stra\u00dfburg, Hamburg und Stuttgart integrieren Lastenfahrr\u00e4der in <strong>Bike-Sharing-Flotten<\/strong>.<\/li>\n\n\n\n<li>Das Br\u00fcsseler Projekt cAIRgo ergab, dass <strong>Ausbildung + Testfahrten<\/strong> (\u201cTesting is Adopting\u201d) waren entscheidend f\u00fcr die \u00dcberwindung von Adoptionsbarrieren.<\/li>\n<\/ul>\n\n\n\n<blockquote class=\"wp-block-quote is-layout-flow wp-block-quote-is-layout-flow\">\n<p><strong>Vorschlag f\u00fcr ein Bild:<\/strong> Fotocollage von Cargobike-Sharing-Systemen in Berlin und Br\u00fcssel, mit Mitgliedern der Gemeinde, die sie nutzen.<\/p>\n<\/blockquote>\n\n\n\n<hr class=\"wp-block-separator has-alpha-channel-opacity\"\/>\n\n\n\n<h3 class=\"wp-block-heading\"><strong>Umfassender Ansatz: Harte und weiche Ma\u00dfnahmen<\/strong><\/h3>\n\n\n\n<p>Eine erfolgreiche Einf\u00fchrung erfordert <strong>integrierte Strategien<\/strong>:<\/p>\n\n\n\n<ol start=\"1\" class=\"wp-block-list\">\n<li><strong>Harte Ma\u00dfnahmen:<\/strong> Infrastruktur, Subventionen, Mikro-Hubs<\/li>\n\n\n\n<li><strong>Weiche Ma\u00dfnahmen:<\/strong> Sensibilisierungskampagnen, Schulungen, Versuchsprogramme<\/li>\n<\/ol>\n\n\n\n<p>Die jahrzehntelangen Investitionen Kopenhagens in die Radverkehrskultur zeigen, dass die Kombination von physischer Infrastruktur mit kulturellen und verhaltensbezogenen Initiativen von entscheidender Bedeutung ist.<\/p>\n\n\n\n<blockquote class=\"wp-block-quote is-layout-flow wp-block-quote-is-layout-flow\">\n<p><strong>Vorschlag f\u00fcr ein Bild (Abschnitt schlie\u00dfen):<\/strong> Ein geteiltes Bild, das Lastenradwege (harte Ma\u00dfnahmen) und kommunale Lastenrad-Trainingsworkshops (weiche Ma\u00dfnahmen) zeigt.<\/p>\n<\/blockquote>\n\n\n\n<hr class=\"wp-block-separator has-alpha-channel-opacity\"\/>\n\n\n\n<h2 class=\"wp-block-heading\"><strong>Schlussfolgerung: Aufbau eines politischen \u00d6kosystems f\u00fcr den Wandel<\/strong><\/h2>\n\n\n\n<p>Die hochrangigen politischen Rahmenvorgaben der EU, kombiniert mit gezielten <strong>Initiativen auf nationaler und st\u00e4dtischer Ebene<\/strong>, legen den Grundstein f\u00fcr eine Revolution der Lastenfahrr\u00e4der.<\/p>\n\n\n\n<ul class=\"wp-block-list\">\n<li><strong>Finanzielle Unterst\u00fctzung<\/strong> macht die Einf\u00fchrung m\u00f6glich.<\/li>\n\n\n\n<li><strong>Verbesserungen der Infrastruktur<\/strong> machen die Nutzung praktisch und sicher.<\/li>\n\n\n\n<li><strong>Mikro-Hubs, Sharing-Systeme und \u00f6ffentlich-private Partnerschaften<\/strong> einen skalierbaren, langfristigen Erfolg zu gew\u00e4hrleisten.<\/li>\n<\/ul>\n\n\n\n<p>Diese <strong>vielschichtiges politisches \u00d6kosystem<\/strong> ist von entscheidender Bedeutung f\u00fcr eine nachhaltige Verlagerung des Verkehrsaufkommens weg von Transportern und Lkw und hilft Europa, seine <strong>Klima-, Verkehrsstau- und Gesundheitsziele<\/strong>.<\/p>","protected":false},"excerpt":{"rendered":"<p>The adoption of cargo bikes in Europe is not happening in isolation. A robust and well-coordinated policy ecosystem at the EU, national, and city levels is driving this transition, supported by financial incentives, infrastructure development, pilot programs, and public-private partnerships. Together, these initiatives create the conditions for cargo bikes to become a mainstream solution for [&hellip;]<\/p>\n","protected":false},"author":2,"featured_media":547,"comment_status":"closed","ping_status":"closed","sticky":false,"template":"","format":"standard","meta":{"footnotes":""},"categories":[2],"tags":[],"class_list":["post-1766","post","type-post","status-publish","format-standard","has-post-thumbnail","hentry","category-knowledge"],"_links":{"self":[{"href":"https:\/\/regencargobikes.com\/de\/wp-json\/wp\/v2\/posts\/1766","targetHints":{"allow":["GET"]}}],"collection":[{"href":"https:\/\/regencargobikes.com\/de\/wp-json\/wp\/v2\/posts"}],"about":[{"href":"https:\/\/regencargobikes.com\/de\/wp-json\/wp\/v2\/types\/post"}],"author":[{"embeddable":true,"href":"https:\/\/regencargobikes.com\/de\/wp-json\/wp\/v2\/users\/2"}],"replies":[{"embeddable":true,"href":"https:\/\/regencargobikes.com\/de\/wp-json\/wp\/v2\/comments?post=1766"}],"version-history":[{"count":1,"href":"https:\/\/regencargobikes.com\/de\/wp-json\/wp\/v2\/posts\/1766\/revisions"}],"predecessor-version":[{"id":1767,"href":"https:\/\/regencargobikes.com\/de\/wp-json\/wp\/v2\/posts\/1766\/revisions\/1767"}],"wp:featuredmedia":[{"embeddable":true,"href":"https:\/\/regencargobikes.com\/de\/wp-json\/wp\/v2\/media\/547"}],"wp:attachment":[{"href":"https:\/\/regencargobikes.com\/de\/wp-json\/wp\/v2\/media?parent=1766"}],"wp:term":[{"taxonomy":"category","embeddable":true,"href":"https:\/\/regencargobikes.com\/de\/wp-json\/wp\/v2\/categories?post=1766"},{"taxonomy":"post_tag","embeddable":true,"href":"https:\/\/regencargobikes.com\/de\/wp-json\/wp\/v2\/tags?post=1766"}],"curies":[{"name":"wp","href":"https:\/\/api.w.org\/{rel}","templated":true}]}}