{"id":1953,"date":"2026-06-05T05:35:24","date_gmt":"2026-06-04T21:35:24","guid":{"rendered":"https:\/\/regencargobikes.com\/porsche-exits-ebike-market-2026\/"},"modified":"2026-06-05T05:35:24","modified_gmt":"2026-06-04T21:35:24","slug":"porsche-exits-ebike-market-2026","status":"publish","type":"post","link":"https:\/\/regencargobikes.com\/de\/porsche-exits-ebike-market-2026\/","title":{"rendered":"Porsche schlie\u00dft sein E-Bike-Performance-Gesch\u00e4ft im Rahmen einer umfassenderen Umstrukturierung"},"content":{"rendered":"<p>Porsche zieht sich von einer seiner sichtbarsten E-Bike-Technologie-Wetten zur\u00fcck. Das Unternehmen schlie\u00dft die Porsche eBike Performance GmbH, die Einheit, die um das 2022 erworbene Fazua-Antriebssystemgesch\u00e4ft aufgebaut wurde.<\/p>\n<figure class=\"wp-block-image size-full\"><img decoding=\"async\" src=\"https:\/\/regencargobikes.com\/wp-content\/uploads\/2026\/06\/porsche-techcrunch-macan-getty.jpg\" alt=\"Porsche-Produktionsbild f\u00fcr Elektrofahrzeuge, verwendet in der TechCrunch-Berichterstattung \u00fcber die Porsche-Umstrukturierung\"\/><figcaption>Bildquelle: TechCrunch; Foto von Sebastian Gollnow\/picture alliance \u00fcber Getty Images.<\/figcaption><\/figure>\n<p>Die Entscheidung beschr\u00e4nkt sich nicht auf E-Bikes. Porsche schlie\u00dft au\u00dferdem die Cellforce Group, eine Tochtergesellschaft f\u00fcr Hochleistungsbatterien, und Cetitec, ein Softwareunternehmen. Zusammen betreffen die Schlie\u00dfungen mehr als 500 Mitarbeitende.<\/p>\n<p>Die Kurzfassung lautet: Porsche konzentriert sich wieder auf Kernbereiche, nachdem mehrere ambitionierte Technologie-Wetten in einem k\u00fchleren Markt schwerer zu rechtfertigen waren.<\/p><div id=\"regen-409720813\" class=\"regen-test-placement-from-wizard-2878267818 regen-entity-placement\"><script async src=\"https:\/\/pagead2.googlesyndication.com\/pagead\/js\/adsbygoogle.js?client=ca-pub-1076230867169041\"\n     crossorigin=\"anonymous\"><\/script><\/div><div id=\"regen-3301808358\" class=\"regen-test-placement-from-wizard-1604397851 regen-entity-placement\"><script async src=\"https:\/\/pagead2.googlesyndication.com\/pagead\/js\/adsbygoogle.js?client=ca-pub-1076230867169041\"\n     crossorigin=\"anonymous\"><\/script><\/div>\n<h2>Was Porsche angek\u00fcndigt hat<\/h2>\n<p>Berichte von TechCrunch, BikeRadar und Bicycle Retailer and Industry News besagen, dass Porsche drei Tochtergesellschaften schlie\u00dft:<\/p>\n<table>\n<thead>\n<tr>\n<th>Tochtergesellschaft<\/th>\n<th>Hauptbereich<\/th>\n<th>Wichtige Standorte<\/th>\n<\/tr>\n<\/thead>\n<tbody>\n<tr>\n<td>Porsche eBike Performance GmbH<\/td>\n<td>E-Bike-Antriebssysteme<\/td>\n<td>Deutschland und Kroatien<\/td>\n<\/tr>\n<tr>\n<td>Cellforce Group GmbH<\/td>\n<td>Entwicklung von Hochleistungsbatterien<\/td>\n<td>Deutschland<\/td>\n<\/tr>\n<tr>\n<td>Cetitec GmbH<\/td>\n<td>Automobilsoftware<\/td>\n<td>Deutschland<\/td>\n<\/tr>\n<\/tbody>\n<\/table>\n<p>Porsche eBike Performance wurde nach der \u00dcbernahme von Fazua, einem deutschen E-Bike-Antriebsspezialisten, der f\u00fcr leichte Systeme bekannt ist, die ein nat\u00fcrliches Fahrgef\u00fchl bewahren sollen, gegr\u00fcndet.<\/p>\n<p>Damals wirkte die \u00dcbernahme wie ein ernsthaftes Bekenntnis zu Premium-E-Bike-Technologie. Porsche hatte bereits E-Bike-Produkte unter eigener Marke in Partnerschaft mit anderen Herstellern, und Fazua gab dem Unternehmen eine tiefere Kontrolle \u00fcber die Antriebssystem-Ebene.<\/p>\n<p>Dieses Kapitel schlie\u00dft sich nun.<\/p>\n<h2>Warum Porsche sich zur\u00fcckzieht<\/h2>\n<p>Porsche beschrieb den Markt f\u00fcr E-Bike-Antriebssysteme als fundamental ver\u00e4ndert. Einfach ausgedr\u00fcckt: Der Markt, der w\u00e4hrend des E-Bike-Booms attraktiv wirkte, ist schwieriger geworden.<\/p>\n<p>Mehrere Belastungen treffen die Kategorie gleichzeitig:<\/p>\n<ul>\n<li>schw\u00e4chere Nachfrage in Teilen Europas<\/li>\n<li>hohe Lagerbest\u00e4nde in der gesamten Fahrradindustrie<\/li>\n<li>h\u00e4rterer Wettbewerb durch g\u00fcnstigere Marken<\/li>\n<li>Druck auf Premium-Diskretion\u00e4rsprodukte<\/li>\n<li>st\u00e4rkere Pr\u00fcfung von Nicht-Kerngesch\u00e4ftsbereichen<\/li>\n<\/ul>\n<p>F\u00fcr Porsche passt die Entscheidung auch in eine breitere strategische Neuausrichtung. Das Unternehmen hat Investitionen \u00fcberpr\u00fcft und Ressourcen auf Bereiche konzentriert, die n\u00e4her am eigentlichen Automobilgesch\u00e4ft liegen.<\/p>\n<h2>Was mit Fazua passiert<\/h2>\n<p>Fazua ist f\u00fcr viele E-Bike-Fahrer der wichtigste Name.<\/p>\n<p>Vor der \u00dcbernahme durch Porsche hatte Fazua einen starken Ruf bei leichten E-Bike-Systemen, insbesondere bei Fahrern, die dezente Unterst\u00fctzung statt eines schweren, kraftvollen Gef\u00fchls wollten. Das machte das Unternehmen relevant f\u00fcr leichte eMTBs, leistungsorientierte Stadtfahrr\u00e4der und Marken, die E-Bikes nahe am Handling traditioneller Fahrr\u00e4der halten wollten.<\/p>\n<p>Die Schlie\u00dfung wirft praktische Fragen f\u00fcr bestehende Fazua-Nutzer und Fahrradmarken auf, die auf das System gesetzt haben:<\/p>\n<ul>\n<li>wie lange Teile- und Serviceunterst\u00fctzung fortgef\u00fchrt werden<\/li>\n<li>ob die Marke oder Technologie von Fazua verkauft wird<\/li>\n<li>wie OEM-Kunden zuk\u00fcnftige Modelle umstellen werden<\/li>\n<li>ob konkurrierende Antriebssystem-Anbieter die L\u00fccke f\u00fcllen werden<\/li>\n<\/ul>\n<p>Zum Zeitpunkt der hier zitierten Berichte hatte Porsche keine langfristige Zukunft f\u00fcr Fazua als unabh\u00e4ngige Marke \u00f6ffentlich dargelegt.<\/p>\n<h2>Was es f\u00fcr die E-Bike-Branche bedeutet<\/h2>\n<p>Der Ausstieg von Porsche ist kein Zeichen daf\u00fcr, dass E-Bikes verschwinden. Es ist ein Zeichen daf\u00fcr, dass der Markt reift.<\/p>\n<p>In den Boomjahren behandelten viele Unternehmen E-Bikes als schnell wachsende Technologiekategorie. Das zog Kapital, \u00dcbernahmen und ambitionierte Produktpl\u00e4ne an. Im Jahr 2026 ist das Umfeld anspruchsvoller. Marken brauchen Skalierung, Servicenetzwerke, Komponentenverf\u00fcgbarkeit und Preiskontrolle.<\/p>\n<p>F\u00fcr Fahrer ist das Hauptproblem der Support. Jeder, der ein Fahrrad mit Fazua-Antrieb nutzt, sollte auf offizielle Service-Updates und Anleitungen zu Ersatzteilen achten.<\/p>\n<p>F\u00fcr konkurrierende Antriebssystem-Anbieter k\u00f6nnte die Schlie\u00dfung Chancen schaffen. Bosch, Shimano, Brose und andere etablierte Akteure k\u00f6nnten profitieren, wenn Fahrradmarken entscheiden, dass sie eine vorhersehbarere langfristige Unterst\u00fctzung ben\u00f6tigen.<\/p>\n<p>Die gr\u00f6\u00dfere Branchenlektion ist klar: Premium-Positionierung allein reicht nicht aus. Selbst eine starke Marke braucht ein nachhaltiges Gesch\u00e4ftsmodell, wenn Hardware-Margen, Lagerrisiko und After-Sales-Verpflichtungen im Spiel sind.<\/p>\n<h2>Quellen<\/h2>\n<ul>\n<li>TechCrunch: <a href=\"https:\/\/techcrunch.com\/2026\/05\/08\/porsche-shutters-e-bike-battery-software-subsidiaries-as-part-of-company-overhaul\/\" target=\"_blank\" rel=\"noopener\">Porsche schlie\u00dft E-Bike-, Batterie- und Software-Tochtergesellschaften im Rahmen des Unternehmensumbaus<\/a><\/li>\n<li>BikeRadar: <a href=\"https:\/\/www.bikeradar.com\/news\/porsche-ebike-performance-discontinued\" target=\"_blank\" rel=\"noopener\">Porsche eBike Performance eingestellt<\/a><\/li>\n<li>Bicycle Retailer and Industry News: <a href=\"https:\/\/www.bicycleretailer.com\/international\/2026\/05\/08\/porsche-closing-its-ebike-performance-group\" target=\"_blank\" rel=\"noopener\">Porsche schlie\u00dft seine eBike Performance-Gruppe<\/a><\/li>\n<\/ul>","protected":false},"excerpt":{"rendered":"<p>Porsche is shutting down Porsche eBike Performance GmbH, along with battery and software subsidiaries, as part of a wider restructuring. The move affects more than 500 employees and marks a sharp reversal from the company&#8217;s 2022 push into high-performance e-bike drive systems through Fazua.<\/p>","protected":false},"author":2,"featured_media":1951,"comment_status":"","ping_status":"","sticky":false,"template":"","format":"standard","meta":{"footnotes":""},"categories":[33],"tags":[],"class_list":["post-1953","post","type-post","status-publish","format-standard","has-post-thumbnail","hentry","category-ebike-news"],"_links":{"self":[{"href":"https:\/\/regencargobikes.com\/de\/wp-json\/wp\/v2\/posts\/1953","targetHints":{"allow":["GET"]}}],"collection":[{"href":"https:\/\/regencargobikes.com\/de\/wp-json\/wp\/v2\/posts"}],"about":[{"href":"https:\/\/regencargobikes.com\/de\/wp-json\/wp\/v2\/types\/post"}],"author":[{"embeddable":true,"href":"https:\/\/regencargobikes.com\/de\/wp-json\/wp\/v2\/users\/2"}],"replies":[{"embeddable":true,"href":"https:\/\/regencargobikes.com\/de\/wp-json\/wp\/v2\/comments?post=1953"}],"version-history":[{"count":0,"href":"https:\/\/regencargobikes.com\/de\/wp-json\/wp\/v2\/posts\/1953\/revisions"}],"wp:featuredmedia":[{"embeddable":true,"href":"https:\/\/regencargobikes.com\/de\/wp-json\/wp\/v2\/media\/1951"}],"wp:attachment":[{"href":"https:\/\/regencargobikes.com\/de\/wp-json\/wp\/v2\/media?parent=1953"}],"wp:term":[{"taxonomy":"category","embeddable":true,"href":"https:\/\/regencargobikes.com\/de\/wp-json\/wp\/v2\/categories?post=1953"},{"taxonomy":"post_tag","embeddable":true,"href":"https:\/\/regencargobikes.com\/de\/wp-json\/wp\/v2\/tags?post=1953"}],"curies":[{"name":"wp","href":"https:\/\/api.w.org\/{rel}","templated":true}]}}