{"id":1145,"date":"2025-05-03T17:19:43","date_gmt":"2025-05-03T09:19:43","guid":{"rendered":"https:\/\/regencargobikes.com\/?p=1145"},"modified":"2025-05-07T21:31:08","modified_gmt":"2025-05-07T13:31:08","slug":"2025-austin-cargo-bike-festival","status":"publish","type":"post","link":"https:\/\/regencargobikes.com\/es\/2025-austin-cargo-bike-festival\/","title":{"rendered":"Festival de bicicletas de carga de Austin 2025"},"content":{"rendered":"<p>El <strong>Festival de bicicletas de carga de Austin 2025<\/strong> ofrece la oportunidad de experimentar de primera mano las ventajas pr\u00e1cticas de las bicicletas de carga y las soluciones de transporte ligero en entornos urbanos. <strong>S\u00e1bado 3 de mayo de 2025<\/strong>, de <strong>De 11 a. m. a 3 p. m.<\/strong> en <strong>900 Springdale Road, Austin, Texas<\/strong>Este evento es gratuito para el p\u00fablico y se centra en aplicaciones reales de bicicletas de carga y soluciones de micromovilidad para la vida urbana.<\/p>\n\n\n\n<h2 class=\"wp-block-heading\"><strong>&nbsp;Detalles del evento<\/strong><\/h2>\n\n\n\n<ul class=\"wp-block-list\">\n<li><strong>Fecha y hora<\/strong>S\u00e1bado 3 de mayo de 2025 | 11:00 a. m. a 3:00 p. m.<\/li>\n\n\n\n<li><strong>Ubicaci\u00f3n<\/strong>:900 Springdale Road, Austin, TX 78702<\/li>\n\n\n\n<li><strong>Admisi\u00f3n<\/strong>: Gratis<\/li>\n\n\n\n<li><strong>Organizador<\/strong>: <a href=\"https:\/\/www.biketexas.org\/uncategorized\/2025-austin-cargo-bike-festival\/\" target=\"_blank\" rel=\"noopener\">BikeTexas<\/a><\/li>\n<\/ul>\n\n\n\n<figure class=\"wp-block-image size-full\"><img fetchpriority=\"high\" decoding=\"async\" width=\"600\" height=\"400\" src=\"https:\/\/regencargobikes.com\/wp-content\/uploads\/2025\/05\/Fun-at-ACBF-1.jpg\" alt=\"\" class=\"wp-image-1146\" srcset=\"https:\/\/regencargobikes.com\/wp-content\/uploads\/2025\/05\/Fun-at-ACBF-1.jpg 600w, https:\/\/regencargobikes.com\/wp-content\/uploads\/2025\/05\/Fun-at-ACBF-1-300x200.jpg 300w, https:\/\/regencargobikes.com\/wp-content\/uploads\/2025\/05\/Fun-at-ACBF-1-18x12.jpg 18w\" sizes=\"(max-width: 600px) 100vw, 600px\" \/><\/figure>\n\n\n\n<h2 class=\"wp-block-heading\"><strong>Qu\u00e9 esperar<\/strong><\/h2>\n\n\n\n<ul class=\"wp-block-list\">\n<li><strong>Pruebas de conducci\u00f3n<\/strong>Los asistentes tendr\u00e1n la oportunidad de probar varias bicicletas de carga y veh\u00edculos de micromovilidad en condiciones reales.<\/li>\n\n\n\n<li><strong>Desfile de bicicletas de carga decoradas<\/strong>:Los participantes pueden unirse al desfile para exhibir sus bicicletas de carga personalizadas creativamente.<\/li>\n\n\n\n<li><strong>Comida y entretenimiento local<\/strong>:El festival contar\u00e1 con comida de vendedores locales y entretenimiento para asistentes de todas las edades.<\/li>\n\n\n\n<li><strong>Participaci\u00f3n comunitaria<\/strong>:El evento brinda una oportunidad de conectarse con residentes y empresas locales que utilizan bicicletas de carga para satisfacer las necesidades de transporte.<\/li>\n<\/ul>\n\n\n\n<h2 class=\"wp-block-heading\"><strong>\u00bfQui\u00e9n deber\u00eda asistir?<\/strong><\/h2>\n\n\n\n<ul class=\"wp-block-list\">\n<li><strong>Entusiastas del ciclismo<\/strong>:Este evento es ideal para personas interesadas en aprender m\u00e1s sobre los usos y beneficios de las bicicletas de carga.<\/li>\n\n\n\n<li><strong>Familias<\/strong>:El festival ofrece actividades divertidas y educativas para todas las edades.<\/li>\n\n\n\n<li><strong>Planificadores urbanos y formuladores de pol\u00edticas<\/strong>:El evento proporcionar\u00e1 informaci\u00f3n sobre c\u00f3mo las bicicletas de carga pueden ayudar a reducir la congesti\u00f3n del tr\u00e1fico y mejorar la movilidad urbana.<\/li>\n\n\n\n<li><strong>Negocios locales<\/strong>:Las empresas pueden explorar c\u00f3mo se pueden integrar las bicicletas de carga en sus operaciones para entregas y otras necesidades log\u00edsticas.<\/li>\n<\/ul>\n\n\n\n<h2 class=\"wp-block-heading\"><strong>Consejos para visitantes<\/strong><\/h2>\n\n\n\n<ul class=\"wp-block-list\">\n<li><strong>Llegar temprano<\/strong>Para aprovechar al m\u00e1ximo su tiempo en el evento, considere llegar temprano para probar las bicicletas de carga.<\/li>\n\n\n\n<li><strong>Traiga a familiares y amigos<\/strong>Este es un evento para toda la familia y es una gran oportunidad para aprender y divertirse juntos.<\/li>\n\n\n\n<li><strong>V\u00edstase c\u00f3modamente<\/strong>:Como el evento es al aire libre, se recomienda usar ropa y calzado c\u00f3modo y adecuado para caminar y participar en las actividades.<\/li>\n\n\n\n<li><strong>Interact\u00fae con los expositores<\/strong>T\u00f3mese el tiempo para hablar con los expositores para aprender c\u00f3mo se pueden utilizar las bicicletas de carga para diversas aplicaciones pr\u00e1cticas en su propia vida o negocio.<\/li>\n<\/ul>","protected":false},"excerpt":{"rendered":"<p>The 2025 Austin Cargo Bike Festival offers a chance to experience firsthand the practical advantages of cargo bikes and light transport solutions in urban settings. Taking place on Saturday, May 3, 2025, from 11 AM to 3 PM at 900 Springdale Road, Austin, TX, this event is free to the public and focuses on real-world [&hellip;]<\/p>\n","protected":false},"author":2,"featured_media":1147,"comment_status":"open","ping_status":"open","sticky":false,"template":"","format":"standard","meta":{"footnotes":""},"categories":[36],"tags":[],"class_list":["post-1145","post","type-post","status-publish","format-standard","has-post-thumbnail","hentry","category-event-expo"],"_links":{"self":[{"href":"https:\/\/regencargobikes.com\/es\/wp-json\/wp\/v2\/posts\/1145","targetHints":{"allow":["GET"]}}],"collection":[{"href":"https:\/\/regencargobikes.com\/es\/wp-json\/wp\/v2\/posts"}],"about":[{"href":"https:\/\/regencargobikes.com\/es\/wp-json\/wp\/v2\/types\/post"}],"author":[{"embeddable":true,"href":"https:\/\/regencargobikes.com\/es\/wp-json\/wp\/v2\/users\/2"}],"replies":[{"embeddable":true,"href":"https:\/\/regencargobikes.com\/es\/wp-json\/wp\/v2\/comments?post=1145"}],"version-history":[{"count":1,"href":"https:\/\/regencargobikes.com\/es\/wp-json\/wp\/v2\/posts\/1145\/revisions"}],"predecessor-version":[{"id":1148,"href":"https:\/\/regencargobikes.com\/es\/wp-json\/wp\/v2\/posts\/1145\/revisions\/1148"}],"wp:featuredmedia":[{"embeddable":true,"href":"https:\/\/regencargobikes.com\/es\/wp-json\/wp\/v2\/media\/1147"}],"wp:attachment":[{"href":"https:\/\/regencargobikes.com\/es\/wp-json\/wp\/v2\/media?parent=1145"}],"wp:term":[{"taxonomy":"category","embeddable":true,"href":"https:\/\/regencargobikes.com\/es\/wp-json\/wp\/v2\/categories?post=1145"},{"taxonomy":"post_tag","embeddable":true,"href":"https:\/\/regencargobikes.com\/es\/wp-json\/wp\/v2\/tags?post=1145"}],"curies":[{"name":"wp","href":"https:\/\/api.w.org\/{rel}","templated":true}]}}