{"id":1505,"date":"2025-06-09T05:41:03","date_gmt":"2025-06-08T21:41:03","guid":{"rendered":"https:\/\/regencargobikes.com\/?p=1505"},"modified":"2025-06-09T05:41:04","modified_gmt":"2025-06-08T21:41:04","slug":"micro-mobility-labs-unveils-convoy-e-cargo-trailer","status":"publish","type":"post","link":"https:\/\/regencargobikes.com\/es\/micro-mobility-labs-unveils-convoy-e-cargo-trailer\/","title":{"rendered":"Micro Mobility Labs presenta el remolque Convoy E-Cargo"},"content":{"rendered":"<p><em>Junio de 2025 \u2013 Londres, Reino Unido<\/em> \u2013 Startup brit\u00e1nica <strong>Laboratorios de micro movilidad<\/strong> ha presentado su \u00faltima creaci\u00f3n, la <strong>Convoy C.01<\/strong> Remolque de carga el\u00e9ctrico, que debutar\u00e1 en la feria Eurobike de este verano. Dise\u00f1ado para acoplarse f\u00e1cilmente a la mayor\u00eda de las bicicletas, el robusto y ligero Convoy ofrece... <strong>Potencia del motor de 250 W, autonom\u00eda de 30 km y capacidad de carga \u00fatil de 50 kg.<\/strong> en un paquete compacto y port\u00e1til.<\/p>\n\n\n\n<hr class=\"wp-block-separator has-alpha-channel-opacity\"\/>\n\n\n\n<h2 class=\"wp-block-heading\"><strong>Ajuste sin esfuerzo, manejo inteligente<\/strong><\/h2>\n\n\n\n<p>Una caracter\u00edstica destacada es su instalaci\u00f3n sin herramientas: Convoy se fija a la bicicleta sin necesidad de llaves ni ajustes. Tambi\u00e9n cuenta con un sistema de direcci\u00f3n de rueda trasera (patente en tr\u00e1mite) que ayuda al remolque. <strong>seguir los giros de la bicicleta de forma natural<\/strong>, mejorando el manejo en espacios urbanos estrechos.<\/p>\n\n\n\n<p>En combinaci\u00f3n con el motor de detecci\u00f3n de par de una bicicleta, Convoy ofrece una <strong>Asistencia de clase 1 hasta 16 mph (26 km\/h)<\/strong> con un rango utilizable de <strong>hasta 30 km (19 millas)<\/strong>. El precio actual est\u00e1 fijado en alrededor de <strong>2.200 \u20ac (aprox. $2.500)<\/strong>y los pedidos anticipados ya est\u00e1n disponibles en varios mercados europeos.<\/p><div class=\"regen-test-placement-from-wizard-1604397851\" id=\"regen-4042991018\"><script async src=\"https:\/\/pagead2.googlesyndication.com\/pagead\/js\/adsbygoogle.js?client=ca-pub-1076230867169041\"\n     crossorigin=\"anonymous\"><\/script><\/div><div class=\"regen-test-placement-from-wizard-2878267818\" id=\"regen-2471550588\"><script async src=\"https:\/\/pagead2.googlesyndication.com\/pagead\/js\/adsbygoogle.js?client=ca-pub-1076230867169041\"\n     crossorigin=\"anonymous\"><\/script><\/div>\n\n\n\n<hr class=\"wp-block-separator has-alpha-channel-opacity\"\/>\n\n\n\n<h2 class=\"wp-block-heading\"><strong>Para qui\u00e9n es<\/strong><\/h2>\n\n\n\n<p>A diferencia de las voluminosas bicicletas el\u00e9ctricas de carga o furgonetas de reparto, Convoy est\u00e1 dise\u00f1ada para ofrecer flexibilidad. Ya seas un padre que lleva la compra, un repartidor que hace entregas en bicicleta o una peque\u00f1a empresa que transporta mercanc\u00edas, Convoy se conecta a tu bicicleta para transformarla r\u00e1pidamente en un pr\u00e1ctico transportador de carga el\u00e9ctrico.<\/p>\n\n\n\n<p>Los patrocinadores europeos ya han informado de un \u00e9xito real: una familia lo describi\u00f3 como &quot;hacer que el recorrido escolar sea mucho m\u00e1s f\u00e1cil&quot;, mientras que los panaderos locales se\u00f1alaron que reemplaza los recados cortos en autom\u00f3vil sin ocupar espacio de estacionamiento.<\/p>\n\n\n\n<hr class=\"wp-block-separator has-alpha-channel-opacity\"\/>\n\n\n\n<h2 class=\"wp-block-heading\"><strong>Rendimiento de un vistazo<\/strong><\/h2>\n\n\n\n<p>As\u00ed es como Convoy se compara con las t\u00edpicas bicicletas de carga el\u00e9ctricas y sistemas basados en furgonetas:<\/p>\n\n\n\n<figure class=\"wp-block-table\"><table class=\"has-fixed-layout\"><tbody><tr><td><strong>Caracter\u00edstica<\/strong><\/td><td><strong>Convoy C.01<\/strong><\/td><td><strong>Bicicleta de carga el\u00e9ctrica est\u00e1ndar<\/strong><\/td><\/tr><tr><td>Capacidad de carga \u00fatil<\/td><td>50 kilos<\/td><td>100\u2013200 kilogramos<\/td><\/tr><tr><td>Salida del motor<\/td><td>250 vatios<\/td><td>250\u2013750 W<\/td><\/tr><tr><td>Velocidad m\u00e1xima asistida<\/td><td>16 mph (26 km\/h)<\/td><td>25 \u2013 40 kil\u00f3metros por hora<\/td><\/tr><tr><td>Rango<\/td><td>Hasta 30 km<\/td><td>40 \u2013 80 kil\u00f3metros<\/td><\/tr><tr><td>Facilidad de apego<\/td><td>Se fija con clip y sin herramientas<\/td><td>Marco fijo, no modular<\/td><\/tr><tr><td>Peso del remolque<\/td><td>12 kilos<\/td><td>30 kilos+<\/td><\/tr><\/tbody><\/table><\/figure>\n\n\n\n<p>El Convoy no iguala el alcance ni la potencia de transporte de gran volumen de las bicicletas de carga el\u00e9ctricas m\u00e1s grandes, pero su <strong>simplicidad, portabilidad y maniobrabilidad<\/strong> Lo hacen ideal para cargas m\u00e1s ligeras y log\u00edstica informal.<\/p>\n\n\n\n<hr class=\"wp-block-separator has-alpha-channel-opacity\"\/>\n\n\n\n<h2 class=\"wp-block-heading\"><strong>Creciente demanda de carga sostenible<\/strong><\/h2>\n\n\n\n<p>Ciudades de todo el mundo est\u00e1n impulsando entregas de \u00faltima milla m\u00e1s ecol\u00f3gicas. La Federaci\u00f3n Europea de Ciclismo informa de... <strong>12% crecimiento en ventas de microbicicletas de carga en 2024<\/strong>, impulsado en gran medida por familias y servicios de entrega locales que buscan alternativas sostenibles a los autom\u00f3viles.<\/p>\n\n\n\n<p>El equipo de Micro Mobility Labs, dirigido por ex ingenieros de Dyson, promete a\u00fan m\u00e1s innovaci\u00f3n: el pr\u00f3ximo modelo C.02 contar\u00e1 con <strong>materiales m\u00e1s ligeros y sensores m\u00e1s inteligentes<\/strong>.<\/p>\n\n\n\n<p>Los expertos del sector ya est\u00e1n notando el potencial modular de Convoy. Alex M\u00fcller, exgerente de servicios de mensajer\u00eda urbana, afirm\u00f3:<\/p>\n\n\n\n<blockquote class=\"wp-block-quote is-layout-flow wp-block-quote-is-layout-flow\">\n<p>\u201cConvoy ofrece una soluci\u00f3n modular de carga electr\u00f3nica muy atractiva tanto para consumidores como para usuarios B2B\u201d.<\/p>\n<\/blockquote>\n\n\n\n<p>Mientras tanto, la revisora de tecnolog\u00eda de bicicletas Emma Clark agreg\u00f3:<\/p>\n\n\n\n<blockquote class=\"wp-block-quote is-layout-flow wp-block-quote-is-layout-flow\">\n<p>\u201cNo necesitas una bicicleta de carga el\u00e9ctrica personalizada: Convoy convierte tu veh\u00edculo actual en un sistema con capacidad de carga, perfecto para flotas de alquiler y bicicletas compartidas\u201d.<\/p>\n<\/blockquote>\n\n\n\n<hr class=\"wp-block-separator has-alpha-channel-opacity\"\/>\n\n\n\n<h2 class=\"wp-block-heading\"><strong>Pr\u00f3xima cronolog\u00eda de lanzamiento<\/strong><\/h2>\n\n\n\n<p>Micro Mobility Labs planea:<\/p>\n\n\n\n<ul class=\"wp-block-list\">\n<li>Convoy de exhibici\u00f3n en <strong>Eurobike 2025<\/strong> (Julio) para demostraciones de medios y distribuidores<\/li>\n\n\n\n<li>Comienzan los env\u00edos europeos limitados en <strong>cuarto trimestre de 2025<\/strong><\/li>\n\n\n\n<li>Entrar a Am\u00e9rica del Norte en <strong>segundo trimestre de 2026<\/strong> a trav\u00e9s de asociaciones con plataformas de entrega como Uber Freight y Amazon Flex<\/li>\n<\/ul>\n\n\n\n<p>Actualmente est\u00e1n perfeccionando la bater\u00eda y el mecanismo de direcci\u00f3n para lograr una mayor durabilidad y un peso m\u00e1s liviano.<\/p>\n\n\n\n<hr class=\"wp-block-separator has-alpha-channel-opacity\"\/>\n\n\n\n<h2 class=\"wp-block-heading\"><strong>Desaf\u00edos futuros<\/strong><\/h2>\n\n\n\n<p>Convoy satisface las necesidades de los usuarios de carga ligera, pero es menos adecuado para tareas de reparto de alta exigencia. Su motor de 250 W y su autonom\u00eda de 30 km cumplen con los est\u00e1ndares europeos de Clase 1, aunque est\u00e1n por debajo de los l\u00edmites norteamericanos (Clase 2 con un m\u00e1ximo de 32 km\/h). Escalar la fabricaci\u00f3n y la distribuci\u00f3n, a la vez que se controlan los costes, sigue siendo un obst\u00e1culo clave.<\/p>\n\n\n\n<hr class=\"wp-block-separator has-alpha-channel-opacity\"\/>\n\n\n\n<h2 class=\"wp-block-heading\"><strong>Palabra final<\/strong><\/h2>\n\n\n\n<p>Convoy aporta un toque innovador y modular a la log\u00edstica urbana, combinando simplicidad, flexibilidad y sostenibilidad. Para familias, repartidores o peque\u00f1os comerciantes, a\u00f1ade utilidad a la carga sin el coste ni el volumen de una bicicleta de carga el\u00e9ctrica. Si Micro Mobility Labs logra escalar eficazmente tras la Eurobike, Convoy podr\u00eda contribuir a consolidar la tendencia hacia el transporte urbano modular y compartido, una bicicleta a la vez.<\/p>\n\n\n\n<h2 class=\"wp-block-heading\">Descargo de responsabilidad de derechos de autor de las im\u00e1genes<\/h2>\n\n\n\n<p>Algunas im\u00e1genes utilizadas en este sitio web\/art\u00edculo provienen de internet y tienen fines exclusivamente ilustrativos y educativos para facilitar la comprensi\u00f3n del contenido. Respetamos los derechos de propiedad intelectual de los creadores originales y nos esforzamos por citar las fuentes cuando corresponda.<\/p>\n\n\n\n<p>Si usted es el propietario leg\u00edtimo de cualquier imagen que se muestra aqu\u00ed y cree que su uso constituye una infracci\u00f3n de los derechos de autor, comun\u00edquese con nosotros en <a href=\"mailto:info@regencargobikes.com\" target=\"_Blank\" rel=\"noreferrer noopener\">info@regencargobikes.com<\/a>Tras la verificaci\u00f3n, eliminaremos la imagen de inmediato o proporcionaremos la atribuci\u00f3n correspondiente.<\/p>\n\n\n\n<p>Gracias por su comprensi\u00f3n.<\/p>\n\n\n\n<p>\u00a9 Regen Technology Co., Ltd.<\/p>","protected":false},"excerpt":{"rendered":"<p>June 2025 \u2013 London, UK \u2013 British start-up Micro Mobility Labs has introduced its latest creation, the Convoy C.01 electric cargo trailer, set to debut at this summer\u2019s Eurobike show. Designed to attach easily to most bicycles, the rugged yet lightweight Convoy brings 250W motor power, 30\u202fkm range, and 50\u202fkg payload capacity in a compact, [&hellip;]<\/p>\n","protected":false},"author":2,"featured_media":1506,"comment_status":"open","ping_status":"open","sticky":false,"template":"","format":"standard","meta":{"footnotes":""},"categories":[2],"tags":[],"class_list":["post-1505","post","type-post","status-publish","format-standard","has-post-thumbnail","hentry","category-knowledge"],"_links":{"self":[{"href":"https:\/\/regencargobikes.com\/es\/wp-json\/wp\/v2\/posts\/1505","targetHints":{"allow":["GET"]}}],"collection":[{"href":"https:\/\/regencargobikes.com\/es\/wp-json\/wp\/v2\/posts"}],"about":[{"href":"https:\/\/regencargobikes.com\/es\/wp-json\/wp\/v2\/types\/post"}],"author":[{"embeddable":true,"href":"https:\/\/regencargobikes.com\/es\/wp-json\/wp\/v2\/users\/2"}],"replies":[{"embeddable":true,"href":"https:\/\/regencargobikes.com\/es\/wp-json\/wp\/v2\/comments?post=1505"}],"version-history":[{"count":1,"href":"https:\/\/regencargobikes.com\/es\/wp-json\/wp\/v2\/posts\/1505\/revisions"}],"predecessor-version":[{"id":1507,"href":"https:\/\/regencargobikes.com\/es\/wp-json\/wp\/v2\/posts\/1505\/revisions\/1507"}],"wp:featuredmedia":[{"embeddable":true,"href":"https:\/\/regencargobikes.com\/es\/wp-json\/wp\/v2\/media\/1506"}],"wp:attachment":[{"href":"https:\/\/regencargobikes.com\/es\/wp-json\/wp\/v2\/media?parent=1505"}],"wp:term":[{"taxonomy":"category","embeddable":true,"href":"https:\/\/regencargobikes.com\/es\/wp-json\/wp\/v2\/categories?post=1505"},{"taxonomy":"post_tag","embeddable":true,"href":"https:\/\/regencargobikes.com\/es\/wp-json\/wp\/v2\/tags?post=1505"}],"curies":[{"name":"wp","href":"https:\/\/api.w.org\/{rel}","templated":true}]}}