{"id":1557,"date":"2025-06-19T04:11:32","date_gmt":"2025-06-18T20:11:32","guid":{"rendered":"https:\/\/regencargobikes.com\/?p=1557"},"modified":"2025-06-19T04:11:34","modified_gmt":"2025-06-18T20:11:34","slug":"top-10-cargo-bike-rental-services-in-germany","status":"publish","type":"post","link":"https:\/\/regencargobikes.com\/es\/top-10-cargo-bike-rental-services-in-germany\/","title":{"rendered":"Los 10 mejores servicios de alquiler de bicicletas de carga en Alemania"},"content":{"rendered":"<p>El ecosistema de alquiler de bicicletas de carga en Alemania est\u00e1 en pleno auge. Ciudades, startups y empresas de log\u00edstica adoptan cada vez m\u00e1s bicicletas de carga el\u00e9ctricas para reducir emisiones, descongestionar y mejorar la movilidad. Estos servicios prestan servicios a diversos usuarios (familias, viajeros, empresas y administraciones locales), demostrando la versatilidad de las bicicletas de carga el\u00e9ctricas. No solo sustituyen los desplazamientos cortos en coche, sino que tambi\u00e9n contribuyen a programas de movilidad compartida, log\u00edstica sostenible e iniciativas vecinales. En este contexto, diez marcas clave destacan en todo el pa\u00eds. Sin clasificarlas, este art\u00edculo describe el modelo, los servicios y los casos de uso empresarial de cada marca, ofreciendo informaci\u00f3n a equipos de compras, autoridades p\u00fablicas y planificadores log\u00edsticos que eval\u00faan la colaboraci\u00f3n entre bicicletas de carga para programas p\u00fablicos u operaciones comerciales.<\/p>\n\n\n\n<hr class=\"wp-block-separator has-alpha-channel-opacity\"\/>\n\n\n\n<h2 class=\"wp-block-heading\">1. <strong>Sigo: uso compartido de carga electr\u00f3nica basado en estaciones<\/strong><\/h2>\n\n\n\n<p>Con sede en Darmstadt, <strong>Sigo<\/strong> Sigo es pionera en el uso compartido de carga el\u00e9ctrica en estaciones, utilizando bicicletas el\u00e9ctricas de dos ruedas, hechas a medida y ancladas en puntos de carga inductiva. Desde su lanzamiento en 2020, Sigo ha operado un modelo B2B2C, colaborando con asociaciones de vivienda, municipios y entidades de transporte p\u00fablico. Los usuarios localizan, desbloquean, utilizan y devuelven las bicicletas a trav\u00e9s de una aplicaci\u00f3n m\u00f3vil. La carga se realiza sin problemas en la estaci\u00f3n, garantizando una autonom\u00eda de entre 50 y 70 km por carga.<\/p>\n\n\n\n<ul class=\"wp-block-list\">\n<li><strong>Flota y tecnolog\u00eda<\/strong>:Bicicletas personalizadas con control mediante aplicaci\u00f3n y carga inductiva r\u00e1pida.<\/li>\n\n\n\n<li><strong>Casos de uso<\/strong>:Ideal para pilotos p\u00fablicos, intercambio comunitario y entrega localizada.<\/li>\n\n\n\n<li><strong>Proyecto insignia<\/strong>:El programa \u201cLastenrad\u201d de Baviera: 133 bicicletas en 55 ciudades, 95.000 km recorridos y m\u00e1s de la mitad de los viajes en sustituci\u00f3n de los desplazamientos en coche.<\/li>\n<\/ul>\n\n\n\n<figure class=\"wp-block-image size-full\"><img fetchpriority=\"high\" decoding=\"async\" width=\"900\" height=\"600\" src=\"https:\/\/regencargobikes.com\/wp-content\/uploads\/2025\/06\/Sigo_Eurobike2019.webp\" alt=\"\" class=\"wp-image-1558\" srcset=\"https:\/\/regencargobikes.com\/wp-content\/uploads\/2025\/06\/Sigo_Eurobike2019.webp 900w, https:\/\/regencargobikes.com\/wp-content\/uploads\/2025\/06\/Sigo_Eurobike2019-300x200.webp 300w, https:\/\/regencargobikes.com\/wp-content\/uploads\/2025\/06\/Sigo_Eurobike2019-768x512.webp 768w, https:\/\/regencargobikes.com\/wp-content\/uploads\/2025\/06\/Sigo_Eurobike2019-18x12.webp 18w\" sizes=\"(max-width: 900px) 100vw, 900px\" \/><\/figure>\n\n\n\n<p>El modelo de Sigo demuestra c\u00f3mo una infraestructura robusta, la automatizaci\u00f3n y las alianzas pueden convertir el intercambio de carga electr\u00f3nica en una soluci\u00f3n urbana escalable. Elimina la ansiedad por la autonom\u00eda, minimiza el mantenimiento y reduce las necesidades de personal. Los responsables de compras pueden considerar a Sigo un socio integral que ofrece operaciones fiables, resultados respetuosos con el medio ambiente e integraci\u00f3n de infraestructuras, todo ello teniendo en cuenta la planificaci\u00f3n comunitaria y los criterios de flota. Este programa constituye un modelo para las ciudades que buscan implementar la movilidad con la m\u00ednima interrupci\u00f3n y el m\u00e1ximo beneficio p\u00fablico.<\/p><div class=\"regen-test-placement-from-wizard-1604397851\" id=\"regen-1860811025\"><script async src=\"https:\/\/pagead2.googlesyndication.com\/pagead\/js\/adsbygoogle.js?client=ca-pub-1076230867169041\"\n     crossorigin=\"anonymous\"><\/script><\/div><div class=\"regen-test-placement-from-wizard-2878267818\" id=\"regen-3841110927\"><script async src=\"https:\/\/pagead2.googlesyndication.com\/pagead\/js\/adsbygoogle.js?client=ca-pub-1076230867169041\"\n     crossorigin=\"anonymous\"><\/script><\/div>\n\n\n\n<hr class=\"wp-block-separator has-alpha-channel-opacity\"\/>\n\n\n\n<h2 class=\"wp-block-heading\">2. <strong>Nextbike (Tier Mobility): Integraci\u00f3n de carga en la red de bicicletas compartidas<\/strong><\/h2>\n\n\n\n<p><strong>Pr\u00f3xima bicicleta<\/strong>, bajo Tier Mobility, mejora el uso compartido de bicicletas urbanas mediante la integraci\u00f3n de carga. En ciudades alemanas como Leipzig y Colonia, Nextbike a\u00f1adi\u00f3 bicicletas el\u00e9ctricas de carga (por ejemplo, <strong>Flecha urbana Cargo L<\/strong>), accesible mediante la misma aplicaci\u00f3n y sistema de anclaje. Esta estrategia aprovecha la infraestructura existente y los h\u00e1bitos de los usuarios, convirtiendo las bicicletas de carga en una extensi\u00f3n que mejora la visibilidad de los populares sistemas de bicicletas compartidas.<\/p>\n\n\n\n<ul class=\"wp-block-list\">\n<li><strong>Precios<\/strong>:Desbloqueo por ~1\u20ac, 0,05\u20130,10\u20ac por minuto.<\/li>\n\n\n\n<li><strong>Usos<\/strong>:Ideal para recados familiares, transporte de ni\u00f1os o log\u00edstica urbana ligera.<\/li>\n\n\n\n<li><strong>Modelo<\/strong>:Urban Arrow Cargo L para una conducci\u00f3n estable y capacidad de carga.<\/li>\n<\/ul>\n\n\n\n<p>La integraci\u00f3n reduce los gastos generales: misma facturaci\u00f3n, soporte y disponibilidad de estaciones. Ampl\u00eda la diversidad de la flota con una inversi\u00f3n m\u00ednima y permite a las ciudades monitorear el uso de bicicletas de carga mediante datos compartidos. Los usuarios se familiarizan sin necesidad de nuevas aplicaciones ni inscripciones. Sin embargo, las flotas peque\u00f1as pueden implicar disponibilidad limitada y una fiabilidad limitada seg\u00fan la demanda. El acceso nocturno o en fin de semana puede variar. No obstante, el enfoque de Nextbike demuestra c\u00f3mo las ciudades pueden integrar opciones de carga r\u00e1pidamente, no construyendo sistemas separados, sino actualizando los existentes. Para los equipos de log\u00edstica y compras, esto representa una opci\u00f3n de carga de bajo riesgo y f\u00e1cil acceso dentro de los marcos conocidos.<\/p>\n\n\n\n<hr class=\"wp-block-separator has-alpha-channel-opacity\"\/>\n\n\n\n<h2 class=\"wp-block-heading\">3. <strong>Freie Lastenr\u00e4der \u2013 Pr\u00e9stamos gratuitos impulsados por la comunidad<\/strong><\/h2>\n\n\n\n<p>El <strong>Ruedas de lasten libres<\/strong> La red, impulsada por ONG y clubes locales, ahora abarca <strong>179+ ciudades alemanas<\/strong> (p. ej., fLotte de Berl\u00edn, Kasimir de Colonia). Un residente puede reservar una bicicleta de carga en l\u00ednea, recogerla en un punto de recogida comunitario y devolverla despu\u00e9s de usarla, de forma gratuita o a cambio de una donaci\u00f3n.<\/p>\n\n\n\n<ul class=\"wp-block-list\">\n<li><strong>Flota<\/strong>:Bicicletas y triciclos manuales y el\u00e9ctricos; se cargan por el usuario si son el\u00e9ctricos.<\/li>\n\n\n\n<li><strong>Casos de uso<\/strong>:Recados, transporte de almacenaje, salidas familiares.<\/li>\n\n\n\n<li><strong>Modelo<\/strong>:Enfoque democr\u00e1tico basado en anfitriones voluntarios.<\/li>\n<\/ul>\n\n\n\n<p>Estos programas generan buena voluntad p\u00fablica, fomentan la cohesi\u00f3n comunitaria y fomentan el apoyo popular a la movilidad sostenible. Entre sus limitaciones se incluyen los horarios de servicio no comerciales, los recursos de mantenimiento limitados y la variabilidad entre ubicaciones. Sin embargo, el impacto social es significativo: modelan la responsabilidad del usuario, reducen la dependencia del autom\u00f3vil y validan el uso del transporte p\u00fablico de carga. Para los planificadores y los equipos de RSE corporativos, estos programas pueden complementar los servicios de pago, impulsar la expansi\u00f3n de infraestructuras o atraer a la ciudadan\u00eda a los programas compartidos. Tambi\u00e9n ayudan a evaluar el comportamiento del usuario en entornos de bajo costo y con pocas barreras.<\/p>\n\n\n\n<hr class=\"wp-block-separator has-alpha-channel-opacity\"\/>\n\n\n\n<h2 class=\"wp-block-heading\">4. <strong>CYCLE.eco \u2013 Arrendamiento de suscripciones comerciales<\/strong><\/h2>\n\n\n\n<p><strong>CICLO.eco<\/strong> (anteriormente GetHenry) alquila bicicletas el\u00e9ctricas de carga a trabajadores independientes, pymes y empresas con contratos mensuales con todo incluido (entre 159 y 199 \u20ac), que incluyen mantenimiento y seguro. Con presencia en Berl\u00edn, Hamburgo, Colonia y otros lugares, utilizan modelos como Urban Arrow y Radkutsche de cola larga, robustos y dise\u00f1ados para un uso intensivo.<\/p>\n\n\n\n<ul class=\"wp-block-list\">\n<li><strong>Flota<\/strong>:Modelos de cola larga de alta gama con sistemas de propulsi\u00f3n Bosch.<\/li>\n\n\n\n<li><strong>Suscripci\u00f3n<\/strong>:Una tarifa mensual incluye servicio, seguro y repuestos.<\/li>\n\n\n\n<li><strong>Casos de uso<\/strong>:Entrega de alimentos, log\u00edstica de mensajer\u00eda, transporte de \u00faltima milla B2B.<\/li>\n<\/ul>\n\n\n\n<figure class=\"wp-block-image size-full\"><img decoding=\"async\" width=\"900\" height=\"600\" src=\"https:\/\/regencargobikes.com\/wp-content\/uploads\/2025\/06\/\u5fae\u4fe1\u56fe\u7247_20250619032435.webp\" alt=\"\" class=\"wp-image-1560\" srcset=\"https:\/\/regencargobikes.com\/wp-content\/uploads\/2025\/06\/\u5fae\u4fe1\u56fe\u7247_20250619032435.webp 900w, https:\/\/regencargobikes.com\/wp-content\/uploads\/2025\/06\/\u5fae\u4fe1\u56fe\u7247_20250619032435-300x200.webp 300w, https:\/\/regencargobikes.com\/wp-content\/uploads\/2025\/06\/\u5fae\u4fe1\u56fe\u7247_20250619032435-768x512.webp 768w, https:\/\/regencargobikes.com\/wp-content\/uploads\/2025\/06\/\u5fae\u4fe1\u56fe\u7247_20250619032435-18x12.webp 18w\" sizes=\"(max-width: 900px) 100vw, 900px\" \/><\/figure>\n\n\n\n<p>Las empresas evitan grandes costos iniciales y pueden escalar sus flotas con flexibilidad. Los gastos operativos predecibles ayudan a presupuestar la log\u00edstica. El soporte de mantenimiento aumenta el tiempo de actividad y reduce las interrupciones. El departamento de compras puede monitorear el uso, los costos y el retorno de la inversi\u00f3n (ROI). La disponibilidad puede fluctuar durante la alta demanda, y el alquiler mensual puede superar los costos de propiedad con un uso intensivo. Aun as\u00ed, CYCLE.eco ofrece una soluci\u00f3n de flota pr\u00e1cticamente llave en mano, ideal para flotas sin equipos de mantenimiento de bicicletas ni capital fijo.<\/p>\n\n\n\t\t<div data-elementor-type=\"section\" data-elementor-id=\"1530\" class=\"elementor elementor-1530\" data-elementor-post-type=\"elementor_library\">\n\t\t\t<div class=\"elementor-element elementor-element-303061a0 e-flex e-con-boxed e-con e-parent\" data-id=\"303061a0\" data-element_type=\"container\" data-e-type=\"container\" data-settings=\"{&quot;background_background&quot;:&quot;classic&quot;,&quot;ekit_has_onepagescroll_dot&quot;:&quot;yes&quot;}\">\n\t\t\t\t\t<div class=\"e-con-inner\">\n\t\t<div class=\"elementor-element elementor-element-2b5c3a71 e-con-full e-flex e-con e-child\" data-id=\"2b5c3a71\" data-element_type=\"container\" data-e-type=\"container\" data-settings=\"{&quot;ekit_has_onepagescroll_dot&quot;:&quot;yes&quot;}\">\n\t\t\t\t<div class=\"elementor-element elementor-element-272f1e87 elementor-widget elementor-widget-elementskit-heading\" data-id=\"272f1e87\" data-element_type=\"widget\" data-e-type=\"widget\" data-widget_type=\"elementskit-heading.default\">\n\t\t\t\t<div class=\"elementor-widget-container\">\n\t\t\t\t\t<div class=\"ekit-wid-con\" ><div class=\"ekit-heading elementskit-section-title-wraper text_left   ekit_heading_tablet-   ekit_heading_mobile-text_center\"><h2 class=\"ekit-heading--title elementskit-section-title\">\u00bfEst\u00e1s pensando en iniciar tu propia flota de alquiler de bicicletas de carga?<\/h2>\t\t\t\t<div class='ekit-heading__description'>\n\t\t\t\t\t<p>Regen ha ayudado a decenas de operadores primerizos a superar obst\u00e1culos t\u00e9cnicos y de producci\u00f3n. Nuestro equipo de expertos facilita el dise\u00f1o, la producci\u00f3n y la ampliaci\u00f3n de una flota lista para el alquiler, todo bajo su marca.<\/p>\n\t\t\t\t<\/div>\n\t\t\t<\/div><\/div>\t\t\t\t<\/div>\n\t\t\t\t<\/div>\n\t\t\t\t<div class=\"elementor-element elementor-element-4ac735db elementor-widget-mobile__width-auto elementor-widget elementor-widget-elementskit-dual-button\" data-id=\"4ac735db\" data-element_type=\"widget\" data-e-type=\"widget\" data-widget_type=\"elementskit-dual-button.default\">\n\t\t\t\t<div class=\"elementor-widget-container\">\n\t\t\t\t\t<div class=\"ekit-wid-con\" >\n                <div class=\"ekit-element-align-wrapper\">\n                    <div class=\"ekit_double_button\">                <a class=\"ekit-double-btn ekit-double-btn-one\" href=\"https:\/\/regencargobikes.com\/es\/contact\/\">\n                    Solicitar una cotizaci\u00f3n                <\/a>\n            \n            <a class=\"ekit-double-btn ekit-double-btn-two\" href=\"https:\/\/regencargobikes.com\/es\/service-center\/\">\n                    Centro de servicio                <\/a>\n                  <\/div>\n                <\/div>\n            <\/div>\t\t\t\t<\/div>\n\t\t\t\t<\/div>\n\t\t\t\t<\/div>\n\t\t<div class=\"elementor-element elementor-element-19753a4e e-con-full e-flex e-con e-child\" data-id=\"19753a4e\" data-element_type=\"container\" data-e-type=\"container\" data-settings=\"{&quot;background_background&quot;:&quot;classic&quot;,&quot;ekit_has_onepagescroll_dot&quot;:&quot;yes&quot;}\">\n\t\t\t\t<div class=\"elementor-element elementor-element-17eaa8b elementor-widget elementor-widget-html\" data-id=\"17eaa8b\" data-element_type=\"widget\" data-e-type=\"widget\" data-widget_type=\"html.default\">\n\t\t\t\t<div class=\"elementor-widget-container\">\n\t\t\t\t\t<script async src=\"https:\/\/pagead2.googlesyndication.com\/pagead\/js\/adsbygoogle.js?client=ca-pub-1076230867169041\"\n     crossorigin=\"anonymous\"><\/script>\n<!-- \u6b63\u65b9\u5f62 -->\n<ins class=\"adsbygoogle\"\n     style=\"display:block\"\n     data-ad-client=\"ca-pub-1076230867169041\"\n     data-ad-slot=\"7340675255\"\n     data-ad-format=\"auto\"\n     data-full-width-responsive=\"true\"><\/ins>\n<script>\n     (adsbygoogle = window.adsbygoogle || []).push({});\n<\/script>\t\t\t\t<\/div>\n\t\t\t\t<\/div>\n\t\t\t\t<\/div>\n\t\t\t\t\t<\/div>\n\t\t\t\t<\/div>\n\t\t\t\t<\/div>\n\t\t\n\n\n\n<hr class=\"wp-block-separator has-alpha-channel-opacity\"\/>\n\n\n\n<h2 class=\"wp-block-heading\">5. <strong>ListNRide \u2013 Agregador de alquileres para particulares y tiendas<\/strong><\/h2>\n\n\n\n<p><strong>ListNRide<\/strong> Funciona como una plataforma que conecta a propietarios privados y peque\u00f1as tiendas de alquiler, ofreciendo alrededor de <strong>80\u201390 bicicletas de carga<\/strong> En toda Alemania. Se enumeran modelos de carga el\u00e9ctrica como Bakfiets y Babboe, que se alquilan por horas o d\u00edas, ideales para familias, turistas o proyectos puntuales.<\/p>\n\n\n\n<ul class=\"wp-block-list\">\n<li><strong>Tama\u00f1o de la flota<\/strong>:Listados activos en ciudades grandes y medianas.<\/li>\n\n\n\n<li><strong>Casos de uso<\/strong>:Vacaciones familiares de corta duraci\u00f3n, eventos, pruebas.<\/li>\n\n\n\n<li><strong>Ejemplos<\/strong>:Bakfiets para cajas de mudanza o para ni\u00f1os.<\/li>\n<\/ul>\n\n\n\n<p>ListNRide ofrece flexibilidad: no requiere contratos a largo plazo ni compromisos con el sistema. La calidad var\u00eda, pero es ideal para pilotos de compras, socios tur\u00edsticos y servicios sociales que ofrecen acceso puntual a bicicletas de carga. El precio puede ser mayor para alquileres individuales. Los operadores obtienen visibilidad e infraestructura de reservas a trav\u00e9s de la plataforma, sin invertir en su propio portal web. Es una valiosa puerta de entrada para evaluar la demanda o suministrar log\u00edstica para establecimientos temporales.<\/p>\n\n\n\n<hr class=\"wp-block-separator has-alpha-channel-opacity\"\/>\n\n\n\n<h2 class=\"wp-block-heading\">6. <strong>Urban Arrow (a trav\u00e9s de concesionarios): Arrendamiento y venta de flotas<\/strong><\/h2>\n\n\n\n<p><strong>Flecha urbana<\/strong> bicicletas, como la <strong>Cargo L Performance<\/strong> y <strong>Plataforma L<\/strong>\u2014son la base del hardware de muchas flotas B2B y suscripciones log\u00edsticas. Los distribuidores de toda Alemania ofrecen leasing y servicios integrales de gesti\u00f3n de flotas, facilitando la implementaci\u00f3n, el mantenimiento y las actualizaciones de la flota.<\/p>\n\n\n\n<ul class=\"wp-block-list\">\n<li><strong>Modelos<\/strong>:Cargo L con caja, Plataforma L para trabajo pesado.<\/li>\n\n\n\n<li><strong>Casos de uso<\/strong>: Entregas, empresas de alquiler, flotas p\u00fablicas.<\/li>\n\n\n\n<li><strong>Apoyo<\/strong>:Paquetes de servicios del distribuidor y garant\u00edas del fabricante.<\/li>\n<\/ul>\n\n\n\n<p>Aunque Urban Arrow no alquila directamente, ofrece bicicletas de carga premium a proveedores de alquiler y operadores de flotas. Su rendimiento se adapta perfectamente a las necesidades empresariales, ya que permite circular por las calles de la ciudad y manejar cargas \u00fatiles. El leasing ayuda a evitar el riesgo de propiedad y la inversi\u00f3n en inventario. Las ciudades tambi\u00e9n se benefician, ya que estas bicicletas se integran con programas p\u00fablicos o conversiones de flotas. Los agentes de compras que eval\u00faen las opciones de hardware reconocer\u00e1n la reputaci\u00f3n de Urban Arrow como referente y su amplio soporte para distribuidores.<\/p>\n\n\n\n<hr class=\"wp-block-separator has-alpha-channel-opacity\"\/>\n\n\n\n<h2 class=\"wp-block-heading\">7. <strong>Donkey Republic \u2013 Implementaci\u00f3n de carga piloto<\/strong><\/h2>\n\n\n\n<p><strong>Rep\u00fablica del burro<\/strong> Se a\u00f1adieron modelos de carga a su app de alquiler sin base en Berl\u00edn y otras ciudades. Estas bicicletas, equipadas con sillas para ni\u00f1os y cajas de carga, se integran a la perfecci\u00f3n con la oferta est\u00e1ndar de bicicletas en la app, sin necesidad de registro ni dep\u00f3sito.<\/p>\n\n\n\n<ul class=\"wp-block-list\">\n<li><strong>Desbloqueo basado en aplicaciones<\/strong>:Una experiencia familiar para los jinetes.<\/li>\n\n\n\n<li><strong>Casos de uso<\/strong>:Salidas familiares, dejar a los ni\u00f1os en el colegio, compras ligeras.<\/li>\n\n\n\n<li><strong>Beneficio<\/strong>:Adopci\u00f3n casual sin compromiso.<\/li>\n<\/ul>\n\n\n\n<figure class=\"wp-block-image size-full\"><img decoding=\"async\" width=\"900\" height=\"600\" src=\"https:\/\/regencargobikes.com\/wp-content\/uploads\/2025\/06\/eT21-07552_02-de.webp\" alt=\"\" class=\"wp-image-1559\" srcset=\"https:\/\/regencargobikes.com\/wp-content\/uploads\/2025\/06\/eT21-07552_02-de.webp 900w, https:\/\/regencargobikes.com\/wp-content\/uploads\/2025\/06\/eT21-07552_02-de-300x200.webp 300w, https:\/\/regencargobikes.com\/wp-content\/uploads\/2025\/06\/eT21-07552_02-de-768x512.webp 768w, https:\/\/regencargobikes.com\/wp-content\/uploads\/2025\/06\/eT21-07552_02-de-18x12.webp 18w\" sizes=\"(max-width: 900px) 100vw, 900px\" \/><\/figure>\n\n\n\n<p>El enfoque de Donkey reduce las barreras de entrada, permitiendo a las familias probar las bicicletas de carga sin esfuerzo. La integraci\u00f3n de la aplicaci\u00f3n facilita la facturaci\u00f3n y el seguimiento de la ubicaci\u00f3n. Sin embargo, presenta flotas peque\u00f1as, disponibilidad incierta y un servicio limitado en comparaci\u00f3n con los alquileres en estaciones. Es ideal para pilotos de turismo y micromovilidad, ideal para gerentes de compras en ciudades que desean introducir bicicletas de carga en sus estrategias de movilidad compartida.<\/p>\n\n\n\n<hr class=\"wp-block-separator has-alpha-channel-opacity\"\/>\n\n\n\n<h2 class=\"wp-block-heading\">8. <strong>Call a Bike (DB): Carga piloto para obtener informaci\u00f3n sobre datos<\/strong><\/h2>\n\n\n\n<p><strong>Llamar a una bicicleta<\/strong>Operada por Deutsche Bahn, ocasionalmente realiza pruebas de bicicletas de carga en colaboraci\u00f3n con ciudades como Fr\u00e1ncfort. Estas bicicletas se integran con la infraestructura existente y se integran en proyectos de investigaci\u00f3n que exploran el comportamiento de los usuarios y sus patrones de viaje.<\/p>\n\n\n\n<ul class=\"wp-block-list\">\n<li><strong>Caracter\u00edsticas<\/strong>:Sillas para ni\u00f1os, cajas traseras, integraci\u00f3n de aplicaciones.<\/li>\n\n\n\n<li><strong>Casos de uso<\/strong>:Pruebas de movilidad urbana y vinculada al transporte p\u00fablico.<\/li>\n\n\n\n<li><strong>Meta<\/strong>:Recopilaci\u00f3n de datos para la formulaci\u00f3n de pol\u00edticas.<\/li>\n<\/ul>\n\n\n\n<p>Los programas piloto de Call a Bike ayudan a las autoridades a evaluar la demanda, los patrones de viaje y la sustituci\u00f3n de viajes sin grandes inversiones. Demuestran el papel de la carga en los sistemas multimodales de transporte urbano. La desventaja es que la disponibilidad se limita a los espacios piloto, no al p\u00fablico en general. Sin embargo, los responsables de adquisiciones y las agencias de planificaci\u00f3n pueden utilizar los resultados para justificar mayores inversiones o la ampliaci\u00f3n del sistema.<\/p>\n\n\n\n<hr class=\"wp-block-separator has-alpha-channel-opacity\"\/>\n\n\n\n<h2 class=\"wp-block-heading\">9. <strong>Frachtfreunde \u2013 Flota log\u00edstica de ONG<\/strong><\/h2>\n\n\n\n<p><strong>Amigos frachtfreunde<\/strong> Es una organizaci\u00f3n sin fines de lucro que dona bicicletas de carga de flota a ONG y empresas sociales, lo que facilita una log\u00edstica sostenible y de bajo costo. Las bicicletas \u2014a menudo triciclos de alta resistencia\u2014 se prestan a largo plazo para misiones sin fines de lucro, log\u00edstica de eventos o programas comunitarios.<\/p>\n\n\n\n<ul class=\"wp-block-list\">\n<li><strong>Flota<\/strong>:Triciclos de carga el\u00e9ctricos, capacidad de carga 120+ kg.<\/li>\n\n\n\n<li><strong>Casos de uso<\/strong>:Alcance comunitario, eventos ben\u00e9ficos, log\u00edstica de socorro.<\/li>\n\n\n\n<li><strong>Fondos<\/strong>:Donaciones y subvenciones colectivas.<\/li>\n<\/ul>\n\n\n\n<p>Este modelo extiende las bicicletas de carga a sectores con financiaci\u00f3n insuficiente sin restricciones comerciales. Los desaf\u00edos incluyen la financiaci\u00f3n del mantenimiento y la rendici\u00f3n de cuentas. No obstante, refleja c\u00f3mo las bicicletas pueden ser una soluci\u00f3n log\u00edstica de base. Los municipios pueden colaborar con ONG como Frachtfreunde para mejorar las capacidades comunitarias y cumplir los objetivos de sostenibilidad, mientras que las flotas demuestran su capacidad real para apoyar las misiones c\u00edvicas.<\/p>\n\n\n\n<hr class=\"wp-block-separator has-alpha-channel-opacity\"\/>\n\n\n\n<h2 class=\"wp-block-heading\">10. <strong>Velogista \u2013 Servicio de mensajer\u00eda en bicicleta<\/strong><\/h2>\n\n\n\n<p><strong>Velogista<\/strong>, una empresa de mensajer\u00eda con sede en Berl\u00edn, opera log\u00edstica por contrato utilizando triciclos de carga el\u00e9ctricos. Con m\u00f3dulos de carga resistentes a la intemperie y una capacidad de carga de m\u00e1s de 250 kg, su modelo apoya a empresas que requieren entregas \u00e1giles y ecol\u00f3gicas sin necesidad de una flota propia.<\/p>\n\n\n\n<ul class=\"wp-block-list\">\n<li><strong>Servicio<\/strong>:Entrega por contrato B2B con recogidas programadas.<\/li>\n\n\n\n<li><strong>Flota<\/strong>:Triciclos de carga fabricados a medida con GPS y contenedores modulares.<\/li>\n\n\n\n<li><strong>Clientes objetivo<\/strong>:Minoristas, oficinas, cadenas de suministro para eventos.<\/li>\n<\/ul>\n\n\n\n<p>Velogista elimina la gesti\u00f3n de flotas y la carga de emisiones, lo que permite a los clientes redistribuir sus recursos internos. Ofrece fiabilidad y beneficios de sostenibilidad medibles. Entre los desaf\u00edos se incluyen la rotaci\u00f3n de pasajeros y la variabilidad clim\u00e1tica. Aun as\u00ed, representa un modelo de entrega totalmente externalizado y libre de carbono, relevante para planificadores log\u00edsticos corporativos y responsables de sostenibilidad.<\/p>\n\n\n\n<hr class=\"wp-block-separator has-alpha-channel-opacity\"\/>\n\n\n\n<h2 class=\"wp-block-heading\">Conclusi\u00f3n: Perspectivas estrat\u00e9gicas para las partes interesadas<\/h2>\n\n\n\n<p>El amplio mercado alem\u00e1n de bicicletas de carga ofrece soluciones a medida para uso p\u00fablico y comercial. Entre diez marcas:<\/p>\n\n\n\n<ul class=\"wp-block-list\">\n<li><strong>Sigo<\/strong>Ofrece una estaci\u00f3n compartida robusta con carga autom\u00e1tica.<\/li>\n\n\n\n<li><strong>Pr\u00f3xima bicicleta<\/strong> y <strong>Llamar a una bicicleta<\/strong> Integrar la carga en las redes de la ciudad.<\/li>\n\n\n\n<li><strong>Ruedas de lasten libres<\/strong> y <strong>Amigos frachtfreunde<\/strong> Brindar acceso a organizaciones de base y sin fines de lucro.<\/li>\n\n\n\n<li><strong>CICLO.eco<\/strong>, <strong>Velogista<\/strong>, y <strong>Arrendamiento de Urban Arrow<\/strong> Satisfacer las necesidades log\u00edsticas empresariales.<\/li>\n\n\n\n<li><strong>ListNRide<\/strong> y <strong>Rep\u00fablica del burro<\/strong> Apoyar los proyectos piloto de consumo y la entrada del turismo.<\/li>\n<\/ul>\n\n\n\n<p>Para los gerentes de adquisiciones, pol\u00edticas o log\u00edstica, las consideraciones clave incluyen:<\/p>\n\n\n\n<ul class=\"wp-block-list\">\n<li><strong>Preparaci\u00f3n de la infraestructura<\/strong>\u2014sistemas con estaci\u00f3n frente a sistemas sin base.<\/li>\n\n\n\n<li><strong>Necesidades de nivel de servicio<\/strong>\u2014acceso a corto plazo, suscripciones o apoyo log\u00edstico.<\/li>\n\n\n\n<li><strong>Modelos de mantenimiento<\/strong>\u2014El arrendamiento de servicio completo se diferencia de los programas administrados por la comunidad.<\/li>\n<\/ul>\n\n\n\n<p>Cada modelo ofrece movilidad escalable y sostenible, alineada con las regulaciones y los mandatos de sostenibilidad. A medida que crece el inter\u00e9s por la reducci\u00f3n de emisiones, las bicicletas de carga han pasado de ser servicios especializados a ser un medio de transporte urbano generalizado. Los servicios alemanes combinan tecnolog\u00eda, compromiso c\u00edvico y visi\u00f3n comercial, ofreciendo una hoja de ruta para otros pa\u00edses que buscan integrar las bicicletas de carga en sus ecosistemas de movilidad.<\/p>\n\n\n\n<hr class=\"wp-block-separator has-alpha-channel-opacity\"\/>\n\n\n\n<p><strong>Referencias:<\/strong><\/p>\n\n\n\n<ol class=\"wp-block-list\">\n<li><strong>Sigo<\/strong> \u2013 Modelo de carga basada en estaciones y compartici\u00f3n B2B2C <a href=\"https:\/\/sigo.green\" target=\"_Blank\" rel=\"noreferrer noopener\">sigo.verde<\/a><\/li>\n\n\n\n<li><strong>Proyecto &quot;Lastenrad&quot; de Baviera<\/strong> \u2013 Resultados de implementaci\u00f3n y datos de uso <a href=\"\/es\/sigo.green\/news\/lastenrad-bavaria\/\" target=\"_Blank\" rel=\"noreferrer noopener\">sigo.green\/noticias\/lastenrad-baviera<\/a><\/li>\n\n\n\n<li><strong>Nextbike (Tier Mobility)<\/strong> \u2013 Integraci\u00f3n de carga y uso compartido basado en aplicaciones <a href=\"https:\/\/nextbike.de\" target=\"_Blank\" rel=\"noreferrer noopener\">nextbike.de<\/a><\/li>\n\n\n\n<li><strong>Freie Lastenr\u00e4der (Frachtfreunde)<\/strong> \u2013 Red de pr\u00e9stamos gratuitos impulsada por la comunidad <a href=\"https:\/\/lastenrad.frachtfreunde.de\" target=\"_Blank\" rel=\"noreferrer noopener\">lastenrad.frachtfreunde.de<\/a><\/li>\n\n\n\n<li><strong>CYCLE.eco (anteriormente GetHenry)<\/strong> \u2013 Detalles del plan de suscripci\u00f3n y cobertura de la flota <a href=\"https:\/\/cycle.eco\" target=\"_Blank\" rel=\"noreferrer noopener\">ciclo.eco<\/a><\/li>\n\n\n\n<li><strong>ListNRide<\/strong> \u2013 Plataforma agregadora con listados de bicicletas de carga <a href=\"https:\/\/listnride.com\" target=\"_Blank\" rel=\"noreferrer noopener\">listnride.com<\/a><\/li>\n\n\n\n<li><strong>Flecha urbana<\/strong> \u2013 Uso en programas de leasing a trav\u00e9s de concesionarios alemanes <a href=\"https:\/\/urbanarrow.com\" target=\"_Blank\" rel=\"noreferrer noopener\">urbanarrow.com<\/a><\/li>\n\n\n\n<li><strong>Rep\u00fablica del burro<\/strong> \u2013 Implementaci\u00f3n piloto de bicicletas de carga <a href=\"https:\/\/donkey.bike\" target=\"_Blank\" rel=\"noreferrer noopener\">burro.bicicleta<\/a><\/li>\n\n\n\n<li><strong>Llamar a una bicicleta de Deutsche Bahn<\/strong> \u2013 Pilotos de investigaci\u00f3n de bicicletas de carga <a href=\"https:\/\/callabike.de\" target=\"_Blank\" rel=\"noreferrer noopener\">callabike.de<\/a><\/li>\n\n\n\n<li><strong>Amigos frachtfreunde<\/strong> \u2013 Log\u00edstica de ONG y donaciones de bicicletas de carga <a href=\"https:\/\/frachtfreunde.de\" target=\"_Blank\" rel=\"noreferrer noopener\">frachtfreunde.de<\/a><\/li>\n\n\n\n<li><strong>Velogista<\/strong> \u2013 Modelo de servicio de mensajer\u00eda en triciclo de carga <a href=\"https:\/\/velogista.de\" target=\"_Blank\" rel=\"noreferrer noopener\">velogista.de<\/a><\/li>\n<\/ol>","protected":false},"excerpt":{"rendered":"<p>Germany\u2019s cargo bike rental ecosystem is thriving. Cities, startups, and logistics firms are increasingly adopting e-cargo bikes to reduce emissions, ease congestion, and improve mobility. These services serve a variety of users\u2014families, commuters, businesses, and local governments\u2014showcasing the versatility of e-cargo bikes. Not only do they replace short car trips, but they also contribute to [&hellip;]<\/p>\n","protected":false},"author":2,"featured_media":1563,"comment_status":"open","ping_status":"open","sticky":false,"template":"","format":"standard","meta":{"footnotes":""},"categories":[2],"tags":[],"class_list":["post-1557","post","type-post","status-publish","format-standard","has-post-thumbnail","hentry","category-knowledge"],"_links":{"self":[{"href":"https:\/\/regencargobikes.com\/es\/wp-json\/wp\/v2\/posts\/1557","targetHints":{"allow":["GET"]}}],"collection":[{"href":"https:\/\/regencargobikes.com\/es\/wp-json\/wp\/v2\/posts"}],"about":[{"href":"https:\/\/regencargobikes.com\/es\/wp-json\/wp\/v2\/types\/post"}],"author":[{"embeddable":true,"href":"https:\/\/regencargobikes.com\/es\/wp-json\/wp\/v2\/users\/2"}],"replies":[{"embeddable":true,"href":"https:\/\/regencargobikes.com\/es\/wp-json\/wp\/v2\/comments?post=1557"}],"version-history":[{"count":1,"href":"https:\/\/regencargobikes.com\/es\/wp-json\/wp\/v2\/posts\/1557\/revisions"}],"predecessor-version":[{"id":1565,"href":"https:\/\/regencargobikes.com\/es\/wp-json\/wp\/v2\/posts\/1557\/revisions\/1565"}],"wp:featuredmedia":[{"embeddable":true,"href":"https:\/\/regencargobikes.com\/es\/wp-json\/wp\/v2\/media\/1563"}],"wp:attachment":[{"href":"https:\/\/regencargobikes.com\/es\/wp-json\/wp\/v2\/media?parent=1557"}],"wp:term":[{"taxonomy":"category","embeddable":true,"href":"https:\/\/regencargobikes.com\/es\/wp-json\/wp\/v2\/categories?post=1557"},{"taxonomy":"post_tag","embeddable":true,"href":"https:\/\/regencargobikes.com\/es\/wp-json\/wp\/v2\/tags?post=1557"}],"curies":[{"name":"wp","href":"https:\/\/api.w.org\/{rel}","templated":true}]}}