{"id":1600,"date":"2025-06-22T04:17:36","date_gmt":"2025-06-21T20:17:36","guid":{"rendered":"https:\/\/regencargobikes.com\/?p=1600"},"modified":"2025-06-22T04:17:38","modified_gmt":"2025-06-21T20:17:38","slug":"how-fast-can-your-electric-cargo-bike-go","status":"publish","type":"post","link":"https:\/\/regencargobikes.com\/es\/how-fast-can-your-electric-cargo-bike-go\/","title":{"rendered":"\u00bfQu\u00e9 tan r\u00e1pido puede ir tu bicicleta de carga el\u00e9ctrica?"},"content":{"rendered":"<p>En Regen, a menudo nos hacen una pregunta enga\u00f1osamente simple:<\/p>\n\n\n\n<p><strong>&quot;\u00bfQu\u00e9 tan r\u00e1pido puede tu <a href=\"https:\/\/regencargobikes.com\/es\/what-is-a-cargo-bike\/\" data-type=\"post\" data-id=\"1179\">bicicleta de carga el\u00e9ctrica<\/a> \u00bfir?&quot;<\/strong><\/p>\n\n\n\n<p>Es una pregunta justa, e importante. Ya sea que viajes al trabajo, repartas mercanc\u00edas o montes por placer, la velocidad no solo afecta la eficiencia, sino tambi\u00e9n la legalidad, la seguridad y la comodidad al conducir. Por eso, hoy te llevamos tras el manillar y a los datos. Exploraremos estad\u00edsticas de velocidad reales, l\u00edmites legales y... <strong>\u00bfQu\u00e9 afecta la velocidad de tu bicicleta de carga?<\/strong><\/p><div class=\"regen-test-placement-from-wizard-1604397851\" id=\"regen-3063719628\"><script async src=\"https:\/\/pagead2.googlesyndication.com\/pagead\/js\/adsbygoogle.js?client=ca-pub-1076230867169041\"\n     crossorigin=\"anonymous\"><\/script><\/div><div class=\"regen-test-placement-from-wizard-2878267818\" id=\"regen-3766629775\"><script async src=\"https:\/\/pagead2.googlesyndication.com\/pagead\/js\/adsbygoogle.js?client=ca-pub-1076230867169041\"\n     crossorigin=\"anonymous\"><\/script><\/div>\n\n\n\n<hr class=\"wp-block-separator has-alpha-channel-opacity\"\/>\n\n\n\n<h2 class=\"wp-block-heading\"><strong>L\u00edmites de velocidad en el mundo<\/strong><\/h2>\n\n\n\n<p>Empecemos con lo b\u00e1sico: <strong>Las velocidades m\u00e1ximas legales var\u00edan seg\u00fan la regi\u00f3n<\/strong>La mayor\u00eda de las bicicletas el\u00e9ctricas de carga se clasifican en una de dos clases:<\/p>\n\n\n\n<figure class=\"wp-block-table\"><table class=\"has-fixed-layout\"><thead><tr><th><strong>Regi\u00f3n<\/strong><\/th><th><strong>Velocidad m\u00e1xima legal (km\/h)<\/strong><\/th><th><strong>Velocidad m\u00e1xima (mph)<\/strong><\/th><th><strong>Notas de clase<\/strong><\/th><\/tr><\/thead><tbody><tr><td>UE<\/td><td>25<\/td><td>15.5<\/td><td>Pedelec (motor de 250 W m\u00e1x.)<\/td><\/tr><tr><td>UE (Speed-P)<\/td><td>45<\/td><td>28<\/td><td>Pedelec de velocidad, necesita registro<\/td><\/tr><tr><td>EE.UU<\/td><td>32<\/td><td>20<\/td><td>Bicicletas el\u00e9ctricas de clase 1 y 2 (l\u00edmite de motor de 750 W)<\/td><\/tr><tr><td>Canad\u00e1<\/td><td>32<\/td><td>20<\/td><td>Motores de 500 W como m\u00e1ximo<\/td><\/tr><\/tbody><\/table><\/figure>\n\n\n\n<p>En la mayor\u00eda de los pa\u00edses europeos, nuestras bicicletas de carga son <strong>limitado a 25 km\/h<\/strong> Para ser consideradas bicicletas seg\u00fan la ley de tr\u00e1nsito, no se necesita licencia ni seguro. En EE. UU. y Canad\u00e1, el l\u00edmite es <strong>32 kil\u00f3metros por hora<\/strong>Algunas motos superan esta velocidad (hasta 45 km\/h) en un <strong>pedelec de velocidad<\/strong> clasificaci\u00f3n, que generalmente requiere el uso de casco, seguro e incluso una matr\u00edcula.<\/p>\n\n\n\n<p><br>\ud83d\udc49 Enlace a: <strong><a href=\"https:\/\/regencargobikes.com\/es\/electric-cargo-bike-motor-power-system-faq\/\" data-type=\"post\" data-id=\"1310\">Preguntas frecuentes sobre el sistema de motor y la alimentaci\u00f3n de bicicletas el\u00e9ctricas de carga<\/a><\/strong><\/p>\n\n\n\n<hr class=\"wp-block-separator has-alpha-channel-opacity\"\/>\n\n\n\n<h2 class=\"wp-block-heading\"><strong>\u00bfQu\u00e9 velocidades alcanzan realmente los ciclistas?<\/strong><\/h2>\n\n\n\n<p>Aqu\u00ed es donde la teor\u00eda se encuentra con la realidad. <a href=\"https:\/\/regencargobikes.com\/es\/long-john-cargo-bike-regen-02\/\" data-type=\"page\" data-id=\"1395\">Bicicletas de carga el\u00e9ctricas Regen<\/a> navegue c\u00f3modamente por:<\/p>\n\n\n\n<ul class=\"wp-block-list\">\n<li><strong>20\u201325 km\/h (12\u201315,5 mph)<\/strong> bajo asistencia de pedaleo est\u00e1ndar<\/li>\n\n\n\n<li><strong>25\u201328 mph (40\u201345 km\/h)<\/strong> Para modelos de pedelec de alta potencia o velocidad<\/li>\n<\/ul>\n\n\n\n<p>Pero recuerda: la velocidad no se trata solo de especificaciones. Se trata de... <strong>carga, terreno, entrada del conductor<\/strong>, y por supuesto, <strong>fuerza motora<\/strong>.<\/p>\n\n\n\t\t<div data-elementor-type=\"section\" data-elementor-id=\"1414\" class=\"elementor elementor-1414\" data-elementor-post-type=\"elementor_library\">\n\t\t\t<div class=\"elementor-element elementor-element-7bf5eb01 e-flex e-con-boxed e-con e-parent\" data-id=\"7bf5eb01\" data-element_type=\"container\" data-e-type=\"container\" data-settings=\"{&quot;background_background&quot;:&quot;classic&quot;,&quot;ekit_has_onepagescroll_dot&quot;:&quot;yes&quot;}\">\n\t\t\t\t\t<div class=\"e-con-inner\">\n\t\t<div class=\"elementor-element elementor-element-9fc34e2 e-con-full e-flex e-con e-child\" data-id=\"9fc34e2\" data-element_type=\"container\" data-e-type=\"container\" data-settings=\"{&quot;background_background&quot;:&quot;classic&quot;,&quot;ekit_has_onepagescroll_dot&quot;:&quot;yes&quot;}\">\n\t\t\t\t<div class=\"elementor-element elementor-element-af4e700 elementor-absolute elementor-widget elementor-widget-image\" data-id=\"af4e700\" data-element_type=\"widget\" data-e-type=\"widget\" data-settings=\"{&quot;_position&quot;:&quot;absolute&quot;}\" data-widget_type=\"image.default\">\n\t\t\t\t<div class=\"elementor-widget-container\">\n\t\t\t\t\t\t\t\t\t\t\t\t\t\t\t<img fetchpriority=\"high\" decoding=\"async\" width=\"800\" height=\"422\" src=\"https:\/\/regencargobikes.com\/wp-content\/uploads\/2025\/05\/regen-02-electric-cargo-bike-.webp\" class=\"attachment-large size-large wp-image-1398\" alt=\"Bicicleta de carga el\u00e9ctrica Regen 02\" srcset=\"https:\/\/regencargobikes.com\/wp-content\/uploads\/2025\/05\/regen-02-electric-cargo-bike-.webp 1000w, https:\/\/regencargobikes.com\/wp-content\/uploads\/2025\/05\/regen-02-electric-cargo-bike--300x158.webp 300w, https:\/\/regencargobikes.com\/wp-content\/uploads\/2025\/05\/regen-02-electric-cargo-bike--768x405.webp 768w, https:\/\/regencargobikes.com\/wp-content\/uploads\/2025\/05\/regen-02-electric-cargo-bike--18x9.webp 18w\" sizes=\"(max-width: 800px) 100vw, 800px\" \/>\t\t\t\t\t\t\t\t\t\t\t\t\t\t\t<\/div>\n\t\t\t\t<\/div>\n\t\t\t\t<\/div>\n\t\t<div class=\"elementor-element elementor-element-7de8cd9d e-con-full e-flex e-con e-child\" data-id=\"7de8cd9d\" data-element_type=\"container\" data-e-type=\"container\" data-settings=\"{&quot;ekit_has_onepagescroll_dot&quot;:&quot;yes&quot;}\">\n\t\t\t\t<div class=\"elementor-element elementor-element-308b8d20 elementor-widget elementor-widget-elementskit-heading\" data-id=\"308b8d20\" data-element_type=\"widget\" data-e-type=\"widget\" data-widget_type=\"elementskit-heading.default\">\n\t\t\t\t<div class=\"elementor-widget-container\">\n\t\t\t\t\t<div class=\"ekit-wid-con\" ><div class=\"ekit-heading elementskit-section-title-wraper text_left   ekit_heading_tablet-   ekit_heading_mobile-text_center\"><h3 class=\"elementskit-section-subtitle\">\n\t\t\t\t\t\tBicicleta de carga el\u00e9ctrica Regen 02\n\t\t\t\t\t<\/h3><h2 class=\"ekit-heading--title elementskit-section-title\">\u00bfBusca una lavadora de carga frontal compacta y personalizable para su marca?<\/h2>\t\t\t\t<div class='ekit-heading__description'>\n\t\t\t\t\t<p class=\"p1\">Probado por T\u00dcV en proyectos personalizados anteriores. Modelo disponible p\u00fablicamente: configurable, probado y listo para escalar.<\/p>\n\t\t\t\t<\/div>\n\t\t\t<\/div><\/div>\t\t\t\t<\/div>\n\t\t\t\t<\/div>\n\t\t\t\t<div class=\"elementor-element elementor-element-bf516c8 elementor-align-left elementor-align--mobilecenter elementor-widget elementor-widget-elementskit-button\" data-id=\"bf516c8\" data-element_type=\"widget\" data-e-type=\"widget\" data-widget_type=\"elementskit-button.default\">\n\t\t\t\t<div class=\"elementor-widget-container\">\n\t\t\t\t\t<div class=\"ekit-wid-con\" >\t\t<div class=\"ekit-btn-wraper\">\n\t\t\t\t\t\t\t<a href=\"https:\/\/regencargobikes.com\/es\/long-john-cargo-bike-regen-02\/\" class=\"elementskit-btn  whitespace--normal\" id=\"\">\n\t\t\t\t\tM\u00e1s informaci\u00f3n\t\t\t\t<\/a>\n\t\t\t\t\t<\/div>\n        <\/div>\t\t\t\t<\/div>\n\t\t\t\t<\/div>\n\t\t\t\t<\/div>\n\t\t\t\t\t<\/div>\n\t\t\t\t<\/div>\n\t\t\t\t<\/div>\n\t\t\n\n\n\n<hr class=\"wp-block-separator has-alpha-channel-opacity\"\/>\n\n\n\n<h3 class=\"wp-block-heading\"><strong> Ejemplo del mundo real<\/strong><\/h3>\n\n\n\n<p>Uno de nuestros clientes en Alemania utiliza una bicicleta de carga speed-pedelec con dos bater\u00edas y un motor de 750 W. En carreteras urbanas llanas, se mueve con fluidez. <strong>42 kil\u00f3metros por hora<\/strong>, incluso con una carga de 60 kg. Dicho esto, para el uso diario familiar o las entregas municipales, la mayor\u00eda de los clientes de Regen encuentran... <strong>L\u00edmite de 25 km\/h<\/strong> Perfectamente adecuado y seguro.<\/p>\n\n\n\n<hr class=\"wp-block-separator has-alpha-channel-opacity\"\/>\n\n\n\n<h2 class=\"wp-block-heading\"><strong>\u00bfQu\u00e9 factores afectan la velocidad de una bicicleta de carga el\u00e9ctrica?<\/strong><\/h2>\n\n\n\n<p>Hemos probado docenas de configuraciones en nuestros modelos de cola larga y de carga frontal. Esto es lo que realmente influye en la velocidad m\u00e1xima:<\/p>\n\n\n\n<figure class=\"wp-block-table\"><table class=\"has-fixed-layout\"><thead><tr><th><strong>Factor<\/strong><\/th><th><strong>Efecto sobre la velocidad<\/strong><\/th><\/tr><\/thead><tbody><tr><td><strong>Potencia del motor<\/strong><\/td><td>M\u00e1s vatios = mayor velocidad m\u00e1xima. 250 W \u2248 25 km\/h, 750 W \u2248 32+ km\/h<\/td><\/tr><tr><td><strong>Capacidad de la bater\u00eda<\/strong><\/td><td>Un mayor voltaje y amperios-hora mejoran la velocidad m\u00e1xima sostenida<\/td><\/tr><tr><td><strong>Dise\u00f1o de bicicletas<\/strong><\/td><td>Los longtails son m\u00e1s r\u00e1pidos y \u00e1giles que los veh\u00edculos de tres ruedas o las bicicletas de caja alta.<\/td><\/tr><tr><td><strong><a href=\"https:\/\/regencargobikes.com\/wp-content\/uploads\/2025\/04\/10-key-facts-affect-cargo-bike-load-capacity.jpg\" data-type=\"attachment\" data-id=\"1061\">Peso de la carga<\/a><\/strong><\/td><td>M\u00e1s carga = menor aceleraci\u00f3n y velocidad m\u00e1xima reducida<\/td><\/tr><tr><td><strong>Terreno y viento<\/strong><\/td><td>Las subidas y los vientos en contra pueden ralentizar significativamente el veh\u00edculo.<\/td><\/tr><tr><td><strong>Presi\u00f3n de los neum\u00e1ticos<\/strong><\/td><td>Los neum\u00e1ticos desinflados reducen la velocidad y la autonom\u00eda<\/td><\/tr><\/tbody><\/table><\/figure>\n\n\n\n<p>Lectura adicional:<a href=\"https:\/\/regencargobikes.com\/es\/cargo-bike-frame-geometry\/\" data-type=\"post\" data-id=\"374\">Comprensi\u00f3n de la geometr\u00eda del cuadro en bicicletas de carga y su influencia en el rendimiento de manejo<\/a><\/p>\n\n\n\n<h2 class=\"wp-block-heading\"><strong>Velocidad vs. Seguridad: \u00bfCu\u00e1l es el riesgo?<\/strong><\/h2>\n\n\n\n<p>Seamos honestos: las bicicletas de carga no son bicicletas de carreras. Dise\u00f1amos nuestros cuadros para... <strong>estabilidad y manejo de carga<\/strong>, no para velocidades vertiginosas.<\/p>\n\n\n\n<p>En <strong>m\u00e1s de 30 mph (~48 km\/h)<\/strong>Incluso las m\u00e1s leves oscilaciones de la direcci\u00f3n pueden resultar peligrosas. La distancia de frenado aumenta dr\u00e1sticamente con el peso. Por eso, todas las bicicletas de carga Regen incluyen:<\/p>\n\n\n\n<ul class=\"wp-block-list\">\n<li><strong>Frenos de disco hidr\u00e1ulicos<\/strong> Clasificado para cargas totales de m\u00e1s de 200 kg<\/li>\n\n\n\n<li><strong>Horquillas de suspensi\u00f3n o tijas de sill\u00edn<\/strong> para estabilidad en carreteras con baches<\/li>\n\n\n\n<li><strong>Marcos de aluminio robustos<\/strong> que resisten la flexi\u00f3n a alta velocidad<\/li>\n<\/ul>\n\n\n\n<p>\u00bfEl resultado final? <strong>La velocidad es emocionante, pero la seguridad siempre es lo primero.<\/strong><\/p>\n\n\n\n<ul class=\"wp-block-list\">\n<li>Vea nuestra comparaci\u00f3n: <a href=\"https:\/\/regencargobikes.com\/es\/mechanical-disc-brakes-vs-hydraulic-disc-brakes-in-ecargo-bikes\/\" data-type=\"post\" data-id=\"1047\">Frenos de disco mec\u00e1nicos vs hidr\u00e1ulicos en bicicletas el\u00e9ctricas y de carga<\/a> <\/li>\n\n\n\n<li>Conozca m\u00e1s sobre <a href=\"https:\/\/regencargobikes.com\/es\/frame-strength-what-determines-durability\/\" data-type=\"post\" data-id=\"1160\">Resistencia del marco: \u00bfqu\u00e9 determina la durabilidad?<\/a><\/li>\n<\/ul>\n\n\n\n<h2 class=\"wp-block-heading\"><strong>Comparaci\u00f3n de las bicicletas el\u00e9ctricas de carga m\u00e1s populares (incluida la nuestra)<\/strong><\/h2>\n\n\n\n<p>A continuaci\u00f3n se muestra una comparaci\u00f3n de las bicicletas de carga m\u00e1s vendidas:<\/p>\n\n\n\n<figure class=\"wp-block-table\"><table class=\"has-fixed-layout\"><thead><tr><th><strong>Modelo<\/strong><\/th><th><strong>Motor (W)<\/strong><\/th><th><strong>Velocidad m\u00e1xima<\/strong><\/th><th><strong>Clase<\/strong><\/th><th><strong>Notas<\/strong><\/th><\/tr><\/thead><tbody><tr><td><strong>Pistola GN66<\/strong><\/td><td>1,000<\/td><td>~45 kil\u00f3metros por hora<\/td><td>Bicicleta el\u00e9ctrica de velocidad<\/td><td>Alta potencia, adecuada para rutas privadas o flotas de reparto.<\/td><\/tr><tr><td><strong>Riese &amp; M\u00fcller Load 75<\/strong><\/td><td>500\u2013850<\/td><td>Hasta 45 km\/h<\/td><td>Bicicleta el\u00e9ctrica de velocidad<\/td><td>Doble suspensi\u00f3n, doble bater\u00eda<\/td><\/tr><tr><td><strong>Longtail 750 Pro<\/strong><\/td><td>750<\/td><td>32\u201338 kil\u00f3metros por hora<\/td><td>Clase 2\/Velocidad-P<\/td><td>La mejor autonom\u00eda y aceleraci\u00f3n de su clase<\/td><\/tr><tr><td><strong>Edici\u00f3n Lectric XPedition<\/strong><\/td><td>750<\/td><td>32 kil\u00f3metros por hora<\/td><td>Clase 2<\/td><td>Neum\u00e1ticos gruesos, asequibles para familias<\/td><\/tr><tr><td><strong>Decathlon R500E<\/strong><\/td><td>250<\/td><td>25 kil\u00f3metros por hora<\/td><td>Pedelec de la UE<\/td><td>Excelente opci\u00f3n de nivel de entrada<\/td><\/tr><\/tbody><\/table><\/figure>\n\n\n\n<p>\u00bfNo sabes qu\u00e9 tipo de bicicleta de carga te conviene? Consulta: <a href=\"https:\/\/regencargobikes.com\/es\/types-of-cargo-bike\/\" data-type=\"post\" data-id=\"376\">\u00bfCu\u00e1ntos tipos diferentes de bicicletas de carga existen?<\/a><\/p>\n\n\n\n<h2 class=\"wp-block-heading\"><strong>Velocidad de la bicicleta y casos de uso (resumen visual)<\/strong><\/h2>\n\n\n\n<figure class=\"wp-block-table\"><table class=\"has-fixed-layout\"><thead><tr><th><strong>Rango de velocidad<\/strong><\/th><th><strong>Clase de bicicleta<\/strong><\/th><th><strong>Casos de uso comunes<\/strong><\/th><\/tr><\/thead><tbody><tr><td>\u2264 25 kil\u00f3metros por hora<\/td><td>Bicicleta el\u00e9ctrica<\/td><td>Recorridos escolares, compras, recados urbanos<\/td><\/tr><tr><td>25\u201332 kil\u00f3metros por hora<\/td><td>Clase 2 \/ 750W<\/td><td>Entrega de carga ligera, desplazamientos suburbanos<\/td><\/tr><tr><td>32\u201345 kil\u00f3metros por hora<\/td><td>Bicicleta el\u00e9ctrica de velocidad<\/td><td>Servicios de mensajer\u00eda, entrega a larga distancia<\/td><\/tr><\/tbody><\/table><\/figure>\n\n\n\n<h2 class=\"wp-block-heading\"><strong>Consejos de Regen: C\u00f3mo ir m\u00e1s r\u00e1pido y seguro<\/strong><\/h2>\n\n\n\n<p>\u00bfQuieres aumentar la velocidad de tu bicicleta el\u00e9ctrica de carga sin salirte de los l\u00edmites de seguridad? Aqu\u00ed tienes nuestros consejos:<\/p>\n\n\n\n<ul class=\"wp-block-list\">\n<li><strong>Actualice a un motor de transmisi\u00f3n intermedia de 750 W<\/strong> si las leyes locales lo permiten<\/li>\n\n\n\n<li><strong>Utilice la asistencia del pedal de forma activa<\/strong> Para ir m\u00e1s all\u00e1 de las velocidades exclusivas del motor<\/li>\n\n\n\n<li><strong>Invierta en neum\u00e1ticos y sistemas de frenos adecuados<\/strong>\u2014especialmente con carga m\u00e1s pesada<\/li>\n\n\n\n<li><strong>Utilice una configuraci\u00f3n de carga optimizada<\/strong> (sin cajas salientes ni paneles altos)<\/li>\n\n\n\n<li><strong>No sobrecargue el portaequipajes trasero<\/strong>\u2014El equilibrio uniforme importa a velocidades m\u00e1s altas<\/li>\n<\/ul>\n\n\n\n<p>Hemos visto a los equipos de reparto aumentar la eficiencia de las rutas al <strong>35%<\/strong> simplemente optimizando la presi\u00f3n de los neum\u00e1ticos, el peso de la carga y la t\u00e9cnica de conducci\u00f3n, sin cambiar el motor en absoluto.<\/p>\n\n\n\n<hr class=\"wp-block-separator has-alpha-channel-opacity\"\/>\n\n\n\n<h2 class=\"wp-block-heading\"><strong> Conclusiones clave<\/strong><\/h2>\n\n\n\n<ul class=\"wp-block-list\">\n<li>La mayor\u00eda de las bicicletas de carga el\u00e9ctricas est\u00e1n limitadas legalmente a <strong>25\u201332 kil\u00f3metros por hora<\/strong> dependiendo de tu ubicaci\u00f3n<\/li>\n\n\n\n<li>Con la configuraci\u00f3n correcta, se pueden alcanzar velocidades de <strong>45 kil\u00f3metros por hora<\/strong> Son alcanzables, pero requieren una clasificaci\u00f3n de pedelec de velocidad<\/li>\n\n\n\n<li>Las velocidades de crucero en el mundo real suelen estar alrededor de <strong>20\u201328 kil\u00f3metros por hora<\/strong>, que equilibra la velocidad con la seguridad y el manejo.<\/li>\n\n\n\n<li>La configuraci\u00f3n de la bicicleta, la carga, el terreno e incluso el peso del ciclista influyen.<\/li>\n\n\n\n<li>En Regen, dise\u00f1amos bicicletas no para la velocidad pura, sino para <strong>Transporte seguro y eficiente que mantiene su negocio o estilo de vida en marcha sin problemas.<\/strong><\/li>\n<\/ul>\n\n\n\n<h2 class=\"wp-block-heading\"><strong>Referencias<\/strong><\/h2>\n\n\n\n<ol start=\"1\" class=\"wp-block-list\">\n<li><a href=\"https:\/\/eur-lex.europa.eu\/legal-content\/EN\/TXT\/?uri=CELEX%3A32013R0168\" target=\"_blank\" rel=\"noopener\">Reglamento (UE) n.\u00ba 168\/2013<\/a><\/li>\n\n\n\n<li><a href=\"https:\/\/www.peopleforbikes.org\/electric-bikes\/policies\" target=\"_blank\" rel=\"noopener\">PeopleForBikes \u2013 Clases de bicicletas el\u00e9ctricas<\/a><\/li>\n\n\n\n<li><a href=\"https:\/\/www.decathlon.co.uk\/p\/longtail-cargo-e-bike-r500-electric\/_\/R-p-336237\" target=\"_blank\" rel=\"noopener\">Especificaciones de la Decathlon R500E<\/a><\/li>\n\n\n\n<li><a href=\"https:\/\/cleantechnica.com\/2023\/06\/15\/lectric-xpedition-cargo-ebike-review\/\" target=\"_blank\" rel=\"noopener\">Rese\u00f1a de CleanTechnica sobre Lectric XPedition<\/a><\/li>\n\n\n\n<li><a href=\"https:\/\/www.bikeradar.com\/news\/yamaha-electric-cargo-bike\/\" target=\"_blank\" rel=\"noopener\">Lanzamiento de la bicicleta el\u00e9ctrica de carga Giant\/Yamaha<\/a><\/li>\n\n\n\n<li><a href=\"https:\/\/urbanarrow.com\" target=\"_blank\" rel=\"noopener\">Casos de uso de la flota de licitaciones de Urban Arrow<\/a><\/li>\n\n\n\n<li><a href=\"https:\/\/www.alibaba.com\/product-detail\/1000w-cargo-bike_1600780935471.html\" target=\"_blank\" rel=\"noopener\">Listado de productos Gunai GN66<\/a><\/li>\n\n\n\n<li><a href=\"https:\/\/www.r-m.de\/en-us\/models\/load-75\/\" target=\"_blank\" rel=\"noopener\">Especificaciones del Riese &amp; M\u00fcller Load 75<\/a><\/li>\n<\/ol>\n\n\n\n<hr class=\"wp-block-separator has-alpha-channel-opacity\"\/>\n\n\n\n<p><strong>\u00bfQuieres saber m\u00e1s o probar los \u00faltimos modelos longtail o trike de Regen?<\/strong><\/p>\n\n\n\n<p>Cont\u00e1ctenos en cualquier momento: nuestro equipo de ingenier\u00eda estar\u00e1 encantado de guiarlo para determinar qu\u00e9 configuraci\u00f3n de velocidad se adapta a su ruta, terreno y leyes locales.<\/p>\n\n\n\t\t<div data-elementor-type=\"section\" data-elementor-id=\"1591\" class=\"elementor elementor-1591\" data-elementor-post-type=\"elementor_library\">\n\t\t\t<div class=\"elementor-element elementor-element-8afca32 e-flex e-con-boxed e-con e-parent\" data-id=\"8afca32\" data-element_type=\"container\" data-e-type=\"container\" data-settings=\"{&quot;background_background&quot;:&quot;classic&quot;,&quot;ekit_has_onepagescroll_dot&quot;:&quot;yes&quot;}\">\n\t\t\t\t\t<div class=\"e-con-inner\">\n\t\t<div class=\"elementor-element elementor-element-24ec346 e-con-full e-flex e-con e-child\" data-id=\"24ec346\" data-element_type=\"container\" data-e-type=\"container\" data-settings=\"{&quot;background_background&quot;:&quot;classic&quot;,&quot;ekit_has_onepagescroll_dot&quot;:&quot;yes&quot;}\">\n\t\t\t\t<div class=\"elementor-element elementor-element-6b475eec elementor-absolute elementor-widget elementor-widget-image\" data-id=\"6b475eec\" data-element_type=\"widget\" data-e-type=\"widget\" data-settings=\"{&quot;_position&quot;:&quot;absolute&quot;}\" data-widget_type=\"image.default\">\n\t\t\t\t<div class=\"elementor-widget-container\">\n\t\t\t\t\t\t\t\t\t\t\t\t\t\t\t<img decoding=\"async\" width=\"800\" height=\"450\" src=\"https:\/\/regencargobikes.com\/wp-content\/uploads\/2025\/03\/RT.651.webp\" class=\"attachment-large size-large wp-image-1522\" alt=\"\" srcset=\"https:\/\/regencargobikes.com\/wp-content\/uploads\/2025\/03\/RT.651.webp 1000w, https:\/\/regencargobikes.com\/wp-content\/uploads\/2025\/03\/RT.651-300x169.webp 300w, https:\/\/regencargobikes.com\/wp-content\/uploads\/2025\/03\/RT.651-768x432.webp 768w, https:\/\/regencargobikes.com\/wp-content\/uploads\/2025\/03\/RT.651-18x10.webp 18w\" sizes=\"(max-width: 800px) 100vw, 800px\" \/>\t\t\t\t\t\t\t\t\t\t\t\t\t\t\t<\/div>\n\t\t\t\t<\/div>\n\t\t\t\t<div class=\"elementor-element elementor-element-48fc00c2 elementor-widget elementor-widget-image\" data-id=\"48fc00c2\" data-element_type=\"widget\" data-e-type=\"widget\" data-widget_type=\"image.default\">\n\t\t\t\t<div class=\"elementor-widget-container\">\n\t\t\t\t\t\t\t\t\t\t\t\t\t\t\t<img decoding=\"async\" width=\"533\" height=\"330\" src=\"https:\/\/regencargobikes.com\/wp-content\/uploads\/2025\/04\/New-1.png\" class=\"attachment-large size-large wp-image-436\" alt=\"\" srcset=\"https:\/\/regencargobikes.com\/wp-content\/uploads\/2025\/04\/New-1.png 533w, https:\/\/regencargobikes.com\/wp-content\/uploads\/2025\/04\/New-1-300x186.png 300w\" sizes=\"(max-width: 533px) 100vw, 533px\" \/>\t\t\t\t\t\t\t\t\t\t\t\t\t\t\t<\/div>\n\t\t\t\t<\/div>\n\t\t\t\t<\/div>\n\t\t<div class=\"elementor-element elementor-element-25aa7a08 e-con-full e-flex e-con e-child\" data-id=\"25aa7a08\" data-element_type=\"container\" data-e-type=\"container\" data-settings=\"{&quot;ekit_has_onepagescroll_dot&quot;:&quot;yes&quot;}\">\n\t\t\t\t<div class=\"elementor-element elementor-element-3d854eb8 elementor-widget elementor-widget-elementskit-heading\" data-id=\"3d854eb8\" data-element_type=\"widget\" data-e-type=\"widget\" data-widget_type=\"elementskit-heading.default\">\n\t\t\t\t<div class=\"elementor-widget-container\">\n\t\t\t\t\t<div class=\"ekit-wid-con\" ><div class=\"ekit-heading elementskit-section-title-wraper text_left   ekit_heading_tablet-   ekit_heading_mobile-text_center\"><p class=\"elementskit-section-subtitle\">\n\t\t\t\t\t\tSolo 20 bicicletas MOQ para comenzar \n\t\t\t\t\t<\/p><p class=\"ekit-heading--title elementskit-section-title\">Bicicleta de carga el\u00e9ctrica personalizable - RS01 <\/p>\t\t\t\t<div class='ekit-heading__description'>\n\t\t\t\t\t<p class=\"p2\">Ya sea que tengas una marca en crecimiento o una tienda de barrio, nuestras bicicletas de carga resistentes son tu puerta de entrada al floreciente mundo del reparto ecol\u00f3gico. \u00a1A rodar!<\/p>\n\t\t\t\t<\/div>\n\t\t\t<\/div><\/div>\t\t\t\t<\/div>\n\t\t\t\t<\/div>\n\t\t\t\t<div class=\"elementor-element elementor-element-137412e2 elementor-align-left elementor-align--mobilecenter elementor-widget elementor-widget-elementskit-button\" data-id=\"137412e2\" data-element_type=\"widget\" data-e-type=\"widget\" data-widget_type=\"elementskit-button.default\">\n\t\t\t\t<div class=\"elementor-widget-container\">\n\t\t\t\t\t<div class=\"ekit-wid-con\" >\t\t<div class=\"ekit-btn-wraper\">\n\t\t\t\t\t\t\t<a href=\"#elementor-action%3Aaction%3Dpopup%3Aopen%26settings%3DeyJpZCI6IjczNCIsInRvZ2dsZSI6ZmFsc2V9\" class=\"elementskit-btn  whitespace--normal\" id=\"\">\n\t\t\t\t\tSolicitar una cotizaci\u00f3n\t\t\t\t<\/a>\n\t\t\t\t\t<\/div>\n        <\/div>\t\t\t\t<\/div>\n\t\t\t\t<\/div>\n\t\t\t\t<\/div>\n\t\t\t\t\t<\/div>\n\t\t\t\t<\/div>\n\t\t\t\t<\/div>","protected":false},"excerpt":{"rendered":"<p>At Regen, we often get asked a deceptively simple question: \u201cHow fast can your electric cargo bike go?\u201d It\u2019s a fair question\u2014and an important one. Whether you\u2019re commuting, delivering goods, or riding for leisure, speed affects not just efficiency, but legality, safety, and riding comfort. So today, we\u2019re taking you behind the handlebars and into [&hellip;]<\/p>\n","protected":false},"author":2,"featured_media":1595,"comment_status":"open","ping_status":"closed","sticky":false,"template":"","format":"standard","meta":{"footnotes":""},"categories":[2,30],"tags":[],"class_list":["post-1600","post","type-post","status-publish","format-standard","has-post-thumbnail","hentry","category-knowledge","category-blog"],"_links":{"self":[{"href":"https:\/\/regencargobikes.com\/es\/wp-json\/wp\/v2\/posts\/1600","targetHints":{"allow":["GET"]}}],"collection":[{"href":"https:\/\/regencargobikes.com\/es\/wp-json\/wp\/v2\/posts"}],"about":[{"href":"https:\/\/regencargobikes.com\/es\/wp-json\/wp\/v2\/types\/post"}],"author":[{"embeddable":true,"href":"https:\/\/regencargobikes.com\/es\/wp-json\/wp\/v2\/users\/2"}],"replies":[{"embeddable":true,"href":"https:\/\/regencargobikes.com\/es\/wp-json\/wp\/v2\/comments?post=1600"}],"version-history":[{"count":2,"href":"https:\/\/regencargobikes.com\/es\/wp-json\/wp\/v2\/posts\/1600\/revisions"}],"predecessor-version":[{"id":1602,"href":"https:\/\/regencargobikes.com\/es\/wp-json\/wp\/v2\/posts\/1600\/revisions\/1602"}],"wp:featuredmedia":[{"embeddable":true,"href":"https:\/\/regencargobikes.com\/es\/wp-json\/wp\/v2\/media\/1595"}],"wp:attachment":[{"href":"https:\/\/regencargobikes.com\/es\/wp-json\/wp\/v2\/media?parent=1600"}],"wp:term":[{"taxonomy":"category","embeddable":true,"href":"https:\/\/regencargobikes.com\/es\/wp-json\/wp\/v2\/categories?post=1600"},{"taxonomy":"post_tag","embeddable":true,"href":"https:\/\/regencargobikes.com\/es\/wp-json\/wp\/v2\/tags?post=1600"}],"curies":[{"name":"wp","href":"https:\/\/api.w.org\/{rel}","templated":true}]}}