{"id":1619,"date":"2025-07-02T16:39:15","date_gmt":"2025-07-02T08:39:15","guid":{"rendered":"https:\/\/regencargobikes.com\/?p=1619"},"modified":"2025-07-02T16:40:41","modified_gmt":"2025-07-02T08:40:41","slug":"ebike-tire-size-etroto-and-psi","status":"publish","type":"post","link":"https:\/\/regencargobikes.com\/es\/ebike-tire-size-etroto-and-psi\/","title":{"rendered":"C\u00f3mo leer las especificaciones de los neum\u00e1ticos de eBike: Explicaci\u00f3n de tama\u00f1o, ETRTO y PSI"},"content":{"rendered":"<p>Elegir el neum\u00e1tico adecuado para su eBike no consiste s\u00f3lo en encontrar el tama\u00f1o que \"parece\" correcto. Implica descifrar los n\u00fameros y marcas impresos en el flanco del neum\u00e1tico, que representan el tama\u00f1o, la estructura, el rango de presi\u00f3n y las normas internacionales. Para bicicletas de carga y eBikes sometidas a cargas y terrenos variables, este conocimiento es fundamental para garantizar un rendimiento seguro, eficiente y duradero.<\/p>\n\n\n\n<p>En este art\u00edculo te lo explicamos todo:<\/p>\n\n\n\n<ul class=\"wp-block-list\">\n<li>C\u00f3mo leer el tama\u00f1o de los neum\u00e1ticos (en pulgadas o en sistema m\u00e9trico)<\/li>\n\n\n\n<li>Qu\u00e9 significan las cifras ETRTO y por qu\u00e9 son importantes<\/li>\n\n\n\n<li>Presi\u00f3n recomendada para los neum\u00e1ticos (PSI\/bar) y c\u00f3mo ajustarla<\/li>\n\n\n\n<li>Ejemplos pr\u00e1cticos de tama\u00f1os habituales de neum\u00e1ticos para eBikes y bicicletas de carga<\/li>\n<\/ul>\n\n\n\n<h2 class=\"wp-block-heading\">Por qu\u00e9 es importante saber el tama\u00f1o de los neum\u00e1ticos<\/h2>\n\n\n\n<p>Los neum\u00e1ticos son la \u00fanica parte de su eBike que toca el suelo. Si se equivoca, puede tener que enfrentarse a..:<\/p><div class=\"regen-test-placement-from-wizard-1604397851\" id=\"regen-2469006967\"><script async src=\"https:\/\/pagead2.googlesyndication.com\/pagead\/js\/adsbygoogle.js?client=ca-pub-1076230867169041\"\n     crossorigin=\"anonymous\"><\/script><\/div><div class=\"regen-test-placement-from-wizard-2878267818\" id=\"regen-2854111289\"><script async src=\"https:\/\/pagead2.googlesyndication.com\/pagead\/js\/adsbygoogle.js?client=ca-pub-1076230867169041\"\n     crossorigin=\"anonymous\"><\/script><\/div>\n\n\n\n<ul class=\"wp-block-list\">\n<li><strong>Mal rendimiento:<\/strong>\u00a0Aceleraci\u00f3n lenta, autonom\u00eda reducida<\/li>\n\n\n\n<li><strong>Peligros para la seguridad:<\/strong>\u00a0Reventones, fallo de la llanta, falta de tracci\u00f3n<\/li>\n\n\n\n<li><strong>Incompatibilidad:<\/strong>\u00a0El neum\u00e1tico no encaja en la llanta, roza el cuadro o no mantiene la presi\u00f3n de aire.<\/li>\n<\/ul>\n\n\n\n<p>Especialmente en el caso de las motos de carga, en las que el peso de la carga es mucho mayor que en las motos normales, las especificaciones de los neum\u00e1ticos afectan directamente a la capacidad de carga, la distancia de frenado y el comportamiento en carretera.<\/p>\n\n\n\n<hr class=\"wp-block-separator has-alpha-channel-opacity\"\/>\n\n\n\n<h2 class=\"wp-block-heading\">1. Dos formas de escribir los tama\u00f1os de los neum\u00e1ticos de las bicicletas el\u00e9ctricas.<\/h2>\n\n\n\n<h3 class=\"wp-block-heading\">El sistema de pulgadas (por ejemplo, 26\u00d72,0):<\/h3>\n\n\n\n<p>Este m\u00e9todo tradicional de dimensionado muestra el di\u00e1metro exterior del neum\u00e1tico y la anchura en pulgadas. Por ejemplo:<\/p>\n\n\n\n<ul class=\"wp-block-list\">\n<li><strong>26\u00d72.0<\/strong>\u00a0significa que el neum\u00e1tico tiene un di\u00e1metro exterior de 26 pulgadas y una anchura de 2,0 pulgadas.<\/li>\n\n\n\n<li><strong>27.5\u00d72.4<\/strong>\u00a0o\u00a0<strong>29\u00d72.6<\/strong>\u00a0siguen la misma l\u00f3gica.<\/li>\n<\/ul>\n\n\n\n<p>Aunque intuitivo, este sistema es incoherente entre marcas porque \"26 pulgadas\" puede no referirse al di\u00e1metro exterior exacto debido a diferencias en el asiento de la llanta y el tal\u00f3n.<\/p>\n\n\n\n<h3 class=\"wp-block-heading\">El sistema m\u00e9trico\/ETRTO (por ejemplo, 50-559):<\/h3>\n\n\n\n<p>Este sistema, creado por la Organizaci\u00f3n T\u00e9cnica Europea de Neum\u00e1ticos y Llantas (ETRTO), ofrece m\u00e1s precisi\u00f3n. Indica:<\/p>\n\n\n\n<ul class=\"wp-block-list\">\n<li><strong>Anchura del neum\u00e1tico en mil\u00edmetros<\/strong>\u00a0(primer n\u00famero)<\/li>\n\n\n\n<li><strong>Di\u00e1metro del asiento del tal\u00f3n (BSD)<\/strong>\u00a0en mil\u00edmetros (segundo n\u00famero)<\/li>\n<\/ul>\n\n\n\n<p><strong>Ejemplo:<\/strong><\/p>\n\n\n\n<ul class=\"wp-block-list\">\n<li><strong>50-559<\/strong>: 50 mm de ancho, 559 mm de di\u00e1metro de asiento del tal\u00f3n (equivalente a 26\u00d72,0)<\/li>\n\n\n\n<li><strong>55-406<\/strong>: 55 mm de ancho, 406 mm BSD (a menudo visto en bicicletas de carga de 20\u2033).<\/li>\n<\/ul>\n\n\n\n<p><strong>Por qu\u00e9 es importante la ETRTO:<\/strong><\/p>\n\n\n\n<ul class=\"wp-block-list\">\n<li>Garantiza la compatibilidad entre el neum\u00e1tico y la llanta<\/li>\n\n\n\n<li>Evita la confusi\u00f3n entre tallas de aspecto similar pero incompatibles<\/li>\n\n\n\n<li>Importante al cambiar de tipo de neum\u00e1tico (graso\/slick\/de tacos)<\/li>\n<\/ul>\n\n\n\n<p>Si vas a comprar en una tienda de bicicletas seria o en una tienda online, los n\u00fameros ETRTO te ayudar\u00e1n a evitar problemas de compatibilidad.<\/p>\n\n\n\n<figure class=\"wp-block-image size-full\"><img fetchpriority=\"high\" decoding=\"async\" width=\"800\" height=\"668\" src=\"https:\/\/regencargobikes.com\/wp-content\/uploads\/2025\/07\/ETRTO-size-markings-on-the-tire-sidewall-50-559-or-40-622-etc.-clearly-showing-width-and-BSD-diameter.webp\" alt=\"Marcas de tama\u00f1o ETRTO en el flanco del neum\u00e1tico (50-559 o 40-622, etc.) que indiquen claramente la anchura y el di\u00e1metro BSD.\" class=\"wp-image-1620\" srcset=\"https:\/\/regencargobikes.com\/wp-content\/uploads\/2025\/07\/ETRTO-size-markings-on-the-tire-sidewall-50-559-or-40-622-etc.-clearly-showing-width-and-BSD-diameter.webp 800w, https:\/\/regencargobikes.com\/wp-content\/uploads\/2025\/07\/ETRTO-size-markings-on-the-tire-sidewall-50-559-or-40-622-etc.-clearly-showing-width-and-BSD-diameter-300x251.webp 300w, https:\/\/regencargobikes.com\/wp-content\/uploads\/2025\/07\/ETRTO-size-markings-on-the-tire-sidewall-50-559-or-40-622-etc.-clearly-showing-width-and-BSD-diameter-768x641.webp 768w, https:\/\/regencargobikes.com\/wp-content\/uploads\/2025\/07\/ETRTO-size-markings-on-the-tire-sidewall-50-559-or-40-622-etc.-clearly-showing-width-and-BSD-diameter-14x12.webp 14w\" sizes=\"(max-width: 800px) 100vw, 800px\" \/><figcaption class=\"wp-element-caption\">Marcas de tama\u00f1o ETRTO en el flanco del neum\u00e1tico (50-559 o 40-622, etc.) que indiquen claramente la anchura y el di\u00e1metro BSD.<\/figcaption><\/figure>\n\n\n\n<hr class=\"wp-block-separator has-alpha-channel-opacity\"\/>\n\n\n\n<h2 class=\"wp-block-heading\">2. Tama\u00f1os habituales de neum\u00e1ticos para eBikes y bicicletas de carga (ejemplos)<\/h2>\n\n\n\n<figure class=\"wp-block-table\"><table class=\"has-fixed-layout\"><tbody><tr><th>ETRTO<\/th><th>Etiqueta en pulgadas<\/th><th>Uso t\u00edpico<\/th><\/tr><tr><td>50-559<\/td><td>26\u00d72.0<\/td><td>Uso urbano est\u00e1ndar de eBike\/MTB<\/td><\/tr><tr><td>55-406<\/td><td>20\u00d72.15<\/td><td>Rueda trasera de bicicleta de carga longtail<\/td><\/tr><tr><td>60-584<\/td><td>27.5\u00d72.4<\/td><td>Ruedas delanteras de eBike de carga de tama\u00f1o normal<\/td><\/tr><tr><td>62-203<\/td><td>12.5\u00d72.5<\/td><td>Peque\u00f1o e-trike o volante delantero<\/td><\/tr><tr><td>50-622<\/td><td>700x50C<\/td><td>eBikes urbanas de desplazamiento r\u00e1pido<\/td><\/tr><\/tbody><\/table><\/figure>\n\n\n\n<p>Conocer los sistemas de ambos tama\u00f1os ayuda a evitar desajustes a la hora de comprar repuestos o actualizaciones.<\/p>\n\n\n\n<figure class=\"wp-block-image size-full\"><img decoding=\"async\" width=\"900\" height=\"600\" src=\"https:\/\/regencargobikes.com\/wp-content\/uploads\/2025\/07\/ebike-tire-size-guide-.jpg\" alt=\"Comparaci\u00f3n del dimensionamiento de neum\u00e1ticos basado en pulgadas y m\u00e9trico\/ETRTO con anotaciones de di\u00e1metro, anchura y di\u00e1metro del asiento del tal\u00f3n.\" class=\"wp-image-1623\" srcset=\"https:\/\/regencargobikes.com\/wp-content\/uploads\/2025\/07\/ebike-tire-size-guide-.jpg 900w, https:\/\/regencargobikes.com\/wp-content\/uploads\/2025\/07\/ebike-tire-size-guide--300x200.jpg 300w, https:\/\/regencargobikes.com\/wp-content\/uploads\/2025\/07\/ebike-tire-size-guide--768x512.jpg 768w, https:\/\/regencargobikes.com\/wp-content\/uploads\/2025\/07\/ebike-tire-size-guide--18x12.jpg 18w\" sizes=\"(max-width: 900px) 100vw, 900px\" \/><figcaption class=\"wp-element-caption\"><br><br>Comparaci\u00f3n del dimensionamiento de neum\u00e1ticos basado en pulgadas y m\u00e9trico\/ETRTO con anotaciones de di\u00e1metro, anchura y di\u00e1metro del asiento del tal\u00f3n.<\/figcaption><\/figure>\n\n\n\t\t<div data-elementor-type=\"section\" data-elementor-id=\"1591\" class=\"elementor elementor-1591\" data-elementor-post-type=\"elementor_library\">\n\t\t\t<div class=\"elementor-element elementor-element-8afca32 e-flex e-con-boxed e-con e-parent\" data-id=\"8afca32\" data-element_type=\"container\" data-e-type=\"container\" data-settings=\"{&quot;background_background&quot;:&quot;classic&quot;,&quot;ekit_has_onepagescroll_dot&quot;:&quot;yes&quot;}\">\n\t\t\t\t\t<div class=\"e-con-inner\">\n\t\t<div class=\"elementor-element elementor-element-24ec346 e-con-full e-flex e-con e-child\" data-id=\"24ec346\" data-element_type=\"container\" data-e-type=\"container\" data-settings=\"{&quot;background_background&quot;:&quot;classic&quot;,&quot;ekit_has_onepagescroll_dot&quot;:&quot;yes&quot;}\">\n\t\t\t\t<div class=\"elementor-element elementor-element-6b475eec elementor-absolute elementor-widget elementor-widget-image\" data-id=\"6b475eec\" data-element_type=\"widget\" data-e-type=\"widget\" data-settings=\"{&quot;_position&quot;:&quot;absolute&quot;}\" data-widget_type=\"image.default\">\n\t\t\t\t<div class=\"elementor-widget-container\">\n\t\t\t\t\t\t\t\t\t\t\t\t\t\t\t<img decoding=\"async\" width=\"800\" height=\"450\" src=\"https:\/\/regencargobikes.com\/wp-content\/uploads\/2025\/03\/RT.651.webp\" class=\"attachment-large size-large wp-image-1522\" alt=\"\" srcset=\"https:\/\/regencargobikes.com\/wp-content\/uploads\/2025\/03\/RT.651.webp 1000w, https:\/\/regencargobikes.com\/wp-content\/uploads\/2025\/03\/RT.651-300x169.webp 300w, https:\/\/regencargobikes.com\/wp-content\/uploads\/2025\/03\/RT.651-768x432.webp 768w, https:\/\/regencargobikes.com\/wp-content\/uploads\/2025\/03\/RT.651-18x10.webp 18w\" sizes=\"(max-width: 800px) 100vw, 800px\" \/>\t\t\t\t\t\t\t\t\t\t\t\t\t\t\t<\/div>\n\t\t\t\t<\/div>\n\t\t\t\t<div class=\"elementor-element elementor-element-48fc00c2 elementor-widget elementor-widget-image\" data-id=\"48fc00c2\" data-element_type=\"widget\" data-e-type=\"widget\" data-widget_type=\"image.default\">\n\t\t\t\t<div class=\"elementor-widget-container\">\n\t\t\t\t\t\t\t\t\t\t\t\t\t\t\t<img loading=\"lazy\" decoding=\"async\" width=\"533\" height=\"330\" src=\"https:\/\/regencargobikes.com\/wp-content\/uploads\/2025\/04\/New-1.png\" class=\"attachment-large size-large wp-image-436\" alt=\"\" srcset=\"https:\/\/regencargobikes.com\/wp-content\/uploads\/2025\/04\/New-1.png 533w, https:\/\/regencargobikes.com\/wp-content\/uploads\/2025\/04\/New-1-300x186.png 300w\" sizes=\"(max-width: 533px) 100vw, 533px\" \/>\t\t\t\t\t\t\t\t\t\t\t\t\t\t\t<\/div>\n\t\t\t\t<\/div>\n\t\t\t\t<\/div>\n\t\t<div class=\"elementor-element elementor-element-25aa7a08 e-con-full e-flex e-con e-child\" data-id=\"25aa7a08\" data-element_type=\"container\" data-e-type=\"container\" data-settings=\"{&quot;ekit_has_onepagescroll_dot&quot;:&quot;yes&quot;}\">\n\t\t\t\t<div class=\"elementor-element elementor-element-3d854eb8 elementor-widget elementor-widget-elementskit-heading\" data-id=\"3d854eb8\" data-element_type=\"widget\" data-e-type=\"widget\" data-widget_type=\"elementskit-heading.default\">\n\t\t\t\t<div class=\"elementor-widget-container\">\n\t\t\t\t\t<div class=\"ekit-wid-con\" ><div class=\"ekit-heading elementskit-section-title-wraper text_left   ekit_heading_tablet-   ekit_heading_mobile-text_center\"><p class=\"elementskit-section-subtitle\">\n\t\t\t\t\t\tSolo 20 bicicletas MOQ para comenzar \n\t\t\t\t\t<\/p><p class=\"ekit-heading--title elementskit-section-title\">Bicicleta de carga el\u00e9ctrica personalizable - RS01 <\/p>\t\t\t\t<div class='ekit-heading__description'>\n\t\t\t\t\t<p class=\"p2\">Ya sea que tengas una marca en crecimiento o una tienda de barrio, nuestras bicicletas de carga resistentes son tu puerta de entrada al floreciente mundo del reparto ecol\u00f3gico. \u00a1A rodar!<\/p>\n\t\t\t\t<\/div>\n\t\t\t<\/div><\/div>\t\t\t\t<\/div>\n\t\t\t\t<\/div>\n\t\t\t\t<div class=\"elementor-element elementor-element-137412e2 elementor-align-left elementor-align--mobilecenter elementor-widget elementor-widget-elementskit-button\" data-id=\"137412e2\" data-element_type=\"widget\" data-e-type=\"widget\" data-widget_type=\"elementskit-button.default\">\n\t\t\t\t<div class=\"elementor-widget-container\">\n\t\t\t\t\t<div class=\"ekit-wid-con\" >\t\t<div class=\"ekit-btn-wraper\">\n\t\t\t\t\t\t\t<a href=\"#elementor-action%3Aaction%3Dpopup%3Aopen%26settings%3DeyJpZCI6IjczNCIsInRvZ2dsZSI6ZmFsc2V9\" class=\"elementskit-btn  whitespace--normal\" id=\"\">\n\t\t\t\t\tSolicitar una cotizaci\u00f3n\t\t\t\t<\/a>\n\t\t\t\t\t<\/div>\n        <\/div>\t\t\t\t<\/div>\n\t\t\t\t<\/div>\n\t\t\t\t<\/div>\n\t\t\t\t\t<\/div>\n\t\t\t\t<\/div>\n\t\t\t\t<\/div>\n\t\t\n\n\n\n<hr class=\"wp-block-separator has-alpha-channel-opacity\"\/>\n\n\n\n<h2 class=\"wp-block-heading\">3. Entendiendo PSI y Bar: Explicaci\u00f3n de la presi\u00f3n de los neum\u00e1ticos<\/h2>\n\n\n\n<p>PSI significa&nbsp;<strong>Libras por pulgada cuadrada<\/strong>. Indica cu\u00e1nta presi\u00f3n de aire puede soportar el neum\u00e1tico de forma segura.<\/p>\n\n\n\n<p>Demasiado bajo:<\/p>\n\n\n\n<ul class=\"wp-block-list\">\n<li>El neum\u00e1tico puede sentirse blando y flojo<\/li>\n\n\n\n<li>Mayor riesgo de pinchazos (la llanta toca el suelo)<\/li>\n\n\n\n<li>Aumenta la resistencia a la rodadura<\/li>\n<\/ul>\n\n\n\n<p>Demasiado alto:<\/p>\n\n\n\n<ul class=\"wp-block-list\">\n<li>Paseo duro<\/li>\n\n\n\n<li>Agarre reducido<\/li>\n\n\n\n<li>Riesgo de revent\u00f3n bajo carga pesada o calor<\/li>\n<\/ul>\n\n\n\n<h3 class=\"wp-block-heading\">D\u00f3nde encontrar PSI<\/h3>\n\n\n\n<p>El flanco de tu neum\u00e1tico mostrar\u00e1 un rango:<\/p>\n\n\n\n<blockquote class=\"wp-block-quote is-layout-flow wp-block-quote-is-layout-flow\">\n<p><strong>\"Inflar a 45-65 PSI\"<\/strong>&nbsp;o&nbsp;<strong>\"M\u00edn 2,5 bar \/ M\u00e1x 4,5 bar\"<\/strong>&nbsp;(equivalente m\u00e9trico)<\/p>\n<\/blockquote>\n\n\n\n<figure class=\"wp-block-image size-large\"><img loading=\"lazy\" decoding=\"async\" width=\"1024\" height=\"768\" src=\"https:\/\/regencargobikes.com\/wp-content\/uploads\/2025\/07\/Tire-pressure-range-display-e.g.-65\u201385-PSI-1024x768.webp\" alt=\"Indicaci\u00f3n del intervalo de presi\u00f3n de los neum\u00e1ticos (por ejemplo, 65-85 PSI)\" class=\"wp-image-1621\" srcset=\"https:\/\/regencargobikes.com\/wp-content\/uploads\/2025\/07\/Tire-pressure-range-display-e.g.-65\u201385-PSI-1024x768.webp 1024w, https:\/\/regencargobikes.com\/wp-content\/uploads\/2025\/07\/Tire-pressure-range-display-e.g.-65\u201385-PSI-300x225.webp 300w, https:\/\/regencargobikes.com\/wp-content\/uploads\/2025\/07\/Tire-pressure-range-display-e.g.-65\u201385-PSI-768x576.webp 768w, https:\/\/regencargobikes.com\/wp-content\/uploads\/2025\/07\/Tire-pressure-range-display-e.g.-65\u201385-PSI-16x12.webp 16w, https:\/\/regencargobikes.com\/wp-content\/uploads\/2025\/07\/Tire-pressure-range-display-e.g.-65\u201385-PSI.webp 1536w\" sizes=\"(max-width: 1024px) 100vw, 1024px\" \/><figcaption class=\"wp-element-caption\">Indicaci\u00f3n del intervalo de presi\u00f3n de los neum\u00e1ticos (por ejemplo, 65-85 PSI)<\/figcaption><\/figure>\n\n\n\n<h3 class=\"wp-block-heading\">\u00bfCu\u00e1ntos PSI necesita realmente?<\/h3>\n\n\n\n<p>Eso depende:<\/p>\n\n\n\n<ul class=\"wp-block-list\">\n<li><strong>Peso del piloto + carga<\/strong>: Las cargas m\u00e1s pesadas necesitan mayor PSI<\/li>\n\n\n\n<li><strong>Anchura del neum\u00e1tico<\/strong>: Los neum\u00e1ticos m\u00e1s anchos pueden usar menos presi\u00f3n con seguridad<\/li>\n\n\n\n<li><strong>Terreno<\/strong>: Un PSI m\u00e1s bajo mejora el agarre en terreno suelto; un PSI m\u00e1s alto rueda mejor en asfalto<\/li>\n\n\n\n<li><strong>Tiempo<\/strong>: El fr\u00edo reduce la presi\u00f3n interna<\/li>\n<\/ul>\n\n\n\n<p><strong>Gu\u00eda r\u00e1pida (aproximada)<\/strong><\/p>\n\n\n\n<figure class=\"wp-block-table\"><table class=\"has-fixed-layout\"><tbody><tr><td>Tama\u00f1o del neum\u00e1tico<\/td><td>Tipo de carga<\/td><td>PSI recomendada<\/td><\/tr><tr><td>20\u00d72.15<\/td><td>Ligero\/Medio<\/td><td>45-60 PSI<\/td><\/tr><tr><td>26\u00d72.0<\/td><td>Medio\/Pesado<\/td><td>50-70 PSI<\/td><\/tr><tr><td>27.5\u00d72.4<\/td><td>Carga<\/td><td>55-80 PSI<\/td><\/tr><\/tbody><\/table><\/figure>\n\n\n\n<p>Compruebe siempre el valor m\u00e1ximo en el flanco y utilice un calibre de calidad.<\/p>\n\n\n\n<hr class=\"wp-block-separator has-alpha-channel-opacity\"\/>\n\n\n\n<h2 class=\"wp-block-heading\">4. Bonificaci\u00f3n: D\u00f3nde encontrar estos n\u00fameros<\/h2>\n\n\n\n<p>Las especificaciones del neum\u00e1tico est\u00e1n moldeadas en la goma del flanco. Busque texto como:<\/p>\n\n\n\n<ul class=\"wp-block-list\">\n<li><strong>ETRTO<\/strong>por ejemplo, 55-559<\/li>\n\n\n\n<li><strong>Tama\u00f1o en pulgadas<\/strong>: por ejemplo, 26\u00d72,0<\/li>\n\n\n\n<li><strong>Rango PSI<\/strong>Inflado a 35-65 PSI<\/li>\n\n\n\n<li><strong>Marca\/modelo<\/strong>: por ejemplo, Schwalbe Marathon Plus<\/li>\n<\/ul>\n\n\n\n<figure class=\"wp-block-image size-large\"><img loading=\"lazy\" decoding=\"async\" width=\"1024\" height=\"457\" src=\"https:\/\/regencargobikes.com\/wp-content\/uploads\/2025\/07\/Tire-sidewall-graphics-with-50\u201175PSI-indication-1024x457.webp\" alt=\"Gr\u00e1ficos en el flanco del neum\u00e1tico con indicaci\u00f3n de 50-75PSI\" class=\"wp-image-1622\" srcset=\"https:\/\/regencargobikes.com\/wp-content\/uploads\/2025\/07\/Tire-sidewall-graphics-with-50\u201175PSI-indication-1024x457.webp 1024w, https:\/\/regencargobikes.com\/wp-content\/uploads\/2025\/07\/Tire-sidewall-graphics-with-50\u201175PSI-indication-300x134.webp 300w, https:\/\/regencargobikes.com\/wp-content\/uploads\/2025\/07\/Tire-sidewall-graphics-with-50\u201175PSI-indication-768x343.webp 768w, https:\/\/regencargobikes.com\/wp-content\/uploads\/2025\/07\/Tire-sidewall-graphics-with-50\u201175PSI-indication-1536x686.webp 1536w, https:\/\/regencargobikes.com\/wp-content\/uploads\/2025\/07\/Tire-sidewall-graphics-with-50\u201175PSI-indication-18x8.webp 18w, https:\/\/regencargobikes.com\/wp-content\/uploads\/2025\/07\/Tire-sidewall-graphics-with-50\u201175PSI-indication.webp 1836w\" sizes=\"(max-width: 1024px) 100vw, 1024px\" \/><figcaption class=\"wp-element-caption\">Gr\u00e1ficos en el flanco del neum\u00e1tico con indicaci\u00f3n de 50-75PSI<\/figcaption><\/figure>\n\n\n\n<hr class=\"wp-block-separator has-alpha-channel-opacity\"\/>\n\n\n\n<h2 class=\"wp-block-heading\">Por qu\u00e9 es importante para las bicicletas de carga<\/h2>\n\n\n\n<p>Las eBikes de carga suelen soportar m\u00e1s de 100 kg, incluyendo al conductor, la caja de carga y la carga. Ese peso adicional hace que la precisi\u00f3n de los neum\u00e1ticos sea esencial:<\/p>\n\n\n\n<ul class=\"wp-block-list\">\n<li><strong>Anchura del neum\u00e1tico<\/strong>\u00a0afecta a la comodidad y la estabilidad<\/li>\n\n\n\n<li><strong>Di\u00e1metro del asiento del tal\u00f3n<\/strong>\u00a0garantiza un ajuste adecuado<\/li>\n\n\n\n<li><strong>PSI<\/strong>\u00a0afecta a la eficiencia de la rodadura y a la tensi\u00f3n del motor<\/li>\n<\/ul>\n\n\n\n<p>Hemos visto flotas de reparto en el \u00faltimo kil\u00f3metro perder una vida \u00fatil de los neum\u00e1ticos de 40% simplemente porque llevaban los neum\u00e1ticos poco inflados.<\/p>\n\n\n\n<p>No adivine: mida, compruebe el ETRTO y controle el PSI semanalmente.<\/p>\n\n\n\n<h2 class=\"wp-block-heading\">Conclusi\u00f3n<\/h2>\n\n\n\n<p>Lectura de su eBike o<a href=\"https:\/\/regencargobikes.com\/es\/rs01-e-cargo-bike\/\"> bicicleta de carga<\/a> Las especificaciones de los neum\u00e1ticos son una habilidad fundamental que puede evitarle costosos errores y condiciones de conducci\u00f3n inseguras. Comprender los sistemas basados en pulgadas y ETRTO, y gestionar sabiamente el PSI, garantiza la compatibilidad, la comodidad y un rendimiento \u00f3ptimo.<\/p>\n\n\n\n<p>\u00bfNecesita ayuda para elegir neum\u00e1ticos para un modelo espec\u00edfico de eBike o una configuraci\u00f3n de carga? En <a href=\"https:\/\/regencargobikes.com\/es\/about\/\" data-type=\"page\" data-id=\"171\">Regen<\/a> equipo est\u00e1 aqu\u00ed para ayudar-<a href=\"https:\/\/regencargobikes.com\/es\/contact\/\" data-type=\"page\" data-id=\"177\">contacte con nosotros<\/a> para recomendaciones personalizadas y apoyo a la coincidencia de componentes.<\/p>\n\n\n\n<hr class=\"wp-block-separator has-alpha-channel-opacity\"\/>\n\n\n\n<p><strong>Descargo de responsabilidad de derechos de autor de las im\u00e1genes<\/strong><\/p>\n\n\n\n<p>Algunas im\u00e1genes utilizadas en este sitio web\/art\u00edculo provienen de internet y tienen fines exclusivamente ilustrativos y educativos para facilitar la comprensi\u00f3n del contenido. Respetamos los derechos de propiedad intelectual de los creadores originales y nos esforzamos por citar las fuentes cuando corresponda.<\/p>\n\n\n\n<p>Si usted es el propietario leg\u00edtimo de cualquier imagen que se muestra aqu\u00ed y cree que su uso constituye una infracci\u00f3n de los derechos de autor, comun\u00edquese con nosotros en <strong>info@regencargobikes.com<\/strong>Tras la verificaci\u00f3n, eliminaremos la imagen de inmediato o proporcionaremos la atribuci\u00f3n correspondiente.<\/p>\n\n\n\n<p>Gracias por su comprensi\u00f3n.<\/p>\n\n\n\n<p>\u00a9<a href=\"https:\/\/regencargobikes.com\/es\/\" data-type=\"page\" data-id=\"10\"> Regen Technology Co., Ltd.<\/a><\/p>","protected":false},"excerpt":{"rendered":"<p>Choosing the right tire for your eBike isn\u2019t just about finding the right size that &#8220;looks&#8221; about right. It involves decoding the numbers and markings printed on the sidewall of the tire, which represent size, structure, pressure range, and international standards. For cargo bikes and eBikes under varying loads and terrain, this knowledge is critical [&hellip;]<\/p>\n","protected":false},"author":2,"featured_media":1623,"comment_status":"open","ping_status":"closed","sticky":false,"template":"","format":"standard","meta":{"footnotes":""},"categories":[2],"tags":[64,48],"class_list":["post-1619","post","type-post","status-publish","format-standard","has-post-thumbnail","hentry","category-knowledge","tag-bike-tire","tag-e-bike"],"_links":{"self":[{"href":"https:\/\/regencargobikes.com\/es\/wp-json\/wp\/v2\/posts\/1619","targetHints":{"allow":["GET"]}}],"collection":[{"href":"https:\/\/regencargobikes.com\/es\/wp-json\/wp\/v2\/posts"}],"about":[{"href":"https:\/\/regencargobikes.com\/es\/wp-json\/wp\/v2\/types\/post"}],"author":[{"embeddable":true,"href":"https:\/\/regencargobikes.com\/es\/wp-json\/wp\/v2\/users\/2"}],"replies":[{"embeddable":true,"href":"https:\/\/regencargobikes.com\/es\/wp-json\/wp\/v2\/comments?post=1619"}],"version-history":[{"count":2,"href":"https:\/\/regencargobikes.com\/es\/wp-json\/wp\/v2\/posts\/1619\/revisions"}],"predecessor-version":[{"id":1626,"href":"https:\/\/regencargobikes.com\/es\/wp-json\/wp\/v2\/posts\/1619\/revisions\/1626"}],"wp:featuredmedia":[{"embeddable":true,"href":"https:\/\/regencargobikes.com\/es\/wp-json\/wp\/v2\/media\/1623"}],"wp:attachment":[{"href":"https:\/\/regencargobikes.com\/es\/wp-json\/wp\/v2\/media?parent=1619"}],"wp:term":[{"taxonomy":"category","embeddable":true,"href":"https:\/\/regencargobikes.com\/es\/wp-json\/wp\/v2\/categories?post=1619"},{"taxonomy":"post_tag","embeddable":true,"href":"https:\/\/regencargobikes.com\/es\/wp-json\/wp\/v2\/tags?post=1619"}],"curies":[{"name":"wp","href":"https:\/\/api.w.org\/{rel}","templated":true}]}}