{"id":1739,"date":"2025-07-17T17:23:16","date_gmt":"2025-07-17T09:23:16","guid":{"rendered":"https:\/\/regencargobikes.com\/?p=1739"},"modified":"2025-07-17T17:23:19","modified_gmt":"2025-07-17T09:23:19","slug":"cargo-bike-front-light-guide","status":"publish","type":"post","link":"https:\/\/regencargobikes.com\/es\/cargo-bike-front-light-guide\/","title":{"rendered":"Gu\u00eda de luces delanteras para Cargo Bike: Brillo, color y seguridad explicados"},"content":{"rendered":"<p>En Regen, donde dise\u00f1amos y fabricamos sistemas completos de bicicletas de carga para familias y flotas, a menudo nos preguntan por la iluminaci\u00f3n delantera, sobre todo cuando los ciclistas empiezan a desplazarse al anochecer, a recorrer callejones urbanos con poca luz o a hacer entregas en rutas rurales m\u00e1s oscuras. La iluminaci\u00f3n no es s\u00f3lo una cuesti\u00f3n de visibilidad, sino tambi\u00e9n de legalidad vial, seguridad del ciclista e incluso eficiencia de la bater\u00eda.<\/p>\n\n\n\n<p>En esta gu\u00eda, respondemos a las preguntas m\u00e1s habituales sobre las luces delanteras para bicicletas de carga, desde cu\u00e1ntos l\u00famenes necesitas realmente hasta si 4000 l\u00famenes es excesivo, todo ello respaldado por normas y casos de uso reales.<\/p>\n\n\n\n<h2 class=\"wp-block-heading\"><strong><font style=\"vertical-align: inherit;\"><font style=\"vertical-align: inherit;\"><strong>\u00bfQu\u00e9 es una luz delantera en una bicicleta de carga?<\/strong><\/font><\/font><\/strong><\/h2>\n\n\n\n<p>A <strong>luz delantera cargo bike<\/strong> es un dispositivo de iluminaci\u00f3n orientado hacia delante que se monta en el manillar, la corona de la horquilla o el portaequipajes. Est\u00e1 dise\u00f1ado para:<\/p><div class=\"regen-test-placement-from-wizard-1604397851\" id=\"regen-520880072\"><script async src=\"https:\/\/pagead2.googlesyndication.com\/pagead\/js\/adsbygoogle.js?client=ca-pub-1076230867169041\"\n     crossorigin=\"anonymous\"><\/script><\/div><div class=\"regen-test-placement-from-wizard-2878267818\" id=\"regen-3841076649\"><script async src=\"https:\/\/pagead2.googlesyndication.com\/pagead\/js\/adsbygoogle.js?client=ca-pub-1076230867169041\"\n     crossorigin=\"anonymous\"><\/script><\/div>\n\n\n\n<ul class=\"wp-block-list\">\n<li><strong>Iluminaci\u00f3n activa<\/strong> (para iluminar el camino del jinete)<\/li>\n\n\n\n<li><strong>Visibilidad pasiva<\/strong> (para alertar a los dem\u00e1s de tu presencia)<\/li>\n<\/ul>\n\n\n\n<p>A diferencia de las bicicletas de paseo b\u00e1sicas, las bicicletas de carga pueden transportar pasajeros o mercanc\u00edas, y a menudo funcionan con cargas y velocidades m\u00e1s elevadas. Esto hace que una iluminaci\u00f3n frontal fiable no s\u00f3lo sea \u00fatil, sino esencial para <strong>legalidad vial y seguridad de los motoristas<\/strong>.<\/p>\n\n\n\n<figure class=\"wp-block-table\"><table class=\"has-fixed-layout\"><thead><tr><th><strong>Factor<\/strong><\/th><th><strong>Uso urbano<\/strong><\/th><th><strong>Uso rural o sendero<\/strong><\/th><th><strong>Bicicletas de carga<\/strong><\/th><\/tr><\/thead><tbody><tr><td><strong>L\u00famenes<\/strong><\/td><td>300-500<\/td><td>800-2000+<\/td><td>500-1500<\/td><\/tr><tr><td><strong>Patr\u00f3n del haz<\/strong><\/td><td>Ancho, corto<\/td><td>Largo y concentrado<\/td><td>Ancho + medio<\/td><\/tr><tr><td><strong>Montaje<\/strong><\/td><td>Manillar<\/td><td>Horquilla \/ Casco<\/td><td>En horquilla o integrado en el bastidor<\/td><\/tr><tr><td><strong>Tipo de bater\u00eda<\/strong><\/td><td>USB recargable<\/td><td>Mochila externa de gran capacidad<\/td><td>Integrado con la bater\u00eda principal (para bicicletas el\u00e9ctricas)<\/td><\/tr><\/tbody><\/table><\/figure>\n\n\n\n<p>Para las bicicletas de carga, recomendamos un <strong>haz gran angular<\/strong> que ilumina tanto la carretera como los laterales, especialmente con un cuadro delantero largo que puede proyectar sombras. Las luces integradas que se alimentan de la bater\u00eda principal de la e-bike ofrecen fiabilidad y comodidad.<\/p>\n\n\n\n<h2 class=\"wp-block-heading\"><strong>\u00bfEs realmente necesaria una luz delantera en una bicicleta?<\/strong><\/h2>\n\n\n\n<p>S\u00ed, tanto desde el punto de vista legal como pr\u00e1ctico, una luz delantera es esencial.<\/p>\n\n\n\n<ul class=\"wp-block-list\">\n<li><a href=\"https:\/\/regencargobikes.com\/es\/cargo-bike-safety-standard-en-17860\/\" data-type=\"post\" data-id=\"416\"><strong>Requisitos legales<\/strong>: En la mayor\u00eda de los pa\u00edses de la UE y en el Reino Unido, es obligatorio llevar una luz delantera blanca cuando se circula de noche o en condiciones de baja visibilidad (se aplican la norma EN 15194 y los c\u00f3digos de circulaci\u00f3n locales).<\/a><\/li>\n\n\n\n<li><strong>Necesidad pr\u00e1ctica<\/strong>: Permite que otros usuarios de la carretera te vean y te ayuda a ver la carretera por delante, especialmente baches, bordillos o escombros, algo especialmente importante en una bicicleta de carga cargada.<\/li>\n<\/ul>\n\n\n\n<blockquote class=\"wp-block-quote is-layout-flow wp-block-quote-is-layout-flow\">\n<p><strong>Caso real<\/strong>: Los repartidores urbanos suelen informar de que, sin una luz delantera adecuada, la visibilidad disminuye en m\u00e1s de 50% tras la puesta de sol, incluso en calles bien iluminadas.<\/p>\n\n\n\n<h2 class=\"wp-block-heading\"><strong>\u00bfEs necesaria una luz delantera en una bicicleta de carga?<\/strong><\/h2>\n\n\n\n<p>S\u00ed, en la mayor\u00eda de los pa\u00edses europeos y en el Reino Unido, <strong>las luces delanteras son obligatorias por ley<\/strong> para bicicletas utilizadas de noche o con poca visibilidad.<\/p>\n\n\n\n<p>Seg\u00fan <strong>Normativa europea EN 15194<\/strong> (para bicicletas de pedaleo asistido el\u00e9ctricamente):<\/p>\n\n\n\n<ul class=\"wp-block-list\">\n<li>A <strong>luz delantera blanca o amarilla selectiva<\/strong> debe estar instalado.<\/li>\n\n\n\n<li>La luz debe ser visible desde al menos <strong>100 metros<\/strong>.<\/li>\n\n\n\n<li>Para su homologaci\u00f3n en carretera, el haz luminoso no debe deslumbrar a los dem\u00e1s usuarios de la v\u00eda p\u00fablica (haz de cruce).<\/li>\n<\/ul>\n\n\n\n<p>En Alemania, el <strong>StVZO (Stra\u00dfenverkehrs-Zulassungs-Ordnung)<\/strong> exige una conformaci\u00f3n del haz, un brillo y una estabilidad de la fuente de alimentaci\u00f3n espec\u00edficos, especialmente para las bicicletas el\u00e9ctricas.<\/p>\n<\/blockquote>\n\n\n\n<h2 class=\"wp-block-heading\"><strong>\u00bfDe qu\u00e9 color debe ser la luz delantera de una bicicleta?<\/strong><\/h2>\n\n\n\n<p>El <strong>color correcto para una luz delantera<\/strong> es:<\/p>\n\n\n\n<p><strong>Amarillo selectivo<\/strong> (menos com\u00fan, se utiliza en condiciones de niebla o bajo contraste)<\/p>\n\n\n\n<p><strong>Blanco<\/strong> (m\u00e1s com\u00fan y legal en todas las regiones)<\/p>\n\n\n\n<p>Las normativas de la UE y del Reino Unido (EN 15194, StVZO en Alemania, Road Vehicles Lighting Regulations en el Reino Unido) especifican que la luz delantera debe emitir una luz fija o intermitente. <strong>rayo blanco<\/strong>.<\/p>\n\n\n\n<blockquote class=\"wp-block-quote is-layout-flow wp-block-quote-is-layout-flow\">\n<p><strong>Importante<\/strong>: Las luces azules o de colores en la parte delantera suelen ser ilegales y pueden confundirse con veh\u00edculos de emergencia o causar problemas de visibilidad a otros usuarios de la carretera.<\/p>\n<\/blockquote>\n\n\n\n<p><strong>Consejo<\/strong>: Las luces de color blanco c\u00e1lido (temperatura de color 4000-5000K) son m\u00e1s c\u00f3modas para la conducci\u00f3n nocturna en comparaci\u00f3n con los LED de tonos azules intensos.<\/p>\n\n\n\n<h2 class=\"wp-block-heading\"><strong>\u00bfCu\u00e1ntos l\u00famenes debe tener una luz delantera de bicicleta?<\/strong><\/h2>\n\n\n\n<p><br>La luminosidad se mide en <strong>l\u00famenes<\/strong>que cuantifican la cantidad total de luz visible emitida.<\/p>\n\n\n\n<figure class=\"wp-block-table\"><table class=\"has-fixed-layout\"><thead><tr><th><strong>Situaci\u00f3n de conducci\u00f3n<\/strong><\/th><th><strong>L\u00famenes m\u00ednimos recomendados<\/strong><\/th><\/tr><\/thead><tbody><tr><td>Visibilidad diurna (modo intermitente)<\/td><td>200-300 l\u00famenes<\/td><\/tr><tr><td>Circular de noche por la ciudad<\/td><td>400-600 l\u00famenes<\/td><\/tr><tr><td>Carreteras rurales o sin alumbrado<\/td><td>800-1500 l\u00famenes<\/td><\/tr><tr><td>Descenso a alta velocidad \/ carga pesada<\/td><td>1500-2000+ l\u00famenes<\/td><\/tr><\/tbody><\/table><\/figure>\n\n\n\n<p>Para <strong>bicicletas de carga<\/strong>Por lo general, recomendamos <strong>600-1200 l\u00famenes<\/strong>en funci\u00f3n de:<\/p>\n\n\n\n<ul class=\"wp-block-list\">\n<li>Si conduces de noche<\/li>\n\n\n\n<li>Condiciones de iluminaci\u00f3n de las carreteras<\/li>\n\n\n\n<li>Velocidad y peso de la carga (que afectan al tiempo de parada)<\/li>\n<\/ul>\n\n\n\n<p><strong>Consejo profesional<\/strong>: Elige una luz con brillo regulable (por ejemplo, bajo-medio-alto) para equilibrar el consumo de energ\u00eda y la visibilidad.<\/p>\n\n\n\n<h2 class=\"wp-block-heading\"><strong>\u00bf1000 \/ 3000 \/ 4000 l\u00famenes son demasiados para una luz de bicicleta?<\/strong><\/h2>\n\n\n\n<p>Depende, pero s\u00ed <em>puede ser<\/em> demasiado brillante en algunas condiciones.<\/p>\n\n\n\n<figure class=\"wp-block-table\"><table class=\"has-fixed-layout\"><thead><tr><th><strong>Nivel de lumen<\/strong><\/th><th><strong>Caso de uso<\/strong><\/th><th><strong>\u00bfDemasiado brillante?<\/strong><\/th><\/tr><\/thead><tbody><tr><td><strong>1000 l\u00famenes<\/strong><\/td><td>Excelente para bicicletas de carga y uso general<\/td><td>\u2705 Seguro e ideal<\/td><\/tr><tr><td><strong>3000 l\u00famenes<\/strong><\/td><td>Adecuado para todoterrenos o zonas muy oscuras<\/td><td>\u26a0\ufe0f Riesgo de deslumbrar a los dem\u00e1s<\/td><\/tr><tr><td><strong>M\u00e1s de 4000 l\u00famenes<\/strong><\/td><td>Brillo extremo; uso MTB o trail<\/td><td>\ud83d\udeab Excesivo para el uso en carretera.<\/td><\/tr><\/tbody><\/table><\/figure>\n\n\n\n<p><strong>Por qu\u00e9 el brillo excesivo puede ser un problema:<\/strong><\/p>\n\n\n\n<ul class=\"wp-block-list\">\n<li>Deslumbra a los ciclistas o conductores que circulan en sentido contrario<\/li>\n\n\n\n<li>Puede infringir las normas legales en lugares como Alemania (las luces que cumplen la normativa StVZO limitan la intensidad del haz).<\/li>\n\n\n\n<li>Desperdicia energ\u00eda: agota m\u00e1s r\u00e1pido la bater\u00eda de la e-bike o el paquete de luz externo.<\/li>\n<\/ul>\n\n\n\n<p><strong>Soluci\u00f3n<\/strong>: Busque luces con lentes antideslumbrantes o un haz de corte: dirigen la luz hacia abajo, iluminando la carretera sin deslumbrar a los dem\u00e1s.<\/p>\n\n\n\n<h2 class=\"wp-block-heading\"><strong>Tipos de <a href=\"https:\/\/regencargobikes.com\/es\/what-is-a-cargo-bike\/\" data-type=\"post\" data-id=\"1179\">Bicicleta de carga<\/a> Luces delanteras por fuente de alimentaci\u00f3n<\/strong><\/h2>\n\n\n\n<figure class=\"wp-block-table\"><table class=\"has-fixed-layout\"><thead><tr><th><strong>Tipo<\/strong><\/th><th><strong>Descripci\u00f3n<\/strong><\/th><th><strong>Adecuado para<\/strong><\/th><\/tr><\/thead><tbody><tr><td><strong>Funciona con pilas<\/strong><\/td><td>Pila de iones de litio integrada, recargable por USB<\/td><td>Montajes ligeros, uso urbano ocasional<\/td><\/tr><tr><td><strong>Dinamo<\/strong><\/td><td>Alimentaci\u00f3n por concentrador, eficiencia energ\u00e9tica, autonom\u00eda infinita<\/td><td>Bicicletas utilitarias, sin necesidad de recarga<\/td><\/tr><tr><td><strong>Sistema de bicicleta el\u00e9ctrica<\/strong><\/td><td>Conectado a la bater\u00eda principal de la e-bike a trav\u00e9s del controlador<\/td><td>La mayor\u00eda de las bicicletas de carga modernas con bater\u00eda central<\/td><\/tr><\/tbody><\/table><\/figure>\n\n\n\n<h2 class=\"wp-block-heading\"><strong>Caracter\u00edsticas adicionales que debe tener la luz delantera de una bicicleta de carga<\/strong><\/h2>\n\n\n\n<ul class=\"wp-block-list\">\n<li><strong>Sistema de montaje integrado<\/strong>: Especialmente importante para bicicletas de carga frontal. Una luz montada en la horquilla o integrada en el portaequipajes reduce las vibraciones y mejora la estabilidad del haz.<\/li>\n\n\n\n<li><strong>Grado de impermeabilidad<\/strong>: Al menos IPX4 para desplazamientos lluviosos.<\/li>\n\n\n\n<li><strong>Modo de conducci\u00f3n diurna<\/strong>: Mejora la visibilidad a la luz del d\u00eda, cada vez m\u00e1s frecuente en las flotas de reparto de mercanc\u00edas.<\/li>\n\n\n\n<li><strong>Integraci\u00f3n de la bater\u00eda<\/strong>: Para las bicicletas el\u00e9ctricas de carga, lo ideal es una luz delantera que se alimente de la bater\u00eda principal de la bicicleta: menos componentes que cargar o gestionar.<\/li>\n\n\n\n<li><strong>Funci\u00f3n de luz de posici\u00f3n<\/strong>: Algunas dinamos de alta gama o luces integradas permanecen encendidas durante unos minutos despu\u00e9s de parar - \u00fatil para sem\u00e1foros en rojo o paradas cortas.<\/li>\n<\/ul>\n\n\n\n<h2 class=\"wp-block-heading\"><strong>Normas legales y de seguridad a tener en cuenta<\/strong><\/h2>\n\n\n\n<p>Cuando compre o integre un sistema de luces delanteras, compruebe que cumple:<\/p>\n\n\n\n<ul class=\"wp-block-list\">\n<li><strong>EN 15194<\/strong> - La normativa europea sobre seguridad de las bicicletas el\u00e9ctricas incluye requisitos de iluminaci\u00f3n<\/li>\n\n\n\n<li><strong>StVZO<\/strong> - Norma alemana de alumbrado vial (si exporta o vende en Alemania)<\/li>\n\n\n\n<li><strong>ONU ECE R113<\/strong> - Para la distribuci\u00f3n del haz de luz y la dispersi\u00f3n de la luz, especialmente relevante para los veh\u00edculos el\u00e9ctricos m\u00e1s grandes.<\/li>\n\n\n\n<li><strong>RoHS \/ CE<\/strong> - Seguridad de los componentes el\u00e9ctricos y cumplimiento de la normativa medioambiental<\/li>\n<\/ul>\n\n\n\n<hr class=\"wp-block-separator has-alpha-channel-opacity\"\/>\n\n\n\t\t<div data-elementor-type=\"section\" data-elementor-id=\"1414\" class=\"elementor elementor-1414\" data-elementor-post-type=\"elementor_library\">\n\t\t\t<div class=\"elementor-element elementor-element-7bf5eb01 e-flex e-con-boxed e-con e-parent\" data-id=\"7bf5eb01\" data-element_type=\"container\" data-e-type=\"container\" data-settings=\"{&quot;background_background&quot;:&quot;classic&quot;,&quot;ekit_has_onepagescroll_dot&quot;:&quot;yes&quot;}\">\n\t\t\t\t\t<div class=\"e-con-inner\">\n\t\t<div class=\"elementor-element elementor-element-9fc34e2 e-con-full e-flex e-con e-child\" data-id=\"9fc34e2\" data-element_type=\"container\" data-e-type=\"container\" data-settings=\"{&quot;background_background&quot;:&quot;classic&quot;,&quot;ekit_has_onepagescroll_dot&quot;:&quot;yes&quot;}\">\n\t\t\t\t<div class=\"elementor-element elementor-element-af4e700 elementor-absolute elementor-widget elementor-widget-image\" data-id=\"af4e700\" data-element_type=\"widget\" data-e-type=\"widget\" data-settings=\"{&quot;_position&quot;:&quot;absolute&quot;}\" data-widget_type=\"image.default\">\n\t\t\t\t<div class=\"elementor-widget-container\">\n\t\t\t\t\t\t\t\t\t\t\t\t\t\t\t<img fetchpriority=\"high\" decoding=\"async\" width=\"800\" height=\"422\" src=\"https:\/\/regencargobikes.com\/wp-content\/uploads\/2025\/05\/regen-02-electric-cargo-bike-.webp\" class=\"attachment-large size-large wp-image-1398\" alt=\"Bicicleta de carga el\u00e9ctrica Regen 02\" srcset=\"https:\/\/regencargobikes.com\/wp-content\/uploads\/2025\/05\/regen-02-electric-cargo-bike-.webp 1000w, https:\/\/regencargobikes.com\/wp-content\/uploads\/2025\/05\/regen-02-electric-cargo-bike--300x158.webp 300w, https:\/\/regencargobikes.com\/wp-content\/uploads\/2025\/05\/regen-02-electric-cargo-bike--768x405.webp 768w, https:\/\/regencargobikes.com\/wp-content\/uploads\/2025\/05\/regen-02-electric-cargo-bike--18x9.webp 18w\" sizes=\"(max-width: 800px) 100vw, 800px\" \/>\t\t\t\t\t\t\t\t\t\t\t\t\t\t\t<\/div>\n\t\t\t\t<\/div>\n\t\t\t\t<\/div>\n\t\t<div class=\"elementor-element elementor-element-7de8cd9d e-con-full e-flex e-con e-child\" data-id=\"7de8cd9d\" data-element_type=\"container\" data-e-type=\"container\" data-settings=\"{&quot;ekit_has_onepagescroll_dot&quot;:&quot;yes&quot;}\">\n\t\t\t\t<div class=\"elementor-element elementor-element-308b8d20 elementor-widget elementor-widget-elementskit-heading\" data-id=\"308b8d20\" data-element_type=\"widget\" data-e-type=\"widget\" data-widget_type=\"elementskit-heading.default\">\n\t\t\t\t<div class=\"elementor-widget-container\">\n\t\t\t\t\t<div class=\"ekit-wid-con\" ><div class=\"ekit-heading elementskit-section-title-wraper text_left   ekit_heading_tablet-   ekit_heading_mobile-text_center\"><h3 class=\"elementskit-section-subtitle\">\n\t\t\t\t\t\tBicicleta de carga el\u00e9ctrica Regen 02\n\t\t\t\t\t<\/h3><h2 class=\"ekit-heading--title elementskit-section-title\">\u00bfBusca una lavadora de carga frontal compacta y personalizable para su marca?<\/h2>\t\t\t\t<div class='ekit-heading__description'>\n\t\t\t\t\t<p class=\"p1\">Probado por T\u00dcV en proyectos personalizados anteriores. Modelo disponible p\u00fablicamente: configurable, probado y listo para escalar.<\/p>\n\t\t\t\t<\/div>\n\t\t\t<\/div><\/div>\t\t\t\t<\/div>\n\t\t\t\t<\/div>\n\t\t\t\t<div class=\"elementor-element elementor-element-bf516c8 elementor-align-left elementor-align--mobilecenter elementor-widget elementor-widget-elementskit-button\" data-id=\"bf516c8\" data-element_type=\"widget\" data-e-type=\"widget\" data-widget_type=\"elementskit-button.default\">\n\t\t\t\t<div class=\"elementor-widget-container\">\n\t\t\t\t\t<div class=\"ekit-wid-con\" >\t\t<div class=\"ekit-btn-wraper\">\n\t\t\t\t\t\t\t<a href=\"https:\/\/regencargobikes.com\/es\/long-john-cargo-bike-regen-02\/\" class=\"elementskit-btn  whitespace--normal\" id=\"\">\n\t\t\t\t\tM\u00e1s informaci\u00f3n\t\t\t\t<\/a>\n\t\t\t\t\t<\/div>\n        <\/div>\t\t\t\t<\/div>\n\t\t\t\t<\/div>\n\t\t\t\t<\/div>\n\t\t\t\t\t<\/div>\n\t\t\t\t<\/div>\n\t\t\t\t<\/div>\n\t\t\n\n\n\n<h2 class=\"wp-block-heading\"><strong>\u00bfC\u00f3mo debe ser una buena luz delantera para bicicleta de carga?<\/strong><\/h2>\n\n\n\n<p>Una buena luz delantera de bicicleta de carga es crucial para la seguridad, especialmente dado el tama\u00f1o t\u00edpicamente m\u00e1s grande y las cargas m\u00e1s pesadas de las bicicletas de carga. Aqu\u00ed tienes un desglose de lo que hace que una luz sea eficaz:<\/p>\n\n\n\n<h3 class=\"wp-block-heading\"><strong>1. Brillo (Lumen\/Lux de salida):<\/strong><\/h3>\n\n\n\n<ul class=\"wp-block-list\">\n<li><strong>L\u00famenes altos:<\/strong> Las bicicletas de carga necesitan una potencia luminosa considerable para iluminar el camino, sobre todo cuando transportan cargas pesadas que pueden oscurecer la carretera o cuando circulan por zonas con alumbrado p\u00fablico limitado. Mientras que para las bicicletas normales se suele citar un m\u00ednimo de 100-200 l\u00famenes, las bicicletas de carga se benefician enormemente de una mayor potencia, a menudo del orden de 1.000 l\u00famenes. <strong>Gama de m\u00e1s de 500-1000 l\u00famenes<\/strong>especialmente para carreteras o caminos sin iluminar. Algunas luces espec\u00edficas para e-bikes pueden llegar hasta los 1.800 l\u00famenes o m\u00e1s.<\/li>\n\n\n\n<li><strong>Lux frente a l\u00famenes:<\/strong> Mientras que los l\u00famenes miden la potencia luminosa total, los luxes miden la intensidad de la luz a una distancia y en una zona determinadas. Las luces dise\u00f1adas con un buen patr\u00f3n de haz (ver m\u00e1s abajo) pueden tener menos l\u00famenes pero seguir proporcionando una iluminaci\u00f3n excelente donde m\u00e1s se necesita gracias a los lux optimizados.<\/li>\n<\/ul>\n\n\n\n<h3 class=\"wp-block-heading\"><strong>2. Patr\u00f3n del haz:<\/strong><\/h3>\n\n\n\n<ul class=\"wp-block-list\">\n<li><strong>Extensi\u00f3n amplia y uniforme:<\/strong> A diferencia de las bicicletas de carretera, que podr\u00edan beneficiarse de un haz m\u00e1s concentrado para la velocidad, las bicicletas de carga necesitan un haz amplio y uniforme para iluminar la zona m\u00e1s amplia delante de la bicicleta, incluida la zona de carga y los posibles obst\u00e1culos a los lados.<\/li>\n\n\n\n<li><strong>Haz de corte (conforme a StVZO):<\/strong> Las luces con un haz de corte horizontal son muy recomendables, especialmente si circula entre el tr\u00e1fico. Este dise\u00f1o dirige la luz hacia la carretera y evita cegar a los ciclistas y conductores que circulan en sentido contrario. Se trata de una caracter\u00edstica com\u00fan en las luces que cumplen la normativa europea (StVZO).<\/li>\n\n\n\n<li><strong>Sin puntos calientes:<\/strong> Un buen haz de luz debe ser suave y uniforme, sin \"puntos calientes\" demasiado brillantes que puedan crear sombras y reducir la visibilidad general.<\/li>\n<\/ul>\n\n\n\n<h3 class=\"wp-block-heading\"><strong>3. Fuente de alimentaci\u00f3n y tiempo de funcionamiento:<\/strong><\/h3>\n\n\n\n<ul class=\"wp-block-list\">\n<li><strong>Funciona con pilas (recargables):<\/strong> Muchas luces modernas para bicicletas de carga son recargables por USB. Busque tiempos de ejecuci\u00f3n largos, especialmente si hace paseos prolongados u olvida cargar con frecuencia. USB-C es un c\u00f3modo est\u00e1ndar de carga.<\/li>\n\n\n\n<li><strong>Accionado por buje dinamo:<\/strong> Para una mayor comodidad y una iluminaci\u00f3n \"siempre encendida\", un buje dinamo integrado en la rueda delantera es una opci\u00f3n excelente. Genera energ\u00eda mientras conduces, eliminando la necesidad de cargar la bater\u00eda. Es especialmente popular en las bicicletas de carga europeas.<\/li>\n\n\n\n<li><strong>E-Bike Integrado:<\/strong> Si tiene una bicicleta el\u00e9ctrica, busque luces dise\u00f1adas para integrarse directamente en el sistema de bater\u00edas de su bicicleta el\u00e9ctrica. Estas luces suelen ofrecer una potencia m\u00e1s alta y constante sin necesidad de bater\u00edas independientes. Aseg\u00farese de que el voltaje de la luz coincide con el sistema de su bicicleta el\u00e9ctrica (por ejemplo, 12 V, 24 V, 36 V, 48 V).<\/li>\n<\/ul>\n\n\n\n<h3 class=\"wp-block-heading\"><strong>4. Opciones de montaje:<\/strong><\/h3>\n\n\n\n<ul class=\"wp-block-list\">\n<li><strong>Seguro y estable:<\/strong> Las motos de carga suelen sufrir m\u00e1s vibraciones e impactos m\u00e1s fuertes. La luz debe montarse de forma segura para soportar estas fuerzas y mantener su objetivo.<\/li>\n\n\n\n<li><strong>Colocaci\u00f3n adecuada:<\/strong> Considere d\u00f3nde se montar\u00e1 la luz en su bicicleta de carga espec\u00edfica. Algunas bicicletas de carga tienen puntos de montaje espec\u00edficos, mientras que otras pueden requerir soluciones creativas. Un punto de montaje m\u00e1s alto suele mejorar la visibilidad del conductor y de los dem\u00e1s usuarios de la carretera.<\/li>\n\n\n\n<li><strong>Despejado:<\/strong> Aseg\u00farate de que la luz no interfiere con la carga, la direcci\u00f3n u otros accesorios.<\/li>\n<\/ul>\n\n\n\n<h3 class=\"wp-block-heading\"><strong>5. Durabilidad y resistencia a la intemperie:<\/strong><\/h3>\n\n\n\n<ul class=\"wp-block-list\">\n<li><strong>Construcci\u00f3n robusta:<\/strong> Una luz de bicicleta de carga debe estar hecha para durar, con una carcasa duradera (a menudo de aluminio) para soportar el uso diario y los posibles golpes.<\/li>\n\n\n\n<li><strong>Impermeable\/Resistente a la intemperie:<\/strong> Busca una clasificaci\u00f3n IPX4 o superior para asegurarte de que la luz resiste la lluvia y las salpicaduras.<\/li>\n<\/ul>\n\n\n\n<h3 class=\"wp-block-heading\"><strong>6. Caracter\u00edsticas adicionales:<\/strong><\/h3>\n\n\n\n<ul class=\"wp-block-list\">\n<li><strong>M\u00faltiples modos:<\/strong> Aunque un haz potente y constante es esencial para ver, los modos intermitentes pueden aumentar tu visibilidad ante los dem\u00e1s durante el d\u00eda o en entornos urbanos con mucho tr\u00e1fico. Algunas luces tambi\u00e9n ofrecen un modo \"adaptativo\" que ajusta el brillo en funci\u00f3n de la luz ambiental.<\/li>\n\n\n\n<li><strong>Luz de conducci\u00f3n diurna (DRL):<\/strong> Los estudios demuestran que el uso de luces durante el d\u00eda puede reducir significativamente el riesgo de colisiones. Un modo DRL espec\u00edfico, a menudo un destello menos intenso pero muy visible, es una caracter\u00edstica valiosa.<\/li>\n\n\n\n<li><strong>Visibilidad lateral:<\/strong> Las luces con recortes laterales o LED adicionales orientados hacia los lados pueden mejorar la visibilidad desde \u00e1ngulos distintos al frontal, lo que es importante para la seguridad en los cruces.<\/li>\n\n\n\n<li><strong>Funcionalidad Power Bank:<\/strong> Algunas linternas a pilas tambi\u00e9n funcionan como bancos de energ\u00eda, lo que permite cargar el tel\u00e9fono u otros dispositivos sobre la marcha.<\/li>\n\n\n\n<li><strong>Interfaz de usuario sencilla:<\/strong> Los botones sencillos y f\u00e1ciles de usar con guantes y la selecci\u00f3n clara de modos son un plus.<\/li>\n\n\n\n<li><\/li>\n<\/ul>\n\n\n\n<h2 class=\"wp-block-heading\"><strong>\u00bfD\u00f3nde debe montarse el faro delantero?<\/strong><\/h2>\n\n\n\n<p>Una colocaci\u00f3n correcta garantiza la seguridad y evita las sombras. Estas son las opciones m\u00e1s comunes:<\/p>\n\n\n\n<figure class=\"wp-block-table\"><table class=\"has-fixed-layout\"><thead><tr><th><strong>Posici\u00f3n de montaje<\/strong><\/th><th><strong>Ventajas<\/strong><\/th><th><strong>Contras<\/strong><\/th><\/tr><\/thead><tbody><tr><td><strong>Manillar<\/strong><\/td><td>F\u00e1cil de instalar y ajustar<\/td><td>Puede crear sombras hacia delante si la carga obstruye<\/td><\/tr><tr><td><strong>Corona de horquilla<\/strong><\/td><td>Iluminaci\u00f3n constante, poco deslumbramiento<\/td><td>Puede temblar en terreno accidentado<\/td><\/tr><tr><td><strong>Portacargas o tubo frontal<\/strong><\/td><td>Se alinea con la altura de la carga<\/td><td>Requiere soportes a medida<\/td><\/tr><\/tbody><\/table><\/figure>\n\n\n\n<p>Para bicicletas de carga frontal, <strong>las luces del manillar pueden ser insuficientes<\/strong>. A menudo recomendamos <strong>sistemas de iluminaci\u00f3n dual<\/strong>:<\/p>\n\n\n\n<ul class=\"wp-block-list\">\n<li>Luz primaria encendida <strong>portaequipajes o bastidor<\/strong><\/li>\n\n\n\n<li>Luz secundaria encendida <strong>manillar<\/strong><\/li>\n<\/ul>\n\n\n\n<h2 class=\"wp-block-heading\"><strong>C\u00f3mo <a href=\"https:\/\/regencargobikes.com\/es\/about\/\" data-type=\"page\" data-id=\"171\">Regen <\/a>Ayudas: Iluminaci\u00f3n modular, alimentaci\u00f3n integrada y conformidad<\/strong><\/h2>\n\n\n\n<p>Dise\u00f1amos las bicicletas de carga Regen teniendo en cuenta la integraci\u00f3n de la iluminaci\u00f3n:<\/p>\n\n\n\n<ul class=\"wp-block-list\">\n<li><strong>Montaje de luces a medida<\/strong> para Long Johns, trikes y step-throughs<\/li>\n\n\n\n<li><strong>Cableado estanco<\/strong> (IP65+) y mazo de cables prefundido<\/li>\n\n\n\n<li><strong>Gesti\u00f3n de la alimentaci\u00f3n del sistema<\/strong> para evitar que se agote la bater\u00eda<\/li>\n\n\n\n<li><strong>Opciones conformes con StVZO y EN 15194<\/strong> para clientes de la UE<\/li>\n\n\n\n<li>Opcional <strong>DRL, conmutaci\u00f3n de luces largas\/cortas<\/strong>, y <strong>sensores de luz autom\u00e1ticos<\/strong><\/li>\n<\/ul>\n\n\n\n<p>Y para los socios OEM\/ODM, ofrecemos <strong>integraci\u00f3n de luces delanteras a medida<\/strong> en funci\u00f3n de la geometr\u00eda de la montura, la est\u00e9tica de la marca y las situaciones del usuario.<\/p>\n\n\n\n<p>\ud83d\udce9 <a href=\"https:\/\/regencargobikes.com\/es\/contact\/\" data-type=\"page\" data-id=\"177\"><strong>P\u00f3ngase en contacto con nosotros<\/strong><\/a> para hablar de su proyecto.<\/p>\n\n\n\n<hr class=\"wp-block-separator has-alpha-channel-opacity\"\/>\n\n\n\n<h2 class=\"wp-block-heading\"><strong>Referencias<\/strong><\/h2>\n\n\n\n<ul class=\"wp-block-list\">\n<li>Comit\u00e9 Europeo de Normalizaci\u00f3n (CEN). (2021). <em>EN 15194: Requisitos de seguridad y m\u00e9todos de ensayo.<\/em><\/li>\n\n\n\n<li>Ministerio Federal de Transporte e Infraestructura Digital (Alemania). (2022). <em>StVZO - Stra\u00dfenverkehrs-Zulassungs-Ordnung.<\/em><\/li>\n\n\n\n<li>Estudio sobre patrones y seguridad de los haces luminosos de las bicicletas - Federaci\u00f3n Alemana de Ciclistas (ADFC), 2020.<\/li>\n<\/ul>","protected":false},"excerpt":{"rendered":"<p>At Regen, where we design and manufacture complete cargo bike systems for families and fleets, we often get asked about front lighting \u2014 especially as riders begin commuting at dusk, navigating low-light city alleys, or delivering across darker rural routes. Lighting is not just about visibility; it\u2019s about road legality, rider safety, and even battery [&hellip;]<\/p>\n","protected":false},"author":2,"featured_media":1740,"comment_status":"open","ping_status":"closed","sticky":false,"template":"","format":"standard","meta":{"footnotes":""},"categories":[2],"tags":[],"class_list":["post-1739","post","type-post","status-publish","format-standard","has-post-thumbnail","hentry","category-knowledge"],"_links":{"self":[{"href":"https:\/\/regencargobikes.com\/es\/wp-json\/wp\/v2\/posts\/1739","targetHints":{"allow":["GET"]}}],"collection":[{"href":"https:\/\/regencargobikes.com\/es\/wp-json\/wp\/v2\/posts"}],"about":[{"href":"https:\/\/regencargobikes.com\/es\/wp-json\/wp\/v2\/types\/post"}],"author":[{"embeddable":true,"href":"https:\/\/regencargobikes.com\/es\/wp-json\/wp\/v2\/users\/2"}],"replies":[{"embeddable":true,"href":"https:\/\/regencargobikes.com\/es\/wp-json\/wp\/v2\/comments?post=1739"}],"version-history":[{"count":1,"href":"https:\/\/regencargobikes.com\/es\/wp-json\/wp\/v2\/posts\/1739\/revisions"}],"predecessor-version":[{"id":1741,"href":"https:\/\/regencargobikes.com\/es\/wp-json\/wp\/v2\/posts\/1739\/revisions\/1741"}],"wp:featuredmedia":[{"embeddable":true,"href":"https:\/\/regencargobikes.com\/es\/wp-json\/wp\/v2\/media\/1740"}],"wp:attachment":[{"href":"https:\/\/regencargobikes.com\/es\/wp-json\/wp\/v2\/media?parent=1739"}],"wp:term":[{"taxonomy":"category","embeddable":true,"href":"https:\/\/regencargobikes.com\/es\/wp-json\/wp\/v2\/categories?post=1739"},{"taxonomy":"post_tag","embeddable":true,"href":"https:\/\/regencargobikes.com\/es\/wp-json\/wp\/v2\/tags?post=1739"}],"curies":[{"name":"wp","href":"https:\/\/api.w.org\/{rel}","templated":true}]}}