{"id":1763,"date":"2025-07-29T02:36:57","date_gmt":"2025-07-28T18:36:57","guid":{"rendered":"https:\/\/regencargobikes.com\/?p=1763"},"modified":"2025-07-29T02:37:00","modified_gmt":"2025-07-28T18:37:00","slug":"the-strategic-imperative-of-cargo-bikes-in-european-urban-mobility","status":"publish","type":"post","link":"https:\/\/regencargobikes.com\/es\/the-strategic-imperative-of-cargo-bikes-in-european-urban-mobility\/","title":{"rendered":"El imperativo estrat\u00e9gico de las bicicletas de carga en la movilidad urbana europea"},"content":{"rendered":"<p>Las ciudades europeas est\u00e1n experimentando una profunda transformaci\u00f3n en su forma de enfocar el transporte urbano y la log\u00edstica. Las bicicletas de carga, antes consideradas una soluci\u00f3n de nicho, han evolucionado r\u00e1pidamente hasta convertirse en un pilar estrat\u00e9gico de la movilidad sostenible, rentable y centrada en las personas. No son una mera alternativa a las furgonetas o camiones de reparto tradicionales, sino un catalizador de entornos urbanos m\u00e1s sanos, seguros y resistentes.<\/p>\n\n\n\n<p>En toda Europa, las bicicletas de carga est\u00e1n ayudando a cumplir ambiciosos objetivos clim\u00e1ticos, a resolver la congesti\u00f3n urbana y a reducir los costes sociales de los paisajes urbanos dominados por el autom\u00f3vil. Esta transici\u00f3n se apoya en un fuerte crecimiento del mercado, pol\u00edticas de apoyo y avances tecnol\u00f3gicos que hacen que las bicicletas de carga sean cada vez m\u00e1s competitivas.<\/p>\n\n\n\n<blockquote class=\"wp-block-quote is-layout-flow wp-block-quote-is-layout-flow\">\n<p><\/p>\n<\/blockquote>\n\n\n\n<hr class=\"wp-block-separator has-alpha-channel-opacity\"\/>\n\n\n\n<h2 class=\"wp-block-heading\"><strong>Las bicicletas de carga y sus m\u00faltiples ventajas<\/strong><\/h2>\n\n\n\n<p>Las bicicletas de carga son bicicletas o triciclos dise\u00f1ados espec\u00edficamente para transportar mercanc\u00edas, pasajeros o equipos m\u00e1s all\u00e1 de lo que puede soportar una bicicleta convencional. Sus variantes el\u00e9ctricas (e-cargo bikes) integran pedaleo asistido por bater\u00eda, lo que les permite transportar cargas m\u00e1s pesadas y recorrer distancias m\u00e1s largas con menos esfuerzo f\u00edsico.<\/p><div class=\"regen-test-placement-from-wizard-1604397851\" id=\"regen-2796500743\"><script async src=\"https:\/\/pagead2.googlesyndication.com\/pagead\/js\/adsbygoogle.js?client=ca-pub-1076230867169041\"\n     crossorigin=\"anonymous\"><\/script><\/div><div class=\"regen-test-placement-from-wizard-2878267818\" id=\"regen-417858142\"><script async src=\"https:\/\/pagead2.googlesyndication.com\/pagead\/js\/adsbygoogle.js?client=ca-pub-1076230867169041\"\n     crossorigin=\"anonymous\"><\/script><\/div>\n\n\n\n<p>Las bicicletas de carga, antes limitadas a los pilotos de reparto urbano a peque\u00f1a escala o al uso familiar, desempe\u00f1an ahora un papel central en la log\u00edstica y la movilidad de las ciudades. Su amplio atractivo radica en una combinaci\u00f3n de ventajas medioambientales, econ\u00f3micas, operativas y sociales que van mucho m\u00e1s all\u00e1 del sector del transporte.<\/p>\n\n\n\n<hr class=\"wp-block-separator has-alpha-channel-opacity\"\/>\n\n\n\n<p><\/p>\n\n\n\n<h3 class=\"wp-block-heading\"><strong>Beneficios medioambientales: Transporte urbano de mercanc\u00edas con cero emisiones<\/strong><\/h3>\n\n\n\n<p>Las bicicletas de carga responden directamente a la urgente necesidad de descarbonizar el transporte urbano. A diferencia de las furgonetas di\u00e9sel convencionales, las bicicletas el\u00e9ctricas de carga no emiten gases de escape, lo que reduce dr\u00e1sticamente la huella de carbono.<\/p>\n\n\n\n<ul class=\"wp-block-list\">\n<li>Seg\u00fan un estudio londinense, las bicicletas de carga producen <strong>96% menos emisiones de CO\u2082 por kil\u00f3metro que las furgonetas el\u00e9ctricas.<\/strong> y hasta <strong>90% menos que las furgonetas diesel<\/strong>.<\/li>\n\n\n\n<li>En \u00c1msterdam, la ciudad <em>Log\u00edstica ciclista<\/em> proyecto sustituido <strong>7% de viajes en furgoneta comercial<\/strong>corte <strong>16.000 toneladas de emisiones anuales de CO\u2082.<\/strong>-el equivalente a eliminar <strong>3.500 coches<\/strong> de las calles.<\/li>\n<\/ul>\n\n\n\n<p>Estos beneficios medioambientales tienen efectos en cascada. Un aire m\u00e1s limpio contribuye a mejorar la salud p\u00fablica, mientras que la reducci\u00f3n de la contaminaci\u00f3n ac\u00fastica mejora la habitabilidad urbana.<\/p>\n\n\n\n<blockquote class=\"wp-block-quote is-layout-flow wp-block-quote-is-layout-flow\">\n<figure class=\"wp-block-image size-large\"><img fetchpriority=\"high\" decoding=\"async\" width=\"1024\" height=\"471\" src=\"https:\/\/regencargobikes.com\/wp-content\/uploads\/2025\/07\/In-Amsterdam-the-citys-Cycle-Logistics-project-replaced-7-of-commercial-van-trips-cutting-16000-tonnes-of-annual-CO\u2082-emissions\u2014the-equivalent-of-removing-3500-cars-from-the-streets-1024x471.webp\" alt=\"\" class=\"wp-image-1764\" srcset=\"https:\/\/regencargobikes.com\/wp-content\/uploads\/2025\/07\/In-Amsterdam-the-citys-Cycle-Logistics-project-replaced-7-of-commercial-van-trips-cutting-16000-tonnes-of-annual-CO\u2082-emissions\u2014the-equivalent-of-removing-3500-cars-from-the-streets-1024x471.webp 1024w, https:\/\/regencargobikes.com\/wp-content\/uploads\/2025\/07\/In-Amsterdam-the-citys-Cycle-Logistics-project-replaced-7-of-commercial-van-trips-cutting-16000-tonnes-of-annual-CO\u2082-emissions\u2014the-equivalent-of-removing-3500-cars-from-the-streets-300x138.webp 300w, https:\/\/regencargobikes.com\/wp-content\/uploads\/2025\/07\/In-Amsterdam-the-citys-Cycle-Logistics-project-replaced-7-of-commercial-van-trips-cutting-16000-tonnes-of-annual-CO\u2082-emissions\u2014the-equivalent-of-removing-3500-cars-from-the-streets-768x353.webp 768w, https:\/\/regencargobikes.com\/wp-content\/uploads\/2025\/07\/In-Amsterdam-the-citys-Cycle-Logistics-project-replaced-7-of-commercial-van-trips-cutting-16000-tonnes-of-annual-CO\u2082-emissions\u2014the-equivalent-of-removing-3500-cars-from-the-streets-1536x706.webp 1536w, https:\/\/regencargobikes.com\/wp-content\/uploads\/2025\/07\/In-Amsterdam-the-citys-Cycle-Logistics-project-replaced-7-of-commercial-van-trips-cutting-16000-tonnes-of-annual-CO\u2082-emissions\u2014the-equivalent-of-removing-3500-cars-from-the-streets-18x8.webp 18w, https:\/\/regencargobikes.com\/wp-content\/uploads\/2025\/07\/In-Amsterdam-the-citys-Cycle-Logistics-project-replaced-7-of-commercial-van-trips-cutting-16000-tonnes-of-annual-CO\u2082-emissions\u2014the-equivalent-of-removing-3500-cars-from-the-streets.webp 1766w\" sizes=\"(max-width: 1024px) 100vw, 1024px\" \/><\/figure>\n<\/blockquote>\n\n\n\n<hr class=\"wp-block-separator has-alpha-channel-opacity\"\/>\n\n\n\n<p><\/p>\n\n\n\n<h3 class=\"wp-block-heading\"><strong>Eficiencia econ\u00f3mica y operativa: Redefinici\u00f3n de las entregas urbanas<\/strong><\/h3>\n\n\n\n<p>Desde una perspectiva empresarial, las bicicletas de carga presentan ventajas econ\u00f3micas convincentes. M\u00faltiples estudios y proyectos piloto han demostrado que las bicicletas el\u00e9ctricas de carga superan a las furgonetas en entornos urbanos densos.<\/p>\n\n\n\n<ul class=\"wp-block-list\">\n<li>Las bicicletas de carga pueden reducir los costes de entrega <strong>hasta 90%<\/strong> al contabilizar el combustible, el aparcamiento y el mantenimiento.<\/li>\n\n\n\n<li>En Mil\u00e1n, un programa piloto mostr\u00f3 un <strong>23% reducci\u00f3n de los plazos de entrega<\/strong> y un <strong>40% disminuci\u00f3n de los costes operativos<\/strong> para la log\u00edstica de \u00faltima milla en comparaci\u00f3n con las furgonetas.<\/li>\n\n\n\n<li>En los centros urbanos congestionados, las bicicletas de carga reparten paquetes <strong>30% m\u00e1s r\u00e1pido<\/strong> y puede completar <strong>20-25 entregas por hora<\/strong>frente a s\u00f3lo <strong>12 entregas por hora<\/strong> para furgonetas.<\/li>\n<\/ul>\n\n\n\n<p>La capacidad de las bicicletas de carga para mantener tiempos de servicio predecibles, incluso en zonas de tr\u00e1fico congestionado, permite a las empresas optimizar los horarios de entrega y mejorar la satisfacci\u00f3n del cliente.<\/p>\n\n\n\n<blockquote class=\"wp-block-quote is-layout-flow wp-block-quote-is-layout-flow\">\n<p><\/p>\n<\/blockquote>\n\n\n\n<hr class=\"wp-block-separator has-alpha-channel-opacity\"\/>\n\n\n\n<p><\/p>\n\n\n\n<h3 class=\"wp-block-heading\"><strong>Reducci\u00f3n de la congesti\u00f3n y mejora del acceso urbano<\/strong><\/h3>\n\n\n\n<p>Las bicicletas de carga est\u00e1n especialmente indicadas para circular por calles abarrotadas, zonas peatonales y zonas de bajas emisiones (LEZ), donde los veh\u00edculos de mayor tama\u00f1o se enfrentan a sanciones o restricciones.<\/p>\n\n\n\n<p>Su tama\u00f1o compacto les permite evitar las colas de tr\u00e1fico y acceder a los bordillos de las aceras sin bloquear las carreteras ni los carriles bici. Al sustituir a las furgonetas, las bicicletas de carga liberan un valioso espacio urbano, reducen los incidentes de aparcamiento en doble fila y alivian la congesti\u00f3n, una ventaja que tanto las ciudades como las empresas valoran mucho.<\/p>\n\n\n\n<hr class=\"wp-block-separator has-alpha-channel-opacity\"\/>\n\n\n\n<p><\/p>\n\n\n\n<h3 class=\"wp-block-heading\"><strong>Beneficios sociales y sanitarios: Ciudades m\u00e1s seguras y activas<\/strong><\/h3>\n\n\n\n<p>M\u00e1s all\u00e1 de las ventajas medioambientales y econ\u00f3micas, las bicicletas de carga generan importantes beneficios sociales:<\/p>\n\n\n\n<ol start=\"1\" class=\"wp-block-list\">\n<li><strong>Fomento de los desplazamientos activos:<\/strong> El aumento de la participaci\u00f3n en bicicleta fomenta estilos de vida m\u00e1s saludables y crea culturas ciclistas en las ciudades.<\/li>\n\n\n\n<li><strong>Calles m\u00e1s seguras:<\/strong> Las bicicletas de carga circulan a menor velocidad que los veh\u00edculos motorizados, lo que reduce el riesgo y la gravedad de las colisiones de tr\u00e1fico.<\/li>\n\n\n\n<li><strong>Salud P\u00fablica:<\/strong> Un aire m\u00e1s limpio y menos contaminaci\u00f3n ac\u00fastica contribuyen a mejorar el bienestar de la comunidad.<\/li>\n<\/ol>\n\n\n\n<p>Londres <strong>Visi\u00f3n Cero<\/strong> La estrategia de seguridad, por ejemplo, se alinea estrechamente con la adopci\u00f3n de bicicletas de carga porque estos veh\u00edculos reducen el riesgo de tr\u00e1fico para peatones y otros ciclistas.<\/p>\n\n\n\n<blockquote class=\"wp-block-quote is-layout-flow wp-block-quote-is-layout-flow\">\n<p><\/p>\n<\/blockquote>\n\n\n\n<hr class=\"wp-block-separator has-alpha-channel-opacity\"\/>\n\n\n\n<p><\/p>\n\n\n\n<h3 class=\"wp-block-heading\"><strong>Un ciclo de beneficios que se refuerza a s\u00ed mismo<\/strong><\/h3>\n\n\n\n<p>Estas ventajas polifac\u00e9ticas funcionan en sinergia. Las empresas reinvierten el ahorro de las entregas en bicicletas de carga en la ampliaci\u00f3n de sus flotas ecol\u00f3gicas, lo que reduce a\u00fan m\u00e1s la congesti\u00f3n y las emisiones. Unas calles m\u00e1s limpias y seguras animan a m\u00e1s gente a ir en bicicleta, lo que impulsa la demanda de infraestructuras ciclistas y normaliza el uso de las bicicletas de carga.<\/p>\n\n\n\n<p>Por lo tanto, las pol\u00edticas urbanas dise\u00f1adas para promover las bicicletas de carga deben tener en cuenta los siguientes aspectos <strong>enfoque hol\u00edstico<\/strong>Aprovechar simult\u00e1neamente los beneficios medioambientales, econ\u00f3micos y sociales para maximizar el impacto.<\/p>\n\n\n\n<hr class=\"wp-block-separator has-alpha-channel-opacity\"\/>\n\n\n\n<p><\/p>\n\n\n\n<h2 class=\"wp-block-heading\"><strong>Panorama del mercado europeo de bicicletas el\u00e9ctricas de carga: Situaci\u00f3n actual y previsiones de crecimiento (2024-2034)<\/strong><\/h2>\n\n\n\n<p>El mercado europeo de bicicletas el\u00e9ctricas de carga ha entrado en un periodo de crecimiento explosivo, reflejo de su creciente importancia en las estrategias de movilidad urbana.<\/p>\n\n\n\n<ul class=\"wp-block-list\">\n<li><strong>Valor del mercado en 2024:<\/strong> USD <strong>2.010 millones de euros<\/strong><\/li>\n\n\n\n<li><strong>Valor de mercado previsto en 2034:<\/strong> USD <strong>37.240 millones de euros<\/strong><\/li>\n\n\n\n<li><strong>CAGR:<\/strong> <strong>33.90% (2024-2034)<\/strong><\/li>\n<\/ul>\n\n\n\n<p>Un an\u00e1lisis separado prev\u00e9 que el mercado crezca de <strong>De 1.160 millones de d\u00f3lares en 2025 a 1.600 millones en 2029<\/strong>lo que representa una cifra m\u00e1s conservadora pero significativa <strong>8,51% CAGR<\/strong>.<\/p>\n\n\n\n<p>Esta trayectoria ascendente se ve impulsada por varias fuerzas convergentes:<\/p>\n\n\n\n<ol start=\"1\" class=\"wp-block-list\">\n<li><strong>Prioridades de la movilidad sostenible:<\/strong> Las ciudades y las empresas dan prioridad al transporte con bajas emisiones de carbono.<\/li>\n\n\n\n<li><strong>Presi\u00f3n normativa:<\/strong> Las normas medioambientales m\u00e1s estrictas, como el Green Deal europeo, est\u00e1n acelerando la electrificaci\u00f3n de las flotas.<\/li>\n\n\n\n<li><strong>Log\u00edstica rentable:<\/strong> La demanda de soluciones asequibles de reparto de \u00faltima milla est\u00e1 en su punto m\u00e1s alto.<\/li>\n<\/ol>\n\n\n\n<blockquote class=\"wp-block-quote is-layout-flow wp-block-quote-is-layout-flow\">\n<p><\/p>\n<\/blockquote>\n\n\n\n<hr class=\"wp-block-separator has-alpha-channel-opacity\"\/>\n\n\n\n<p><\/p>\n\n\n\n<h3 class=\"wp-block-heading\"><strong>L\u00edderes regionales: Europa Occidental a la vanguardia<\/strong><\/h3>\n\n\n\n<p>Europa Occidental domina el mercado de las bicicletas el\u00e9ctricas, con Alemania, Pa\u00edses Bajos, Dinamarca y Francia a la cabeza.<\/p>\n\n\n\n<ul class=\"wp-block-list\">\n<li><strong>Alemania:<\/strong> Sujeta <strong>44% del mercado europeo (2024)<\/strong>gracias a una fuerte tradici\u00f3n ciclista, ambiciosas pol\u00edticas clim\u00e1ticas e inversiones en infraestructuras ciclistas como carriles protegidos y aparcamientos seguros.<\/li>\n\n\n\n<li><strong>Pa\u00edses Bajos y Dinamarca:<\/strong> Estas naciones ciclistas se benefician de d\u00e9cadas de desarrollo de infraestructuras, lo que las convierte en entornos ideales para el uso generalizado de las bicicletas el\u00e9ctricas.<\/li>\n\n\n\n<li><strong>Francia:<\/strong> Par\u00eds y otras ciudades francesas est\u00e1n ampliando r\u00e1pidamente las iniciativas de bicicletas de carga como parte de estrategias m\u00e1s amplias de movilidad y clima.<\/li>\n<\/ul>\n\n\n\n<hr class=\"wp-block-separator has-alpha-channel-opacity\"\/>\n\n\n\n<p><\/p>\n\n\n\n<h3 class=\"wp-block-heading\"><strong>Panorama de la industria: Diversos actores impulsan la innovaci\u00f3n<\/strong><\/h3>\n\n\n\n<p>El mercado est\u00e1 formado por una din\u00e1mica mezcla de fabricantes de bicicletas consolidados, nuevas empresas de movilidad el\u00e9ctrica y fabricantes especializados en bicicletas de carga. Las principales empresas son:<\/p>\n\n\n\n<ul class=\"wp-block-list\">\n<li><strong>Flecha urbana<\/strong><\/li>\n\n\n\n<li><strong>Riese &amp; M\u00fcller<\/strong><\/li>\n\n\n\n<li><strong>Bicicletas Tern<\/strong><\/li>\n\n\n\n<li><strong>Carniceros y bicicletas<\/strong><\/li>\n\n\n\n<li><strong>Rad Power Bikes<\/strong><\/li>\n\n\n\n<li><strong>Babboe<\/strong><\/li>\n<\/ul>\n\n\n\n<p>Estas marcas est\u00e1n invirtiendo mucho en <strong>diversificaci\u00f3n de productos<\/strong>que ofrece modelos como:<\/p>\n\n\n\n<ol start=\"1\" class=\"wp-block-list\">\n<li><strong><a href=\"https:\/\/regencargobikes.com\/es\/what-is-a-long-john-cargo-bike\/\" data-type=\"post\" data-id=\"1411\">Bicicletas de carga de cola larga<\/a>:<\/strong> Portaequipajes traseros extensibles para transportar varios ni\u00f1os u objetos voluminosos.<\/li>\n\n\n\n<li><strong><a href=\"https:\/\/regencargobikes.com\/es\/rs01-e-cargo-bike\/\" data-type=\"page\" data-id=\"933\">Dise\u00f1os de cargadores frontales (Bakfiets)<\/a>:<\/strong> Cajas grandes en la parte delantera para cargas m\u00e1s pesadas o delicadas.<\/li>\n\n\n\n<li><strong>Triciclos de carga de tres ruedas:<\/strong> Mayor capacidad de carga y estabilidad, ideal para el transporte comercial de mercanc\u00edas.<\/li>\n<\/ol>\n\n\n\n<p>Avances en <strong>tecnolog\u00eda de bater\u00edas, motores el\u00e9ctricos y bastidores ligeros<\/strong> est\u00e1n haciendo que las bicicletas de carga sean m\u00e1s duraderas, fiables y vers\u00e1tiles que nunca.<\/p>\n\n\n\n<blockquote class=\"wp-block-quote is-layout-flow wp-block-quote-is-layout-flow\">\n<p><strong>Sugerencia de imagen:<\/strong> Un collage etiquetado que muestra diferentes dise\u00f1os de bicicletas el\u00e9ctricas de carga (de cola larga, de carga frontal y triciclo) de las principales marcas europeas.<\/p>\n<\/blockquote>\n\n\n\n<hr class=\"wp-block-separator has-alpha-channel-opacity\"\/>\n\n\n\n<p><\/p>\n\n\n\n<h3 class=\"wp-block-heading\"><strong>Evoluci\u00f3n y especializaci\u00f3n del mercado<\/strong><\/h3>\n\n\n\n<p>El sector de las bicicletas de carga se est\u00e1 convirtiendo en un segmento independiente y diferenciado de la industria de la bicicleta en general. Prueba de ello es el lanzamiento de <strong>Mobifuture<\/strong>una feria dedicada a la movilidad el\u00e9ctrica y urbana, que se celebrar\u00e1 junto con <strong>Eurobike<\/strong> a partir de 2026.<\/p>\n\n\n\n<p>Este nuevo evento pondr\u00e1 de relieve las bicicletas de carga como parte clave del futuro de la movilidad en Europa, conectando a fabricantes, responsables pol\u00edticos y operadores de flotas. A medida que crece la inversi\u00f3n privada y se afianzan las econom\u00edas de escala, se espera que el sector sea cada vez m\u00e1s autosuficiente, reduciendo la dependencia de las subvenciones p\u00fablicas.<\/p>\n\n\n\n<blockquote class=\"wp-block-quote is-layout-flow wp-block-quote-is-layout-flow\">\n<p><strong>Sugerencia de imagen:<\/strong> Foto de una bulliciosa sala de exposiciones de Eurobike en la que se presentan innovadores modelos de bicicletas de carga y se establecen contactos entre profesionales del sector.<\/p>\n<\/blockquote>\n\n\n\n<hr class=\"wp-block-separator has-alpha-channel-opacity\"\/>\n\n\n\n<p><\/p>\n\n\n\n<h2 class=\"wp-block-heading\"><strong>Conclusiones: Las bicicletas de carga, piedra angular de la movilidad urbana europea<\/strong><\/h2>\n\n\n\n<p>Las bicicletas de carga ofrecen resultados transformadores para las ciudades, las empresas y las comunidades. Reducen dr\u00e1sticamente las emisiones de gases de efecto invernadero, disminuyen los costes log\u00edsticos y mejoran la habitabilidad urbana con calles m\u00e1s seguras y mejores espacios p\u00fablicos.<\/p>\n\n\n\n<p>El mercado europeo de bicicletas el\u00e9ctricas de carga sigue una trayectoria ascendente. <strong>2.010 millones de d\u00f3lares en 2024 a una previsi\u00f3n de 37.240 millones de d\u00f3lares en 2034.<\/strong>. Esta expansi\u00f3n est\u00e1 impulsada por pol\u00edticas con visi\u00f3n de futuro, la innovaci\u00f3n tecnol\u00f3gica y un cambio de actitud de los ciudadanos hacia el transporte sostenible.<\/p>\n\n\n\n<p>Para los responsables pol\u00edticos, invertir en infraestructuras e incentivos para las bicicletas de carga no es s\u00f3lo un gesto medioambiental: es una decisi\u00f3n estrat\u00e9gica de movilidad urbana con dividendos sociales y econ\u00f3micos a largo plazo. Para las empresas, la adopci\u00f3n de las bicicletas de carga supone una clara ventaja competitiva a la hora de satisfacer las expectativas de los clientes en cuanto a entregas r\u00e1pidas, fiables y ecol\u00f3gicas.<\/p>\n\n\n\n<p>Mientras las ciudades siguen lidiando con la congesti\u00f3n, el cambio clim\u00e1tico y los problemas de salud p\u00fablica, las bicicletas de carga destacan como una soluci\u00f3n probada y escalable capaz de remodelar la movilidad urbana europea en las pr\u00f3ximas d\u00e9cadas.<\/p>\n\n\n\n<p><\/p>","protected":false},"excerpt":{"rendered":"<p>European cities are undergoing a profound transformation in how they approach urban transportation and logistics. Once regarded as a niche solution, cargo bikes\u2014particularly electric cargo bikes (e-cargo bikes)\u2014have rapidly evolved into a strategic pillar for sustainable, cost-effective, and people-centric mobility. They are not merely an alternative to traditional delivery vans or trucks; rather, they are [&hellip;]<\/p>\n","protected":false},"author":2,"featured_media":1630,"comment_status":"closed","ping_status":"closed","sticky":false,"template":"","format":"standard","meta":{"footnotes":""},"categories":[2],"tags":[],"class_list":["post-1763","post","type-post","status-publish","format-standard","has-post-thumbnail","hentry","category-knowledge"],"_links":{"self":[{"href":"https:\/\/regencargobikes.com\/es\/wp-json\/wp\/v2\/posts\/1763","targetHints":{"allow":["GET"]}}],"collection":[{"href":"https:\/\/regencargobikes.com\/es\/wp-json\/wp\/v2\/posts"}],"about":[{"href":"https:\/\/regencargobikes.com\/es\/wp-json\/wp\/v2\/types\/post"}],"author":[{"embeddable":true,"href":"https:\/\/regencargobikes.com\/es\/wp-json\/wp\/v2\/users\/2"}],"replies":[{"embeddable":true,"href":"https:\/\/regencargobikes.com\/es\/wp-json\/wp\/v2\/comments?post=1763"}],"version-history":[{"count":1,"href":"https:\/\/regencargobikes.com\/es\/wp-json\/wp\/v2\/posts\/1763\/revisions"}],"predecessor-version":[{"id":1765,"href":"https:\/\/regencargobikes.com\/es\/wp-json\/wp\/v2\/posts\/1763\/revisions\/1765"}],"wp:featuredmedia":[{"embeddable":true,"href":"https:\/\/regencargobikes.com\/es\/wp-json\/wp\/v2\/media\/1630"}],"wp:attachment":[{"href":"https:\/\/regencargobikes.com\/es\/wp-json\/wp\/v2\/media?parent=1763"}],"wp:term":[{"taxonomy":"category","embeddable":true,"href":"https:\/\/regencargobikes.com\/es\/wp-json\/wp\/v2\/categories?post=1763"},{"taxonomy":"post_tag","embeddable":true,"href":"https:\/\/regencargobikes.com\/es\/wp-json\/wp\/v2\/tags?post=1763"}],"curies":[{"name":"wp","href":"https:\/\/api.w.org\/{rel}","templated":true}]}}