{"id":1950,"date":"2026-06-05T05:34:42","date_gmt":"2026-06-04T21:34:42","guid":{"rendered":"https:\/\/regencargobikes.com\/specialized-turbo-levo-price-cut-2026\/"},"modified":"2026-06-05T05:34:42","modified_gmt":"2026-06-04T21:34:42","slug":"specialized-turbo-levo-price-cut-2026","status":"publish","type":"post","link":"https:\/\/regencargobikes.com\/es\/specialized-turbo-levo-price-cut-2026\/","title":{"rendered":"Specialized reduce permanentemente los precios de la E-MTB Turbo Levo en Norteam\u00e9rica"},"content":{"rendered":"<p>Specialized ha realizado un movimiento de precios importante en el mercado norteamericano de bicicletas el\u00e9ctricas de monta\u00f1a. A principios de mayo de 2026, la compa\u00f1\u00eda inform\u00f3 a los concesionarios de Estados Unidos y Canad\u00e1 que reducir\u00eda permanentemente los precios minoristas en gran parte de la gama Turbo Levo.<\/p>\n<figure class=\"wp-block-image size-full\"><img decoding=\"async\" src=\"https:\/\/regencargobikes.com\/wp-content\/uploads\/2026\/06\/specialized-levo-brain.jpg\" alt=\"Imagen del producto de bicicleta el\u00e9ctrica de monta\u00f1a Specialized Turbo Levo utilizada en la cobertura de Bicycle Retailer\"\/><figcaption>Fuente de la imagen: Bicycle Retailer and Industry News, utilizando im\u00e1genes de productos de Specialized.<\/figcaption><\/figure>\n<p>El n\u00famero principal es grande: algunos modelos ahora son hasta un 27 por ciento m\u00e1s baratos que antes. Para los ciclistas que han estado observando las eMTB de alta gama desde la distancia, esto no es una venta de temporada. Es una nueva estructura de precios.<\/p>\n<p>El significado pr\u00e1ctico es simple. Las bicicletas el\u00e9ctricas de monta\u00f1a premium est\u00e1n entrando en una fase m\u00e1s sensible al precio, e incluso las marcas establecidas se est\u00e1n ajustando a un mercado donde los compradores tienen m\u00e1s alternativas y expectativas m\u00e1s fuertes en torno al valor.<\/p><div id=\"regen-3652831934\" class=\"regen-test-placement-from-wizard-2878267818 regen-entity-placement\"><script async src=\"https:\/\/pagead2.googlesyndication.com\/pagead\/js\/adsbygoogle.js?client=ca-pub-1076230867169041\"\n     crossorigin=\"anonymous\"><\/script><\/div><div id=\"regen-3026765440\" class=\"regen-test-placement-from-wizard-1604397851 regen-entity-placement\"><script async src=\"https:\/\/pagead2.googlesyndication.com\/pagead\/js\/adsbygoogle.js?client=ca-pub-1076230867169041\"\n     crossorigin=\"anonymous\"><\/script><\/div>\n<h2>Qu\u00e9 Cambi\u00f3<\/h2>\n<p>Seg\u00fan Bicycle Retailer and Industry News, Specialized redujo los precios minoristas sugeridos en los modelos Turbo Levo en Norteam\u00e9rica entre un 6 por ciento y un 27 por ciento, con precios mayoristas tambi\u00e9n reducidos.<\/p>\n<p>La mayor reducci\u00f3n se aplica aparentemente al Levo R S-Works. Su precio minorista sugerido baj\u00f3 de USD 15,650 a USD 11,500, una reducci\u00f3n de USD 4,150.<\/p>\n<p>No todos los modelos cambiaron. Los informes indican que el Levo 4 LTD y el Levo 4 Comp Carbon no se incluyeron en el mismo ajuste de precios.<\/p>\n<p>El cambio se aplica a Estados Unidos y Canad\u00e1. Los precios europeos no se vieron afectados por esta actualizaci\u00f3n norteamericana.<\/p>\n<h2>Por Qu\u00e9 Specialized Est\u00e1 Recortando Precios<\/h2>\n<p>Specialized enmarc\u00f3 la decisi\u00f3n como un ajuste estructural de precios en lugar de una promoci\u00f3n a corto plazo.<\/p>\n<p>La compa\u00f1\u00eda cit\u00f3 mejoras en la cadena de suministro y los costos de producci\u00f3n en la plataforma Levo, al tiempo que reconoci\u00f3 que el mercado se ha vuelto m\u00e1s competitivo.<\/p>\n<p>Ese segundo punto importa. La categor\u00eda de eMTB premium ha estado bajo presi\u00f3n de marcas m\u00e1s nuevas que ofrecen especificaciones s\u00f3lidas a precios m\u00e1s bajos. Los compradores ahora comparan suspensi\u00f3n, potencia del motor, capacidad de bater\u00eda, software y soporte de servicio de manera m\u00e1s agresiva que hace unos a\u00f1os.<\/p>\n<p>Para una marca establecida, un recorte de precios puede servir para dos prop\u00f3sitos a la vez:<\/p>\n<ul>\n<li>reducir la barrera de entrada para ciclistas que consideran una eMTB de alto rendimiento<\/li>\n<li>mantener el inventario de los concesionarios en movimiento sin que el producto parezca un art\u00edculo de liquidaci\u00f3n temporal<\/li>\n<li>defender la posici\u00f3n en el mercado contra nuevos competidores agresivos<\/li>\n<li>restablecer las expectativas de los compradores antes del pr\u00f3ximo ciclo de producto<\/li>\n<\/ul>\n<h2>Compradores Existentes y Concesionarios Reciben Apoyo<\/h2>\n<p>Specialized tambi\u00e9n cre\u00f3 programas de apoyo para compradores y concesionarios afectados por el momento del cambio.<\/p>\n<p>Los concesionarios que compraron inventario afectado entre el 1 de febrero y el 7 de mayo de 2026 pueden participar en un programa de cr\u00e9dito de inventario. Los consumidores que compraron un Turbo Levo entre el 1 de enero y el 7 de mayo de 2026 tambi\u00e9n pueden ser elegibles para cr\u00e9dito hacia nuevos productos de Specialized.<\/p>\n<p>Eso importa porque los recortes de precios permanentes pueden frustrar a los compradores tempranos y dejar a los concesionarios con inventario comprado a precios antiguos. Los programas de compensaci\u00f3n son una forma de reducir esa fricci\u00f3n.<\/p>\n<h2>Qu\u00e9 Significa Esto para el Mercado de E-MTB<\/h2>\n<p>El Turbo Levo ha sido durante mucho tiempo una de las plataformas de eMTB premium m\u00e1s conocidas. Cuando una marca en ese nivel reduce precios permanentemente, env\u00eda una se\u00f1al m\u00e1s amplia al mercado.<\/p>\n<p>El mensaje probable es que las eMTB premium ya no pueden depender solo de la fortaleza de la marca y las listas de especificaciones altas. Los compradores quieren el paquete completo: rendimiento, fiabilidad, soporte del concesionario y un precio que se sienta defendible frente a competidores m\u00e1s nuevos.<\/p>\n<p>Para los ciclistas, el resultado es positivo a corto plazo. Un precio m\u00e1s bajo hace que el rendimiento de trail de alta gama sea m\u00e1s accesible. Para los concesionarios, el cambio puede ayudar a convertir a compradores que antes les gustaba el Levo pero no pod\u00edan justificar el precio anterior.<\/p>\n<p>Para la industria, es otra se\u00f1al de que el auge de las bicicletas el\u00e9ctricas se est\u00e1 volviendo m\u00e1s disciplinado. Las marcas est\u00e1n siendo empujadas a igualar la ambici\u00f3n del producto con precios realistas, mejor control de inventario y un valor m\u00e1s claro.<\/p>\n<h2>Fuentes<\/h2>\n<ul>\n<li>Bicycle Retailer and Industry News: <a href=\"https:\/\/www.bicycleretailer.com\/industry-news\/2026\/05\/07\/specialized-unveils-drastic-price-reduction-plan-retailers-turbo-levo\" target=\"_blank\" rel=\"noopener\">Specialized presenta un plan dr\u00e1stico de reducci\u00f3n de precios para minoristas del Turbo Levo<\/a><\/li>\n<li>Singletracks: <a href=\"https:\/\/www.singletracks.com\/mtb-gear\/specialized-drops-us-prices-on-turbo-levo-emtbs-in-permanent-shift\/\" target=\"_blank\" rel=\"noopener\">Specialized reduce los precios en EE. UU. del Turbo Levo eMTB en un cambio permanente<\/a><\/li>\n<\/ul>","protected":false},"excerpt":{"rendered":"<p>Specialized ha reducido permanentemente los precios en Norteam\u00e9rica en gran parte de su gama de bicicletas el\u00e9ctricas de monta\u00f1a Turbo Levo, con algunos modelos rebajados hasta en un 27 por ciento. La medida refleja menores costos de plataforma, creciente presi\u00f3n de precios en la categor\u00eda de eMTB y un mercado m\u00e1s competitivo para bicicletas el\u00e9ctricas de monta\u00f1a premium.<\/p>","protected":false},"author":2,"featured_media":1948,"comment_status":"","ping_status":"","sticky":false,"template":"","format":"standard","meta":{"footnotes":""},"categories":[33],"tags":[],"class_list":["post-1950","post","type-post","status-publish","format-standard","has-post-thumbnail","hentry","category-ebike-news"],"_links":{"self":[{"href":"https:\/\/regencargobikes.com\/es\/wp-json\/wp\/v2\/posts\/1950","targetHints":{"allow":["GET"]}}],"collection":[{"href":"https:\/\/regencargobikes.com\/es\/wp-json\/wp\/v2\/posts"}],"about":[{"href":"https:\/\/regencargobikes.com\/es\/wp-json\/wp\/v2\/types\/post"}],"author":[{"embeddable":true,"href":"https:\/\/regencargobikes.com\/es\/wp-json\/wp\/v2\/users\/2"}],"replies":[{"embeddable":true,"href":"https:\/\/regencargobikes.com\/es\/wp-json\/wp\/v2\/comments?post=1950"}],"version-history":[{"count":0,"href":"https:\/\/regencargobikes.com\/es\/wp-json\/wp\/v2\/posts\/1950\/revisions"}],"wp:featuredmedia":[{"embeddable":true,"href":"https:\/\/regencargobikes.com\/es\/wp-json\/wp\/v2\/media\/1948"}],"wp:attachment":[{"href":"https:\/\/regencargobikes.com\/es\/wp-json\/wp\/v2\/media?parent=1950"}],"wp:term":[{"taxonomy":"category","embeddable":true,"href":"https:\/\/regencargobikes.com\/es\/wp-json\/wp\/v2\/categories?post=1950"},{"taxonomy":"post_tag","embeddable":true,"href":"https:\/\/regencargobikes.com\/es\/wp-json\/wp\/v2\/tags?post=1950"}],"curies":[{"name":"wp","href":"https:\/\/api.w.org\/{rel}","templated":true}]}}