{"id":1953,"date":"2026-06-05T05:35:24","date_gmt":"2026-06-04T21:35:24","guid":{"rendered":"https:\/\/regencargobikes.com\/porsche-exits-ebike-market-2026\/"},"modified":"2026-06-05T05:35:24","modified_gmt":"2026-06-04T21:35:24","slug":"porsche-exits-ebike-market-2026","status":"publish","type":"post","link":"https:\/\/regencargobikes.com\/es\/porsche-exits-ebike-market-2026\/","title":{"rendered":"Porsche cierra su negocio de rendimiento de e-bikes como parte de una reestructuraci\u00f3n m\u00e1s amplia"},"content":{"rendered":"<p>Porsche est\u00e1 dando un paso atr\u00e1s en una de sus apuestas m\u00e1s visibles en tecnolog\u00eda de e-bikes. La empresa est\u00e1 cerrando Porsche eBike Performance GmbH, la unidad construida en torno al negocio de sistemas de transmisi\u00f3n Fazua que adquiri\u00f3 en 2022.<\/p>\n<figure class=\"wp-block-image size-full\"><img decoding=\"async\" src=\"https:\/\/regencargobikes.com\/wp-content\/uploads\/2026\/06\/porsche-techcrunch-macan-getty.jpg\" alt=\"Imagen de producci\u00f3n de veh\u00edculos el\u00e9ctricos de Porsche utilizada en la cobertura de TechCrunch sobre la reestructuraci\u00f3n de Porsche\"\/><figcaption>Fuente de la imagen: TechCrunch; foto de Sebastian Gollnow\/picture alliance v\u00eda Getty Images.<\/figcaption><\/figure>\n<p>La decisi\u00f3n no se limita a las e-bikes. Porsche tambi\u00e9n est\u00e1 cerrando Cellforce Group, una subsidiaria de bater\u00edas de alto rendimiento, y Cetitec, una empresa de software. En conjunto, los cierres afectan a m\u00e1s de 500 empleados.<\/p>\n<p>La versi\u00f3n corta es esta: Porsche se est\u00e1 reenfocando en \u00e1reas de negocio principales despu\u00e9s de que varias apuestas tecnol\u00f3gicas ambiciosas se volvieran m\u00e1s dif\u00edciles de justificar en un mercado m\u00e1s fr\u00edo.<\/p><div id=\"regen-1737767536\" class=\"regen-test-placement-from-wizard-2878267818 regen-entity-placement\"><script async src=\"https:\/\/pagead2.googlesyndication.com\/pagead\/js\/adsbygoogle.js?client=ca-pub-1076230867169041\"\n     crossorigin=\"anonymous\"><\/script><\/div><div id=\"regen-2024327576\" class=\"regen-test-placement-from-wizard-1604397851 regen-entity-placement\"><script async src=\"https:\/\/pagead2.googlesyndication.com\/pagead\/js\/adsbygoogle.js?client=ca-pub-1076230867169041\"\n     crossorigin=\"anonymous\"><\/script><\/div>\n<h2>Lo que anunci\u00f3 Porsche<\/h2>\n<p>Informes de TechCrunch, BikeRadar y Bicycle Retailer and Industry News dicen que Porsche est\u00e1 cerrando tres subsidiarias:<\/p>\n<table>\n<thead>\n<tr>\n<th>Subsidiaria<\/th>\n<th>\u00c1rea principal<\/th>\n<th>Ubicaciones clave<\/th>\n<\/tr>\n<\/thead>\n<tbody>\n<tr>\n<td>Porsche eBike Performance GmbH<\/td>\n<td>Sistemas de transmisi\u00f3n para e-bikes<\/td>\n<td>Alemania y Croacia<\/td>\n<\/tr>\n<tr>\n<td>Cellforce Group GmbH<\/td>\n<td>Desarrollo de bater\u00edas de alto rendimiento<\/td>\n<td>Alemania<\/td>\n<\/tr>\n<tr>\n<td>Cetitec GmbH<\/td>\n<td>Software automotriz<\/td>\n<td>Alemania<\/td>\n<\/tr>\n<\/tbody>\n<\/table>\n<p>Porsche eBike Performance se cre\u00f3 despu\u00e9s de que Porsche adquiriera Fazua, un especialista alem\u00e1n en transmisiones para e-bikes conocido por sistemas ligeros dise\u00f1ados para preservar una sensaci\u00f3n de conducci\u00f3n natural.<\/p>\n<p>En ese momento, la adquisici\u00f3n parec\u00eda un compromiso serio con la tecnolog\u00eda premium de e-bikes. Porsche ya ten\u00eda productos de e-bikes de marca en asociaci\u00f3n con otros fabricantes, y Fazua le dio a la empresa un control m\u00e1s profundo sobre la capa del sistema de transmisi\u00f3n.<\/p>\n<p>Ese cap\u00edtulo ahora se est\u00e1 cerrando.<\/p>\n<h2>Por qu\u00e9 Porsche se est\u00e1 retirando<\/h2>\n<p>Porsche describi\u00f3 el mercado de sistemas de transmisi\u00f3n para e-bikes como algo que ha cambiado fundamentalmente. En t\u00e9rminos simples, el mercado que parec\u00eda atractivo durante el auge de las e-bikes se ha vuelto m\u00e1s dif\u00edcil.<\/p>\n<p>Varias presiones est\u00e1n afectando la categor\u00eda al mismo tiempo:<\/p>\n<ul>\n<li>demanda m\u00e1s suave en partes de Europa<\/li>\n<li>altos inventarios en toda la industria de la bicicleta<\/li>\n<li>competencia m\u00e1s dura de marcas de menor costo<\/li>\n<li>presi\u00f3n sobre productos discrecionales premium<\/li>\n<li>mayor escrutinio de unidades de negocio no principales<\/li>\n<\/ul>\n<p>Para Porsche, la decisi\u00f3n tambi\u00e9n encaja en un reinicio estrat\u00e9gico m\u00e1s amplio. La empresa ha estado revisando inversiones y reenfocando recursos en \u00e1reas m\u00e1s cercanas a su negocio automotriz principal.<\/p>\n<h2>Qu\u00e9 sucede con Fazua<\/h2>\n<p>Fazua es el nombre m\u00e1s importante para muchos ciclistas de e-bikes.<\/p>\n<p>Antes de que Porsche la adquiriera, Fazua ten\u00eda una s\u00f3lida reputaci\u00f3n en sistemas de e-bikes ligeros, especialmente entre ciclistas que quer\u00edan asistencia sutil en lugar de una sensaci\u00f3n pesada y de alta potencia. Eso la hizo relevante para eMTBs ligeras, bicicletas urbanas de rendimiento y marcas que intentaban mantener las e-bikes cerca del manejo de las bicicletas tradicionales.<\/p>\n<p>El cierre plantea preguntas pr\u00e1cticas para los usuarios existentes de Fazua y las marcas de bicicletas que depend\u00edan del sistema:<\/p>\n<ul>\n<li>cu\u00e1nto tiempo continuar\u00e1n las piezas y el soporte de servicio<\/li>\n<li>si la marca o tecnolog\u00eda Fazua se vender\u00e1<\/li>\n<li>c\u00f3mo los clientes OEM har\u00e1n la transici\u00f3n de modelos futuros<\/li>\n<li>si los proveedores competidores de sistemas de transmisi\u00f3n llenar\u00e1n el vac\u00edo<\/li>\n<\/ul>\n<p>Seg\u00fan los informes citados aqu\u00ed, Porsche no hab\u00eda detallado p\u00fablicamente un futuro a largo plazo para Fazua como marca independiente.<\/p>\n<h2>Qu\u00e9 significa para la industria de las e-bikes<\/h2>\n<p>La salida de Porsche no es una se\u00f1al de que las e-bikes est\u00e9n desapareciendo. Es una se\u00f1al de que el mercado est\u00e1 madurando.<\/p>\n<p>Durante los a\u00f1os de auge, muchas empresas trataron las e-bikes como una categor\u00eda tecnol\u00f3gica de r\u00e1pido crecimiento. Eso atrajo capital, adquisiciones y planes de productos ambiciosos. En 2026, el entorno es m\u00e1s exigente. Las marcas necesitan escala, redes de servicio, disponibilidad de componentes y disciplina de precios.<\/p>\n<p>Para los ciclistas, el problema principal es el soporte. Cualquiera que use una bicicleta impulsada por Fazua debe estar atento a las actualizaciones oficiales de servicio y las gu\u00edas de piezas de repuesto.<\/p>\n<p>Para los proveedores competidores de sistemas de transmisi\u00f3n, el cierre puede crear oportunidades. Bosch, Shimano, Brose y otros actores establecidos podr\u00edan beneficiarse si las marcas de bicicletas deciden que necesitan un soporte a largo plazo m\u00e1s predecible.<\/p>\n<p>La lecci\u00f3n m\u00e1s grande de la industria es clara: el posicionamiento premium no es suficiente por s\u00ed solo. Incluso una marca poderosa necesita un caso de negocio sostenible cuando est\u00e1n involucrados los m\u00e1rgenes de hardware, el riesgo de inventario y las obligaciones de posventa.<\/p>\n<h2>Fuentes<\/h2>\n<ul>\n<li>TechCrunch: <a href=\"https:\/\/techcrunch.com\/2026\/05\/08\/porsche-shutters-e-bike-battery-software-subsidiaries-as-part-of-company-overhaul\/\" target=\"_blank\" rel=\"noopener\">Porsche cierra subsidiarias de e-bikes, bater\u00edas y software como parte de una reestructuraci\u00f3n de la empresa<\/a><\/li>\n<li>BikeRadar: <a href=\"https:\/\/www.bikeradar.com\/news\/porsche-ebike-performance-discontinued\" target=\"_blank\" rel=\"noopener\">Porsche eBike Performance descontinuado<\/a><\/li>\n<li>Bicycle Retailer and Industry News: <a href=\"https:\/\/www.bicycleretailer.com\/international\/2026\/05\/08\/porsche-closing-its-ebike-performance-group\" target=\"_blank\" rel=\"noopener\">Porsche cierra su grupo eBike Performance<\/a><\/li>\n<\/ul>","protected":false},"excerpt":{"rendered":"<p>Porsche is shutting down Porsche eBike Performance GmbH, along with battery and software subsidiaries, as part of a wider restructuring. The move affects more than 500 employees and marks a sharp reversal from the company&#8217;s 2022 push into high-performance e-bike drive systems through Fazua.<\/p>","protected":false},"author":2,"featured_media":1951,"comment_status":"","ping_status":"","sticky":false,"template":"","format":"standard","meta":{"footnotes":""},"categories":[33],"tags":[],"class_list":["post-1953","post","type-post","status-publish","format-standard","has-post-thumbnail","hentry","category-ebike-news"],"_links":{"self":[{"href":"https:\/\/regencargobikes.com\/es\/wp-json\/wp\/v2\/posts\/1953","targetHints":{"allow":["GET"]}}],"collection":[{"href":"https:\/\/regencargobikes.com\/es\/wp-json\/wp\/v2\/posts"}],"about":[{"href":"https:\/\/regencargobikes.com\/es\/wp-json\/wp\/v2\/types\/post"}],"author":[{"embeddable":true,"href":"https:\/\/regencargobikes.com\/es\/wp-json\/wp\/v2\/users\/2"}],"replies":[{"embeddable":true,"href":"https:\/\/regencargobikes.com\/es\/wp-json\/wp\/v2\/comments?post=1953"}],"version-history":[{"count":0,"href":"https:\/\/regencargobikes.com\/es\/wp-json\/wp\/v2\/posts\/1953\/revisions"}],"wp:featuredmedia":[{"embeddable":true,"href":"https:\/\/regencargobikes.com\/es\/wp-json\/wp\/v2\/media\/1951"}],"wp:attachment":[{"href":"https:\/\/regencargobikes.com\/es\/wp-json\/wp\/v2\/media?parent=1953"}],"wp:term":[{"taxonomy":"category","embeddable":true,"href":"https:\/\/regencargobikes.com\/es\/wp-json\/wp\/v2\/categories?post=1953"},{"taxonomy":"post_tag","embeddable":true,"href":"https:\/\/regencargobikes.com\/es\/wp-json\/wp\/v2\/tags?post=1953"}],"curies":[{"name":"wp","href":"https:\/\/api.w.org\/{rel}","templated":true}]}}