{"id":1145,"date":"2025-05-03T17:19:43","date_gmt":"2025-05-03T09:19:43","guid":{"rendered":"https:\/\/regencargobikes.com\/?p=1145"},"modified":"2025-05-07T21:31:08","modified_gmt":"2025-05-07T13:31:08","slug":"2025-austin-cargo-bike-festival","status":"publish","type":"post","link":"https:\/\/regencargobikes.com\/et\/2025-austin-cargo-bike-festival\/","title":{"rendered":"2025. aasta Austini kaubajalgrataste festival"},"content":{"rendered":"<p>See <strong>2025. aasta Austini kaubajalgrataste festival<\/strong> pakub v\u00f5imalust kogeda omal nahal kaubaratta ja kergliiklusteede praktilisi eeliseid linnakeskkonnas. See toimub j\u00e4rgmisel p\u00e4eval <strong>Laup\u00e4ev, 3. mai 2025<\/strong>, alates <strong>11.00 kuni 15.00<\/strong> aadressil <strong>900 Springdale Road, Austin, TX<\/strong>, see \u00fcritus on \u00fcldsusele tasuta ja keskendub kaubaratta ja mikroliikuvuse lahenduste tegelikele rakendustele linnaelu jaoks.<\/p>\n\n\n\n<h2 class=\"wp-block-heading\"><strong>&nbsp;S\u00fcndmuse \u00fcksikasjad<\/strong><\/h2>\n\n\n\n<ul class=\"wp-block-list\">\n<li><strong>Kuup\u00e4ev ja kellaaeg<\/strong>: Laup\u00e4ev, 3. mai 2025 | 11.00 - 15.00<\/li>\n\n\n\n<li><strong>Asukoht<\/strong>: 900 Springdale Road, Austin, TX 78702<\/li>\n\n\n\n<li><strong>Sissep\u00e4\u00e4s<\/strong>: Tasuta<\/li>\n\n\n\n<li><strong>Korraldaja<\/strong>: <a href=\"https:\/\/www.biketexas.org\/uncategorized\/2025-austin-cargo-bike-festival\/\" target=\"_blank\" rel=\"noopener\">BikeTexas<\/a><\/li>\n<\/ul>\n\n\n\n<figure class=\"wp-block-image size-full\"><img fetchpriority=\"high\" decoding=\"async\" width=\"600\" height=\"400\" src=\"https:\/\/regencargobikes.com\/wp-content\/uploads\/2025\/05\/Fun-at-ACBF-1.jpg\" alt=\"\" class=\"wp-image-1146\" srcset=\"https:\/\/regencargobikes.com\/wp-content\/uploads\/2025\/05\/Fun-at-ACBF-1.jpg 600w, https:\/\/regencargobikes.com\/wp-content\/uploads\/2025\/05\/Fun-at-ACBF-1-300x200.jpg 300w, https:\/\/regencargobikes.com\/wp-content\/uploads\/2025\/05\/Fun-at-ACBF-1-18x12.jpg 18w\" sizes=\"(max-width: 600px) 100vw, 600px\" \/><\/figure>\n\n\n\n<h2 class=\"wp-block-heading\"><strong>Mida oodata<\/strong><\/h2>\n\n\n\n<ul class=\"wp-block-list\">\n<li><strong>Proovis\u00f5idud<\/strong>: Osalejatel on v\u00f5imalus proovida erinevaid kaubarattaid ja mikromobiilsuss\u00f5idukeid reaalsetes tingimustes.<\/li>\n\n\n\n<li><strong>Kaunistatud kaubaratta paraad<\/strong>: Osalejad saavad osaleda paraadil, et n\u00e4idata oma loominguliselt kohandatud kaubarattaid.<\/li>\n\n\n\n<li><strong>Kohalik toit ja meelelahutus<\/strong>: Festivalil pakutakse kohalike m\u00fc\u00fcjate toitu ja meelelahutust igas vanuses osalejatele.<\/li>\n\n\n\n<li><strong>\u00dchenduse kaasamine<\/strong>: \u00dcritus annab v\u00f5imaluse suhelda kohalike elanike ja ettev\u00f5tetega, kes kasutavad transpordivajaduste rahuldamiseks kaubarattaid.<\/li>\n<\/ul>\n\n\n\n<h2 class=\"wp-block-heading\"><strong>Kes peaks osalema<\/strong><\/h2>\n\n\n\n<ul class=\"wp-block-list\">\n<li><strong>Jalgrattaspordi entusiastid<\/strong>: See \u00fcritus on ideaalne inimestele, kes on huvitatud rohkem teada saama kaubaratta kasutamisest ja eelistest.<\/li>\n\n\n\n<li><strong>Perekonnad<\/strong>: Festival pakub l\u00f5busaid ja harivaid tegevusi igale vanusele.<\/li>\n\n\n\n<li><strong>Linnaplaneerijad ja poliitikakujundajad<\/strong>: \u00dcritus annab \u00fclevaate sellest, kuidas kaubarattad v\u00f5ivad aidata v\u00e4hendada liiklusummikuid ja parandada linnaliiklust.<\/li>\n\n\n\n<li><strong>Kohalikud ettev\u00f5tted<\/strong>: Ettev\u00f5tted saavad uurida, kuidas kaubarattaid saab integreerida oma tegevusse tarnete ja muude logistiliste vajaduste jaoks.<\/li>\n<\/ul>\n\n\n\n<h2 class=\"wp-block-heading\"><strong>N\u00e4pun\u00e4iteid k\u00fclastajatele<\/strong><\/h2>\n\n\n\n<ul class=\"wp-block-list\">\n<li><strong>Saabu varakult<\/strong>: Selleks, et \u00fcrituse ajal maksimaalselt \u00e4ra kasutada, tuleks kaaluda varakult kohalej\u00f5udmist, et proovida kaubarattaid.<\/li>\n\n\n\n<li><strong>V\u00f5ta kaasa pere ja s\u00f5brad<\/strong>: See on peres\u00f5bralik \u00fcritus, mis annab suurep\u00e4rase v\u00f5imaluse koos \u00f5ppida ja l\u00f5butseda.<\/li>\n\n\n\n<li><strong>Riietuge mugavalt<\/strong>: Kuna \u00fcritus toimub v\u00e4litingimustes, kandke mugavat riietust ja jalan\u00f5usid, mis sobivad k\u00f5ndimiseks ja tegevustes osalemiseks.<\/li>\n\n\n\n<li><strong>Suhtlemine eksponentidega<\/strong>: V\u00f5tke aega, et r\u00e4\u00e4kida eksponentidega, et teada saada, kuidas kaubarattaid saab kasutada mitmesuguste praktiliste rakenduste jaoks teie enda elus v\u00f5i \u00e4ris.<\/li>\n<\/ul>","protected":false},"excerpt":{"rendered":"<p>The 2025 Austin Cargo Bike Festival offers a chance to experience firsthand the practical advantages of cargo bikes and light transport solutions in urban settings. Taking place on Saturday, May 3, 2025, from 11 AM to 3 PM at 900 Springdale Road, Austin, TX, this event is free to the public and focuses on real-world [&hellip;]<\/p>\n","protected":false},"author":2,"featured_media":1147,"comment_status":"open","ping_status":"open","sticky":false,"template":"","format":"standard","meta":{"footnotes":""},"categories":[36],"tags":[],"class_list":["post-1145","post","type-post","status-publish","format-standard","has-post-thumbnail","hentry","category-event-expo"],"_links":{"self":[{"href":"https:\/\/regencargobikes.com\/et\/wp-json\/wp\/v2\/posts\/1145","targetHints":{"allow":["GET"]}}],"collection":[{"href":"https:\/\/regencargobikes.com\/et\/wp-json\/wp\/v2\/posts"}],"about":[{"href":"https:\/\/regencargobikes.com\/et\/wp-json\/wp\/v2\/types\/post"}],"author":[{"embeddable":true,"href":"https:\/\/regencargobikes.com\/et\/wp-json\/wp\/v2\/users\/2"}],"replies":[{"embeddable":true,"href":"https:\/\/regencargobikes.com\/et\/wp-json\/wp\/v2\/comments?post=1145"}],"version-history":[{"count":1,"href":"https:\/\/regencargobikes.com\/et\/wp-json\/wp\/v2\/posts\/1145\/revisions"}],"predecessor-version":[{"id":1148,"href":"https:\/\/regencargobikes.com\/et\/wp-json\/wp\/v2\/posts\/1145\/revisions\/1148"}],"wp:featuredmedia":[{"embeddable":true,"href":"https:\/\/regencargobikes.com\/et\/wp-json\/wp\/v2\/media\/1147"}],"wp:attachment":[{"href":"https:\/\/regencargobikes.com\/et\/wp-json\/wp\/v2\/media?parent=1145"}],"wp:term":[{"taxonomy":"category","embeddable":true,"href":"https:\/\/regencargobikes.com\/et\/wp-json\/wp\/v2\/categories?post=1145"},{"taxonomy":"post_tag","embeddable":true,"href":"https:\/\/regencargobikes.com\/et\/wp-json\/wp\/v2\/tags?post=1145"}],"curies":[{"name":"wp","href":"https:\/\/api.w.org\/{rel}","templated":true}]}}