{"id":1505,"date":"2025-06-09T05:41:03","date_gmt":"2025-06-08T21:41:03","guid":{"rendered":"https:\/\/regencargobikes.com\/?p=1505"},"modified":"2025-06-09T05:41:04","modified_gmt":"2025-06-08T21:41:04","slug":"micro-mobility-labs-unveils-convoy-e-cargo-trailer","status":"publish","type":"post","link":"https:\/\/regencargobikes.com\/et\/micro-mobility-labs-unveils-convoy-e-cargo-trailer\/","title":{"rendered":"Micro Mobility Labs avalikustas Convoy e-kaubaveo haagise"},"content":{"rendered":"<p><em>juuni 2025 - London, \u00dchendkuningriik<\/em> - Briti idufirma <strong>Micro Mobility Labs<\/strong> on tutvustanud oma uusimat loomingut, milleks on <strong>Konvoi C.01<\/strong> elektriline kaubaveohaagis, mis deb\u00fcteerib sel suvel Eurobike'i messil. Enamiku jalgrataste k\u00fclge h\u00f5lpsasti kinnitatav, vastupidav, kuid kerge Convoy toob kaasa <strong>250 W mootoriv\u00f5imsus, 30 km lennukaugus ja 50 kg kandev\u00f5ime.<\/strong> kompaktses, kaasaskantavas pakendis.<\/p>\n\n\n\n<hr class=\"wp-block-separator has-alpha-channel-opacity\"\/>\n\n\n\n<h2 class=\"wp-block-heading\"><strong>Kerge sobivus, nutikas k\u00e4sitsemine<\/strong><\/h2>\n\n\n\n<p>\u00dcks silmapaistev omadus on t\u00f6\u00f6riistavaba paigaldus - Convoy kinnitub teie jalgrattale ilma mutriv\u00f5tmete v\u00f5i seadistusteta. Sellel on ka patenteeritud tagarataste juhtimiss\u00fcsteem, mis aitab haagisel s\u00f5ita. <strong>j\u00e4rgige jalgratta p\u00f6\u00f6rdeid loomulikult<\/strong>, parandades juhitavust kitsastes linnaruumides.<\/p>\n\n\n\n<p>\u00dchendatuna jalgratta p\u00f6\u00f6rdemomenti tajuva mootoriga pakub Convoy <strong>1. klassi abi kuni 26 km\/h (16 mph)<\/strong> kasutatava vahemikuga <strong>kuni 30 km (19 miili)<\/strong>. Hinnakujundus on praegu umbes <strong>2200 eurot (umbes $2,500 eurot).<\/strong>ning mitmel Euroopa turul on eeltellimused juba k\u00e4imas.<\/p><div class=\"regen-test-placement-from-wizard-1604397851\" id=\"regen-4067894196\"><script async src=\"https:\/\/pagead2.googlesyndication.com\/pagead\/js\/adsbygoogle.js?client=ca-pub-1076230867169041\"\n     crossorigin=\"anonymous\"><\/script><\/div><div class=\"regen-test-placement-from-wizard-2878267818\" id=\"regen-3654621349\"><script async src=\"https:\/\/pagead2.googlesyndication.com\/pagead\/js\/adsbygoogle.js?client=ca-pub-1076230867169041\"\n     crossorigin=\"anonymous\"><\/script><\/div>\n\n\n\n<hr class=\"wp-block-separator has-alpha-channel-opacity\"\/>\n\n\n\n<h2 class=\"wp-block-heading\"><strong>Kellele see on m\u00f5eldud<\/strong><\/h2>\n\n\n\n<p>Erinevalt mahukatest elektrilistest kaubaratturitest v\u00f5i kaubaautodest on Convoy m\u00f5eldud paindlikuks. Olenemata sellest, kas olete lapsevanem, kes veab toidukaupu, kuller, kes tegeleb jalgrattakulleritega, v\u00f5i v\u00e4ikeettev\u00f5te, kes transpordib kaupu, Convoy \u00fchendatakse teie jalgratta k\u00fclge, et muuta see kiiresti praktiliseks elektriliseks kaubaveoks.<\/p>\n\n\n\n<p>Euroopa toetajad on juba teatanud tegelikust edust: \u00fcks perekond kirjeldas seda kui \"kooliteed palju lihtsamaks muutvat\", samas kui kohalikud pagarid m\u00e4rkisid, et see asendab l\u00fchikesi autoga tehtavaid asju ilma parkimiskohti h\u00f5ivamata.<\/p>\n\n\n\n<hr class=\"wp-block-separator has-alpha-channel-opacity\"\/>\n\n\n\n<h2 class=\"wp-block-heading\"><strong>Tulemused l\u00fchidalt<\/strong><\/h2>\n\n\n\n<p>Siin on n\u00e4ha, kuidas Convoy on v\u00f5rreldav tavaliste e-kullerrataste ja kaubikup\u00f5histe s\u00fcsteemidega:<\/p>\n\n\n\n<figure class=\"wp-block-table\"><table class=\"has-fixed-layout\"><tbody><tr><td><strong>Funktsioon<\/strong><\/td><td><strong>Konvoi C.01<\/strong><\/td><td><strong>Standard E-Cargo Bike<\/strong><\/td><\/tr><tr><td>Kaskoormuse maht<\/td><td>50 kg<\/td><td>100-200 kg<\/td><\/tr><tr><td>Mootori v\u00e4ljund<\/td><td>250 W<\/td><td>250-750 W<\/td><\/tr><tr><td>Maksimaalne abistatud kiirus<\/td><td>16 mph (26 km\/h)<\/td><td>25 - 40 km\/h<\/td><\/tr><tr><td>Range<\/td><td>Kuni 30 km<\/td><td>40 - 80 km<\/td><\/tr><tr><td>Kinnitumise lihtsus<\/td><td>Kinnitatav, ilma t\u00f6\u00f6riistadeta<\/td><td>Fikseeritud raam, ei ole modulaarne<\/td><\/tr><tr><td>Haagise kaal<\/td><td>12 kg<\/td><td>30 kg+<\/td><\/tr><\/tbody><\/table><\/figure>\n\n\n\n<p>Convoy ei vasta suuremate e-veojalgrataste ulatusele ega mahukale veoj\u00f5ule, kuid selle <strong>lihtsus, kaasaskantavus ja man\u00f6\u00f6verdamisv\u00f5ime<\/strong> muudab selle ideaalseks kergemate koormate ja juhusliku logistika jaoks.<\/p>\n\n\n\n<hr class=\"wp-block-separator has-alpha-channel-opacity\"\/>\n\n\n\n<h2 class=\"wp-block-heading\"><strong>Kasvav n\u00f5udlus j\u00e4tkusuutliku veose j\u00e4rele<\/strong><\/h2>\n\n\n\n<p>Linnad kogu maailmas n\u00f5uavad keskkonnas\u00f5bralikumaid viimaste miilide tarneid. Euroopa Jalgrattaliidu teatel on <strong>12% kasv mikrokogumismootoriga jalgrataste m\u00fc\u00fcgis 2024. aastal<\/strong>, mille ajendiks on peamiselt pered ja kohalikud transporditeenused, kes otsivad autodele j\u00e4tkusuutlikke alternatiive.<\/p>\n\n\n\n<p>Micro Mobility Labs'i meeskond - mille eesotsas on endised Dysoni insenerid - lubab veelgi rohkem uuendusi: eelseisev C.02 mudelil on j\u00e4rgmised omadused <strong>kergemad materjalid ja arukamad andurid<\/strong>.<\/p>\n\n\n\n<p>T\u00f6\u00f6stuse asjatundjad on juba m\u00e4rganud Convoy modulaarse potentsiaali. Alex M\u00fcller, endine linnakullerteenuse juht, \u00fctles:<\/p>\n\n\n\n<blockquote class=\"wp-block-quote is-layout-flow wp-block-quote-is-layout-flow\">\n<p>\"Convoy pakub modulaarset e-veolahendust, mis on t\u00f5eliselt atraktiivne nii tarbijatele kui ka B2B-kasutajatele.\"<\/p>\n<\/blockquote>\n\n\n\n<p>Vahepeal lisas jalgratta-tehnoloogia \u00fclevaataja Emma Clark:<\/p>\n\n\n\n<blockquote class=\"wp-block-quote is-layout-flow wp-block-quote-is-layout-flow\">\n<p>\"Sa ei vaja kohandatud e-veojalgratast - Convoy muudab sinu praeguse s\u00f5idu veoautoks, mis sobib ideaalselt rendiparkidele ja \u00fchisp\u00f5gratastele.\"<\/p>\n<\/blockquote>\n\n\n\n<hr class=\"wp-block-separator has-alpha-channel-opacity\"\/>\n\n\n\n<h2 class=\"wp-block-heading\"><strong>Tulevane kasutuselev\u00f5tu ajakava<\/strong><\/h2>\n\n\n\n<p>Micro Mobility Labs kavatseb:<\/p>\n\n\n\n<ul class=\"wp-block-list\">\n<li>N\u00e4idiskonvoi aadressil <strong>Eurobike 2025<\/strong> (juuli) meedia ja turustajate demodemonstratsioonideks<\/li>\n\n\n\n<li>Alustage piiratud Euroopa laevandust aastal <strong>Q4 2025<\/strong><\/li>\n\n\n\n<li>Sisestage P\u00f5hja-Ameerikasse <strong>Q2 2026<\/strong> partnerlussuhete kaudu selliste tarneplatvormidega nagu Uber Freight ja Amazon Flex<\/li>\n<\/ul>\n\n\n\n<p>Praegu t\u00e4iustavad nad akupaketti ja roolimehhanismi, et saavutada suurem vastupidavus ja v\u00e4iksem kaal.<\/p>\n\n\n\n<hr class=\"wp-block-separator has-alpha-channel-opacity\"\/>\n\n\n\n<h2 class=\"wp-block-heading\"><strong>Eelseisvad v\u00e4ljakutsed<\/strong><\/h2>\n\n\n\n<p>Convoy t\u00e4idab kergete veoste kasutajate vajadusi, kuid see ei sobi nii h\u00e4sti raskete veoste kohaletoimetamise \u00fclesanneteks. Selle 250 W v\u00f5imsusega mootor ja 30 km l\u00e4bitavus vastavad Euroopa 1. klassi standarditele, kuigi need j\u00e4\u00e4vad alla P\u00f5hja-Ameerika piirangute (2. klass, maksimaalselt 20 mph). Tootmise ja levitamise suurendamine ning kulude kontrollimine on endiselt peamised takistused.<\/p>\n\n\n\n<hr class=\"wp-block-separator has-alpha-channel-opacity\"\/>\n\n\n\n<h2 class=\"wp-block-heading\"><strong>L\u00f5pps\u00f5na<\/strong><\/h2>\n\n\n\n<p>Convoy toob linna siselogistikasse v\u00e4rske, modulaarse p\u00f6\u00f6rde, mis \u00fchendab endas lihtsuse, paindlikkuse ja j\u00e4tkusuutlikkuse. Peredele, kulleritele v\u00f5i v\u00e4ikem\u00fc\u00fcjatele lisab see kaubaveo kasulikkust ilma t\u00e4ieliku e-veojalgratta hinna v\u00f5i mahuta. Kui Micro Mobility Labs suudab p\u00e4rast Eurobike'i t\u00f5husalt laieneda, v\u00f5ib Convoy aidata kaasa moodulite ja jagatavate linnatranspordi suundumuse kinnistamisele - \u00fcks jalgratas korraga.<\/p>\n\n\n\n<h2 class=\"wp-block-heading\">Kujutise autori\u00f5iguste lahti\u00fctlus<\/h2>\n\n\n\n<p>M\u00f5ned sellel veebisaidil\/artiklis kasutatud pildid p\u00e4rinevad internetist ja on m\u00f5eldud \u00fcksnes illustratiivsetel ja hariduslikel eesm\u00e4rkidel sisu m\u00f5istmise parandamiseks. Austame algsete loojate intellektuaalomandi \u00f5igusi ja p\u00fc\u00fcame vajaduse korral allikaid \u00e4ra m\u00e4rkida.<\/p>\n\n\n\n<p>Kui olete siin kuvatud pildi \u00f5igusj\u00e4rgne omanik ja usute, et selle kasutamine kujutab endast autori\u00f5iguste rikkumist, v\u00f5tke meiega \u00fchendust aadressil <a href=\"mailto:info@regencargobikes.com\" target=\"_Blank\" rel=\"noreferrer noopener\">info@regencargobikes.com<\/a>P\u00e4rast kinnitamist eemaldame pildi viivitamatult v\u00f5i anname sobiva viite autorile.<\/p>\n\n\n\n<p>T\u00e4nan teid m\u00f5istva suhtumise eest.<\/p>\n\n\n\n<p>\u00a9 Regen Technology Co., Ltd.<\/p>","protected":false},"excerpt":{"rendered":"<p>June 2025 \u2013 London, UK \u2013 British start-up Micro Mobility Labs has introduced its latest creation, the Convoy C.01 electric cargo trailer, set to debut at this summer\u2019s Eurobike show. Designed to attach easily to most bicycles, the rugged yet lightweight Convoy brings 250W motor power, 30\u202fkm range, and 50\u202fkg payload capacity in a compact, [&hellip;]<\/p>\n","protected":false},"author":2,"featured_media":1506,"comment_status":"open","ping_status":"open","sticky":false,"template":"","format":"standard","meta":{"footnotes":""},"categories":[2],"tags":[],"class_list":["post-1505","post","type-post","status-publish","format-standard","has-post-thumbnail","hentry","category-knowledge"],"_links":{"self":[{"href":"https:\/\/regencargobikes.com\/et\/wp-json\/wp\/v2\/posts\/1505","targetHints":{"allow":["GET"]}}],"collection":[{"href":"https:\/\/regencargobikes.com\/et\/wp-json\/wp\/v2\/posts"}],"about":[{"href":"https:\/\/regencargobikes.com\/et\/wp-json\/wp\/v2\/types\/post"}],"author":[{"embeddable":true,"href":"https:\/\/regencargobikes.com\/et\/wp-json\/wp\/v2\/users\/2"}],"replies":[{"embeddable":true,"href":"https:\/\/regencargobikes.com\/et\/wp-json\/wp\/v2\/comments?post=1505"}],"version-history":[{"count":1,"href":"https:\/\/regencargobikes.com\/et\/wp-json\/wp\/v2\/posts\/1505\/revisions"}],"predecessor-version":[{"id":1507,"href":"https:\/\/regencargobikes.com\/et\/wp-json\/wp\/v2\/posts\/1505\/revisions\/1507"}],"wp:featuredmedia":[{"embeddable":true,"href":"https:\/\/regencargobikes.com\/et\/wp-json\/wp\/v2\/media\/1506"}],"wp:attachment":[{"href":"https:\/\/regencargobikes.com\/et\/wp-json\/wp\/v2\/media?parent=1505"}],"wp:term":[{"taxonomy":"category","embeddable":true,"href":"https:\/\/regencargobikes.com\/et\/wp-json\/wp\/v2\/categories?post=1505"},{"taxonomy":"post_tag","embeddable":true,"href":"https:\/\/regencargobikes.com\/et\/wp-json\/wp\/v2\/tags?post=1505"}],"curies":[{"name":"wp","href":"https:\/\/api.w.org\/{rel}","templated":true}]}}