{"id":1600,"date":"2025-06-22T04:17:36","date_gmt":"2025-06-21T20:17:36","guid":{"rendered":"https:\/\/regencargobikes.com\/?p=1600"},"modified":"2025-06-22T04:17:38","modified_gmt":"2025-06-21T20:17:38","slug":"how-fast-can-your-electric-cargo-bike-go","status":"publish","type":"post","link":"https:\/\/regencargobikes.com\/et\/how-fast-can-your-electric-cargo-bike-go\/","title":{"rendered":"Kui kiiresti teie elektriline kaubaratas s\u00f5ita saab?"},"content":{"rendered":"<p>Regen-s k\u00fcsitakse meilt sageli petlikult lihtsat k\u00fcsimust:<\/p>\n\n\n\n<p><strong>\"Kui kiiresti saab teie <a href=\"https:\/\/regencargobikes.com\/et\/what-is-a-cargo-bike\/\" data-type=\"post\" data-id=\"1179\">elektriline kaubaratas<\/a> minna?\"<\/strong><\/p>\n\n\n\n<p>See on \u00f5iglane k\u00fcsimus - ja oluline. Olenemata sellest, kas te s\u00f5idate pendeldades, kaupu toimetades v\u00f5i vabal ajal, m\u00f5jutab kiirus mitte ainult t\u00f5husust, vaid ka seaduslikkust, ohutust ja s\u00f5idumugavust. Seega v\u00f5tame teid t\u00e4na juhtraua taha ja uurime andmeid. Uurime tegelikke kiiruse n\u00e4itajaid, seaduslikke piiranguid ja <strong>mis m\u00f5jutab teie kaubaratta kiirust.<\/strong><\/p><div class=\"regen-test-placement-from-wizard-1604397851\" id=\"regen-3049422466\"><script async src=\"https:\/\/pagead2.googlesyndication.com\/pagead\/js\/adsbygoogle.js?client=ca-pub-1076230867169041\"\n     crossorigin=\"anonymous\"><\/script><\/div><div class=\"regen-test-placement-from-wizard-2878267818\" id=\"regen-628982180\"><script async src=\"https:\/\/pagead2.googlesyndication.com\/pagead\/js\/adsbygoogle.js?client=ca-pub-1076230867169041\"\n     crossorigin=\"anonymous\"><\/script><\/div>\n\n\n\n<hr class=\"wp-block-separator has-alpha-channel-opacity\"\/>\n\n\n\n<h2 class=\"wp-block-heading\"><strong>Kiirusepiirangud kogu maailmas<\/strong><\/h2>\n\n\n\n<p>Alustame p\u00f5hit\u00f5dedest: <strong>seaduslikud tippkiirused on piirkonniti erinevad<\/strong>. Enamik elektrilisi kaubarattaid kuulub \u00fchte kahest klassist:<\/p>\n\n\n\n<figure class=\"wp-block-table\"><table class=\"has-fixed-layout\"><thead><tr><th><strong>Piirkond<\/strong><\/th><th><strong>Lubatud tippkiirus (km\/h)<\/strong><\/th><th><strong>Tippkiirus (mph)<\/strong><\/th><th><strong>Klassi m\u00e4rkmed<\/strong><\/th><\/tr><\/thead><tbody><tr><td>EL<\/td><td>25<\/td><td>15.5<\/td><td>Pedelec (250W mootor max)<\/td><\/tr><tr><td>EL (Speed-P)<\/td><td>45<\/td><td>28<\/td><td>Speed pedelec, vajab registreerimist<\/td><\/tr><tr><td>USA<\/td><td>32<\/td><td>20<\/td><td>1. ja 2. klassi e-jalgrattad (750 W mootorilimiit)<\/td><\/tr><tr><td>Kanada<\/td><td>32<\/td><td>20<\/td><td>Max 500W mootorid<\/td><\/tr><\/tbody><\/table><\/figure>\n\n\n\n<p>Enamikus Euroopa riikides on meie kaubarattad <strong>piiratud 25 km\/h<\/strong> kvalifitseeruvad liiklusseaduse kohaselt jalgratasteks - ei ole vaja litsentsi ega kindlustust. Ameerika \u00dchendriikides ja Kanadas on \u00fclempiiriks <strong>32 km\/h<\/strong>. M\u00f5ned jalgrattad \u00fcletavad seda (kuni 45 km\/h) alla <strong>kiirus pedelec<\/strong> klassifikatsioon, mis n\u00f5uab tavaliselt kiivri kasutamist, kindlustust ja isegi numbrim\u00e4rki.<\/p>\n\n\n\n<p><br>\ud83d\udc49 Link: <strong><a href=\"https:\/\/regencargobikes.com\/et\/electric-cargo-bike-motor-power-system-faq\/\" data-type=\"post\" data-id=\"1310\">KKK elektrilise kaubaratta mootoris\u00fcsteemi ja v\u00f5imsuse kohta<\/a><\/strong><\/p>\n\n\n\n<hr class=\"wp-block-separator has-alpha-channel-opacity\"\/>\n\n\n\n<h2 class=\"wp-block-heading\"><strong>Milliseid kiirusi ratturid tegelikult saavutavad?<\/strong><\/h2>\n\n\n\n<p>Siin kohtuvad teooria ja asfalt. <a href=\"https:\/\/regencargobikes.com\/et\/long-john-cargo-bike-regen-02\/\" data-type=\"page\" data-id=\"1395\">Regen elektrilised kaubarattad<\/a> kruiisida mugavalt ringi:<\/p>\n\n\n\n<ul class=\"wp-block-list\">\n<li><strong>20-25 km\/h (12-15,5 mph)<\/strong> standardse pedaalihoolduse all<\/li>\n\n\n\n<li><strong>25-28 mph (40-45 km\/h)<\/strong> suure v\u00f5imsusega v\u00f5i kiiruspedelec-mudelite puhul<\/li>\n<\/ul>\n\n\n\n<p>Kuid pidage meeles, et kiirus ei seisne ainult n\u00e4itajates. See on umbes <strong>koormus, maastik, s\u00f5itja sisend<\/strong>ja muidugi, <strong>mootori tugevus<\/strong>.<\/p>\n\n\n\t\t<div data-elementor-type=\"section\" data-elementor-id=\"1414\" class=\"elementor elementor-1414\" data-elementor-post-type=\"elementor_library\">\n\t\t\t<div class=\"elementor-element elementor-element-7bf5eb01 e-flex e-con-boxed e-con e-parent\" data-id=\"7bf5eb01\" data-element_type=\"container\" data-e-type=\"container\" data-settings=\"{&quot;background_background&quot;:&quot;classic&quot;,&quot;ekit_has_onepagescroll_dot&quot;:&quot;yes&quot;}\">\n\t\t\t\t\t<div class=\"e-con-inner\">\n\t\t<div class=\"elementor-element elementor-element-9fc34e2 e-con-full e-flex e-con e-child\" data-id=\"9fc34e2\" data-element_type=\"container\" data-e-type=\"container\" data-settings=\"{&quot;background_background&quot;:&quot;classic&quot;,&quot;ekit_has_onepagescroll_dot&quot;:&quot;yes&quot;}\">\n\t\t\t\t<div class=\"elementor-element elementor-element-af4e700 elementor-absolute elementor-widget elementor-widget-image\" data-id=\"af4e700\" data-element_type=\"widget\" data-e-type=\"widget\" data-settings=\"{&quot;_position&quot;:&quot;absolute&quot;}\" data-widget_type=\"image.default\">\n\t\t\t\t<div class=\"elementor-widget-container\">\n\t\t\t\t\t\t\t\t\t\t\t\t\t\t\t<img fetchpriority=\"high\" decoding=\"async\" width=\"800\" height=\"422\" src=\"https:\/\/regencargobikes.com\/wp-content\/uploads\/2025\/05\/regen-02-electric-cargo-bike-.webp\" class=\"attachment-large size-large wp-image-1398\" alt=\"Regen 02 elektriline kaubaratas\" srcset=\"https:\/\/regencargobikes.com\/wp-content\/uploads\/2025\/05\/regen-02-electric-cargo-bike-.webp 1000w, https:\/\/regencargobikes.com\/wp-content\/uploads\/2025\/05\/regen-02-electric-cargo-bike--300x158.webp 300w, https:\/\/regencargobikes.com\/wp-content\/uploads\/2025\/05\/regen-02-electric-cargo-bike--768x405.webp 768w, https:\/\/regencargobikes.com\/wp-content\/uploads\/2025\/05\/regen-02-electric-cargo-bike--18x9.webp 18w\" sizes=\"(max-width: 800px) 100vw, 800px\" \/>\t\t\t\t\t\t\t\t\t\t\t\t\t\t\t<\/div>\n\t\t\t\t<\/div>\n\t\t\t\t<\/div>\n\t\t<div class=\"elementor-element elementor-element-7de8cd9d e-con-full e-flex e-con e-child\" data-id=\"7de8cd9d\" data-element_type=\"container\" data-e-type=\"container\" data-settings=\"{&quot;ekit_has_onepagescroll_dot&quot;:&quot;yes&quot;}\">\n\t\t\t\t<div class=\"elementor-element elementor-element-308b8d20 elementor-widget elementor-widget-elementskit-heading\" data-id=\"308b8d20\" data-element_type=\"widget\" data-e-type=\"widget\" data-widget_type=\"elementskit-heading.default\">\n\t\t\t\t<div class=\"elementor-widget-container\">\n\t\t\t\t\t<div class=\"ekit-wid-con\" ><div class=\"ekit-heading elementskit-section-title-wraper text_left   ekit_heading_tablet-   ekit_heading_mobile-text_center\"><h3 class=\"elementskit-section-subtitle\">\n\t\t\t\t\t\tRegen 02 elektriline kaubaratas\n\t\t\t\t\t<\/h3><h2 class=\"ekit-heading--title elementskit-section-title\">Kas otsite oma kaubam\u00e4rgile kompaktset ja kohandatavat esilaadurit?<\/h2>\t\t\t\t<div class='ekit-heading__description'>\n\t\t\t\t\t<p class=\"p1\">T\u00dcV-testitud varasemate eritellimusprojektide kaudu. Avalikult saadaval olev mudel \u2013 konfigureeritav, t\u00f5estatud ja skaleerimisvalmis.<\/p>\n\t\t\t\t<\/div>\n\t\t\t<\/div><\/div>\t\t\t\t<\/div>\n\t\t\t\t<\/div>\n\t\t\t\t<div class=\"elementor-element elementor-element-bf516c8 elementor-align-left elementor-align--mobilecenter elementor-widget elementor-widget-elementskit-button\" data-id=\"bf516c8\" data-element_type=\"widget\" data-e-type=\"widget\" data-widget_type=\"elementskit-button.default\">\n\t\t\t\t<div class=\"elementor-widget-container\">\n\t\t\t\t\t<div class=\"ekit-wid-con\" >\t\t<div class=\"ekit-btn-wraper\">\n\t\t\t\t\t\t\t<a href=\"https:\/\/regencargobikes.com\/et\/long-john-cargo-bike-regen-02\/\" class=\"elementskit-btn  whitespace--normal\" id=\"\">\n\t\t\t\t\tLisateave\t\t\t\t<\/a>\n\t\t\t\t\t<\/div>\n        <\/div>\t\t\t\t<\/div>\n\t\t\t\t<\/div>\n\t\t\t\t<\/div>\n\t\t\t\t\t<\/div>\n\t\t\t\t<\/div>\n\t\t\t\t<\/div>\n\t\t\n\n\n\n<hr class=\"wp-block-separator has-alpha-channel-opacity\"\/>\n\n\n\n<h3 class=\"wp-block-heading\"><strong> Reaalse maailma n\u00e4ide<\/strong><\/h3>\n\n\n\n<p>\u00dcks meie klient Saksamaal kasutab kiiruspedaaliga kaubarattaid, millel on kaks akut ja 750W mootor. Tasastel linnateedel s\u00f5idab ta pidevalt ringi. <strong>42 km\/h<\/strong>isegi 60 kg koormaga. Sellegipoolest leiab enamik Regen kliente, et igap\u00e4evaseks perekondlikuks kasutamiseks v\u00f5i munitsipaall\u00e4hetuste tegemiseks on <strong>25 km\/h piirang<\/strong> t\u00e4iesti sobiv - ja ohutu.<\/p>\n\n\n\n<hr class=\"wp-block-separator has-alpha-channel-opacity\"\/>\n\n\n\n<h2 class=\"wp-block-heading\"><strong>Millised tegurid m\u00f5jutavad E-Cargo Bike kiirust?<\/strong><\/h2>\n\n\n\n<p>Oleme katsetanud k\u00fcmneid konfiguratsioone meie pika- ja esiveo mudeli puhul. Siin on see, mis tegelikult m\u00f5jutab tippkiirust:<\/p>\n\n\n\n<figure class=\"wp-block-table\"><table class=\"has-fixed-layout\"><thead><tr><th><strong>Tegur<\/strong><\/th><th><strong>M\u00f5ju kiirusele<\/strong><\/th><\/tr><\/thead><tbody><tr><td><strong>Mootori v\u00f5imsus<\/strong><\/td><td>Rohkem vatti = suurem tippkiirus. 250W \u2248 25 km\/h, 750W \u2248 32+ km\/h.<\/td><\/tr><tr><td><strong>Aku mahutavus<\/strong><\/td><td>Suurem pinge ja ampritunnid parandavad p\u00fcsivat tippkiirust<\/td><\/tr><tr><td><strong>Jalgratta disain<\/strong><\/td><td>Longtails on kiiremad ja liikuvamad kui kolmerattalised v\u00f5i k\u00f5rge k\u00fcljega kastirattad.<\/td><\/tr><tr><td><strong><a href=\"https:\/\/regencargobikes.com\/wp-content\/uploads\/2025\/04\/10-key-facts-affect-cargo-bike-load-capacity.jpg\" data-type=\"attachment\" data-id=\"1061\">Koormuse kaal<\/a><\/strong><\/td><td>Rohkem lasti = v\u00e4iksem kiirendus ja v\u00e4henenud tippkiirus<\/td><\/tr><tr><td><strong>Maastik ja tuul<\/strong><\/td><td>T\u00f5usud ja vastutuul v\u00f5ivad teid oluliselt aeglustada.<\/td><\/tr><tr><td><strong>Rehvir\u00f5hk<\/strong><\/td><td>Madala r\u00f5hu all olevad rehvid v\u00e4hendavad kiirust ja ulatust<\/td><\/tr><\/tbody><\/table><\/figure>\n\n\n\n<p>Edasine lugemine \uff1a<a href=\"https:\/\/regencargobikes.com\/et\/cargo-bike-frame-geometry\/\" data-type=\"post\" data-id=\"374\">Raami geomeetria m\u00f5istmine kaubajalgratastes ja selle m\u00f5ju juhitavusele<\/a><\/p>\n\n\n\n<h2 class=\"wp-block-heading\"><strong>Kiirus vs. ohutus: Mis on risk<\/strong><\/h2>\n\n\n\n<p>Olgem ausad: kaubarattad ei ole v\u00f5idus\u00f5idurattad. Me disainime oma raamid <strong>stabiilsus ja lasti k\u00e4itlemine<\/strong>, mitte kiiruse saavutamiseks.<\/p>\n\n\n\n<p>Kell <strong>\u00fcle 30 mph (~48 km\/h)<\/strong>, v\u00f5ivad isegi v\u00e4ikesed rooliseadme k\u00f5ikumised muutuda ohtlikuks. Pidurdusteekond suureneb dramaatiliselt koos kaaluga. Seep\u00e4rast on k\u00f5ik Regen kaubarattad varustatud:<\/p>\n\n\n\n<ul class=\"wp-block-list\">\n<li><strong>H\u00fcdraulilised ketaspidurid<\/strong> arvestatud 200 kg+ \u00fcldkoormusele<\/li>\n\n\n\n<li><strong>Vedrustuse kahvlid v\u00f5i istmetuged<\/strong> stabiilsuse tagamiseks konarlikel teedel<\/li>\n\n\n\n<li><strong>Tugevad alumiiniumraamid<\/strong> mis peavad vastu kiirele paindumisele<\/li>\n<\/ul>\n\n\n\n<p>L\u00f5pptulemus? <strong>Kiirus on p\u00f5nev, kuid ohutus on alati esikohal.<\/strong><\/p>\n\n\n\n<ul class=\"wp-block-list\">\n<li>Vaata meie v\u00f5rdlust: <a href=\"https:\/\/regencargobikes.com\/et\/mechanical-disc-brakes-vs-hydraulic-disc-brakes-in-ecargo-bikes\/\" data-type=\"post\" data-id=\"1047\">Mehaanilised vs h\u00fcdraulilised ketaspidurid elektriratastel ja kaubaratastel<\/a> <\/li>\n\n\n\n<li>Tutvu <a href=\"https:\/\/regencargobikes.com\/et\/frame-strength-what-determines-durability\/\" data-type=\"post\" data-id=\"1160\">Raami tugevus: mis m\u00e4\u00e4rab vastupidavuse?<\/a><\/li>\n<\/ul>\n\n\n\n<h2 class=\"wp-block-heading\"><strong>Populaarsete Cargo E-Bikede (sh meie) v\u00f5rdlemine<\/strong><\/h2>\n\n\n\n<p>Siin on k\u00f5rvuti k\u00f5ige paremini m\u00fc\u00fcdud kaubarattad :<\/p>\n\n\n\n<figure class=\"wp-block-table\"><table class=\"has-fixed-layout\"><thead><tr><th><strong>Mudel<\/strong><\/th><th><strong>Mootor (W)<\/strong><\/th><th><strong>Tippkiirus<\/strong><\/th><th><strong>Klass<\/strong><\/th><th><strong>M\u00e4rkused<\/strong><\/th><\/tr><\/thead><tbody><tr><td><strong>Gunai GN66<\/strong><\/td><td>1,000<\/td><td>~45 km\/h<\/td><td>Speed-pedelec<\/td><td>Suure v\u00f5imsusega, sobib erateedele v\u00f5i veoautoparkidele.<\/td><\/tr><tr><td><strong>Riese &amp; M\u00fcller Load 75<\/strong><\/td><td>500-850<\/td><td>Kuni 45 km\/h<\/td><td>Speed-pedelec<\/td><td>Kahekordne vedrustus, kahekordne aku<\/td><\/tr><tr><td><strong>Longtail 750 Pro<\/strong><\/td><td>750<\/td><td>32-38 km\/h<\/td><td>Klass 2 \/ Speed-P<\/td><td>Klassikalisest parim ulatus ja kiirendus<\/td><\/tr><tr><td><strong>Lectric XPedition<\/strong><\/td><td>750<\/td><td>32 km\/h<\/td><td>2. klass<\/td><td>Paksud rehvid, taskukohased peredele<\/td><\/tr><tr><td><strong>Decathlon R500E<\/strong><\/td><td>250<\/td><td>25 km\/h<\/td><td>EL Pedelec<\/td><td>Suurep\u00e4rane algtaseme valik<\/td><\/tr><\/tbody><\/table><\/figure>\n\n\n\n<p>Ei ole kindel, milline kaubarattat\u00fc\u00fcp teile sobib? Vaata: <a href=\"https:\/\/regencargobikes.com\/et\/types-of-cargo-bike\/\" data-type=\"post\" data-id=\"376\">Mitu erinevat t\u00fc\u00fcpi kaubajalgratast on olemas?<\/a><\/p>\n\n\n\n<h2 class=\"wp-block-heading\"><strong>Jalgratta kiirus ja kasutusjuhtumid (visuaalne kokkuv\u00f5te)<\/strong><\/h2>\n\n\n\n<figure class=\"wp-block-table\"><table class=\"has-fixed-layout\"><thead><tr><th><strong>Kiiruse vahemik<\/strong><\/th><th><strong>Jalgrattaklass<\/strong><\/th><th><strong>\u00dcldised kasutusjuhtumid<\/strong><\/th><\/tr><\/thead><tbody><tr><td>\u2264 25 km\/h<\/td><td>Pedelec<\/td><td>Koolit\u00f6\u00f6d, toidukaupade ostmine, linnas toimuvad \u00e4raminekud<\/td><\/tr><tr><td>25-32 km\/h<\/td><td>Klass 2 \/ 750W<\/td><td>Kergete veoste kohaletoimetamine, linnal\u00e4hedane pendelr\u00e4nne<\/td><\/tr><tr><td>32-45 km\/h<\/td><td>Speed Pedelec<\/td><td>Kullerteenused, pikamaa k\u00e4ttetoimetamine<\/td><\/tr><\/tbody><\/table><\/figure>\n\n\n\n<h2 class=\"wp-block-heading\"><strong>N\u00e4pun\u00e4iteid Regen-lt: kuidas minna kiiremini ja turvaliselt<\/strong><\/h2>\n\n\n\n<p>Kas soovite suurendada oma e-k\u00e4ru kiirust, j\u00e4\u00e4des samal ajal turvaliste piirangute piiridesse? Siin on meie n\u00f5uanded:<\/p>\n\n\n\n<ul class=\"wp-block-list\">\n<li><strong>T\u00e4iendus 750W keskkettajamile<\/strong> kui kohalikud seadused lubavad<\/li>\n\n\n\n<li><strong>Kasutage aktiivselt pedaalide abi<\/strong> et \u00fcletada ainult mootoriga kiirused<\/li>\n\n\n\n<li><strong>Investeeri korralikesse rehvidesse ja piduris\u00fcsteemidesse<\/strong>-eesk\u00e4tt raskema lasti puhul<\/li>\n\n\n\n<li><strong>Kasutage lihtsustatud laadimisseadistust<\/strong> (ei mingeid \u00fcleulatuvaid karpe ega k\u00f5rgeid paneele)<\/li>\n\n\n\n<li><strong>\u00c4rge koormake tagumist hammasratast \u00fcle<\/strong>-k\u00f5rgemate kiiruste puhul on tasakaal oluline<\/li>\n<\/ul>\n\n\n\n<p>Me oleme n\u00e4inud, et tarnev\u00f5istkonnad suurendavad marsruutide t\u00f5husust j\u00e4rgmiselt <strong>35%<\/strong> lihtsalt rehvir\u00f5hu, lasti kaalu ja s\u00f5idutehnika optimeerimise teel - ilma mootorit \u00fcldse muutmata.<\/p>\n\n\n\n<hr class=\"wp-block-separator has-alpha-channel-opacity\"\/>\n\n\n\n<h2 class=\"wp-block-heading\"><strong> Peamised j\u00e4reldused<\/strong><\/h2>\n\n\n\n<ul class=\"wp-block-list\">\n<li>Enamiku e-veojalgrataste puhul on seaduslikult piiratud <strong>25-32 km\/h<\/strong> s\u00f5ltuvalt teie asukohast<\/li>\n\n\n\n<li>\u00d5ige seadistuse korral on kiirused <strong>45 km\/h<\/strong> on saavutatavad-kuid n\u00f5uavad kiiruse pedelec klassifikatsiooni<\/li>\n\n\n\n<li>Reaalses maailmas p\u00fcsikiirused on tavaliselt umbes <strong>20-28 km\/h<\/strong>, mis tasakaalustab kiiruse, ohutuse ja k\u00e4sitsemise<\/li>\n\n\n\n<li>Jalgratta konfiguratsioon, koormus, maastik ja isegi ratturi kaal m\u00e4ngivad k\u00f5ik oma rolli.<\/li>\n\n\n\n<li>Me Regen-s ei projekteeri jalgrattaid mitte toorest kiirust, vaid hoopis <strong>turvaline ja t\u00f5hus transport, mis hoiab teie \u00e4ri v\u00f5i elustiili sujuvalt liikumas.<\/strong><\/li>\n<\/ul>\n\n\n\n<h2 class=\"wp-block-heading\"><strong>Viited<\/strong><\/h2>\n\n\n\n<ol start=\"1\" class=\"wp-block-list\">\n<li><a href=\"https:\/\/eur-lex.europa.eu\/legal-content\/EN\/TXT\/?uri=CELEX%3A32013R0168\" target=\"_blank\" rel=\"noopener\">ELi m\u00e4\u00e4rus nr 168\/2013<\/a><\/li>\n\n\n\n<li><a href=\"https:\/\/www.peopleforbikes.org\/electric-bikes\/policies\" target=\"_blank\" rel=\"noopener\">PeopleForBikes - E-rattaklassid<\/a><\/li>\n\n\n\n<li><a href=\"https:\/\/www.decathlon.co.uk\/p\/longtail-cargo-e-bike-r500-electric\/_\/R-p-336237\" target=\"_blank\" rel=\"noopener\">Decathlon R500E andmed<\/a><\/li>\n\n\n\n<li><a href=\"https:\/\/cleantechnica.com\/2023\/06\/15\/lectric-xpedition-cargo-ebike-review\/\" target=\"_blank\" rel=\"noopener\">CleanTechnica \u00fclevaade Lectric XPeditionist<\/a><\/li>\n\n\n\n<li><a href=\"https:\/\/www.bikeradar.com\/news\/yamaha-electric-cargo-bike\/\" target=\"_blank\" rel=\"noopener\">Giant\/Yamaha Cargo E-Bike k\u00e4ivitamine<\/a><\/li>\n\n\n\n<li><a href=\"https:\/\/urbanarrow.com\" target=\"_blank\" rel=\"noopener\">Urban Arrow Tender Fleet kasutusjuhtumid<\/a><\/li>\n\n\n\n<li><a href=\"https:\/\/www.alibaba.com\/product-detail\/1000w-cargo-bike_1600780935471.html\" target=\"_blank\" rel=\"noopener\">Gunai GN66 tootenimekiri<\/a><\/li>\n\n\n\n<li><a href=\"https:\/\/www.r-m.de\/en-us\/models\/load-75\/\" target=\"_blank\" rel=\"noopener\">Riese &amp; M\u00fcller Load 75 andmed<\/a><\/li>\n<\/ol>\n\n\n\n<hr class=\"wp-block-separator has-alpha-channel-opacity\"\/>\n\n\n\n<p><strong>Soovite rohkem teada v\u00f5i proovida Regen uusimaid longtail- v\u00f5i trike-mudeleid?<\/strong><\/p>\n\n\n\n<p>V\u00f5tke meiega igal ajal \u00fchendust - meie inseneriteaduskond selgitab teile hea meelega, milline kiiruse seadistus sobib teie marsruudile, maastikule ja kohalikele seadustele.<\/p>\n\n\n\t\t<div data-elementor-type=\"section\" data-elementor-id=\"1591\" class=\"elementor elementor-1591\" data-elementor-post-type=\"elementor_library\">\n\t\t\t<div class=\"elementor-element elementor-element-8afca32 e-flex e-con-boxed e-con e-parent\" data-id=\"8afca32\" data-element_type=\"container\" data-e-type=\"container\" data-settings=\"{&quot;background_background&quot;:&quot;classic&quot;,&quot;ekit_has_onepagescroll_dot&quot;:&quot;yes&quot;}\">\n\t\t\t\t\t<div class=\"e-con-inner\">\n\t\t<div class=\"elementor-element elementor-element-24ec346 e-con-full e-flex e-con e-child\" data-id=\"24ec346\" data-element_type=\"container\" data-e-type=\"container\" data-settings=\"{&quot;background_background&quot;:&quot;classic&quot;,&quot;ekit_has_onepagescroll_dot&quot;:&quot;yes&quot;}\">\n\t\t\t\t<div class=\"elementor-element elementor-element-6b475eec elementor-absolute elementor-widget elementor-widget-image\" data-id=\"6b475eec\" data-element_type=\"widget\" data-e-type=\"widget\" data-settings=\"{&quot;_position&quot;:&quot;absolute&quot;}\" data-widget_type=\"image.default\">\n\t\t\t\t<div class=\"elementor-widget-container\">\n\t\t\t\t\t\t\t\t\t\t\t\t\t\t\t<img decoding=\"async\" width=\"800\" height=\"450\" src=\"https:\/\/regencargobikes.com\/wp-content\/uploads\/2025\/03\/RT.651.webp\" class=\"attachment-large size-large wp-image-1522\" alt=\"\" srcset=\"https:\/\/regencargobikes.com\/wp-content\/uploads\/2025\/03\/RT.651.webp 1000w, https:\/\/regencargobikes.com\/wp-content\/uploads\/2025\/03\/RT.651-300x169.webp 300w, https:\/\/regencargobikes.com\/wp-content\/uploads\/2025\/03\/RT.651-768x432.webp 768w, https:\/\/regencargobikes.com\/wp-content\/uploads\/2025\/03\/RT.651-18x10.webp 18w\" sizes=\"(max-width: 800px) 100vw, 800px\" \/>\t\t\t\t\t\t\t\t\t\t\t\t\t\t\t<\/div>\n\t\t\t\t<\/div>\n\t\t\t\t<div class=\"elementor-element elementor-element-48fc00c2 elementor-widget elementor-widget-image\" data-id=\"48fc00c2\" data-element_type=\"widget\" data-e-type=\"widget\" data-widget_type=\"image.default\">\n\t\t\t\t<div class=\"elementor-widget-container\">\n\t\t\t\t\t\t\t\t\t\t\t\t\t\t\t<img decoding=\"async\" width=\"533\" height=\"330\" src=\"https:\/\/regencargobikes.com\/wp-content\/uploads\/2025\/04\/New-1.png\" class=\"attachment-large size-large wp-image-436\" alt=\"\" srcset=\"https:\/\/regencargobikes.com\/wp-content\/uploads\/2025\/04\/New-1.png 533w, https:\/\/regencargobikes.com\/wp-content\/uploads\/2025\/04\/New-1-300x186.png 300w\" sizes=\"(max-width: 533px) 100vw, 533px\" \/>\t\t\t\t\t\t\t\t\t\t\t\t\t\t\t<\/div>\n\t\t\t\t<\/div>\n\t\t\t\t<\/div>\n\t\t<div class=\"elementor-element elementor-element-25aa7a08 e-con-full e-flex e-con e-child\" data-id=\"25aa7a08\" data-element_type=\"container\" data-e-type=\"container\" data-settings=\"{&quot;ekit_has_onepagescroll_dot&quot;:&quot;yes&quot;}\">\n\t\t\t\t<div class=\"elementor-element elementor-element-3d854eb8 elementor-widget elementor-widget-elementskit-heading\" data-id=\"3d854eb8\" data-element_type=\"widget\" data-e-type=\"widget\" data-widget_type=\"elementskit-heading.default\">\n\t\t\t\t<div class=\"elementor-widget-container\">\n\t\t\t\t\t<div class=\"ekit-wid-con\" ><div class=\"ekit-heading elementskit-section-title-wraper text_left   ekit_heading_tablet-   ekit_heading_mobile-text_center\"><p class=\"elementskit-section-subtitle\">\n\t\t\t\t\t\tAinult 20 MOQ jalgratast, et alustada \n\t\t\t\t\t<\/p><p class=\"ekit-heading--title elementskit-section-title\">Kohandatav E-Cargo Bike - RS01 <\/p>\t\t\t\t<div class='ekit-heading__description'>\n\t\t\t\t\t<p class=\"p2\">Olenemata sellest, kas olete kasvav kaubam\u00e4rk v\u00f5i naabruskonna kauplus, meie raskeveokite kaubarattad on teie pilet keskkonnas\u00f5braliku tarnimise kasvavasse maailma. Rullime!<\/p>\n\t\t\t\t<\/div>\n\t\t\t<\/div><\/div>\t\t\t\t<\/div>\n\t\t\t\t<\/div>\n\t\t\t\t<div class=\"elementor-element elementor-element-137412e2 elementor-align-left elementor-align--mobilecenter elementor-widget elementor-widget-elementskit-button\" data-id=\"137412e2\" data-element_type=\"widget\" data-e-type=\"widget\" data-widget_type=\"elementskit-button.default\">\n\t\t\t\t<div class=\"elementor-widget-container\">\n\t\t\t\t\t<div class=\"ekit-wid-con\" >\t\t<div class=\"ekit-btn-wraper\">\n\t\t\t\t\t\t\t<a href=\"#elementor-action%3Aaction%3Dpopup%3Aopen%26settings%3DeyJpZCI6IjczNCIsInRvZ2dsZSI6ZmFsc2V9\" class=\"elementskit-btn  whitespace--normal\" id=\"\">\n\t\t\t\t\tPakkumise tellimine\t\t\t\t<\/a>\n\t\t\t\t\t<\/div>\n        <\/div>\t\t\t\t<\/div>\n\t\t\t\t<\/div>\n\t\t\t\t<\/div>\n\t\t\t\t\t<\/div>\n\t\t\t\t<\/div>\n\t\t\t\t<\/div>","protected":false},"excerpt":{"rendered":"<p>At Regen, we often get asked a deceptively simple question: \u201cHow fast can your electric cargo bike go?\u201d It\u2019s a fair question\u2014and an important one. Whether you\u2019re commuting, delivering goods, or riding for leisure, speed affects not just efficiency, but legality, safety, and riding comfort. So today, we\u2019re taking you behind the handlebars and into [&hellip;]<\/p>\n","protected":false},"author":2,"featured_media":1595,"comment_status":"open","ping_status":"closed","sticky":false,"template":"","format":"standard","meta":{"footnotes":""},"categories":[2,30],"tags":[],"class_list":["post-1600","post","type-post","status-publish","format-standard","has-post-thumbnail","hentry","category-knowledge","category-blog"],"_links":{"self":[{"href":"https:\/\/regencargobikes.com\/et\/wp-json\/wp\/v2\/posts\/1600","targetHints":{"allow":["GET"]}}],"collection":[{"href":"https:\/\/regencargobikes.com\/et\/wp-json\/wp\/v2\/posts"}],"about":[{"href":"https:\/\/regencargobikes.com\/et\/wp-json\/wp\/v2\/types\/post"}],"author":[{"embeddable":true,"href":"https:\/\/regencargobikes.com\/et\/wp-json\/wp\/v2\/users\/2"}],"replies":[{"embeddable":true,"href":"https:\/\/regencargobikes.com\/et\/wp-json\/wp\/v2\/comments?post=1600"}],"version-history":[{"count":2,"href":"https:\/\/regencargobikes.com\/et\/wp-json\/wp\/v2\/posts\/1600\/revisions"}],"predecessor-version":[{"id":1602,"href":"https:\/\/regencargobikes.com\/et\/wp-json\/wp\/v2\/posts\/1600\/revisions\/1602"}],"wp:featuredmedia":[{"embeddable":true,"href":"https:\/\/regencargobikes.com\/et\/wp-json\/wp\/v2\/media\/1595"}],"wp:attachment":[{"href":"https:\/\/regencargobikes.com\/et\/wp-json\/wp\/v2\/media?parent=1600"}],"wp:term":[{"taxonomy":"category","embeddable":true,"href":"https:\/\/regencargobikes.com\/et\/wp-json\/wp\/v2\/categories?post=1600"},{"taxonomy":"post_tag","embeddable":true,"href":"https:\/\/regencargobikes.com\/et\/wp-json\/wp\/v2\/tags?post=1600"}],"curies":[{"name":"wp","href":"https:\/\/api.w.org\/{rel}","templated":true}]}}