{"id":1619,"date":"2025-07-02T16:39:15","date_gmt":"2025-07-02T08:39:15","guid":{"rendered":"https:\/\/regencargobikes.com\/?p=1619"},"modified":"2025-07-02T16:40:41","modified_gmt":"2025-07-02T08:40:41","slug":"ebike-tire-size-etroto-and-psi","status":"publish","type":"post","link":"https:\/\/regencargobikes.com\/et\/ebike-tire-size-etroto-and-psi\/","title":{"rendered":"Kuidas lugeda e-ratta rehvide spetsifikatsioone: ETRTO ja PSI selgitused: Suurus, ETRTO ja PSI."},"content":{"rendered":"<p>\u00d5ige rehvi valimine oma e-ratta jaoks ei ole ainult \u00f5ige suuruse leidmine, mis \"n\u00e4eb\" v\u00e4lja umbes \u00f5ige. See h\u00f5lmab ka rehvi k\u00fcljele tr\u00fckitud numbrite ja m\u00e4rgistuste dekodeerimist, mis t\u00e4histavad suurust, struktuuri, r\u00f5huvahemikku ja rahvusvahelisi standardeid. Erinevate koormuste ja maastikuolude korral on need teadmised kaubaratta ja e-ratta puhul kriitilise t\u00e4htsusega, et tagada ohutu, t\u00f5hus ja kauakestev toimimine.<\/p>\n\n\n\n<p>Selles artiklis tutvustame teile:<\/p>\n\n\n\n<ul class=\"wp-block-list\">\n<li>Kuidas lugeda rehvi suurust (tollip\u00f5hine vs. meeterm\u00f5\u00f5dustik)<\/li>\n\n\n\n<li>Mida ETRTO numbrid t\u00e4hendavad ja miks need on olulised<\/li>\n\n\n\n<li>Soovitatav rehvir\u00f5hk (PSI\/baar) ja selle reguleerimine<\/li>\n\n\n\n<li>Praktilised n\u00e4ited tavaliste e-jalgratta ja kaubaratta rehvim\u00f5\u00f5tude kohta<\/li>\n<\/ul>\n\n\n\n<h2 class=\"wp-block-heading\">Miks rehvide suuruse tundmine on oluline<\/h2>\n\n\n\n<p>Teie rehvid on ainus osa teie jalgrattast, mis puudutab maapinda. Kui te neid valesti kasutate, v\u00f5ib teil tekkida olukord:<\/p><div class=\"regen-test-placement-from-wizard-1604397851\" id=\"regen-1755224825\"><script async src=\"https:\/\/pagead2.googlesyndication.com\/pagead\/js\/adsbygoogle.js?client=ca-pub-1076230867169041\"\n     crossorigin=\"anonymous\"><\/script><\/div><div class=\"regen-test-placement-from-wizard-2878267818\" id=\"regen-1413781093\"><script async src=\"https:\/\/pagead2.googlesyndication.com\/pagead\/js\/adsbygoogle.js?client=ca-pub-1076230867169041\"\n     crossorigin=\"anonymous\"><\/script><\/div>\n\n\n\n<ul class=\"wp-block-list\">\n<li><strong>Halbade tulemustega:<\/strong>\u00a0Aeglane kiirendus, v\u00e4henenud tegevusulatus<\/li>\n\n\n\n<li><strong>Ohutusriskid:<\/strong>\u00a0P\u00f5rgud, velje purunemine, veoj\u00f5u puudumine<\/li>\n\n\n\n<li><strong>Mittesobivus:<\/strong>\u00a0Rehv ei mahu veljele, h\u00f5\u00f5rub raami v\u00f5i ei suuda s\u00e4ilitada \u00f5hur\u00f5hku.<\/li>\n<\/ul>\n\n\n\n<p>Eriti kaubaratturite puhul, kus koormus on palju suurem kui tavalistel jalgratastel, m\u00f5jutavad rehvide tehnilised n\u00e4itajad otseselt kandev\u00f5imet, pidurdusteekonda ja teekasutust.<\/p>\n\n\n\n<hr class=\"wp-block-separator has-alpha-channel-opacity\"\/>\n\n\n\n<h2 class=\"wp-block-heading\">1. Inch-p\u00f5hine vs. metriline rehvim\u00f5\u00f5tmine - kaks v\u00f5imalust, kuidas Ebike rehvim\u00f5\u00f5te kirjutatakse<\/h2>\n\n\n\n<h3 class=\"wp-block-heading\">Inch-s\u00fcsteem (nt 26\u00d72,0):<\/h3>\n\n\n\n<p>See traditsiooniline m\u00f5\u00f5tmismeetod n\u00e4itab rehvi v\u00e4lisl\u00e4bim\u00f5\u00f5tu ja laiust tollides. N\u00e4iteks:<\/p>\n\n\n\n<ul class=\"wp-block-list\">\n<li><strong>26\u00d72.0<\/strong>\u00a0t\u00e4hendab, et rehvi v\u00e4lisl\u00e4bim\u00f5\u00f5t on 26-tolline ja laius 2,0 tolli.<\/li>\n\n\n\n<li><strong>27.5\u00d72.4<\/strong>\u00a0v\u00f5i\u00a0<strong>29\u00d72.6<\/strong>\u00a0j\u00e4rgivad sama loogikat.<\/li>\n<\/ul>\n\n\n\n<p>Kuigi see s\u00fcsteem on intuitiivne, on see markide l\u00f5ikes eba\u00fchtlane, sest \"26 tolli\" ei pruugi viidata t\u00e4psele v\u00e4lisl\u00e4bim\u00f5\u00f5dule, mis tuleneb erinevustest velje ja rattakummide istme osas.<\/p>\n\n\n\n<h3 class=\"wp-block-heading\">Metriline\/ETRTO s\u00fcsteem (nt 50-559):<\/h3>\n\n\n\n<p>See s\u00fcsteem, mille on loonud Euroopa Rehvide ja Veljete Tehniline Organisatsioon (ETRTO), pakub suuremat t\u00e4psust. See n\u00e4itab:<\/p>\n\n\n\n<ul class=\"wp-block-list\">\n<li><strong>Rehvi laius millimeetrites<\/strong>\u00a0(esimene number)<\/li>\n\n\n\n<li><strong>Helmi istme l\u00e4bim\u00f5\u00f5t (BSD)<\/strong>\u00a0millimeetrites (teine number)<\/li>\n<\/ul>\n\n\n\n<p><strong>N\u00e4ide:<\/strong><\/p>\n\n\n\n<ul class=\"wp-block-list\">\n<li><strong>50-559<\/strong>: 50mm laius, 559mm l\u00e4bim\u00f5\u00f5t (vastab 26\u00d72.0).<\/li>\n\n\n\n<li><strong>55-406<\/strong>: 55mm laius, 406mm BSD (sageli n\u00e4htud 20\u2033 kaubarattadel).<\/li>\n<\/ul>\n\n\n\n<p><strong>Miks ETRTO on oluline:<\/strong><\/p>\n\n\n\n<ul class=\"wp-block-list\">\n<li>Tagab rehvi ja velje \u00fchilduvuse<\/li>\n\n\n\n<li>V\u00e4ldib segadust sarnase v\u00e4limusega, kuid kokkusobimatute suuruste vahel.<\/li>\n\n\n\n<li>Oluline rehvit\u00fc\u00fcpide vahetamisel (paks\/libe\/k\u00f5rvaline rehv)<\/li>\n<\/ul>\n\n\n\n<p>Kui ostate t\u00f5sisest jalgrattapoest v\u00f5i veebipoest, aitavad ETRTO numbrid v\u00e4ltida \u00fchilduvusprobleeme.<\/p>\n\n\n\n<figure class=\"wp-block-image size-full\"><img fetchpriority=\"high\" decoding=\"async\" width=\"800\" height=\"668\" src=\"https:\/\/regencargobikes.com\/wp-content\/uploads\/2025\/07\/ETRTO-size-markings-on-the-tire-sidewall-50-559-or-40-622-etc.-clearly-showing-width-and-BSD-diameter.webp\" alt=\"ETRTO suurusm\u00e4rgistus rehvi k\u00fcljel (50-559 v\u00f5i 40-622 jne), mis n\u00e4itab selgelt laiust ja BSD l\u00e4bim\u00f5\u00f5tu.\" class=\"wp-image-1620\" srcset=\"https:\/\/regencargobikes.com\/wp-content\/uploads\/2025\/07\/ETRTO-size-markings-on-the-tire-sidewall-50-559-or-40-622-etc.-clearly-showing-width-and-BSD-diameter.webp 800w, https:\/\/regencargobikes.com\/wp-content\/uploads\/2025\/07\/ETRTO-size-markings-on-the-tire-sidewall-50-559-or-40-622-etc.-clearly-showing-width-and-BSD-diameter-300x251.webp 300w, https:\/\/regencargobikes.com\/wp-content\/uploads\/2025\/07\/ETRTO-size-markings-on-the-tire-sidewall-50-559-or-40-622-etc.-clearly-showing-width-and-BSD-diameter-768x641.webp 768w, https:\/\/regencargobikes.com\/wp-content\/uploads\/2025\/07\/ETRTO-size-markings-on-the-tire-sidewall-50-559-or-40-622-etc.-clearly-showing-width-and-BSD-diameter-14x12.webp 14w\" sizes=\"(max-width: 800px) 100vw, 800px\" \/><figcaption class=\"wp-element-caption\">ETRTO suurusm\u00e4rgistus rehvi k\u00fcljel (50-559 v\u00f5i 40-622 jne), mis n\u00e4itab selgelt laiust ja BSD l\u00e4bim\u00f5\u00f5tu.<\/figcaption><\/figure>\n\n\n\n<hr class=\"wp-block-separator has-alpha-channel-opacity\"\/>\n\n\n\n<h2 class=\"wp-block-heading\">2. Tavalised eBike ja Cargo Bike rehvim\u00f5\u00f5dud (n\u00e4ited)<\/h2>\n\n\n\n<figure class=\"wp-block-table\"><table class=\"has-fixed-layout\"><tbody><tr><th>ETRTO<\/th><th>Tolline etikett<\/th><th>T\u00fc\u00fcpiline kasutamine<\/th><\/tr><tr><td>50-559<\/td><td>26\u00d72.0<\/td><td>Standardne eBike\/MTB linnakasutuses<\/td><\/tr><tr><td>55-406<\/td><td>20\u00d72.15<\/td><td>Longtail kaubaratta tagaratas<\/td><\/tr><tr><td>60-584<\/td><td>27.5\u00d72.4<\/td><td>T\u00e4issuuruses kaubarattad eBike esirattad<\/td><\/tr><tr><td>62-203<\/td><td>12.5\u00d72.5<\/td><td>V\u00e4ike e-trike v\u00f5i eesmine rooliratas<\/td><\/tr><tr><td>50-622<\/td><td>700x50C<\/td><td>Kiirelt veerevad linnarattad<\/td><\/tr><\/tbody><\/table><\/figure>\n\n\n\n<p>M\u00f5lema suuruss\u00fcsteemi tundmine aitab v\u00e4ltida ebak\u00f5lasid asendus- v\u00f5i uuenduste ostmisel.<\/p>\n\n\n\n<figure class=\"wp-block-image size-full\"><img decoding=\"async\" width=\"900\" height=\"600\" src=\"https:\/\/regencargobikes.com\/wp-content\/uploads\/2025\/07\/ebike-tire-size-guide-.jpg\" alt=\"Tollip\u00f5histe ja meetriliste\/ETRTO rehvide suuruse v\u00f5rdlus koos m\u00e4rkustega l\u00e4bim\u00f5\u00f5du, laiuse ja rehvi istme l\u00e4bim\u00f5\u00f5du kohta.\" class=\"wp-image-1623\" srcset=\"https:\/\/regencargobikes.com\/wp-content\/uploads\/2025\/07\/ebike-tire-size-guide-.jpg 900w, https:\/\/regencargobikes.com\/wp-content\/uploads\/2025\/07\/ebike-tire-size-guide--300x200.jpg 300w, https:\/\/regencargobikes.com\/wp-content\/uploads\/2025\/07\/ebike-tire-size-guide--768x512.jpg 768w, https:\/\/regencargobikes.com\/wp-content\/uploads\/2025\/07\/ebike-tire-size-guide--18x12.jpg 18w\" sizes=\"(max-width: 900px) 100vw, 900px\" \/><figcaption class=\"wp-element-caption\"><br><br>Tollip\u00f5histe ja meetriliste\/ETRTO rehvide suuruse v\u00f5rdlus koos m\u00e4rkustega l\u00e4bim\u00f5\u00f5du, laiuse ja rehvi istme l\u00e4bim\u00f5\u00f5du kohta.<\/figcaption><\/figure>\n\n\n\t\t<div data-elementor-type=\"section\" data-elementor-id=\"1591\" class=\"elementor elementor-1591\" data-elementor-post-type=\"elementor_library\">\n\t\t\t<div class=\"elementor-element elementor-element-8afca32 e-flex e-con-boxed e-con e-parent\" data-id=\"8afca32\" data-element_type=\"container\" data-e-type=\"container\" data-settings=\"{&quot;background_background&quot;:&quot;classic&quot;,&quot;ekit_has_onepagescroll_dot&quot;:&quot;yes&quot;}\">\n\t\t\t\t\t<div class=\"e-con-inner\">\n\t\t<div class=\"elementor-element elementor-element-24ec346 e-con-full e-flex e-con e-child\" data-id=\"24ec346\" data-element_type=\"container\" data-e-type=\"container\" data-settings=\"{&quot;background_background&quot;:&quot;classic&quot;,&quot;ekit_has_onepagescroll_dot&quot;:&quot;yes&quot;}\">\n\t\t\t\t<div class=\"elementor-element elementor-element-6b475eec elementor-absolute elementor-widget elementor-widget-image\" data-id=\"6b475eec\" data-element_type=\"widget\" data-e-type=\"widget\" data-settings=\"{&quot;_position&quot;:&quot;absolute&quot;}\" data-widget_type=\"image.default\">\n\t\t\t\t<div class=\"elementor-widget-container\">\n\t\t\t\t\t\t\t\t\t\t\t\t\t\t\t<img decoding=\"async\" width=\"800\" height=\"450\" src=\"https:\/\/regencargobikes.com\/wp-content\/uploads\/2025\/03\/RT.651.webp\" class=\"attachment-large size-large wp-image-1522\" alt=\"\" srcset=\"https:\/\/regencargobikes.com\/wp-content\/uploads\/2025\/03\/RT.651.webp 1000w, https:\/\/regencargobikes.com\/wp-content\/uploads\/2025\/03\/RT.651-300x169.webp 300w, https:\/\/regencargobikes.com\/wp-content\/uploads\/2025\/03\/RT.651-768x432.webp 768w, https:\/\/regencargobikes.com\/wp-content\/uploads\/2025\/03\/RT.651-18x10.webp 18w\" sizes=\"(max-width: 800px) 100vw, 800px\" \/>\t\t\t\t\t\t\t\t\t\t\t\t\t\t\t<\/div>\n\t\t\t\t<\/div>\n\t\t\t\t<div class=\"elementor-element elementor-element-48fc00c2 elementor-widget elementor-widget-image\" data-id=\"48fc00c2\" data-element_type=\"widget\" data-e-type=\"widget\" data-widget_type=\"image.default\">\n\t\t\t\t<div class=\"elementor-widget-container\">\n\t\t\t\t\t\t\t\t\t\t\t\t\t\t\t<img loading=\"lazy\" decoding=\"async\" width=\"533\" height=\"330\" src=\"https:\/\/regencargobikes.com\/wp-content\/uploads\/2025\/04\/New-1.png\" class=\"attachment-large size-large wp-image-436\" alt=\"\" srcset=\"https:\/\/regencargobikes.com\/wp-content\/uploads\/2025\/04\/New-1.png 533w, https:\/\/regencargobikes.com\/wp-content\/uploads\/2025\/04\/New-1-300x186.png 300w\" sizes=\"(max-width: 533px) 100vw, 533px\" \/>\t\t\t\t\t\t\t\t\t\t\t\t\t\t\t<\/div>\n\t\t\t\t<\/div>\n\t\t\t\t<\/div>\n\t\t<div class=\"elementor-element elementor-element-25aa7a08 e-con-full e-flex e-con e-child\" data-id=\"25aa7a08\" data-element_type=\"container\" data-e-type=\"container\" data-settings=\"{&quot;ekit_has_onepagescroll_dot&quot;:&quot;yes&quot;}\">\n\t\t\t\t<div class=\"elementor-element elementor-element-3d854eb8 elementor-widget elementor-widget-elementskit-heading\" data-id=\"3d854eb8\" data-element_type=\"widget\" data-e-type=\"widget\" data-widget_type=\"elementskit-heading.default\">\n\t\t\t\t<div class=\"elementor-widget-container\">\n\t\t\t\t\t<div class=\"ekit-wid-con\" ><div class=\"ekit-heading elementskit-section-title-wraper text_left   ekit_heading_tablet-   ekit_heading_mobile-text_center\"><p class=\"elementskit-section-subtitle\">\n\t\t\t\t\t\tAinult 20 MOQ jalgratast, et alustada \n\t\t\t\t\t<\/p><p class=\"ekit-heading--title elementskit-section-title\">Kohandatav E-Cargo Bike - RS01 <\/p>\t\t\t\t<div class='ekit-heading__description'>\n\t\t\t\t\t<p class=\"p2\">Olenemata sellest, kas olete kasvav kaubam\u00e4rk v\u00f5i naabruskonna kauplus, meie raskeveokite kaubarattad on teie pilet keskkonnas\u00f5braliku tarnimise kasvavasse maailma. Rullime!<\/p>\n\t\t\t\t<\/div>\n\t\t\t<\/div><\/div>\t\t\t\t<\/div>\n\t\t\t\t<\/div>\n\t\t\t\t<div class=\"elementor-element elementor-element-137412e2 elementor-align-left elementor-align--mobilecenter elementor-widget elementor-widget-elementskit-button\" data-id=\"137412e2\" data-element_type=\"widget\" data-e-type=\"widget\" data-widget_type=\"elementskit-button.default\">\n\t\t\t\t<div class=\"elementor-widget-container\">\n\t\t\t\t\t<div class=\"ekit-wid-con\" >\t\t<div class=\"ekit-btn-wraper\">\n\t\t\t\t\t\t\t<a href=\"#elementor-action%3Aaction%3Dpopup%3Aopen%26settings%3DeyJpZCI6IjczNCIsInRvZ2dsZSI6ZmFsc2V9\" class=\"elementskit-btn  whitespace--normal\" id=\"\">\n\t\t\t\t\tPakkumise tellimine\t\t\t\t<\/a>\n\t\t\t\t\t<\/div>\n        <\/div>\t\t\t\t<\/div>\n\t\t\t\t<\/div>\n\t\t\t\t<\/div>\n\t\t\t\t\t<\/div>\n\t\t\t\t<\/div>\n\t\t\t\t<\/div>\n\t\t\n\n\n\n<hr class=\"wp-block-separator has-alpha-channel-opacity\"\/>\n\n\n\n<h2 class=\"wp-block-heading\">3. PSI ja baaride m\u00f5istmine: Rehvir\u00f5hu selgitamine<\/h2>\n\n\n\n<p>PSI t\u00e4histab&nbsp;<strong>Pound per Square Inch (naela ruuttolli kohta)<\/strong>. See n\u00e4itab, kui suurt \u00f5hur\u00f5hku rehv v\u00f5ib ohutult hoida.<\/p>\n\n\n\n<p>Liiga madal:<\/p>\n\n\n\n<ul class=\"wp-block-list\">\n<li>Rehv v\u00f5ib tunduda pehme ja lohakas<\/li>\n\n\n\n<li>Suurem pinch flats'i oht (velg tabab maad)<\/li>\n\n\n\n<li>Suurendab veeretakistust<\/li>\n<\/ul>\n\n\n\n<p>Liiga k\u00f5rge:<\/p>\n\n\n\n<ul class=\"wp-block-list\">\n<li>Raske s\u00f5it<\/li>\n\n\n\n<li>V\u00e4hendatud haardumine<\/li>\n\n\n\n<li>L\u00f5hkumise oht suure koormuse v\u00f5i kuumuse korral<\/li>\n<\/ul>\n\n\n\n<h3 class=\"wp-block-heading\">Kust leida PSI<\/h3>\n\n\n\n<p>Teie rehvi k\u00fcljepind n\u00e4itab vahemikku:<\/p>\n\n\n\n<blockquote class=\"wp-block-quote is-layout-flow wp-block-quote-is-layout-flow\">\n<p><strong>\"Pumbata 45-65 PSI-ni\"<\/strong>&nbsp;v\u00f5i&nbsp;<strong>\"Min 2.5 bar \/ Max 4.5 bar\"<\/strong>&nbsp;(metriline ekvivalent)<\/p>\n<\/blockquote>\n\n\n\n<figure class=\"wp-block-image size-large\"><img loading=\"lazy\" decoding=\"async\" width=\"1024\" height=\"768\" src=\"https:\/\/regencargobikes.com\/wp-content\/uploads\/2025\/07\/Tire-pressure-range-display-e.g.-65\u201385-PSI-1024x768.webp\" alt=\"Rehvir\u00f5hu vahemiku n\u00e4idik (nt 65-85 PSI)\" class=\"wp-image-1621\" srcset=\"https:\/\/regencargobikes.com\/wp-content\/uploads\/2025\/07\/Tire-pressure-range-display-e.g.-65\u201385-PSI-1024x768.webp 1024w, https:\/\/regencargobikes.com\/wp-content\/uploads\/2025\/07\/Tire-pressure-range-display-e.g.-65\u201385-PSI-300x225.webp 300w, https:\/\/regencargobikes.com\/wp-content\/uploads\/2025\/07\/Tire-pressure-range-display-e.g.-65\u201385-PSI-768x576.webp 768w, https:\/\/regencargobikes.com\/wp-content\/uploads\/2025\/07\/Tire-pressure-range-display-e.g.-65\u201385-PSI-16x12.webp 16w, https:\/\/regencargobikes.com\/wp-content\/uploads\/2025\/07\/Tire-pressure-range-display-e.g.-65\u201385-PSI.webp 1536w\" sizes=\"(max-width: 1024px) 100vw, 1024px\" \/><figcaption class=\"wp-element-caption\">Rehvir\u00f5hu vahemiku n\u00e4idik (nt 65-85 PSI)<\/figcaption><\/figure>\n\n\n\n<h3 class=\"wp-block-heading\">Kui palju PSI on tegelikult vaja?<\/h3>\n\n\n\n<p>See s\u00f5ltub:<\/p>\n\n\n\n<ul class=\"wp-block-list\">\n<li><strong>S\u00f5itja + lasti kaal<\/strong>: Raskemad koormused vajavad suuremat PSI v\u00e4\u00e4rtust<\/li>\n\n\n\n<li><strong>Rehvi laius<\/strong>: Laiemad rehvid v\u00f5ivad ohutult kasutada madalamat r\u00f5hku<\/li>\n\n\n\n<li><strong>Maastik<\/strong>: Madalam PSI parandab haardumist lahtisel pinnasel; k\u00f5rgem PSI veereb paremini asfaldil.<\/li>\n\n\n\n<li><strong>Ilm<\/strong>: K\u00fclm ilm v\u00e4hendab siser\u00f5hku<\/li>\n<\/ul>\n\n\n\n<p><strong>Kiirjuhend (ligikaudne)<\/strong><\/p>\n\n\n\n<figure class=\"wp-block-table\"><table class=\"has-fixed-layout\"><tbody><tr><td>Rehvi suurus<\/td><td>Koormuse t\u00fc\u00fcp<\/td><td>Soovitatav PSI<\/td><\/tr><tr><td>20\u00d72.15<\/td><td>Kerge\/keskmine<\/td><td>45-60 PSI<\/td><\/tr><tr><td>26\u00d72.0<\/td><td>Keskmine\/raske<\/td><td>50-70 PSI<\/td><\/tr><tr><td>27.5\u00d72.4<\/td><td>Last<\/td><td>55-80 PSI<\/td><\/tr><\/tbody><\/table><\/figure>\n\n\n\n<p>Kontrollige alati k\u00fclgmiste rehvide maksimaalset v\u00e4\u00e4rtust ja kasutage kvaliteetset m\u00f5\u00f5turit.<\/p>\n\n\n\n<hr class=\"wp-block-separator has-alpha-channel-opacity\"\/>\n\n\n\n<h2 class=\"wp-block-heading\">4. Boonus: kust neid numbreid leida<\/h2>\n\n\n\n<p>Rehvi spetsifikatsioonid on valatud k\u00fclgseina kummi sisse. Otsige sellist teksti nagu:<\/p>\n\n\n\n<ul class=\"wp-block-list\">\n<li><strong>ETRTO<\/strong>: nt 55-559<\/li>\n\n\n\n<li><strong>Inch suurus<\/strong>: nt 26\u00d72,0<\/li>\n\n\n\n<li><strong>PSI vahemik<\/strong>: nt. pumbata 35-65 PSI-ni.<\/li>\n\n\n\n<li><strong>Kaubam\u00e4rk\/mudel<\/strong>: nt Schwalbe Marathon Plus<\/li>\n<\/ul>\n\n\n\n<figure class=\"wp-block-image size-large\"><img loading=\"lazy\" decoding=\"async\" width=\"1024\" height=\"457\" src=\"https:\/\/regencargobikes.com\/wp-content\/uploads\/2025\/07\/Tire-sidewall-graphics-with-50\u201175PSI-indication-1024x457.webp\" alt=\"Rehvi k\u00fclje graafika koos 50-75PSI n\u00e4itamisega\" class=\"wp-image-1622\" srcset=\"https:\/\/regencargobikes.com\/wp-content\/uploads\/2025\/07\/Tire-sidewall-graphics-with-50\u201175PSI-indication-1024x457.webp 1024w, https:\/\/regencargobikes.com\/wp-content\/uploads\/2025\/07\/Tire-sidewall-graphics-with-50\u201175PSI-indication-300x134.webp 300w, https:\/\/regencargobikes.com\/wp-content\/uploads\/2025\/07\/Tire-sidewall-graphics-with-50\u201175PSI-indication-768x343.webp 768w, https:\/\/regencargobikes.com\/wp-content\/uploads\/2025\/07\/Tire-sidewall-graphics-with-50\u201175PSI-indication-1536x686.webp 1536w, https:\/\/regencargobikes.com\/wp-content\/uploads\/2025\/07\/Tire-sidewall-graphics-with-50\u201175PSI-indication-18x8.webp 18w, https:\/\/regencargobikes.com\/wp-content\/uploads\/2025\/07\/Tire-sidewall-graphics-with-50\u201175PSI-indication.webp 1836w\" sizes=\"(max-width: 1024px) 100vw, 1024px\" \/><figcaption class=\"wp-element-caption\">Rehvi k\u00fclje graafika koos 50-75PSI n\u00e4itamisega<\/figcaption><\/figure>\n\n\n\n<hr class=\"wp-block-separator has-alpha-channel-opacity\"\/>\n\n\n\n<h2 class=\"wp-block-heading\">Miks see on oluline kaubaratturite jaoks<\/h2>\n\n\n\n<p>Cargo eBike'id kannavad sageli 100kg+ koos s\u00f5itja, kaubakasti ja koormaga. See lisakaal muudab rehvide t\u00e4psuse oluliseks:<\/p>\n\n\n\n<ul class=\"wp-block-list\">\n<li><strong>Rehvi laius<\/strong>\u00a0m\u00f5jutab mugavust ja stabiilsust<\/li>\n\n\n\n<li><strong>Helmi istme l\u00e4bim\u00f5\u00f5t<\/strong>\u00a0tagab n\u00f5uetekohase sobivuse<\/li>\n\n\n\n<li><strong>PSI<\/strong>\u00a0m\u00f5jutab veeremise t\u00f5husust ja mootori koormust<\/li>\n<\/ul>\n\n\n\n<p>Me oleme n\u00e4inud, et viimaste miilide tarnepargid kaotavad 40% v\u00f5rra rehvide kasutusiga lihtsalt seet\u00f5ttu, et nad kasutasid rehve, millel oli liiga madal \u00f5huniiskus.<\/p>\n\n\n\n<p>\u00c4rge arvake - m\u00f5\u00f5tke, kontrollige ETRTO-d ja j\u00e4lgige PSI-d igan\u00e4dalaselt.<\/p>\n\n\n\n<h2 class=\"wp-block-heading\">Kokkuv\u00f5te<\/h2>\n\n\n\n<p>Lugedes oma eBike v\u00f5i<a href=\"https:\/\/regencargobikes.com\/et\/rs01-e-cargo-bike\/\"> kaubaratas<\/a> rehvide spetsifikatsioonid on p\u00f5hiline oskus, mis v\u00f5ib teid p\u00e4\u00e4sta kulukatest vigadest ja ohtlikest s\u00f5idutingimustest. M\u00f5istes nii tollip\u00f5hiseid kui ka ETRTO-s\u00fcsteeme ja hallates targalt oma PSI-d, tagate \u00fchilduvuse, mugavuse ja optimaalse j\u00f5udluse.<\/p>\n\n\n\n<p>Kas vajate abi rehvide valimisel konkreetse eBike'i mudeli v\u00f5i lasti seadistuse jaoks? . <a href=\"https:\/\/regencargobikes.com\/et\/about\/\" data-type=\"page\" data-id=\"171\">Regen<\/a> meeskond on siin, et aidata-<a href=\"https:\/\/regencargobikes.com\/et\/contact\/\" data-type=\"page\" data-id=\"177\">v\u00f5tke meiega \u00fchendust<\/a> personaalsete soovituste ja komponentide sobitamise toetamiseks.<\/p>\n\n\n\n<hr class=\"wp-block-separator has-alpha-channel-opacity\"\/>\n\n\n\n<p><strong>Kujutise autori\u00f5iguste lahti\u00fctlus<\/strong><\/p>\n\n\n\n<p>M\u00f5ned sellel veebisaidil\/artiklis kasutatud pildid p\u00e4rinevad internetist ja on m\u00f5eldud \u00fcksnes illustratiivsetel ja hariduslikel eesm\u00e4rkidel sisu m\u00f5istmise parandamiseks. Austame algsete loojate intellektuaalomandi \u00f5igusi ja p\u00fc\u00fcame vajaduse korral allikaid \u00e4ra m\u00e4rkida.<\/p>\n\n\n\n<p>Kui olete siin kuvatud pildi \u00f5igusj\u00e4rgne omanik ja usute, et selle kasutamine kujutab endast autori\u00f5iguste rikkumist, v\u00f5tke meiega \u00fchendust aadressil <strong>info@regencargobikes.com<\/strong>P\u00e4rast kinnitamist eemaldame pildi viivitamatult v\u00f5i anname sobiva viite autorile.<\/p>\n\n\n\n<p>T\u00e4nan teid m\u00f5istva suhtumise eest.<\/p>\n\n\n\n<p>\u00a9<a href=\"https:\/\/regencargobikes.com\/et\/\" data-type=\"page\" data-id=\"10\"> Regen Technology Co., Ltd.<\/a><\/p>","protected":false},"excerpt":{"rendered":"<p>Choosing the right tire for your eBike isn\u2019t just about finding the right size that &#8220;looks&#8221; about right. It involves decoding the numbers and markings printed on the sidewall of the tire, which represent size, structure, pressure range, and international standards. For cargo bikes and eBikes under varying loads and terrain, this knowledge is critical [&hellip;]<\/p>\n","protected":false},"author":2,"featured_media":1623,"comment_status":"open","ping_status":"closed","sticky":false,"template":"","format":"standard","meta":{"footnotes":""},"categories":[2],"tags":[64,48],"class_list":["post-1619","post","type-post","status-publish","format-standard","has-post-thumbnail","hentry","category-knowledge","tag-bike-tire","tag-e-bike"],"_links":{"self":[{"href":"https:\/\/regencargobikes.com\/et\/wp-json\/wp\/v2\/posts\/1619","targetHints":{"allow":["GET"]}}],"collection":[{"href":"https:\/\/regencargobikes.com\/et\/wp-json\/wp\/v2\/posts"}],"about":[{"href":"https:\/\/regencargobikes.com\/et\/wp-json\/wp\/v2\/types\/post"}],"author":[{"embeddable":true,"href":"https:\/\/regencargobikes.com\/et\/wp-json\/wp\/v2\/users\/2"}],"replies":[{"embeddable":true,"href":"https:\/\/regencargobikes.com\/et\/wp-json\/wp\/v2\/comments?post=1619"}],"version-history":[{"count":2,"href":"https:\/\/regencargobikes.com\/et\/wp-json\/wp\/v2\/posts\/1619\/revisions"}],"predecessor-version":[{"id":1626,"href":"https:\/\/regencargobikes.com\/et\/wp-json\/wp\/v2\/posts\/1619\/revisions\/1626"}],"wp:featuredmedia":[{"embeddable":true,"href":"https:\/\/regencargobikes.com\/et\/wp-json\/wp\/v2\/media\/1623"}],"wp:attachment":[{"href":"https:\/\/regencargobikes.com\/et\/wp-json\/wp\/v2\/media?parent=1619"}],"wp:term":[{"taxonomy":"category","embeddable":true,"href":"https:\/\/regencargobikes.com\/et\/wp-json\/wp\/v2\/categories?post=1619"},{"taxonomy":"post_tag","embeddable":true,"href":"https:\/\/regencargobikes.com\/et\/wp-json\/wp\/v2\/tags?post=1619"}],"curies":[{"name":"wp","href":"https:\/\/api.w.org\/{rel}","templated":true}]}}