{"id":1739,"date":"2025-07-17T17:23:16","date_gmt":"2025-07-17T09:23:16","guid":{"rendered":"https:\/\/regencargobikes.com\/?p=1739"},"modified":"2025-07-17T17:23:19","modified_gmt":"2025-07-17T09:23:19","slug":"cargo-bike-front-light-guide","status":"publish","type":"post","link":"https:\/\/regencargobikes.com\/et\/cargo-bike-front-light-guide\/","title":{"rendered":"Cargo Bike Front Light Guide: Heledus, v\u00e4rv ja ohutus: selgitatud heledus, v\u00e4rv ja ohutus"},"content":{"rendered":"<p>Regen-s, kus me projekteerime ja valmistame t\u00e4ielikke kaubarattas\u00fcsteeme peredele ja laevastikele, k\u00fcsitakse meilt sageli esivalgustuse kohta - eriti kui ratturid hakkavad pimedal ajal pendeldama, navigeerima h\u00e4marates linnak\u00e4rastes alleedes v\u00f5i toimetama pimedamatel maapiirkondade teedel. Valgustus ei ole ainult n\u00e4htavus, vaid ka seaduslikkus, s\u00f5itja ohutus ja isegi aku t\u00f5husus.<\/p>\n\n\n\n<p>Selles juhendis vastame k\u00f5ige tavalisematele k\u00fcsimustele kaubaratta esilaternate kohta, alates sellest, kui palju luumenit te tegelikult vajate ja kas 4000 luumenit on liigne - k\u00f5ik on tagatud standardite ja tegelike kasutusjuhtumitega.<\/p>\n\n\n\n<h2 class=\"wp-block-heading\"><strong><font style=\"vertical-align: inherit;\"><font style=\"vertical-align: inherit;\"><strong>Mis on kaubaratta esilatern?<\/strong><\/font><\/font><\/strong><\/h2>\n\n\n\n<p>A <strong>kaubaratta esilatern<\/strong> on ettepoole suunatud valgustusseade, mis on paigaldatud juhtrauale, kahvlipealsele v\u00f5i lastiriiulile. See on m\u00f5eldud:<\/p><div class=\"regen-test-placement-from-wizard-1604397851\" id=\"regen-2218850600\"><script async src=\"https:\/\/pagead2.googlesyndication.com\/pagead\/js\/adsbygoogle.js?client=ca-pub-1076230867169041\"\n     crossorigin=\"anonymous\"><\/script><\/div><div class=\"regen-test-placement-from-wizard-2878267818\" id=\"regen-2880804650\"><script async src=\"https:\/\/pagead2.googlesyndication.com\/pagead\/js\/adsbygoogle.js?client=ca-pub-1076230867169041\"\n     crossorigin=\"anonymous\"><\/script><\/div>\n\n\n\n<ul class=\"wp-block-list\">\n<li><strong>Aktiivne valgustus<\/strong> (et valgustada ratturi teed)<\/li>\n\n\n\n<li><strong>Passiivne n\u00e4htavus<\/strong> (et hoiatada teisi teie kohalolekust)<\/li>\n<\/ul>\n\n\n\n<p>Erinevalt tavalistest pendelratturitest v\u00f5ivad kaubarattad vedada reisijaid v\u00f5i kaupu, sageli suurema koormuse ja kiirusega. See muudab usaldusv\u00e4\u00e4rse esivalgustuse mitte lihtsalt kasulikuks, vaid h\u00e4davajalikuks, sest <strong>\u00f5igusp\u00e4rasus ja s\u00f5itja ohutus<\/strong>.<\/p>\n\n\n\n<figure class=\"wp-block-table\"><table class=\"has-fixed-layout\"><thead><tr><th><strong>Tegur<\/strong><\/th><th><strong>Linnakasutus<\/strong><\/th><th><strong>Maapiirkondade v\u00f5i radade kasutamine<\/strong><\/th><th><strong>Kaubarattad<\/strong><\/th><\/tr><\/thead><tbody><tr><td><strong>Lumenid<\/strong><\/td><td>300-500<\/td><td>800-2000+<\/td><td>500-1500<\/td><\/tr><tr><td><strong>Kiirte muster<\/strong><\/td><td>Lai, l\u00fchike<\/td><td>Pikk, keskendunud<\/td><td>Lai + keskmaa<\/td><\/tr><tr><td><strong>Paigaldamine<\/strong><\/td><td>K\u00e4epideme<\/td><td>Kahvel \/ kiiver<\/td><td>Kahvel v\u00f5i integreeritud riiulisse<\/td><\/tr><tr><td><strong>Aku t\u00fc\u00fcp<\/strong><\/td><td>USB-laetav<\/td><td>Suure mahutavusega v\u00e4line pakend<\/td><td>Integreeritud p\u00f5hiakuga (e-cargo jalgrataste jaoks)<\/td><\/tr><\/tbody><\/table><\/figure>\n\n\n\n<p>Kaubaratta jaoks soovitame <strong>laia nurgaga valguskiir<\/strong> mis valgustab nii teed kui ka k\u00fclgi - eriti pika esikarbi puhul, mis v\u00f5ib varju heita. Sisseehitatud tuled, mis v\u00f5tavad energiat peamise e-jalgratta aku pealt, pakuvad usaldusv\u00e4\u00e4rsust ja mugavust.<\/p>\n\n\n\n<h2 class=\"wp-block-heading\"><strong>Kas te t\u00f5esti vajate jalgrattal esilaternat?<\/strong><\/h2>\n\n\n\n<p>Jah - nii juriidiliselt kui ka praktiliselt on esilatern h\u00e4davajalik.<\/p>\n\n\n\n<ul class=\"wp-block-list\">\n<li><a href=\"https:\/\/regencargobikes.com\/et\/cargo-bike-safety-standard-en-17860\/\" data-type=\"post\" data-id=\"416\"><strong>\u00d5iguslik n\u00f5ue<\/strong>: Enamikus ELi riikides ja \u00dchendkuningriigis on valge esilatern kohustuslik, kui s\u00f5idetakse \u00f6\u00f6sel v\u00f5i halva n\u00e4htavuse tingimustes (kohaldatakse EN 15194 ja kohalikke liiklusseadustikke).<\/a><\/li>\n\n\n\n<li><strong>Praktiline vajadus<\/strong>: See v\u00f5imaldab teistel liiklejatel teid n\u00e4ha ja aitab teil n\u00e4ha teed, eriti konarusi, \u00e4\u00e4rekive v\u00f5i prahti - see on eriti oluline koormatud kaubaratta puhul.<\/li>\n<\/ul>\n\n\n\n<blockquote class=\"wp-block-quote is-layout-flow wp-block-quote-is-layout-flow\">\n<p><strong>Reaalne kasutusjuhtum<\/strong>: Linnakullerite s\u00f5itjad teatavad sageli, et ilma korraliku esilaternata v\u00e4heneb n\u00e4htavus p\u00e4rast p\u00e4ikeseloojangut \u00fcle 50% - isegi h\u00e4sti valgustatud t\u00e4navatel.<\/p>\n\n\n\n<h2 class=\"wp-block-heading\"><strong>Kas kaubarattal on vaja esilaternat?<\/strong><\/h2>\n\n\n\n<p>Jah, enamikus Euroopa riikides ja \u00dchendkuningriigis, <strong>Esituled on seadusega n\u00f5utavad<\/strong> \u00f6\u00f6sel v\u00f5i halva n\u00e4htavuse korral kasutatavate jalgrataste puhul.<\/p>\n\n\n\n<p>Vastavalt <strong>ELi m\u00e4\u00e4rus EN 15194<\/strong> (elektrilise abiga pedaaliga jalgrattad):<\/p>\n\n\n\n<ul class=\"wp-block-list\">\n<li>A <strong>valge v\u00f5i valikuline kollane esilatern<\/strong> tuleb paigaldada.<\/li>\n\n\n\n<li>Valgus peab olema n\u00e4htav v\u00e4hemalt <strong>100 meetrit<\/strong>.<\/li>\n\n\n\n<li>Liikluskinnituse saamiseks ei tohi valgusvihu pimestada teisi liiklejaid (v\u00e4ljal\u00fclitatud valgusvihu).<\/li>\n<\/ul>\n\n\n\n<p>Saksamaal on <strong>StVZO (Stra\u00dfenverkehrs-Zulassungs-Ordnung)<\/strong> standard n\u00f5uab konkreetset valgusvihu kujundamist, heledust ja toiteallika stabiilsust, eriti e-jalgrataste puhul.<\/p>\n<\/blockquote>\n\n\n\n<h2 class=\"wp-block-heading\"><strong>Millist v\u00e4rvi tuli peaks olema jalgratta esiosas?<\/strong><\/h2>\n\n\n\n<p>See <strong>\u00f5ige v\u00e4rvi esilaternale<\/strong> on kas:<\/p>\n\n\n\n<p><strong>Valikuline kollane<\/strong> (v\u00e4hem levinud, kasutatakse udus v\u00f5i madala kontrastsusega tingimustes)<\/p>\n\n\n\n<p><strong>Valge<\/strong> (k\u00f5ige tavalisem ja seaduslikum k\u00f5igis piirkondades)<\/p>\n\n\n\n<p>ELi ja \u00dchendkuningriigi eeskirjad (EN 15194, StVZO Saksamaal, Road Vehicles Lighting Regulations \u00dchendkuningriigis) n\u00e4evad ette, et esilatern peab kiirgama pidevat v\u00f5i vilkuvat valgustust. <strong>valge kiir<\/strong>.<\/p>\n\n\n\n<blockquote class=\"wp-block-quote is-layout-flow wp-block-quote-is-layout-flow\">\n<p><strong>Oluline<\/strong>: Sinised v\u00f5i v\u00e4rvilised tuled ees on sageli ebaseaduslikud ja neid v\u00f5idakse ekslikult pidada h\u00e4daabiautodeks v\u00f5i p\u00f5hjustada n\u00e4htavusprobleeme teistele liiklejatele.<\/p>\n<\/blockquote>\n\n\n\n<p><strong>Vihje<\/strong>: Soe valge valgus (4000-5000K v\u00e4rvitemperatuur) on \u00f6\u00f6sel s\u00f5itmiseks mugavam kui karmid sinist v\u00e4rvi valgusdioodid.<\/p>\n\n\n\n<h2 class=\"wp-block-heading\"><strong>Mitu lumenit peaks jalgratta esilatern olema?<\/strong><\/h2>\n\n\n\n<p><br>Heledust m\u00f5\u00f5detakse <strong>luumenid<\/strong>, mis m\u00f5\u00f5davad v\u00e4ljastatud n\u00e4htava valguse koguhulka.<\/p>\n\n\n\n<figure class=\"wp-block-table\"><table class=\"has-fixed-layout\"><thead><tr><th><strong>Ratsutamise olukord<\/strong><\/th><th><strong>Minimaalne soovitatav valgustugevus<\/strong><\/th><\/tr><\/thead><tbody><tr><td>P\u00e4evane n\u00e4htavus (vilkuv re\u017eiim)<\/td><td>200-300 luumenit<\/td><\/tr><tr><td>\u00d6ine linnas\u00f5it<\/td><td>400-600 luumenit<\/td><\/tr><tr><td>Maapiirkondade v\u00f5i valgustamata teed<\/td><td>800-1500 luumenit<\/td><\/tr><tr><td>Kiire laskumine \/ suur koormus<\/td><td>1500-2000+ luumenit<\/td><\/tr><\/tbody><\/table><\/figure>\n\n\n\n<p>Sest <strong>kaubarattad<\/strong>, soovitame tavaliselt <strong>600-1200 luumenit<\/strong>s\u00f5ltuvalt:<\/p>\n\n\n\n<ul class=\"wp-block-list\">\n<li>Kas te s\u00f5idate \u00f6\u00f6sel<\/li>\n\n\n\n<li>Teede valgustustingimused<\/li>\n\n\n\n<li>kiirus ja lasti kaal (mis m\u00f5jutavad peatumisaega).<\/li>\n<\/ul>\n\n\n\n<p><strong>Pro n\u00f5uanne<\/strong>: Valige valgusti, millel on reguleeritavad heleduse s\u00e4tted (nt madal-keskmine-k\u00f5rge), et tasakaalustada energiatarbimist ja n\u00e4htavust.<\/p>\n\n\n\n<h2 class=\"wp-block-heading\"><strong>Kas 1000 \/ 3000 \/ 4000 luumenit on liiga hele jalgrattavalguse jaoks?<\/strong><\/h2>\n\n\n\n<p>See s\u00f5ltub - aga jah, see <em>v\u00f5ib olla<\/em> m\u00f5nes olukorras liiga heledad.<\/p>\n\n\n\n<figure class=\"wp-block-table\"><table class=\"has-fixed-layout\"><thead><tr><th><strong>Luumeni tase<\/strong><\/th><th><strong>Kasutusjuhtum<\/strong><\/th><th><strong>Liiga helge?<\/strong><\/th><\/tr><\/thead><tbody><tr><td><strong>1000 luumenit<\/strong><\/td><td>Sobib suurep\u00e4raselt kaubarattadeks ja k\u00f5ikjal kasutamiseks.<\/td><td>\u2705 Ohutu ja ideaalne<\/td><\/tr><tr><td><strong>3000 luumenit<\/strong><\/td><td>Sobib kasutamiseks maastikul v\u00f5i v\u00e4ga pimedates kohtades.<\/td><td>\u26a0\ufe0f Teiste pimestamise oht<\/td><\/tr><tr><td><strong>4000+ luumenit<\/strong><\/td><td>Ekstreemne heledus; MTB v\u00f5i trail kasutamine<\/td><td>\ud83d\udeab Liigs\u00f6\u00f6mine maanteekasutuseks \ud83d\udeab Overkill<\/td><\/tr><\/tbody><\/table><\/figure>\n\n\n\n<p><strong>Miks liigne heledus v\u00f5ib olla probleemiks:<\/strong><\/p>\n\n\n\n<ul class=\"wp-block-list\">\n<li>Pimestab vastutulevaid rattureid v\u00f5i autojuhte<\/li>\n\n\n\n<li>V\u00f5ib rikkuda \u00f5igusnorme sellistes kohtades nagu Saksamaa (StVZO n\u00f5uetele vastavad tuled piiravad valgusvihu intensiivsust).<\/li>\n\n\n\n<li>Tarbib energiat - t\u00fchjendab teie e-jalgratta aku v\u00f5i v\u00e4lise valguse paki kiiremini.<\/li>\n<\/ul>\n\n\n\n<p><strong>Lahendus<\/strong>: Otsige pimestusvastaste l\u00e4\u00e4tsedega v\u00f5i v\u00e4ljal\u00f5ikega tuled - need suunavad valguse allapoole, valgustades teed ilma teisi pimestamata.<\/p>\n\n\n\n<h2 class=\"wp-block-heading\"><strong>T\u00fc\u00fcbid <a href=\"https:\/\/regencargobikes.com\/et\/what-is-a-cargo-bike\/\" data-type=\"post\" data-id=\"1179\">Cargo Bike<\/a> Esituled energiaallikate kaupa<\/strong><\/h2>\n\n\n\n<figure class=\"wp-block-table\"><table class=\"has-fixed-layout\"><thead><tr><th><strong>T\u00fc\u00fcp<\/strong><\/th><th><strong>Kirjeldus<\/strong><\/th><th><strong>Sobib<\/strong><\/th><\/tr><\/thead><tbody><tr><td><strong>Akutoitega<\/strong><\/td><td>Integreeritud liitium-ioonelement, laetav USB kaudu<\/td><td>Kerged seadistused, juhuslik linnakasutamine<\/td><\/tr><tr><td><strong>D\u00fcnamo mootoriga<\/strong><\/td><td>Keskuse toitega, energiat\u00f5hus, l\u00f5pmatu t\u00f6\u00f6aeg<\/td><td>Kasutusjalgrattad, ei vaja laadimist<\/td><\/tr><tr><td><strong>E-rattas\u00fcsteemi j\u00f5uallikaga<\/strong><\/td><td>Juhtmega \u00fchendatud e-jalgratta peaakusse kontrolleri kaudu<\/td><td>Enamik kaasaegseid keskse akuga kaubarattaid<\/td><\/tr><\/tbody><\/table><\/figure>\n\n\n\n<h2 class=\"wp-block-heading\"><strong>Lisafunktsioonid, mida otsida kaubaratta esivalgustuselt<\/strong><\/h2>\n\n\n\n<ul class=\"wp-block-list\">\n<li><strong>Integreeritud paigalduss\u00fcsteem<\/strong>: Eriti oluline esiladuga kaubaratturite puhul. Kahvlile paigaldatud v\u00f5i hammasraamiga integreeritud tuli v\u00e4hendab vibratsiooni ja parandab valgusvihu stabiilsust.<\/li>\n\n\n\n<li><strong>Veekindel hinnang<\/strong>: V\u00e4hemalt IPX4 vihmaste s\u00f5itude jaoks.<\/li>\n\n\n\n<li><strong>P\u00e4evane t\u00f6\u00f6re\u017eiim<\/strong>: Parandab n\u00e4htavust p\u00e4evavalguses - seda esineb \u00fcha enam kaubaveoautode laevastikus.<\/li>\n\n\n\n<li><strong>Aku integreerimine<\/strong>: E-kaubaratta puhul on ideaalne esilatern, mis v\u00f5tab energiat jalgratta peamise aku pealt - v\u00e4hem komponente, mida tuleb laadida v\u00f5i hallata.<\/li>\n\n\n\n<li><strong>Valgustuse funktsioon<\/strong>: M\u00f5ned k\u00f5rgekvaliteedilised d\u00fcnamo- v\u00f5i integreeritud tuled j\u00e4\u00e4vad p\u00e4rast peatumist paariks minutiks p\u00f5lema - see on kasulik punaste tulede v\u00f5i l\u00fchikeste peatuste puhul.<\/li>\n<\/ul>\n\n\n\n<h2 class=\"wp-block-heading\"><strong>\u00d5iguslikud ja ohutusstandardid, mida tuleb arvesse v\u00f5tta<\/strong><\/h2>\n\n\n\n<p>Esitulede s\u00fcsteemi ostmisel v\u00f5i integreerimisel kontrollige, kas see vastab j\u00e4rgmistele n\u00f5uetele:<\/p>\n\n\n\n<ul class=\"wp-block-list\">\n<li><strong>EN 15194<\/strong> - Euroopa e-jalgratta ohutuse m\u00e4\u00e4rus, mis sisaldab n\u00f5udeid valgustusele<\/li>\n\n\n\n<li><strong>StVZO<\/strong> - Saksa maanteevalgustuse standard (kui eksporditakse v\u00f5i m\u00fc\u00fcakse Saksamaal)<\/li>\n\n\n\n<li><strong>\u00dcRO ECE R113<\/strong> - valgusvihu ja valguse leviku puhul, mis on eriti oluline suuremate elektris\u00f5idukite puhul.<\/li>\n\n\n\n<li><strong>RoHS \/ CE<\/strong> - Elektriliste komponentide ohutus ja keskkonnan\u00f5uetele vastavus<\/li>\n<\/ul>\n\n\n\n<hr class=\"wp-block-separator has-alpha-channel-opacity\"\/>\n\n\n\t\t<div data-elementor-type=\"section\" data-elementor-id=\"1414\" class=\"elementor elementor-1414\" data-elementor-post-type=\"elementor_library\">\n\t\t\t<div class=\"elementor-element elementor-element-7bf5eb01 e-flex e-con-boxed e-con e-parent\" data-id=\"7bf5eb01\" data-element_type=\"container\" data-e-type=\"container\" data-settings=\"{&quot;background_background&quot;:&quot;classic&quot;,&quot;ekit_has_onepagescroll_dot&quot;:&quot;yes&quot;}\">\n\t\t\t\t\t<div class=\"e-con-inner\">\n\t\t<div class=\"elementor-element elementor-element-9fc34e2 e-con-full e-flex e-con e-child\" data-id=\"9fc34e2\" data-element_type=\"container\" data-e-type=\"container\" data-settings=\"{&quot;background_background&quot;:&quot;classic&quot;,&quot;ekit_has_onepagescroll_dot&quot;:&quot;yes&quot;}\">\n\t\t\t\t<div class=\"elementor-element elementor-element-af4e700 elementor-absolute elementor-widget elementor-widget-image\" data-id=\"af4e700\" data-element_type=\"widget\" data-e-type=\"widget\" data-settings=\"{&quot;_position&quot;:&quot;absolute&quot;}\" data-widget_type=\"image.default\">\n\t\t\t\t<div class=\"elementor-widget-container\">\n\t\t\t\t\t\t\t\t\t\t\t\t\t\t\t<img fetchpriority=\"high\" decoding=\"async\" width=\"800\" height=\"422\" src=\"https:\/\/regencargobikes.com\/wp-content\/uploads\/2025\/05\/regen-02-electric-cargo-bike-.webp\" class=\"attachment-large size-large wp-image-1398\" alt=\"Regen 02 elektriline kaubaratas\" srcset=\"https:\/\/regencargobikes.com\/wp-content\/uploads\/2025\/05\/regen-02-electric-cargo-bike-.webp 1000w, https:\/\/regencargobikes.com\/wp-content\/uploads\/2025\/05\/regen-02-electric-cargo-bike--300x158.webp 300w, https:\/\/regencargobikes.com\/wp-content\/uploads\/2025\/05\/regen-02-electric-cargo-bike--768x405.webp 768w, https:\/\/regencargobikes.com\/wp-content\/uploads\/2025\/05\/regen-02-electric-cargo-bike--18x9.webp 18w\" sizes=\"(max-width: 800px) 100vw, 800px\" \/>\t\t\t\t\t\t\t\t\t\t\t\t\t\t\t<\/div>\n\t\t\t\t<\/div>\n\t\t\t\t<\/div>\n\t\t<div class=\"elementor-element elementor-element-7de8cd9d e-con-full e-flex e-con e-child\" data-id=\"7de8cd9d\" data-element_type=\"container\" data-e-type=\"container\" data-settings=\"{&quot;ekit_has_onepagescroll_dot&quot;:&quot;yes&quot;}\">\n\t\t\t\t<div class=\"elementor-element elementor-element-308b8d20 elementor-widget elementor-widget-elementskit-heading\" data-id=\"308b8d20\" data-element_type=\"widget\" data-e-type=\"widget\" data-widget_type=\"elementskit-heading.default\">\n\t\t\t\t<div class=\"elementor-widget-container\">\n\t\t\t\t\t<div class=\"ekit-wid-con\" ><div class=\"ekit-heading elementskit-section-title-wraper text_left   ekit_heading_tablet-   ekit_heading_mobile-text_center\"><h3 class=\"elementskit-section-subtitle\">\n\t\t\t\t\t\tRegen 02 elektriline kaubaratas\n\t\t\t\t\t<\/h3><h2 class=\"ekit-heading--title elementskit-section-title\">Kas otsite oma kaubam\u00e4rgile kompaktset ja kohandatavat esilaadurit?<\/h2>\t\t\t\t<div class='ekit-heading__description'>\n\t\t\t\t\t<p class=\"p1\">T\u00dcV-testitud varasemate eritellimusprojektide kaudu. Avalikult saadaval olev mudel \u2013 konfigureeritav, t\u00f5estatud ja skaleerimisvalmis.<\/p>\n\t\t\t\t<\/div>\n\t\t\t<\/div><\/div>\t\t\t\t<\/div>\n\t\t\t\t<\/div>\n\t\t\t\t<div class=\"elementor-element elementor-element-bf516c8 elementor-align-left elementor-align--mobilecenter elementor-widget elementor-widget-elementskit-button\" data-id=\"bf516c8\" data-element_type=\"widget\" data-e-type=\"widget\" data-widget_type=\"elementskit-button.default\">\n\t\t\t\t<div class=\"elementor-widget-container\">\n\t\t\t\t\t<div class=\"ekit-wid-con\" >\t\t<div class=\"ekit-btn-wraper\">\n\t\t\t\t\t\t\t<a href=\"https:\/\/regencargobikes.com\/et\/long-john-cargo-bike-regen-02\/\" class=\"elementskit-btn  whitespace--normal\" id=\"\">\n\t\t\t\t\tLisateave\t\t\t\t<\/a>\n\t\t\t\t\t<\/div>\n        <\/div>\t\t\t\t<\/div>\n\t\t\t\t<\/div>\n\t\t\t\t<\/div>\n\t\t\t\t\t<\/div>\n\t\t\t\t<\/div>\n\t\t\t\t<\/div>\n\t\t\n\n\n\n<h2 class=\"wp-block-heading\"><strong>Mis teeb hea kaubaratta esilaterna?<\/strong><\/h2>\n\n\n\n<p>Hea kaubaratta esilatern on ohutuse tagamiseks v\u00e4ga oluline, eriti arvestades kaubaratta t\u00fc\u00fcpiliselt suuremat suurust ja raskemat koormust. Siin on esitatud \u00fclevaade sellest, mis muudab tule t\u00f5husaks:<\/p>\n\n\n\n<h3 class=\"wp-block-heading\"><strong>1. Heledus (luumen \/ Lux v\u00e4ljund):<\/strong><\/h3>\n\n\n\n<ul class=\"wp-block-list\">\n<li><strong>K\u00f5rge valgustugevus:<\/strong> Kaubarattad vajavad m\u00e4rkimisv\u00e4\u00e4rset valgustust, et valgustada teed, eriti kui nad kannavad rasket koormat, mis v\u00f5ib teed varjutada, v\u00f5i kui nad s\u00f5idavad piiratud t\u00e4navavalgustusega piirkondades. Kui tavaliste jalgrataste puhul on sageli m\u00e4rgitud v\u00e4hemalt 100-200 luumenit, siis kaubaratturite puhul on suurem v\u00f5imsus v\u00e4ga kasulik, tihtipeale on see suurem kui <strong>500-1000+ luumeni vahemik<\/strong>, eriti valgustamata teedel v\u00f5i radadel. M\u00f5ned e-jalgrattaspetsiifilised tuled v\u00f5ivad olla isegi kuni 1800 lumenit v\u00f5i rohkem.<\/li>\n\n\n\n<li><strong>Lux vs. luumenid:<\/strong> Kui luumenid m\u00f5\u00f5davad kogu valgustugevust, siis luksid m\u00f5\u00f5davad valguse intensiivsust teataval kaugusel ja piirkonnas. Hea valgusjaotusega valgustid (vt allpool) v\u00f5ivad olla v\u00e4iksema luumeniga, kuid optimeeritud luksi t\u00f5ttu pakuvad siiski suurep\u00e4rast valgustust seal, kus seda k\u00f5ige rohkem vaja on.<\/li>\n<\/ul>\n\n\n\n<h3 class=\"wp-block-heading\"><strong>2. Kiirte muster:<\/strong><\/h3>\n\n\n\n<ul class=\"wp-block-list\">\n<li><strong>Lai ja \u00fchtlane levik:<\/strong> Erinevalt maanteeratastest, mille puhul v\u00f5ib kiiruse tagamiseks olla kasulikum fokuseeritud valguskiir, on kaubarattale vaja laia ja \u00fchtlast valguskiirt, et valgustada jalgratta ees olevat laiemat ala, sealhulgas lastiruumi ja v\u00f5imalikke takistusi k\u00fclgedel.<\/li>\n\n\n\n<li><strong>L\u00f5ikepalk (StVZO n\u00f5uetele vastav):<\/strong> Horisontaalse v\u00e4ljal\u00fclitusega tuled on v\u00e4ga soovitavad, eriti kui s\u00f5idad liikluses. Selline konstruktsioon suunab valguse teele ja v\u00e4ldib vastutulevate jalgratturite ja autojuhtide pimestamist. See on Euroopa n\u00f5uetele (StVZO) vastavate tulede tavaline omadus.<\/li>\n\n\n\n<li><strong>Ei ole kuumad kohad:<\/strong> Hea valgusvihk peaks olema sujuv ja \u00fchtlane, ilma liiga eredate \"kuumade kohtadeta\", mis v\u00f5ivad tekitada varje ja v\u00e4hendada \u00fcldist n\u00e4htavust.<\/li>\n<\/ul>\n\n\n\n<h3 class=\"wp-block-heading\"><strong>3. Toiteallikas ja t\u00f6\u00f6aeg:<\/strong><\/h3>\n\n\n\n<ul class=\"wp-block-list\">\n<li><strong>Akutoitega (laetav):<\/strong> Paljud moodsad kaubarattatuled on USB-laetavad. Otsige pikemaid t\u00f6\u00f6aegu, eriti kui teete pikemaid s\u00f5ite v\u00f5i unustate sageli laadida. USB-C on mugav laadimisstandard.<\/li>\n\n\n\n<li><strong>Dynamo Hub Powered:<\/strong> Suurep\u00e4rase mugavuse ja \"alati p\u00f5leva\" valgustuse tagamiseks on esirattasse integreeritud d\u00fcnamoratas suurep\u00e4rane valik. See toodab energiat s\u00f5idu ajal, v\u00e4listades vajaduse aku laadimiseks. See on eriti populaarne Euroopa kaubarattadel.<\/li>\n\n\n\n<li><strong>E-ratta integreeritud:<\/strong> Kui teil on e-ratas, otsige tuled, mis on m\u00f5eldud otse teie e-ratta akus\u00fcsteemiga integreeritavaks. Need tuled pakuvad sageli suuremat v\u00e4ljundv\u00f5imsust ja p\u00fcsivat v\u00f5imsust, ilma et oleks vaja eraldi akusid. Veenduge, et tulede pinge vastab teie e-ratta s\u00fcsteemile (nt 12V, 24V, 36V, 48V).<\/li>\n<\/ul>\n\n\n\n<h3 class=\"wp-block-heading\"><strong>4. Paigaldusv\u00f5imalused:<\/strong><\/h3>\n\n\n\n<ul class=\"wp-block-list\">\n<li><strong>Turvaline ja stabiilne:<\/strong> Kaubarattad kogevad sageli rohkem vibratsiooni ja raskemaid p\u00f5rutusi. Valgusti peab olema kindlalt paigaldatud, et ta peab nendele j\u00f5ududele vastu ja s\u00e4ilitab oma eesm\u00e4rgi.<\/li>\n\n\n\n<li><strong>Asjakohane paigutus:<\/strong> M\u00f5elge, kuhu valgusti paigaldatakse teie konkreetsele kaubarattale. M\u00f5nel kaubarattal on spetsiaalsed kinnituskohad, samas kui teised v\u00f5ivad n\u00f5uda loomingulisi lahendusi. K\u00f5rgem paigalduskoht v\u00f5ib sageli parandada n\u00e4htavust nii s\u00f5itja kui ka teiste liiklejate jaoks.<\/li>\n\n\n\n<li><strong>T\u00fchjendus:<\/strong> Veenduge, et valgus ei segaks teie lasti, juhtimist v\u00f5i muid lisaseadmeid.<\/li>\n<\/ul>\n\n\n\n<h3 class=\"wp-block-heading\"><strong>5. Vastupidavus ja ilmastikukindlus:<\/strong><\/h3>\n\n\n\n<ul class=\"wp-block-list\">\n<li><strong>Vastupidav konstruktsioon:<\/strong> Kaubaratta valgusti peaks olema ehitatud kestma, vastupidava korpusega (sageli alumiiniumist), et taluda igap\u00e4evast kasutamist ja v\u00f5imalikke p\u00f5rutusi.<\/li>\n\n\n\n<li><strong>Veekindel\/sadmekindel:<\/strong> Otsige IPX4 v\u00f5i k\u00f5rgemat klassifikatsiooni, et tagada valguse vastupidavus vihmale ja pritsmetele.<\/li>\n<\/ul>\n\n\n\n<h3 class=\"wp-block-heading\"><strong>6. T\u00e4iendavad omadused:<\/strong><\/h3>\n\n\n\n<ul class=\"wp-block-list\">\n<li><strong>Mitu re\u017eiimi:<\/strong> Kuigi tugev pidev valguskiir on n\u00e4gemiseks h\u00e4davajalik, v\u00f5ivad vilkuvad re\u017eiimid suurendada teie n\u00e4htavust teiste jaoks p\u00e4evasel ajal v\u00f5i tiheda liiklusega linnakeskkonnas. M\u00f5ned tuled pakuvad ka \"kohanduvat\" re\u017eiimi, mis reguleerib heledust vastavalt \u00fcmbritsevale valgusele.<\/li>\n\n\n\n<li><strong>P\u00e4evane s\u00f5idutuli (DRL):<\/strong> Uuringud n\u00e4itavad, et tulede kasutamine p\u00e4eval v\u00f5ib oluliselt v\u00e4hendada kokkup\u00f5rgete ohtu. Spetsiaalne DRL-re\u017eiim, mis on sageli v\u00e4hem intensiivne, kuid h\u00e4sti n\u00e4htav vilkumine, on v\u00e4\u00e4rtuslik funktsioon.<\/li>\n\n\n\n<li><strong>K\u00fclgmine n\u00e4htavus:<\/strong> K\u00fclgmiste v\u00e4ljal\u00f5ikudega v\u00f5i t\u00e4iendavate k\u00fclgmiste valgusdioodidega tuled v\u00f5ivad parandada teie n\u00e4htavust muudest nurkadest kui otse eestpoolt, mis on oluline ristmike ohutuse tagamiseks.<\/li>\n\n\n\n<li><strong>Toitepanga funktsionaalsus:<\/strong> M\u00f5ned akutoitel t\u00f6\u00f6tavad tuled on \u00fchtlasi ka elektripangad, mis v\u00f5imaldavad teil laadida oma telefoni v\u00f5i muid seadmeid teel olles.<\/li>\n\n\n\n<li><strong>Lihtne kasutajaliides:<\/strong> Plussiks on lihtsad, kindas\u00f5bralikud nupud ja selge re\u017eiimivalik.<\/li>\n\n\n\n<li><\/li>\n<\/ul>\n\n\n\n<h2 class=\"wp-block-heading\"><strong>Kuhu peaks esilaternat paigaldama?<\/strong><\/h2>\n\n\n\n<p>\u00d5ige paigutus tagab ohutuse ja v\u00e4ldib varjutamist. Siin on tavalised v\u00f5imalused:<\/p>\n\n\n\n<figure class=\"wp-block-table\"><table class=\"has-fixed-layout\"><thead><tr><th><strong>Paigaldamise asend<\/strong><\/th><th><strong>Plussid<\/strong><\/th><th><strong>Miinused<\/strong><\/th><\/tr><\/thead><tbody><tr><td><strong>K\u00e4epidemele paigaldatud<\/strong><\/td><td>Lihtne paigaldada ja reguleerida<\/td><td>V\u00f5ib tekitada varju ettepoole, kui lasti takistab.<\/td><\/tr><tr><td><strong>Kahvli kroon<\/strong><\/td><td>Tasane valgustus, v\u00e4hene pimestus<\/td><td>V\u00f5ib raputada ebatasasel maastikul<\/td><\/tr><tr><td><strong>Lastiriiuli v\u00f5i peatoru<\/strong><\/td><td>Vastab lasti k\u00f5rgusele<\/td><td>N\u00f5uab kohandatud klambreid<\/td><\/tr><\/tbody><\/table><\/figure>\n\n\n\n<p>Esipoole laaditavate kaubarattade jaoks, <strong>juhtrauatuled v\u00f5ivad olla ebapiisavad<\/strong>. Me soovitame sageli <strong>topeltvalgustuss\u00fcsteemid<\/strong>:<\/p>\n\n\n\n<ul class=\"wp-block-list\">\n<li>Esmane valgus on sisse l\u00fclitatud <strong>lastiriiul v\u00f5i raam<\/strong><\/li>\n\n\n\n<li>Sekundaarne valgus on sisse l\u00fclitatud <strong>juhtraud<\/strong><\/li>\n<\/ul>\n\n\n\n<h2 class=\"wp-block-heading\"><strong>Kuidas <a href=\"https:\/\/regencargobikes.com\/et\/about\/\" data-type=\"page\" data-id=\"171\">Regen <\/a>Aitab: Moodulvalgustus, integreeritud toide ja n\u00f5uetele vastavus<\/strong><\/h2>\n\n\n\n<p>Kavandame Regen kaubarattad, pidades silmas valgustuse integreerimist:<\/p>\n\n\n\n<ul class=\"wp-block-list\">\n<li><strong>Kohandatud valguse paigaldamine<\/strong> Long Johnide, trikettide ja step-throughde jaoks<\/li>\n\n\n\n<li><strong>Veekindel kaabeldus<\/strong> (IP65+) ja eelpaigaldatud juhtmestik.<\/li>\n\n\n\n<li><strong>S\u00fcsteemi tasandi energiajuhtimine<\/strong> aku t\u00fchjenemise v\u00e4ltimiseks<\/li>\n\n\n\n<li><strong>StVZO- ja EN 15194 n\u00f5uetele vastavad valikud<\/strong> ELi klientidele<\/li>\n\n\n\n<li>Valikuline <strong>DRL, kaug- ja l\u00e4hitulede \u00fcmberl\u00fclitamine<\/strong>ja <strong>automaatse valguse andurid<\/strong><\/li>\n<\/ul>\n\n\n\n<p>OEM\/ODM partneritele pakume j\u00e4rgmist <strong>eritellimusel p\u00f5hinev esilaternate integreerimine<\/strong> s\u00f5ltuvalt raami geomeetriast, br\u00e4ndi esteetikast ja kasutaja stsenaariumidest.<\/p>\n\n\n\n<p>\ud83d\udce9 <a href=\"https:\/\/regencargobikes.com\/et\/contact\/\" data-type=\"page\" data-id=\"177\"><strong>V\u00f5tke meiega n\u00fc\u00fcd \u00fchendust<\/strong><\/a> et arutada teie projekti.<\/p>\n\n\n\n<hr class=\"wp-block-separator has-alpha-channel-opacity\"\/>\n\n\n\n<h2 class=\"wp-block-heading\"><strong>Viited<\/strong><\/h2>\n\n\n\n<ul class=\"wp-block-list\">\n<li>Euroopa Standardikomitee (CEN). (2021). <em>EN 15194: Elektriajamiga ts\u00fcklid (EPAC) - EPACid - Ohutusn\u00f5uded ja katsemeetodid.<\/em><\/li>\n\n\n\n<li>Saksamaa Liitvabariigi transpordi- ja digitaalse infrastruktuuri ministeerium (Saksamaa). (2022). <em>StVZO - Stra\u00dfenverkehrs-Zulassungs-Ordnung.<\/em><\/li>\n\n\n\n<li>Jalgratturite valgusvihkude mustrid ja ohutuse uuring - Saksamaa Jalgratturite Liit (ADFC), 2020.<\/li>\n<\/ul>","protected":false},"excerpt":{"rendered":"<p>At Regen, where we design and manufacture complete cargo bike systems for families and fleets, we often get asked about front lighting \u2014 especially as riders begin commuting at dusk, navigating low-light city alleys, or delivering across darker rural routes. Lighting is not just about visibility; it\u2019s about road legality, rider safety, and even battery [&hellip;]<\/p>\n","protected":false},"author":2,"featured_media":1740,"comment_status":"open","ping_status":"closed","sticky":false,"template":"","format":"standard","meta":{"footnotes":""},"categories":[2],"tags":[],"class_list":["post-1739","post","type-post","status-publish","format-standard","has-post-thumbnail","hentry","category-knowledge"],"_links":{"self":[{"href":"https:\/\/regencargobikes.com\/et\/wp-json\/wp\/v2\/posts\/1739","targetHints":{"allow":["GET"]}}],"collection":[{"href":"https:\/\/regencargobikes.com\/et\/wp-json\/wp\/v2\/posts"}],"about":[{"href":"https:\/\/regencargobikes.com\/et\/wp-json\/wp\/v2\/types\/post"}],"author":[{"embeddable":true,"href":"https:\/\/regencargobikes.com\/et\/wp-json\/wp\/v2\/users\/2"}],"replies":[{"embeddable":true,"href":"https:\/\/regencargobikes.com\/et\/wp-json\/wp\/v2\/comments?post=1739"}],"version-history":[{"count":1,"href":"https:\/\/regencargobikes.com\/et\/wp-json\/wp\/v2\/posts\/1739\/revisions"}],"predecessor-version":[{"id":1741,"href":"https:\/\/regencargobikes.com\/et\/wp-json\/wp\/v2\/posts\/1739\/revisions\/1741"}],"wp:featuredmedia":[{"embeddable":true,"href":"https:\/\/regencargobikes.com\/et\/wp-json\/wp\/v2\/media\/1740"}],"wp:attachment":[{"href":"https:\/\/regencargobikes.com\/et\/wp-json\/wp\/v2\/media?parent=1739"}],"wp:term":[{"taxonomy":"category","embeddable":true,"href":"https:\/\/regencargobikes.com\/et\/wp-json\/wp\/v2\/categories?post=1739"},{"taxonomy":"post_tag","embeddable":true,"href":"https:\/\/regencargobikes.com\/et\/wp-json\/wp\/v2\/tags?post=1739"}],"curies":[{"name":"wp","href":"https:\/\/api.w.org\/{rel}","templated":true}]}}