{"id":1763,"date":"2025-07-29T02:36:57","date_gmt":"2025-07-28T18:36:57","guid":{"rendered":"https:\/\/regencargobikes.com\/?p=1763"},"modified":"2025-07-29T02:37:00","modified_gmt":"2025-07-28T18:37:00","slug":"the-strategic-imperative-of-cargo-bikes-in-european-urban-mobility","status":"publish","type":"post","link":"https:\/\/regencargobikes.com\/et\/the-strategic-imperative-of-cargo-bikes-in-european-urban-mobility\/","title":{"rendered":"Kaubaratta strateegiline vajadus Euroopa linnaliikluses"},"content":{"rendered":"<p>Euroopa linnades on toimumas p\u00f5hjalikud muutused selles, kuidas nad l\u00e4henevad linnatranspordile ja logistikale. Kunagi ni\u0161ilahenduseks peetud kaubarattad - eriti elektrilised kaubarattad (e-k\u00e4rud) - on kiiresti arenenud j\u00e4tkusuutliku, kulutasuva ja inimkeskse liikuvuse strateegiliseks tugisambaks. Need ei ole pelgalt alternatiiv traditsioonilistele kaubikutele v\u00f5i veoautodele, vaid pigem on need tervislikuma, ohutuma ja vastupidavama linnakeskkonna katal\u00fcsaatoriks.<\/p>\n\n\n\n<p>Kogu Euroopas aitavad kaubarattad saavutada ambitsioonikaid kliimaeesm\u00e4rke, lahendada linnade ummikuid ja v\u00e4hendada autodest s\u00f5ltuvate linnapiirkondade \u00fchiskondlikke kulusid. Seda \u00fcleminekut toetavad tugev turukasv, toetav poliitika ja tehnoloogiline areng, mis muudab kaubarattad \u00fcha konkurentsiv\u00f5imelisemaks.<\/p>\n\n\n\n<blockquote class=\"wp-block-quote is-layout-flow wp-block-quote-is-layout-flow\">\n<p><\/p>\n<\/blockquote>\n\n\n\n<hr class=\"wp-block-separator has-alpha-channel-opacity\"\/>\n\n\n\n<h2 class=\"wp-block-heading\"><strong>Kaubarattaid ja nende mitmek\u00fclgseid eeliseid m\u00e4\u00e4ratledes<\/strong><\/h2>\n\n\n\n<p>Kaubarattad on spetsiaalselt ehitatud jalgrattad v\u00f5i kolmerattalised jalgrattad, mis on m\u00f5eldud kaupade, reisijate v\u00f5i varustuse vedamiseks, mida tavaline jalgratas ei suuda vedada. Nende elektrilised variandid (e-cargo bikes) sisaldavad akutoitel t\u00f6\u00f6tavat pedaalide abi, mis v\u00f5imaldab neil vedada raskemaid koormusi ja l\u00e4bida pikemaid vahemaid v\u00e4iksema f\u00fc\u00fcsilise pingutusega.<\/p><div class=\"regen-test-placement-from-wizard-1604397851\" id=\"regen-1998423583\"><script async src=\"https:\/\/pagead2.googlesyndication.com\/pagead\/js\/adsbygoogle.js?client=ca-pub-1076230867169041\"\n     crossorigin=\"anonymous\"><\/script><\/div><div class=\"regen-test-placement-from-wizard-2878267818\" id=\"regen-4041822282\"><script async src=\"https:\/\/pagead2.googlesyndication.com\/pagead\/js\/adsbygoogle.js?client=ca-pub-1076230867169041\"\n     crossorigin=\"anonymous\"><\/script><\/div>\n\n\n\n<p>Kunagi piirdusid need v\u00e4ikesemahuliste linnakullerite v\u00f5i pereliikmete kasutamisega, kuid n\u00fc\u00fcd on kaubarattad linnalogistikas ja liikuvuses kesksel kohal. Nende laialdane atraktiivsus seisneb keskkonnaalaste, majanduslike, operatiivsete ja sotsiaalsete eeliste kombinatsioonis, mis ulatub kaugemale transpordisektorist.<\/p>\n\n\n\n<hr class=\"wp-block-separator has-alpha-channel-opacity\"\/>\n\n\n\n<p><\/p>\n\n\n\n<h3 class=\"wp-block-heading\"><strong>Keskkonnaalased eelised: Nullemissiooniga linnaveod<\/strong><\/h3>\n\n\n\n<p>Kaubarattad on otseselt suunatud kiireloomulisele vajadusele dekarboniseerida linnatransporti. Erinevalt tavap\u00e4rastest diiselmootoriga kaubikutest t\u00f6\u00f6tavad e-cargo bike'id null heitgaasiga, v\u00e4hendades oluliselt s\u00fcsinikujalaj\u00e4lge.<\/p>\n\n\n\n<ul class=\"wp-block-list\">\n<li>Londoni uuringus leiti, et kaubarattad toodavad <strong>96% v\u00e4hem CO\u2082 heitkoguseid kilomeetri kohta kui elektriautodel<\/strong> ja kuni <strong>90% v\u00e4hem kui diiselmootoriga kaubikud<\/strong>.<\/li>\n\n\n\n<li>Amsterdamis on linna <em>Ts\u00fcklilogistika<\/em> projekt asendati <strong>7% kaubikuga tehtavate reiside kohta<\/strong>, l\u00f5ikamine <strong>16 000 tonni CO\u2082 heitkoguseid aastas<\/strong>-samav\u00e4\u00e4rne eemaldamisega <strong>3500 autot<\/strong> t\u00e4navatelt.<\/li>\n<\/ul>\n\n\n\n<p>Neil keskkonnaalastel h\u00fcvedel on mitmekordne m\u00f5ju. Puhtam \u00f5hk aitab kaasa rahvatervise parandamisele, samas kui v\u00e4henenud m\u00fcrasaaste suurendab linnade elamisv\u00e4\u00e4rsust.<\/p>\n\n\n\n<blockquote class=\"wp-block-quote is-layout-flow wp-block-quote-is-layout-flow\">\n<figure class=\"wp-block-image size-large\"><img fetchpriority=\"high\" decoding=\"async\" width=\"1024\" height=\"471\" src=\"https:\/\/regencargobikes.com\/wp-content\/uploads\/2025\/07\/In-Amsterdam-the-citys-Cycle-Logistics-project-replaced-7-of-commercial-van-trips-cutting-16000-tonnes-of-annual-CO\u2082-emissions\u2014the-equivalent-of-removing-3500-cars-from-the-streets-1024x471.webp\" alt=\"\" class=\"wp-image-1764\" srcset=\"https:\/\/regencargobikes.com\/wp-content\/uploads\/2025\/07\/In-Amsterdam-the-citys-Cycle-Logistics-project-replaced-7-of-commercial-van-trips-cutting-16000-tonnes-of-annual-CO\u2082-emissions\u2014the-equivalent-of-removing-3500-cars-from-the-streets-1024x471.webp 1024w, https:\/\/regencargobikes.com\/wp-content\/uploads\/2025\/07\/In-Amsterdam-the-citys-Cycle-Logistics-project-replaced-7-of-commercial-van-trips-cutting-16000-tonnes-of-annual-CO\u2082-emissions\u2014the-equivalent-of-removing-3500-cars-from-the-streets-300x138.webp 300w, https:\/\/regencargobikes.com\/wp-content\/uploads\/2025\/07\/In-Amsterdam-the-citys-Cycle-Logistics-project-replaced-7-of-commercial-van-trips-cutting-16000-tonnes-of-annual-CO\u2082-emissions\u2014the-equivalent-of-removing-3500-cars-from-the-streets-768x353.webp 768w, https:\/\/regencargobikes.com\/wp-content\/uploads\/2025\/07\/In-Amsterdam-the-citys-Cycle-Logistics-project-replaced-7-of-commercial-van-trips-cutting-16000-tonnes-of-annual-CO\u2082-emissions\u2014the-equivalent-of-removing-3500-cars-from-the-streets-1536x706.webp 1536w, https:\/\/regencargobikes.com\/wp-content\/uploads\/2025\/07\/In-Amsterdam-the-citys-Cycle-Logistics-project-replaced-7-of-commercial-van-trips-cutting-16000-tonnes-of-annual-CO\u2082-emissions\u2014the-equivalent-of-removing-3500-cars-from-the-streets-18x8.webp 18w, https:\/\/regencargobikes.com\/wp-content\/uploads\/2025\/07\/In-Amsterdam-the-citys-Cycle-Logistics-project-replaced-7-of-commercial-van-trips-cutting-16000-tonnes-of-annual-CO\u2082-emissions\u2014the-equivalent-of-removing-3500-cars-from-the-streets.webp 1766w\" sizes=\"(max-width: 1024px) 100vw, 1024px\" \/><\/figure>\n<\/blockquote>\n\n\n\n<hr class=\"wp-block-separator has-alpha-channel-opacity\"\/>\n\n\n\n<p><\/p>\n\n\n\n<h3 class=\"wp-block-heading\"><strong>Majanduslik ja operatiivne t\u00f5husus: Linnatarned: linnatarnete \u00fcmberkujundamine<\/strong><\/h3>\n\n\n\n<p>Ettev\u00f5tluse seisukohalt on kaubarattad majanduslikult v\u00e4ga kasulikud. Mitmed uuringud ja katseprojektid on n\u00e4idanud, et e-veojalgrattad on tihedas linnakeskkonnas paremad kui kaubikud.<\/p>\n\n\n\n<ul class=\"wp-block-list\">\n<li>Kaubarattad v\u00f5ivad v\u00e4hendada tarnekulusid <strong>kuni 90%<\/strong> kui arvestada k\u00fctust, parkimist ja hooldust.<\/li>\n\n\n\n<li>Milanos n\u00e4itas pilootprogramm, et <strong>23% tarneaja v\u00e4hendamine<\/strong> ja <strong>40% tegevuskulude v\u00e4henemine<\/strong> viimase miili logistika puhul v\u00f5rreldes kaubikutega.<\/li>\n\n\n\n<li>Tiheasustusega linnakeskustes toimetavad kaubarattad pakke v\u00e4lja <strong>30% kiiremini<\/strong> ja saab t\u00e4ita <strong>20-25 saadetist tunnis<\/strong>, v\u00f5rreldes ainult <strong>12 saadetist tunnis<\/strong> kaubikute puhul.<\/li>\n<\/ul>\n\n\n\n<p>Kaubaratturite v\u00f5ime s\u00e4ilitada prognoositav teenindusaeg isegi tiheda liiklusega piirkondades v\u00f5imaldab ettev\u00f5tetel optimeerida tarneplaane ja suurendada klientide rahulolu.<\/p>\n\n\n\n<blockquote class=\"wp-block-quote is-layout-flow wp-block-quote-is-layout-flow\">\n<p><\/p>\n<\/blockquote>\n\n\n\n<hr class=\"wp-block-separator has-alpha-channel-opacity\"\/>\n\n\n\n<p><\/p>\n\n\n\n<h3 class=\"wp-block-heading\"><strong>Ummikute v\u00e4hendamine ja parem juurdep\u00e4\u00e4s linnadele<\/strong><\/h3>\n\n\n\n<p>Kaubarattad sobivad suurep\u00e4raselt liiklemiseks rahvarohketel linnat\u00e4navatel, jalak\u00e4ijate aladel ja v\u00e4hese heitega tsoonides (LEZ), kus suurematele s\u00f5idukitele on kehtestatud karistused v\u00f5i otsesed piirangud.<\/p>\n\n\n\n<p>Nende kompaktne suurus v\u00f5imaldab neil m\u00f6\u00f6da liiklusj\u00e4rjekordasid minna ja p\u00e4\u00e4seda k\u00f5nnitee\u00e4\u00e4rsetesse kohtadesse ilma teid v\u00f5i jalgrattateid blokeerimata. Asendades kaubikud, vabastavad kaubarattad v\u00e4\u00e4rtuslikku linnaruumi, v\u00e4hendavad topeltparkimist ja leevendavad ummikuid - kasu, mida nii linnad kui ka ettev\u00f5tted hindavad k\u00f5rgelt.<\/p>\n\n\n\n<hr class=\"wp-block-separator has-alpha-channel-opacity\"\/>\n\n\n\n<p><\/p>\n\n\n\n<h3 class=\"wp-block-heading\"><strong>Sotsiaalsed ja tervislikud eelised: Turvalisemad ja aktiivsemad linnad<\/strong><\/h3>\n\n\n\n<p>Lisaks keskkonna- ja majanduslikule kasule toovad kaubarattad m\u00e4rkimisv\u00e4\u00e4rset sotsiaalset kasu:<\/p>\n\n\n\n<ol start=\"1\" class=\"wp-block-list\">\n<li><strong>Aktiivse liikumise edendamine:<\/strong> Suurem osalemine jalgrattaspordis soodustab tervislikumaid eluviise ja loob linnades jalgrattakultuuri.<\/li>\n\n\n\n<li><strong>Turvalisemad t\u00e4navad:<\/strong> Kaubarattad liiguvad v\u00e4iksema kiirusega kui mootors\u00f5idukid, mis v\u00e4hendab liikluskokkup\u00f5rgete riski ja raskusastet.<\/li>\n\n\n\n<li><strong>Rahvatervis:<\/strong> Puhtam \u00f5hk ja v\u00e4iksem m\u00fcrasaaste aitavad kaasa kogukonna heaolu paranemisele.<\/li>\n<\/ol>\n\n\n\n<p>Londoni <strong>Vision Zero<\/strong> ohutusstrateegia on n\u00e4iteks tihedalt seotud kaubaratta kasutuselev\u00f5tuga, sest need s\u00f5idukid v\u00e4hendavad liiklusriski jalak\u00e4ijatele ja teistele jalgratturitele.<\/p>\n\n\n\n<blockquote class=\"wp-block-quote is-layout-flow wp-block-quote-is-layout-flow\">\n<p><\/p>\n<\/blockquote>\n\n\n\n<hr class=\"wp-block-separator has-alpha-channel-opacity\"\/>\n\n\n\n<p><\/p>\n\n\n\n<h3 class=\"wp-block-heading\"><strong>Enesev\u00f5imendav h\u00fcvede ts\u00fckkel<\/strong><\/h3>\n\n\n\n<p>Need mitmek\u00fclgsed eelised toimivad s\u00fcnergias. Ettev\u00f5tted investeerivad kaubarattatarnetest saadava kokkuhoiu oma rohelise laevastiku laiendamisse, mis v\u00e4hendab veelgi ummikuid ja heitkoguseid. Puhtamad ja ohutumad t\u00e4navad julgustavad rohkem inimesi jalgrattaga s\u00f5itma, suurendades n\u00f5udlust jalgrattainfrastruktuuri j\u00e4rele ja normaliseerides kaubaratta kasutamist.<\/p>\n\n\n\n<p>Seep\u00e4rast peaks kaubarattaid edendav linnapoliitika v\u00f5tma vastu <strong>terviklik l\u00e4henemine<\/strong>, kasutades samaaegselt keskkonna-, majanduslikku ja sotsiaalset kasu, et maksimeerida m\u00f5ju.<\/p>\n\n\n\n<hr class=\"wp-block-separator has-alpha-channel-opacity\"\/>\n\n\n\n<p><\/p>\n\n\n\n<h2 class=\"wp-block-heading\"><strong>Euroopa E-Cargo Bike turu \u00fclevaade: (2024-2034): praegune olukord ja kasvuprognoosid (2024-2034)<\/strong><\/h2>\n\n\n\n<p>Euroopa e-veojalgrattaturg on j\u00f5udnud plahvatusliku kasvu perioodi, mis peegeldab selle kasvavat t\u00e4htsust linnalise liikuvuse strateegiates.<\/p>\n\n\n\n<ul class=\"wp-block-list\">\n<li><strong>Turu v\u00e4\u00e4rtus aastal 2024:<\/strong> USD <strong>2,01 miljardit<\/strong><\/li>\n\n\n\n<li><strong>Prognoositav turuv\u00e4\u00e4rtus aastal 2034:<\/strong> USD <strong>37,24 miljardit<\/strong><\/li>\n\n\n\n<li><strong>CAGR:<\/strong> <strong>33.90% (2024-2034)<\/strong><\/li>\n<\/ul>\n\n\n\n<p>Eraldi anal\u00fc\u00fcsis prognoositakse, et turg kasvab alates <strong>1,16 miljardit USA dollarit 2025. aastal kuni 1,6 miljardit USA dollarit 2029. aastal.<\/strong>, mis kujutab endast konservatiivsemat, kuid siiski m\u00e4rkimisv\u00e4\u00e4rset <strong>8.51% CAGR<\/strong>.<\/p>\n\n\n\n<p>Sellele t\u00f5usuteele aitavad kaasa mitmed kokkulangevad j\u00f5ud:<\/p>\n\n\n\n<ol start=\"1\" class=\"wp-block-list\">\n<li><strong>S\u00e4\u00e4stva liikuvuse prioriteedid:<\/strong> Linnad ja ettev\u00f5tted seavad prioriteediks v\u00e4hese s\u00fcsinikdioksiidiheitega transpordi.<\/li>\n\n\n\n<li><strong>Regulatiivne surve:<\/strong> Rangemad keskkonnastandardid, n\u00e4iteks Euroopa rohelise kokkuleppe raames, kiirendavad s\u00f5idukipargi elektrifitseerimist.<\/li>\n\n\n\n<li><strong>Kulut\u00f5hus logistika:<\/strong> N\u00f5udlus taskukohaste viimase miili tarnelahenduste j\u00e4rele on k\u00f5igi aegade k\u00f5rgeim.<\/li>\n<\/ol>\n\n\n\n<blockquote class=\"wp-block-quote is-layout-flow wp-block-quote-is-layout-flow\">\n<p><\/p>\n<\/blockquote>\n\n\n\n<hr class=\"wp-block-separator has-alpha-channel-opacity\"\/>\n\n\n\n<p><\/p>\n\n\n\n<h3 class=\"wp-block-heading\"><strong>Piirkondlikud juhid: L\u00e4\u00e4ne-Euroopa esirinnas<\/strong><\/h3>\n\n\n\n<p>L\u00e4\u00e4ne-Euroopa domineerib e-rataste turul, kusjuures Saksamaa, Madalmaad, Taani ja Prantsusmaa on juhtivad e-rataste kasutuselev\u00f5ttu.<\/p>\n\n\n\n<ul class=\"wp-block-list\">\n<li><strong>Saksamaa:<\/strong> Hoiab <strong>44% Euroopa turul (2024)<\/strong>t\u00e4nu tugevatele jalgrattas\u00f5idutraditsioonidele, ambitsioonikale kliimapoliitikale ja investeeringutele jalgratta infrastruktuuri, n\u00e4iteks kaitstud radade ja turvaliste parkimisv\u00f5imaluste rajamisse.<\/li>\n\n\n\n<li><strong>Madalmaad ja Taani:<\/strong> Need jalgrattaga s\u00f5itvad riigid saavad kasu aastak\u00fcmneid kestnud infrastruktuuri arengust, mis muudab nad ideaalseks keskkonnaks e-rataste laialdaseks kasutamiseks.<\/li>\n\n\n\n<li><strong>Prantsusmaa:<\/strong> Pariis ja teised Prantsuse linnad on kiiresti laiendamas kaubaratta algatusi osana laiematest liikuvuse ja kliimastrateegiatest.<\/li>\n<\/ul>\n\n\n\n<hr class=\"wp-block-separator has-alpha-channel-opacity\"\/>\n\n\n\n<p><\/p>\n\n\n\n<h3 class=\"wp-block-heading\"><strong>T\u00f6\u00f6stusmaastik: Mitmesugused osalejad juhivad innovatsiooni<\/strong><\/h3>\n\n\n\n<p>Turg koosneb d\u00fcnaamilisest kombinatsioonist v\u00e4ljakujunenud jalgrattatootjatest, elektrilise liikuvuse alustavatest ettev\u00f5tetest ja spetsialiseerunud kaubarattatootjatest. Juhtivate ettev\u00f5tete hulka kuuluvad:<\/p>\n\n\n\n<ul class=\"wp-block-list\">\n<li><strong>Linna nool<\/strong><\/li>\n\n\n\n<li><strong>Riese ja M\u00fcller<\/strong><\/li>\n\n\n\n<li><strong>Tern jalgrattad<\/strong><\/li>\n\n\n\n<li><strong>Lihunikud ja jalgrattad<\/strong><\/li>\n\n\n\n<li><strong>Rad Power Bikes<\/strong><\/li>\n\n\n\n<li><strong>Babboe<\/strong><\/li>\n<\/ul>\n\n\n\n<p>Need kaubam\u00e4rgid investeerivad suurel m\u00e4\u00e4ral <strong>toodete mitmekesistamine<\/strong>, pakkudes selliseid mudeleid nagu:<\/p>\n\n\n\n<ol start=\"1\" class=\"wp-block-list\">\n<li><strong><a href=\"https:\/\/regencargobikes.com\/et\/what-is-a-long-john-cargo-bike\/\" data-type=\"post\" data-id=\"1411\">Pika sabaga kaubarattad<\/a>:<\/strong> Pikendatud tagumised riiulid mitme lapse v\u00f5i mahukate esemete vedamiseks.<\/li>\n\n\n\n<li><strong><a href=\"https:\/\/regencargobikes.com\/et\/rs01-e-cargo-bike\/\" data-type=\"page\" data-id=\"933\">Front-Loader (Bakfiets) disainilahendused<\/a>:<\/strong> Ees on suured kastid raskema v\u00f5i \u00f5rnema lasti jaoks.<\/li>\n\n\n\n<li><strong>Kolmerattalised kaubiktriklid:<\/strong> Suurem kandev\u00f5ime ja stabiilsus, ideaalne kaubaveoks.<\/li>\n<\/ol>\n\n\n\n<p>Edasiminekud <strong>akutehnoloogia, elektrimootorid ja kerged raamid<\/strong> teevad kaubarattad vastupidavamaks, usaldusv\u00e4\u00e4rsemaks ja mitmek\u00fclgsemaks kui kunagi varem.<\/p>\n\n\n\n<blockquote class=\"wp-block-quote is-layout-flow wp-block-quote-is-layout-flow\">\n<p><strong>Pildi soovitus:<\/strong> M\u00e4rgistatud kollaa\u017e, millel on kujutatud Euroopa juhtivate kaubam\u00e4rkide erinevaid e-k\u00e4ru jalgrattaid (pika sabaga, esiveoline ja kolmerattaline).<\/p>\n<\/blockquote>\n\n\n\n<hr class=\"wp-block-separator has-alpha-channel-opacity\"\/>\n\n\n\n<p><\/p>\n\n\n\n<h3 class=\"wp-block-heading\"><strong>Turu areng ja spetsialiseerumine<\/strong><\/h3>\n\n\n\n<p>Kaubarattasektor on kujunemas iseseisvaks, laiemast jalgrattat\u00f6\u00f6stusest eraldiseisvaks segmendiks. Selle muutuse tunnistuseks v\u00f5ib pidada j\u00e4rgmiste toodete turuletoomist <strong>Mobifuture<\/strong>, spetsiaalne elektrilise ja linnalise liikuvuse mess, mis toimub koos <strong>Eurobike<\/strong> alates 2026.<\/p>\n\n\n\n<p>See uus \u00fcritus toob esile kaubarattad kui Euroopa liikuvuse tuleviku v\u00f5tmeosa, \u00fchendades tootjad, poliitikakujundajad ja s\u00f5idukipargi operaatorid. Erainvesteeringute kasvades ja mastaabis\u00e4\u00e4stu saavutamisega peaks sektor muutuma \u00fcha enam isemajandavaks, v\u00e4hendades s\u00f5ltuvust riiklikest toetustest.<\/p>\n\n\n\n<blockquote class=\"wp-block-quote is-layout-flow wp-block-quote-is-layout-flow\">\n<p><strong>Pildi soovitus:<\/strong> Foto Eurobike'i elavast n\u00e4itusesaalist, kus esitletakse uuenduslikke kaubarattamudeleid ja luuakse v\u00f5rgustikke t\u00f6\u00f6stuse spetsialistide vahel.<\/p>\n<\/blockquote>\n\n\n\n<hr class=\"wp-block-separator has-alpha-channel-opacity\"\/>\n\n\n\n<p><\/p>\n\n\n\n<h2 class=\"wp-block-heading\"><strong>Kokkuv\u00f5te: Kaubarattad kui Euroopa linnaliikluse nurgakivi<\/strong><\/h2>\n\n\n\n<p>Kaubarattad annavad linnadele, ettev\u00f5tetele ja kogukondadele \u00fcmberkujundavaid tulemusi. Nad v\u00e4hendavad m\u00e4rkimisv\u00e4\u00e4rselt kasvuhoonegaaside heitkoguseid, v\u00e4hendavad logistikakulusid ning suurendavad linnade elamisk\u00f5lblikkust ohutumate t\u00e4navate ja paremate avalike ruumide kaudu.<\/p>\n\n\n\n<p>Euroopa e-k\u00e4rujalgrataste turg on j\u00e4rsult t\u00f5usuteel, kasvades alates <strong>2,01 miljardit USA dollarit 2024. aastal kuni prognoositava 37,24 miljardi USA dollarini 2034. aastaks.<\/strong>. See laienemine on tingitud edumeelsest poliitikast, tehnoloogilistest uuendustest ja avalikkuse suhtumise muutumisest s\u00e4\u00e4stvasse transpordis\u00fcsteemi.<\/p>\n\n\n\n<p>Poliitikakujundajate jaoks ei ole kaubaratta infrastruktuuri ja stiimulitesse investeerimine pelgalt keskkonnaalane \u017eest - see on strateegiline linnalise liikuvuse otsus, millel on pikaajalised sotsiaalsed ja majanduslikud dividendid. Ettev\u00f5tete jaoks on kaubaratta kasutuselev\u00f5tmine selge konkurentsieelis, mis aitab t\u00e4ita klientide ootusi kiire, usaldusv\u00e4\u00e4rse ja keskkonnas\u00f5braliku tarne osas.<\/p>\n\n\n\n<p>Kuna linnad v\u00f5itlevad j\u00e4tkuvalt ummikute, kliimamuutuste ja rahvatervise probleemidega, paistavad kaubarattad silma kui t\u00f5estatud ja laiendatav lahendus, mis suudab Euroopa linnaliiklust aastak\u00fcmneteks \u00fcmber kujundada.<\/p>\n\n\n\n<p><\/p>","protected":false},"excerpt":{"rendered":"<p>European cities are undergoing a profound transformation in how they approach urban transportation and logistics. Once regarded as a niche solution, cargo bikes\u2014particularly electric cargo bikes (e-cargo bikes)\u2014have rapidly evolved into a strategic pillar for sustainable, cost-effective, and people-centric mobility. They are not merely an alternative to traditional delivery vans or trucks; rather, they are [&hellip;]<\/p>\n","protected":false},"author":2,"featured_media":1630,"comment_status":"closed","ping_status":"closed","sticky":false,"template":"","format":"standard","meta":{"footnotes":""},"categories":[2],"tags":[],"class_list":["post-1763","post","type-post","status-publish","format-standard","has-post-thumbnail","hentry","category-knowledge"],"_links":{"self":[{"href":"https:\/\/regencargobikes.com\/et\/wp-json\/wp\/v2\/posts\/1763","targetHints":{"allow":["GET"]}}],"collection":[{"href":"https:\/\/regencargobikes.com\/et\/wp-json\/wp\/v2\/posts"}],"about":[{"href":"https:\/\/regencargobikes.com\/et\/wp-json\/wp\/v2\/types\/post"}],"author":[{"embeddable":true,"href":"https:\/\/regencargobikes.com\/et\/wp-json\/wp\/v2\/users\/2"}],"replies":[{"embeddable":true,"href":"https:\/\/regencargobikes.com\/et\/wp-json\/wp\/v2\/comments?post=1763"}],"version-history":[{"count":1,"href":"https:\/\/regencargobikes.com\/et\/wp-json\/wp\/v2\/posts\/1763\/revisions"}],"predecessor-version":[{"id":1765,"href":"https:\/\/regencargobikes.com\/et\/wp-json\/wp\/v2\/posts\/1763\/revisions\/1765"}],"wp:featuredmedia":[{"embeddable":true,"href":"https:\/\/regencargobikes.com\/et\/wp-json\/wp\/v2\/media\/1630"}],"wp:attachment":[{"href":"https:\/\/regencargobikes.com\/et\/wp-json\/wp\/v2\/media?parent=1763"}],"wp:term":[{"taxonomy":"category","embeddable":true,"href":"https:\/\/regencargobikes.com\/et\/wp-json\/wp\/v2\/categories?post=1763"},{"taxonomy":"post_tag","embeddable":true,"href":"https:\/\/regencargobikes.com\/et\/wp-json\/wp\/v2\/tags?post=1763"}],"curies":[{"name":"wp","href":"https:\/\/api.w.org\/{rel}","templated":true}]}}