{"id":1766,"date":"2025-07-29T04:04:42","date_gmt":"2025-07-28T20:04:42","guid":{"rendered":"https:\/\/regencargobikes.com\/?p=1766"},"modified":"2025-07-29T04:04:44","modified_gmt":"2025-07-28T20:04:44","slug":"e-cargo-bike-current-policy-landscape-and-enabling-activities-across-the-eu","status":"publish","type":"post","link":"https:\/\/regencargobikes.com\/et\/e-cargo-bike-current-policy-landscape-and-enabling-activities-across-the-eu\/","title":{"rendered":"E Cargo Bike Praegune poliitikamaastik ja seda v\u00f5imaldav tegevus kogu ELis"},"content":{"rendered":"<p>Kaubarattade kasutuselev\u00f5tt Euroopas ei toimu isoleeritult. Tugev ja h\u00e4sti koosk\u00f5lastatud poliitiline \u00f6kos\u00fcsteem on <strong>ELi, riigi ja linna tasandil<\/strong> juhib seda \u00fcleminekut, mida toetavad <strong>rahalised stiimulid, infrastruktuuri arendamine, katseprogrammid ning avaliku ja erasektori partnerlus<\/strong>. Koos loovad need algatused tingimused selleks, et kaubarattad muutuksid linnalise liikuvuse ja logistika peavoolulahenduseks.<\/p>\n\n\n\n<hr class=\"wp-block-separator has-alpha-channel-opacity\"\/>\n\n\n\n<h2 class=\"wp-block-heading\"><strong>2.1 Euroopa Liidu kaubarattapoliitika raamistikud ja direktiivid<\/strong><\/h2>\n\n\n\n<p>K\u00f5rgeimal tasandil on Euroopa Liit kehtestanud <strong>strateegiline mandaat<\/strong> kaubaratta kasutuselev\u00f5tuks mitmete raamistike ja direktiivide kaudu. Need poliitikameetmed on liikmesriikidele ja kohalikele omavalitsustele suuniste ja j\u00e4rjepidevuse tagamisel v\u00e4ga olulised.<\/p>\n\n\n\n<p><strong>\u00dclevaade peamistest kaubarattasubsiidiumide programmidest valitud ELi riikides\/linnades (2024-2025)<\/strong><\/p><div class=\"regen-test-placement-from-wizard-1604397851\" id=\"regen-637924285\"><script async src=\"https:\/\/pagead2.googlesyndication.com\/pagead\/js\/adsbygoogle.js?client=ca-pub-1076230867169041\"\n     crossorigin=\"anonymous\"><\/script><\/div><div class=\"regen-test-placement-from-wizard-2878267818\" id=\"regen-98037325\"><script async src=\"https:\/\/pagead2.googlesyndication.com\/pagead\/js\/adsbygoogle.js?client=ca-pub-1076230867169041\"\n     crossorigin=\"anonymous\"><\/script><\/div>\n\n\n\n<figure class=\"wp-block-table\"><table class=\"has-fixed-layout\"><tbody><tr><td>Asukoht<\/td><td>Programmi nimi<\/td><td>Sihtr\u00fchm<\/td><td>Jalgratta t\u00fc\u00fcp<\/td><td>Toetuse summa\/mehhanism<\/td><td>Peamised abik\u00f5lblikkuse kriteeriumid<\/td><\/tr><tr><td>Austria (Salzburg)<\/td><td>Jalgrattahaagiste ja kaubaratturite rahastamine<\/td><td>Eraisikud<\/td><td>Kaubarattad, E-kaubarattad, jalgrattahaagised, jalgrattahaagised<\/td><td>30% uus hind: kuni 250 eurot (haagis), 800 eurot (veos), 1000 eurot (e-cargo).<\/td><td>elas Salzburgis \u22651 aasta<\/td><\/tr><tr><td>Austria (Viin)<\/td><td>Toetus eraisikutele m\u00f5eldud kaubaveojalgratastele<\/td><td>Eraisikud, ettev\u00f5tted, mittetulundus\u00fchingud<\/td><td>Mitte-elektriline, elektriline<\/td><td>50% ostuhinnast: kuni 800 eurot (mitteelektriline), 1000 eurot (elektriline); ettev\u00f5tete puhul k\u00f5rgemad summad<\/td><td>Ostut\u00f5end, elukoht\/registreerimine Viinis<\/td><\/tr><tr><td>Austria (Stuttgart)<\/td><td>Elektrilise kaubaratta toetusprogramm<\/td><td>Pered, \u00fcksikvanemad<\/td><td>E-Cargo jalgrattad<\/td><td>Kuni 1100 eurot (600 eurot ette, 500 eurot p\u00e4rast 3 aastat).<\/td><td>Konkreetsed perekondlikud asjaolud<\/td><\/tr><tr><td>Austria (siseriiklik)<\/td><td>Klimaaktiv programm<\/td><td>Eraisikud, ettev\u00f5tted, omavalitsused, \u00fchendused<\/td><td>E-jalgrattad, kaubarattad, kokkupandavad jalgrattad<\/td><td>Kuni 900 eurot (eratranspordi jalgrattad); 30% kuludest (ettev\u00f5tted\/omavalitsused, min. 5 e-jalgratast).<\/td><td>Vastab konkreetsele kandev\u00f5imele\/m\u00f5\u00f5tmetele; taotlused on avatud kuni 28. veebruarini 2025.<\/td><\/tr><tr><td>Saksamaa (f\u00f6deraalne)<\/td><td>E-Cargo Bike toetusfond<\/td><td>Eraettev\u00f5tted, avalik-\u00f5iguslikud asutused<\/td><td>E-Cargo jalgrattad, E-Cargo haagised<\/td><td>25% ostukuludest, maksimaalselt 3500 eurot \u00fche jalgratta\/haagise kohta.<\/td><td>Kaubavedu erinevates sektorites<\/td><\/tr><tr><td>Itaalia (riiklik)<\/td><td>2021. aasta eelarveseaduse maksukrediit<\/td><td>Mikro- ja v\u00e4ikeettev\u00f5tted<\/td><td>Lihas, pedaalide abil<\/td><td>30% maksukrediit, kuni 2000 eurot aastas<\/td><td>Kaubaveoga tegelevad ettev\u00f5tted<\/td><\/tr><tr><td>Madalmaad (riiklikud)<\/td><td>MIA ja Vamil skeemid (2025)<\/td><td>Ettev\u00f5tted<\/td><td>Elektrilised kaubarattad (sealhulgas p\u00e4ikesep\u00f5hised)<\/td><td>MIA: kuni 45% mahaarvamine; Vamil: 75% paindlik amortisatsioon.<\/td><td>Minimaalne t\u00fchimass 75 kg; p\u00e4ikeseenergia: min 400 W integreeritud tippv\u00f5imsus<\/td><\/tr><\/tbody><\/table><\/figure>\n\n\n\n<hr class=\"wp-block-separator has-alpha-channel-opacity\"\/>\n\n\n\n<h3 class=\"wp-block-heading\"><strong>Euroopa roheline kokkulepe: kliimaneutraalse liikuvuse edendamine<\/strong><\/h3>\n\n\n\n<p>See <strong>Euroopa roheline kokkulepe<\/strong> seab ambitsioonika eesm\u00e4rgi muuta Euroopa esimeseks kliimaneutraalseks kontinendiks aastaks <strong>2050<\/strong>, mis n\u00f5uab <strong>90% transpordisektori CO\u2082-heidete v\u00e4hendamine<\/strong>. Selle visiooni saavutamisel m\u00e4ngivad kaubarattad keskset rolli, asendades linnapiirkondades k\u00f5rge heitega s\u00f5idukeid.<\/p>\n\n\n\n<blockquote class=\"wp-block-quote is-layout-flow wp-block-quote-is-layout-flow\">\n<p><\/p>\n<\/blockquote>\n\n\n\n<hr class=\"wp-block-separator has-alpha-channel-opacity\"\/>\n\n\n\n<h3 class=\"wp-block-heading\"><strong>S\u00e4\u00e4stva ja aruka liikuvuse strateegia<\/strong><\/h3>\n\n\n\n<p>Vastu v\u00f5etud aastal <strong>detsember 2020<\/strong>, see <strong>S\u00e4\u00e4stva ja aruka liikuvuse strateegia<\/strong> pakub tegevuskava ELi keskkonnas\u00f5braliku ja digitaalse transpordi \u00fcmberkujundamiseks. Selle poliitika m\u00f5jutab meetmeid j\u00e4rgmiste meetmete kaudu <strong>2024 ja edaspidi<\/strong>, keskendudes <strong>mitmeliigiline integratsioon, heitevabad s\u00f5idukid ja linnalogistika dekarboniseerimine<\/strong>, mis k\u00f5ik toetavad otseselt kaubaratta kasutuselev\u00f5tmist.<\/p>\n\n\n\n<hr class=\"wp-block-separator has-alpha-channel-opacity\"\/>\n\n\n\n<h3 class=\"wp-block-heading\"><strong>Euroopa deklaratsioon jalgrattas\u00f5idu kohta (2024)<\/strong><\/h3>\n\n\n\n<p>Veebilehel <strong>aprill 2024<\/strong>v\u00f5tsid Euroopa Komisjon, Euroopa Parlament ja n\u00f5ukogu \u00fchiselt vastu Euroopa Liidu toimimise lepingu. <strong>Euroopa deklaratsioon jalgrattas\u00f5idu kohta<\/strong>, mis on p\u00f6\u00f6rdeline poliitiline kohustus, mis ametlikult tunnustab jalgrattas\u00f5itu kui <strong>t\u00e4ie\u00f5iguslik transpordiliik<\/strong>.<\/p>\n\n\n\n<ul class=\"wp-block-list\">\n<li>Sisaldab <strong>kaheksa p\u00f5hiprintsiipi<\/strong> ja <strong>36 kohustust<\/strong> mille eesm\u00e4rk on integreerida jalgrattas\u00f5it transpordi- ja infrastruktuuripoliitikasse.<\/li>\n\n\n\n<li>Annab tugeva poliitilise signaali ja raamistiku <strong>riiklik ja kohalik jalgrattapoliitika<\/strong>.<\/li>\n<\/ul>\n\n\n\n<hr class=\"wp-block-separator has-alpha-channel-opacity\"\/>\n\n\n\n<h3 class=\"wp-block-heading\"><strong>Linnalise liikumiskeskkonna eksperdir\u00fchm (EGUM) ja SULPid<\/strong><\/h3>\n\n\n\n<p>See <strong>Linnalise liikumiskeskkonna eksperdir\u00fchm (EGUM)<\/strong> on aidanud kaasa k\u00f5rgetasemelise poliitika muutmisele tegevusstrateegiateks.<\/p>\n\n\n\n<ul class=\"wp-block-list\">\n<li>Selle <strong>T\u00f6\u00f6programm 2023-2024<\/strong> sisaldas soovitusi <strong>J\u00e4tkusuutlikud linnalogistikakavad (SULP)<\/strong>, ametlikult vastu v\u00f5etud aastal <strong>detsember 2024<\/strong>.<\/li>\n\n\n\n<li>Uuendatud suunised sisaldavad n\u00fc\u00fcd uusi elemente, nagu:\n<ul class=\"wp-block-list\">\n<li>Kinnisvaraturu d\u00fcnaamika<\/li>\n\n\n\n<li>Energiavarustus e-mobiilsuse jaoks<\/li>\n\n\n\n<li>Ringmajanduse p\u00f5him\u00f5tted<\/li>\n\n\n\n<li>T\u00e4iustatud digitaliseerimisvahendid (nt, <strong>Digitaalsed kaksikud ja tehisintellekt<\/strong>)<\/li>\n<\/ul>\n<\/li>\n<\/ul>\n\n\n\n<p>Need SULPid pakuvad linnadele raamistikku, et optimeerida linna kaubaveos\u00fcsteeme, v\u00e4hendades samal ajal heitkoguseid ja ummikuid.<\/p>\n\n\n\n<hr class=\"wp-block-separator has-alpha-channel-opacity\"\/>\n\n\n\n<h3 class=\"wp-block-heading\"><strong>ELi rahastatud projektid ja algatused<\/strong><\/h3>\n\n\n\n<p><strong>ELi rahastamisprogrammid<\/strong> m\u00e4ngivad olulist rolli katseprojektide, teadmiste edasiandmise ja teadlikkuse t\u00f5stmise kampaaniate toetamisel:<\/p>\n\n\n\n<ul class=\"wp-block-list\">\n<li><strong>City Changer Cargo Bike (CCCB)<\/strong>:\n<ul class=\"wp-block-list\">\n<li>Sisaldab <strong>20+ Euroopa partnerit<\/strong>, edendades kaubaratta kasutamist koolituse, proovikavade ja uuenduslike rahastamismudelite kaudu.<\/li>\n\n\n\n<li>Keskendub avalike, era- ja \u00e4rikasutajate jaoks vastuv\u00f5tut\u00f5kete v\u00e4hendamisele.<\/li>\n<\/ul>\n<\/li>\n\n\n\n<li><strong>CIVITAS algatus<\/strong>:\n<ul class=\"wp-block-list\">\n<li>R\u00f5hutab kaubarattaid kui lahendust sellistele linnaprobleemidele nagu ummikud, halb \u00f5hukvaliteet ja m\u00fcra.<\/li>\n\n\n\n<li>Pakub uuringuid, parimaid tavasid ja toetust linnadele, kes katsetavad kaubarattakavasid.<\/li>\n<\/ul>\n<\/li>\n<\/ul>\n\n\n\n<p>Need ELi tasandi projektid suurendavad riiklike ja kohalike algatuste ulatust, tagades j\u00e4rjepidevuse ja kiirema vastuv\u00f5tmise.<\/p>\n\n\n\n<hr class=\"wp-block-separator has-alpha-channel-opacity\"\/>\n\n\n\n<h3 class=\"wp-block-heading\"><strong>Kokkuv\u00f5te: sidus \u00fclalt-alla p\u00fchendumine<\/strong><\/h3>\n\n\n\n<p>ELi jalgrattadeklaratsiooni (2024), EGUMi SULPi soovituste ja \u00fcldise rohelise kokkuleppe vastuv\u00f5tmine n\u00e4itab, et on olemas <strong>\u00fchtsed, \u00fclevalt alla suunatud strateegilised j\u00f5upingutused<\/strong> tavap\u00e4raste kaubaratturite juurde. Need raamistikud annavad selge mandaadi <strong>riiklikud ja kohalikud omavalitsused<\/strong> tegutsema, edendades liikmesriikide \u00fchtlustamist ja kiirendades kasutuselev\u00f5ttu.<\/p>\n\n\n\n<hr class=\"wp-block-separator has-alpha-channel-opacity\"\/>\n\n\n\n<h2 class=\"wp-block-heading\"><strong>2.2 Riiklikud ja linnade tasandi poliitikad ja parimad tavad<\/strong><\/h2>\n\n\n\n<p>Kuigi ELi tasandi raamistikud m\u00e4\u00e4ravad strateegilise suuna, <strong>riikide valitsused ja \u00fcksikud linnad<\/strong> edendavad vastuv\u00f5tmist konkreetsete meetmete abil. Need ulatuvad j\u00e4rgmistest meetmetest <strong>rahalised stiimulid ja toetused<\/strong> kuni <strong>infrastruktuuriinvesteeringud, mikrokeskused ja laevastiku integratsiooniprogrammid<\/strong>.<\/p>\n\n\n\n<hr class=\"wp-block-separator has-alpha-channel-opacity\"\/>\n\n\n\n<h3 class=\"wp-block-heading\"><strong>Rahalised stiimulid ja toetused<\/strong><\/h3>\n\n\n\n<p>K\u00f5rged algkulud on endiselt takistuseks kaubaratta kasutuselev\u00f5tule, eriti ettev\u00f5tete ja perede jaoks. Paljud Euroopa valitsused on v\u00e4lja t\u00f6\u00f6tanud <strong>keerukad toetusprogrammid<\/strong> teha kaubarattad taskukohasemaks:<\/p>\n\n\n\n<h4 class=\"wp-block-heading\"><strong>Saksamaa<\/strong><\/h4>\n\n\n\n<ul class=\"wp-block-list\">\n<li>F\u00f6deraalsed toetused katavad <strong>kuni 25%<\/strong> e-cargo jalgratta ostukuludest.<\/li>\n<\/ul>\n\n\n\n<h4 class=\"wp-block-heading\"><strong>Austria<\/strong><\/h4>\n\n\n\n<ul class=\"wp-block-list\">\n<li><strong>Salzburg<\/strong>: 30% toetus (kuni 250 eurot haagiste puhul, 800 eurot kaubarattade puhul, 1000 eurot e-kaubarattade puhul).<\/li>\n\n\n\n<li><strong>Viin<\/strong>: 50% toetus (kuni 1000 eurot e-veojalgratastele), suuremad toetused ettev\u00f5tetele ja mittetulundus\u00fchingutele.<\/li>\n\n\n\n<li><strong>Stuttgart<\/strong>: Kuni <strong>\u20ac1,100<\/strong> peredele \/ \u00fcksikvanematele, astmeliste maksetega (600 eurot ette, 500 eurot kolme aasta p\u00e4rast).<\/li>\n\n\n\n<li>Riiklik <strong>Klimaaktiv programm<\/strong>:\n<ul class=\"wp-block-list\">\n<li>Kuni <strong>\u20ac900<\/strong> eraotstarbeliste kaubaratturite jaoks<\/li>\n\n\n\n<li>30% kulud ettev\u00f5tetele ja omavalitsustele (min. 5 e-jalgratast)<\/li>\n<\/ul>\n<\/li>\n\n\n\n<li><strong>Graz<\/strong>: Alates 2011. aastast toetuste pioneer, pakkudes <strong>\u20ac1,000<\/strong> kaubanduslikele v\u00f5i \u00fchiselt kasutatavatele kaubarattadele.<\/li>\n<\/ul>\n\n\n\n<h4 class=\"wp-block-heading\"><strong>Itaalia<\/strong><\/h4>\n\n\n\n<ul class=\"wp-block-list\">\n<li>Pakub <strong>30% maksukrediit (kuni 2000 eurot aastas)<\/strong> mikro- ja v\u00e4ikeettev\u00f5tetele, kes ostavad kaubarattaid, vastavalt 2021. aasta eelarveseadusele.<\/li>\n<\/ul>\n\n\n\n<h4 class=\"wp-block-heading\"><strong>Madalmaad<\/strong><\/h4>\n\n\n\n<ul class=\"wp-block-list\">\n<li>Laiendatud <strong>Keskkonnainvesteeringute mahaarvamine (MIA)<\/strong> ja <strong>Vamil<\/strong> amortisatsiooniskeemid kuni aastani 2025:\n<ul class=\"wp-block-list\">\n<li>MIA: kuni <strong>45% maksude mahaarvamine<\/strong><\/li>\n\n\n\n<li>Vamil: <strong>75% paindlik amortisatsioon<\/strong><\/li>\n\n\n\n<li>Abik\u00f5lblikkus h\u00f5lmab n\u00fc\u00fcd ka p\u00e4ikesep\u00f5hiseid kaubarattaid ja minimaalset t\u00fchimassi (75 kg).<\/li>\n<\/ul>\n<\/li>\n\n\n\n<li>Hollandi <strong>ettev\u00f5tte jalgrattakava<\/strong> v\u00f5imaldab t\u00f6\u00f6tajatel kasutada jalgratta ostmisel maksusoodustusi.<\/li>\n<\/ul>\n\n\n\n<blockquote class=\"wp-block-quote is-layout-flow wp-block-quote-is-layout-flow\">\n<p><strong>Pildi soovitus:<\/strong> H\u00e4sti koostatud tabel (nagu esialgne tabel 1), mis v\u00f5tab kokku peamised kaubarattatoetusprogrammid riikide\/linnade (Austria, Saksamaa, Itaalia, Madalmaad) kaupa, sealhulgas summad, sihtr\u00fchmad ja abik\u00f5lblikkus.<\/p>\n<\/blockquote>\n\n\n\n<hr class=\"wp-block-separator has-alpha-channel-opacity\"\/>\n\n\n\n<h3 class=\"wp-block-heading\"><strong>Infrastruktuuri arendamine<\/strong><\/h3>\n\n\n\n<p>Vastuv\u00f5tmine s\u00f5ltub <strong>infrastruktuur, mis mahutab kaubarattaid suuruse ja kaaluga.<\/strong>:<\/p>\n\n\n\n<ul class=\"wp-block-list\">\n<li><strong>Kopenhaagen:<\/strong>\n<ul class=\"wp-block-list\">\n<li>Uuendatud <em>Jalgrattas\u00f5bralik infrastruktuur 2024<\/em> standardid:\n<ul class=\"wp-block-list\">\n<li>Laiemad jalgrattateed<\/li>\n\n\n\n<li>Paremad ristmikud<\/li>\n\n\n\n<li>Raskemate kaubaratturite jaoks optimeeritud kallakud<\/li>\n<\/ul>\n<\/li>\n\n\n\n<li>Tulemused: <strong>49% k\u00f5ikidest s\u00f5itudest t\u00f6\u00f6le v\u00f5i kooli<\/strong> n\u00fc\u00fcd tehtud jalgrattaga.<\/li>\n<\/ul>\n<\/li>\n\n\n\n<li><strong>Berliin:<\/strong>\n<ul class=\"wp-block-list\">\n<li>Kehtestatud <strong>pop-up jalgrattateed<\/strong> ja rakendab oma <em>Berliini liikuvuse seadus<\/em>, plaan saada \"jalgrattaga linnaks\".<\/li>\n<\/ul>\n<\/li>\n\n\n\n<li><strong>Amsterdam:<\/strong>\n<ul class=\"wp-block-list\">\n<li>Eemaldamine <strong>10 000 parkimiskohta<\/strong> kesklinnas.<\/li>\n\n\n\n<li>J\u00f5ustamine <strong>Nullemissiooniv\u00f6\u00f6ndid (ZEZ)<\/strong> 14 Hollandi linnas, mille on koostanud <strong>jaanuar 2025<\/strong>, saastavate kaubikute ja veoautode keelustamine.<\/li>\n<\/ul>\n<\/li>\n\n\n\n<li><strong>Oslo ja Helsingi:<\/strong>\n<ul class=\"wp-block-list\">\n<li>Investeeringud spetsiaalsetesse kaubarattaradadele m\u00f5eldud rattateedesse, turvalisse parkimisse ja laadimisjaamadesse.<\/li>\n<\/ul>\n<\/li>\n\n\n\n<li><strong>London:<\/strong>\n<ul class=\"wp-block-list\">\n<li>Neljakordistas oma strateegilise jalgrattav\u00f5rgustiku <strong>360 km<\/strong> aastal 2024.<\/li>\n\n\n\n<li>Eesm\u00e4rk: <strong>40% elanike kohta<\/strong> 400 meetri raadiuses jalgrattateest aastaks 2030.<\/li>\n<\/ul>\n<\/li>\n<\/ul>\n\n\n\n<blockquote class=\"wp-block-quote is-layout-flow wp-block-quote-is-layout-flow\">\n<p><strong>Pildi soovitus:<\/strong> Pildid k\u00f5rvuti: Kopenhaageni laiad jalgrattateed vs. Amsterdami heitevabad linnatransporditsoonid.<\/p>\n<\/blockquote>\n\n\n\n<hr class=\"wp-block-separator has-alpha-channel-opacity\"\/>\n\n\n\n<h3 class=\"wp-block-heading\"><strong>Linnade koondumiskeskused (mikrokeskused)<\/strong><\/h3>\n\n\n\n<p>Mikrokeskused on v\u00e4ikesed, strateegiliselt paigutatud depood, kus kaubad koondatakse enne kaubarattaga l\u00f5pptoimetust.<\/p>\n\n\n\n<ul class=\"wp-block-list\">\n<li><strong>Praha:<\/strong>\n<ul class=\"wp-block-list\">\n<li>Avatud kaks kaubarattadepotit (2020, 2021), millest kumbki k\u00e4itleb <strong>7000 tellimust\/kuu<\/strong>.<\/li>\n\n\n\n<li>Teenindab kuni <strong>8 ettev\u00f5tet<\/strong> ja teda tunnustas <strong>Eurocities Awards 2021<\/strong>.<\/li>\n<\/ul>\n<\/li>\n\n\n\n<li><strong>Berliin:<\/strong>\n<ul class=\"wp-block-list\">\n<li>Amazon avas Alexanderplatzi l\u00e4hedal mikromobiilsuskeskuse <strong>juuli 2024<\/strong>, mille eesm\u00e4rk on <strong>1,5 miljonit pakiautomaati aastas<\/strong> kaubarattaga.<\/li>\n\n\n\n<li>Amazon tegutseb n\u00fc\u00fcd <strong>50+ s\u00f5lmpunktid<\/strong> aadressil <strong>40+ Euroopa linna<\/strong>.<\/li>\n<\/ul>\n<\/li>\n\n\n\n<li><strong>Frankfurt:<\/strong>\n<ul class=\"wp-block-list\">\n<li>K\u00e4ivitati <strong>LastMileTram<\/strong> projekt: pakid toimetatakse kesklinna trammiga, seej\u00e4rel jagatakse neid e-kulleriga.<\/li>\n<\/ul>\n<\/li>\n\n\n\n<li><strong>REWE Group (Saksamaa):<\/strong>\n<ul class=\"wp-block-list\">\n<li>Kasutab kaubarattakeskusi, mida haldavad spetsialiseerunud logistikapartnerid, linnades toimuvateks toidukaupade tarneteks.<\/li>\n<\/ul>\n<\/li>\n<\/ul>\n\n\n\n<blockquote class=\"wp-block-quote is-layout-flow wp-block-quote-is-layout-flow\">\n<p><strong>Pildi soovitus:<\/strong> Diagramm, mis n\u00e4itab, kuidas kaubad liiguvad kaubikutest mikrokeskustesse ja kaubarattadesse viimase miili tarne jaoks.<\/p>\n<\/blockquote>\n\n\n\n<hr class=\"wp-block-separator has-alpha-channel-opacity\"\/>\n\n\n\n<h3 class=\"wp-block-heading\"><strong>Avaliku ja erasektori partnerlus ja katseprogrammid<\/strong><\/h3>\n\n\n\n<p>Riigiasutuste ja erasektori osalejate koost\u00f6\u00f6 kiirendab kasutuselev\u00f5ttu:<\/p>\n\n\n\n<ul class=\"wp-block-list\">\n<li><strong>City Changer Cargo Bike (CCCB):<\/strong> kogu ELi h\u00f5lmav partnerlus, mis jagab parimaid tavasid ja toetab pilootprojekte.<\/li>\n\n\n\n<li><strong>Praha:<\/strong> Logistikaettev\u00f5tete ja linnaettev\u00f5tete tihedas koost\u00f6\u00f6s loodud kaubarattahoidlad.<\/li>\n\n\n\n<li><strong>Br\u00fcsseli cAIRgo jalgrattaprojekt (2020-2023):<\/strong>\n<ul class=\"wp-block-list\">\n<li>Toetatud <strong>500+ organisatsiooni<\/strong> kaubarattale \u00fcleminekul.<\/li>\n\n\n\n<li>Pakutud koolitus, teave ja katseprogrammid.<\/li>\n<\/ul>\n<\/li>\n\n\n\n<li><strong>Londoni TfLi kaubaratta tegevuskava (2023):<\/strong>\n<ul class=\"wp-block-list\">\n<li>Toetab \u00fchendvedude piloteid (kaubarattad + laevad\/rongid).<\/li>\n\n\n\n<li>Edendab kaubarattaid v\u00e4hese liiklusega linnaosades.<\/li>\n<\/ul>\n<\/li>\n<\/ul>\n\n\n\n<hr class=\"wp-block-separator has-alpha-channel-opacity\"\/>\n\n\n\n<h3 class=\"wp-block-heading\"><strong>Omavalitsuste laevastiku integreerimine<\/strong><\/h3>\n\n\n\n<p>Paljud linnad on <strong>eeskujuks olemine<\/strong> asendades oma munitsipaalteeninduss\u00f5idukid e-veojalgratastega:<\/p>\n\n\n\n<ul class=\"wp-block-list\">\n<li>Kasutatakse linna\u00fcrituste logistika, haljasalade haldamise ja seadmete transpordi jaoks.<\/li>\n\n\n\n<li>Br\u00fcsselis katsetatakse programme, mille eesm\u00e4rk on asendada munitsipaalvagunid t\u00e4ielikult kaubarattaga.<\/li>\n<\/ul>\n\n\n\n<p>Hankepoliitikas eelistatakse \u00fcha enam m\u00fc\u00fcjaid, kes suudavad <strong>tarnida kaubarattaga<\/strong>, mis ergutab ettev\u00f5tteid \u00fcleminekut tegema.<\/p>\n\n\n\n<hr class=\"wp-block-separator has-alpha-channel-opacity\"\/>\n\n\n\n<h3 class=\"wp-block-heading\"><strong>Kaubaratta jagamine ja proovis\u00fcsteemid<\/strong><\/h3>\n\n\n\n<p>Kaubaratta jagamise s\u00fcsteemid v\u00f5imaldavad kasutajatel proovida kaubarattaid ilma ostukohustusteta:<\/p>\n\n\n\n<ul class=\"wp-block-list\">\n<li>Saksamaa ja Austria: <strong>70+ kogukonna juhitud algatust<\/strong> alates 2013. aastast, sealhulgas <strong>fLotte Berlin<\/strong> (120 kaubarattaid).<\/li>\n\n\n\n<li>Uuring: <strong>35% jagavate kasutajate arv<\/strong> kavatsevad osta oma kaubaratta.<\/li>\n\n\n\n<li>Sellised linnad nagu Grenoble, Strasbourg, Hamburg ja Stuttgart integreerivad kaubarattaid <strong>jalgrattajagamispargid<\/strong>.<\/li>\n\n\n\n<li>Br\u00fcsseli projekt cAIRgo leidis, et <strong>treening + proovis\u00f5idud<\/strong> (\"Testimine on vastuv\u00f5tmine\") olid vastuv\u00f5tmist\u00f5kete \u00fcletamisel otsustava t\u00e4htsusega.<\/li>\n<\/ul>\n\n\n\n<blockquote class=\"wp-block-quote is-layout-flow wp-block-quote-is-layout-flow\">\n<p><strong>Pildi soovitus:<\/strong> Fotokollaa\u017e Berliinis ja Br\u00fcsselis asuvatest kaubaratta jagamise s\u00fcsteemidest koos neid kasutavate kogukonnaliikmetega.<\/p>\n<\/blockquote>\n\n\n\n<hr class=\"wp-block-separator has-alpha-channel-opacity\"\/>\n\n\n\n<h3 class=\"wp-block-heading\"><strong>Terviklik l\u00e4henemine: K\u00f5vad ja pehmed meetmed<\/strong><\/h3>\n\n\n\n<p>Edukas vastuv\u00f5tmine eeldab <strong>integreeritud strateegiad<\/strong>:<\/p>\n\n\n\n<ol start=\"1\" class=\"wp-block-list\">\n<li><strong>Rasked meetmed:<\/strong> Infrastruktuur, toetused, mikrokeskused<\/li>\n\n\n\n<li><strong>Pehmed meetmed:<\/strong> Teadlikkuse t\u00f5stmise kampaaniad, koolitus, katsekavad<\/li>\n<\/ol>\n\n\n\n<p>Kopenhaageni aastak\u00fcmneid kestnud investeeringud jalgrattakultuuri n\u00e4itavad, et oluline on \u00fchendada f\u00fc\u00fcsiline infrastruktuur kultuuriliste ja k\u00e4itumisalgatustega.<\/p>\n\n\n\n<blockquote class=\"wp-block-quote is-layout-flow wp-block-quote-is-layout-flow\">\n<p><strong>Pildi ettepanek (sektsiooni sulgemine):<\/strong> Jagatud pilt, millel on kujutatud kaubarattarajad (k\u00f5vad meetmed) ja kogukonna kaubarattakoolituste seminarid (pehmed meetmed).<\/p>\n<\/blockquote>\n\n\n\n<hr class=\"wp-block-separator has-alpha-channel-opacity\"\/>\n\n\n\n<h2 class=\"wp-block-heading\"><strong>Kokkuv\u00f5te: \u00dcmberkujundamise poliitilise \u00f6kos\u00fcsteemi loomine<\/strong><\/h2>\n\n\n\n<p>ELi k\u00f5rgetasemelised poliitikaraamistikud koos sihip\u00e4rase <strong>riiklikud ja linna tasandi algatused<\/strong>, panevad aluse kaubaratta revolutsioonile.<\/p>\n\n\n\n<ul class=\"wp-block-list\">\n<li><strong>Rahaline toetus<\/strong> muudab kasutuselev\u00f5tu teostatavaks.<\/li>\n\n\n\n<li><strong>Infrastruktuuri parandamine<\/strong> muuta kasutamine praktiliseks ja ohutuks.<\/li>\n\n\n\n<li><strong>Mikro-keskused, \u00fchiskasutusskeemid ja avaliku ja erasektori partnerlus<\/strong> tagatakse skaleeritav ja pikaajaline edu.<\/li>\n<\/ul>\n\n\n\n<p>See <strong>mitmekihiline poliitiline \u00f6kos\u00fcsteem<\/strong> on h\u00e4davajalik, et edendada p\u00fcsivat \u00fcleminekut kaubikutelt ja veoautodelt, aidates Euroopal t\u00e4ita oma eesm\u00e4rke. <strong>kliima, ummikud ja rahvatervise eesm\u00e4rgid<\/strong>.<\/p>","protected":false},"excerpt":{"rendered":"<p>The adoption of cargo bikes in Europe is not happening in isolation. A robust and well-coordinated policy ecosystem at the EU, national, and city levels is driving this transition, supported by financial incentives, infrastructure development, pilot programs, and public-private partnerships. Together, these initiatives create the conditions for cargo bikes to become a mainstream solution for [&hellip;]<\/p>\n","protected":false},"author":2,"featured_media":547,"comment_status":"closed","ping_status":"closed","sticky":false,"template":"","format":"standard","meta":{"footnotes":""},"categories":[2],"tags":[],"class_list":["post-1766","post","type-post","status-publish","format-standard","has-post-thumbnail","hentry","category-knowledge"],"_links":{"self":[{"href":"https:\/\/regencargobikes.com\/et\/wp-json\/wp\/v2\/posts\/1766","targetHints":{"allow":["GET"]}}],"collection":[{"href":"https:\/\/regencargobikes.com\/et\/wp-json\/wp\/v2\/posts"}],"about":[{"href":"https:\/\/regencargobikes.com\/et\/wp-json\/wp\/v2\/types\/post"}],"author":[{"embeddable":true,"href":"https:\/\/regencargobikes.com\/et\/wp-json\/wp\/v2\/users\/2"}],"replies":[{"embeddable":true,"href":"https:\/\/regencargobikes.com\/et\/wp-json\/wp\/v2\/comments?post=1766"}],"version-history":[{"count":1,"href":"https:\/\/regencargobikes.com\/et\/wp-json\/wp\/v2\/posts\/1766\/revisions"}],"predecessor-version":[{"id":1767,"href":"https:\/\/regencargobikes.com\/et\/wp-json\/wp\/v2\/posts\/1766\/revisions\/1767"}],"wp:featuredmedia":[{"embeddable":true,"href":"https:\/\/regencargobikes.com\/et\/wp-json\/wp\/v2\/media\/547"}],"wp:attachment":[{"href":"https:\/\/regencargobikes.com\/et\/wp-json\/wp\/v2\/media?parent=1766"}],"wp:term":[{"taxonomy":"category","embeddable":true,"href":"https:\/\/regencargobikes.com\/et\/wp-json\/wp\/v2\/categories?post=1766"},{"taxonomy":"post_tag","embeddable":true,"href":"https:\/\/regencargobikes.com\/et\/wp-json\/wp\/v2\/tags?post=1766"}],"curies":[{"name":"wp","href":"https:\/\/api.w.org\/{rel}","templated":true}]}}