{"id":1950,"date":"2026-06-05T05:34:42","date_gmt":"2026-06-04T21:34:42","guid":{"rendered":"https:\/\/regencargobikes.com\/specialized-turbo-levo-price-cut-2026\/"},"modified":"2026-06-05T05:34:42","modified_gmt":"2026-06-04T21:34:42","slug":"specialized-turbo-levo-price-cut-2026","status":"publish","type":"post","link":"https:\/\/regencargobikes.com\/et\/specialized-turbo-levo-price-cut-2026\/","title":{"rendered":"Specialized alandab j\u00e4\u00e4davalt Turbo Levo E-MTB hindu P\u00f5hja-Ameerikas"},"content":{"rendered":"<p>Specialized on teinud olulise hinnamuutuse P\u00f5hja-Ameerika elektriliste maastikurataste turul. 2026. aasta mai alguses teatas ettev\u00f5te USA ja Kanada edasim\u00fc\u00fcjatele, et alandab p\u00fcsivalt jaem\u00fc\u00fcgihindu suures osas Turbo Levo valikust.<\/p>\n<figure class=\"wp-block-image size-full\"><img decoding=\"async\" src=\"https:\/\/regencargobikes.com\/wp-content\/uploads\/2026\/06\/specialized-levo-brain.jpg\" alt=\"Specialized Turbo Levo elektrilise maastikuratta tootepilt, mida kasutatakse Bicycle Retaileri kajastuses\"\/><figcaption>Pildi allikas: Bicycle Retailer and Industry News, kasutades Specializedi tootepilte.<\/figcaption><\/figure>\n<p>Pealkirjas olev number on suur: m\u00f5ned mudelid on n\u00fc\u00fcd kuni 27 protsenti odavamad kui varem. Ratturitele, kes on tipptasemel eMTB-sid eemalt j\u00e4lginud, pole see hooajaline m\u00fc\u00fck. See on uus hinnastruktuur.<\/p>\n<p>Praktiline t\u00e4hendus on lihtne. Premium elektrilised maasturid liiguvad hinnatundlikumasse faasi ja isegi v\u00e4ljakujunenud kaubam\u00e4rgid kohanduvad turuga, kus ostjatel on rohkem alternatiive ja tugevamad ootused v\u00e4\u00e4rtuse suhtes.<\/p><div id=\"regen-904880882\" class=\"regen-test-placement-from-wizard-2878267818 regen-entity-placement\"><script async src=\"https:\/\/pagead2.googlesyndication.com\/pagead\/js\/adsbygoogle.js?client=ca-pub-1076230867169041\"\n     crossorigin=\"anonymous\"><\/script><\/div><div id=\"regen-3980847416\" class=\"regen-test-placement-from-wizard-1604397851 regen-entity-placement\"><script async src=\"https:\/\/pagead2.googlesyndication.com\/pagead\/js\/adsbygoogle.js?client=ca-pub-1076230867169041\"\n     crossorigin=\"anonymous\"><\/script><\/div>\n<h2>Mis Muutus<\/h2>\n<p>Bicycle Retailer and Industry Newsi andmetel alandas Specialized Turbo Levo mudelite soovitatud jaem\u00fc\u00fcgihindu P\u00f5hja-Ameerikas 6\u201327 protsenti, samuti v\u00e4hendati hulgihindu.<\/p>\n<p>Suurim v\u00e4hendamine kehtib v\u00e4idetavalt Levo R S-Works mudelile. Selle soovitatud jaem\u00fc\u00fcgihind langes 15 650 USA dollarilt 11 500 USA dollarile, mis on 4150 USA dollari v\u00f5rra v\u00e4hem.<\/p>\n<p>Mitte iga mudel ei muutunud. Aruannete kohaselt ei kuulunud Levo 4 LTD ja Levo 4 Comp Carbon samasse hinnakorrektsiooni.<\/p>\n<p>Muudatus kehtib USA-s ja Kanadas. Euroopa hindu see P\u00f5hja-Ameerika uuendus ei m\u00f5jutanud.<\/p>\n<h2>Miks Specialized Hindu Alandab<\/h2>\n<p>Specialized raamistas otsuse struktuurse hinnakohandusena, mitte l\u00fchiajalise kampaaniakampaania.<\/p>\n<p>Ettev\u00f5te viitas tarneahela ja tootmiskulude paranemisele Levo platvormil, tunnistades samas, et turg on muutunud konkurentsitihedamaks.<\/p>\n<p>See teine punkt on oluline. Premium eMTB kategooria on olnud surve all uutelt kaubam\u00e4rkidelt, mis pakuvad tugevaid tehnilisi andmeid madalamate hindadega. Ostjad v\u00f5rdlevad n\u00fc\u00fcd vedrustust, mootori v\u00f5imsust, aku mahtu, tarkvara ja hooldustuge agressiivsemalt kui paar aastat tagasi.<\/p>\n<p>P\u00e4randkaubam\u00e4rgi jaoks v\u00f5ib hinnak\u00e4rbe t\u00e4ita korraga kahte eesm\u00e4rki:<\/p>\n<ul>\n<li>alandada sisenemisbarj\u00e4\u00e4ri ratturitele, kes kaaluvad tipptasemel eMTB-d<\/li>\n<li>hoida edasim\u00fc\u00fcjate laoseisu liikumas ilma, et toode tunduks ajutine v\u00e4ljam\u00fc\u00fck<\/li>\n<li>kaitsta turupositsiooni agressiivsete uute konkurentide eest<\/li>\n<li>l\u00e4htestada ostjate ootused enne j\u00e4rgmist tootets\u00fcklit<\/li>\n<\/ul>\n<h2>Olemasolevad Ostjad ja Edasim\u00fc\u00fcjad Saavad Tuge<\/h2>\n<p>Specialized l\u00f5i ka tugiprogrammid ostjatele ja edasim\u00fc\u00fcjatele, keda muudatuse ajastus m\u00f5jutas.<\/p>\n<p>Edasim\u00fc\u00fcjad, kes ostsid m\u00f5jutatud laoseisu 1. veebruarist 7. maini 2026, saavad osaleda laokrediidi programmis. Tarbijad, kes ostsid Turbo Levo 1. jaanuarist 7. maini 2026, v\u00f5ivad samuti olla abik\u00f5lblikud krediidiks uute Specializedi toodete ostmisel.<\/p>\n<p>See on oluline, sest p\u00fcsivad hinnak\u00e4rped v\u00f5ivad varaseid ostjaid pettumust valmistada ja j\u00e4tta edasim\u00fc\u00fcjad vana hinnaga ostetud laoseisuga. Kompensatsiooniprogrammid on viis selle h\u00f5\u00f5rdumise v\u00e4hendamiseks.<\/p>\n<h2>Mida See T\u00e4hendab E-MTB Turu Jaoks<\/h2>\n<p>Turbo Levo on pikka aega olnud \u00fcks tuntumaid premium eMTB platvorme. Kui sellise taseme kaubam\u00e4rk hindu p\u00fcsivalt alandab, saadab see turule laiema signaali.<\/p>\n<p>T\u00f5en\u00e4oline s\u00f5num on, et premium eMTB-d ei saa enam loota ainult kaubam\u00e4rgi tugevusele ja k\u00f5rgetele tehnilistele andmetele. Ostjad tahavad t\u00e4ispaketti: j\u00f5udlus, t\u00f6\u00f6kindlus, edasim\u00fc\u00fcja tugi ja hind, mis tundub uute konkurentide ees kaitsetav.<\/p>\n<p>Ratturite jaoks on tulemus l\u00fchiajaliselt positiivne. Madalam hind muudab tipptasemel maastikus\u00f5idu j\u00f5udluse k\u00e4ttesaadavamaks. Edasim\u00fc\u00fcjatele v\u00f5ib muudatus aidata konverteerida ostjaid, kes varem Levo meeldis, kuid ei saanud vana hinda \u00f5igustada.<\/p>\n<p>T\u00f6\u00f6stusele on see veel \u00fcks m\u00e4rk, et elektriratta buum muutub distsiplineeritumaks. Kaubam\u00e4rke survestatakse \u00fchendama tooteambitsioonid realistlike hindade, parema laokontrolli ja selgema v\u00e4\u00e4rtusega.<\/p>\n<h2>Allikad<\/h2>\n<ul>\n<li>Jalgrattajaem\u00fc\u00fcja ja t\u00f6\u00f6stuse uudised: <a href=\"https:\/\/www.bicycleretailer.com\/industry-news\/2026\/05\/07\/specialized-unveils-drastic-price-reduction-plan-retailers-turbo-levo\" target=\"_blank\" rel=\"noopener\">Specialized avalikustab edasim\u00fc\u00fcjatele drastilise hinnak\u00e4rbete plaani Turbo Levo jaoks<\/a><\/li>\n<li>Singletracks: <a href=\"https:\/\/www.singletracks.com\/mtb-gear\/specialized-drops-us-prices-on-turbo-levo-emtbs-in-permanent-shift\/\" target=\"_blank\" rel=\"noopener\">Specialized alandab USA hindu Turbo Levo eMTB-del p\u00fcsiva muutusena<\/a><\/li>\n<\/ul>","protected":false},"excerpt":{"rendered":"<p>Specialized on j\u00e4\u00e4davalt alandanud P\u00f5hja-Ameerika hindu suures osas oma Turbo Levo elektrilise maasturiratta valikust, kusjuures m\u00f5ned mudelid on odavnenud kuni 27 protsenti. See samm peegeldab madalamaid platvormikulusid, kasvavat hinnasurvet eMTB-kategoorias ja konkurentsitihedamat turgu premium elektriliste maasturirataste jaoks.<\/p>","protected":false},"author":2,"featured_media":1948,"comment_status":"","ping_status":"","sticky":false,"template":"","format":"standard","meta":{"footnotes":""},"categories":[33],"tags":[],"class_list":["post-1950","post","type-post","status-publish","format-standard","has-post-thumbnail","hentry","category-ebike-news"],"_links":{"self":[{"href":"https:\/\/regencargobikes.com\/et\/wp-json\/wp\/v2\/posts\/1950","targetHints":{"allow":["GET"]}}],"collection":[{"href":"https:\/\/regencargobikes.com\/et\/wp-json\/wp\/v2\/posts"}],"about":[{"href":"https:\/\/regencargobikes.com\/et\/wp-json\/wp\/v2\/types\/post"}],"author":[{"embeddable":true,"href":"https:\/\/regencargobikes.com\/et\/wp-json\/wp\/v2\/users\/2"}],"replies":[{"embeddable":true,"href":"https:\/\/regencargobikes.com\/et\/wp-json\/wp\/v2\/comments?post=1950"}],"version-history":[{"count":0,"href":"https:\/\/regencargobikes.com\/et\/wp-json\/wp\/v2\/posts\/1950\/revisions"}],"wp:featuredmedia":[{"embeddable":true,"href":"https:\/\/regencargobikes.com\/et\/wp-json\/wp\/v2\/media\/1948"}],"wp:attachment":[{"href":"https:\/\/regencargobikes.com\/et\/wp-json\/wp\/v2\/media?parent=1950"}],"wp:term":[{"taxonomy":"category","embeddable":true,"href":"https:\/\/regencargobikes.com\/et\/wp-json\/wp\/v2\/categories?post=1950"},{"taxonomy":"post_tag","embeddable":true,"href":"https:\/\/regencargobikes.com\/et\/wp-json\/wp\/v2\/tags?post=1950"}],"curies":[{"name":"wp","href":"https:\/\/api.w.org\/{rel}","templated":true}]}}