{"id":1956,"date":"2026-06-05T05:36:11","date_gmt":"2026-06-04T21:36:11","guid":{"rendered":"https:\/\/regencargobikes.com\/rad-power-bikes-life-ev-acquisition\/"},"modified":"2026-06-05T05:36:11","modified_gmt":"2026-06-04T21:36:11","slug":"rad-power-bikes-life-ev-acquisition","status":"publish","type":"post","link":"https:\/\/regencargobikes.com\/et\/rad-power-bikes-life-ev-acquisition\/","title":{"rendered":"Rad Power Bikes kaubam\u00e4rk j\u00e4tkab p\u00e4rast Life EV omandamist"},"content":{"rendered":"<p>Rad Power Bikes j\u00e4tkab uue omaniku all p\u00e4rast \u00fcht P\u00f5hja-Ameerika e-bike turu k\u00f5ige dramaatilisemat langust.<\/p>\n<figure class=\"wp-block-image size-full\"><img decoding=\"async\" src=\"https:\/\/regencargobikes.com\/wp-content\/uploads\/2026\/06\/rad-life-ev-official-banner-original.png\" alt=\"Rad Power Bikesi ametlik omandamisteate pilt\"\/><figcaption>Pildi allikas: Rad Power Bikesi ametlik teadaanne \"Life EV l\u00f5petab Rad Power Bikesi varade omandamise\".\"<\/figcaption><\/figure>\n<p>Life Electric Vehicles, tuntud ka kui Life EV, on l\u00f5petanud kohtu heakskiidetud Rad Power Bikesi varade omandamise. Tehing h\u00f5lmab kaubam\u00e4rki, intellektuaalomandit, laoseisu ja seotud tegevusvarasid.<\/p>\n<p>Teatatud hind oli umbes 13,2 miljonit USA dollarit. See number on silmatorkav, sest Rad Power Bikes oli kunagi hinnatud \u00fcle 1,6 miljardi USA dollari e-bike buumi ajal.<\/p><div id=\"regen-22530060\" class=\"regen-test-placement-from-wizard-2878267818 regen-entity-placement\"><script async src=\"https:\/\/pagead2.googlesyndication.com\/pagead\/js\/adsbygoogle.js?client=ca-pub-1076230867169041\"\n     crossorigin=\"anonymous\"><\/script><\/div><div id=\"regen-2212636130\" class=\"regen-test-placement-from-wizard-1604397851 regen-entity-placement\"><script async src=\"https:\/\/pagead2.googlesyndication.com\/pagead\/js\/adsbygoogle.js?client=ca-pub-1076230867169041\"\n     crossorigin=\"anonymous\"><\/script><\/div>\n<p>L\u00fchike vastus on, et Rad ei kao, kuid see pole enam sama k\u00f5rge kasvuga idufirma lugu. See on n\u00fc\u00fcd \u00fcmberkorraldamise juhtum.<\/p>\n<h2>Mis juhtus<\/h2>\n<p>Rad Power Bikes esitas pankrotikaitse taotluse p\u00e4rast aastaid kestnud rahalist survet. Life EV osutus m\u00fc\u00fcgiprotsessi parimaks pakkujaks ja on n\u00fc\u00fcd omandamise l\u00f5petanud.<\/p>\n<p>GeekWire'i, Bicycle Retailer and Industry Newsi ja Radi enda teadaande kohaselt plaanib Life EV hoida Rad Power Bikesi kaubam\u00e4rki t\u00f6\u00f6s.<\/p>\n<p>Uus omanik on \u00f6elnud, et s\u00e4ilitab USA jaem\u00fc\u00fcgitegevuse ja t\u00e4idab teatud kliendikohustused, sealhulgas ostulepingu alusel kehtivad garantiid ja kinkekaardi kohustused.<\/p>\n<h2>Miks Rad nii kaugele langes<\/h2>\n<p>Rad Power Bikes sai \u00fcheks tuntuimaks otse-tarbijale suunatud e-bike kaubam\u00e4rgiks P\u00f5hja-Ameerikas, m\u00fc\u00fces praktilisi linna- ja tarbe-e-bikesid taskukohaste hindadega.<\/p>\n<p>Pandemia jalgrattabuumi ajal t\u00f6\u00f6tas see mudel v\u00e4ga h\u00e4sti. N\u00f5udlus kasvas, investorid valasid kapitali sisse ja Rad laienes kiiresti.<\/p>\n<p>Kuid sama kasvumudel muutus raskemini juhitavaks, kui tingimused muutusid:<\/p>\n<ul>\n<li>pandeemiaj\u00e4rgne n\u00f5udlus jahtus<\/li>\n<li>laoseisu tasakaalustamine muutus raskemaks<\/li>\n<li>tariifid ja tarneahela kulud surusid marginaale<\/li>\n<li>garantiid ja ohutuskohustused muutusid kallimaks<\/li>\n<li>otse-tarbijale suunatud teenindustugi muutus suuremas mahus raskemaks<\/li>\n<\/ul>\n<p>K\u00f5ige n\u00e4htavam kontrast on hinnang. Rad kogus sadu miljoneid dollareid ja saavutas tippv\u00e4\u00e4rtuse umbes 1,65 miljardit USA dollarit. L\u00f5plik varade m\u00fc\u00fcgihind oli umbes 13,2 miljonit USA dollarit.<\/p>\n<h2>Mida Life EV plaanib teha<\/h2>\n<p>Life EV pole e-bike kaubam\u00e4rkide omandamises uustulnuk. See omandas varem Serial 1, Harley-Davidsoni algselt k\u00e4ivitatud premium e-bike kaubam\u00e4rgi.<\/p>\n<p>Radi jaoks on Life EV andnud m\u00e4rku operatiivsemalt keskendunud l\u00e4henemisest. Ettev\u00f5te \u00fctleb, et soovib kaubam\u00e4rki s\u00e4ilitada, taastades samal ajal teenuse, tarneahela kontrolli ja USA-p\u00f5hise tegevuse \u00fcmber.<\/p>\n<p>\u00dcks oluline osa sellest plaanist on kodumaine kokkupanek. Life EV ja seotud tootmistegevused on osutanud Tennesseele kui tulevasele USA kokkupanekutegevuse baasile.<\/p>\n<p>See v\u00f5ib aidata v\u00e4hendada tariifide m\u00f5ju ja anda ettev\u00f5ttele rohkem kontrolli kvaliteedi, osade voo ja klienditoe \u00fcle.<\/p>\n<h2>Mida kliendid peaksid teadma<\/h2>\n<p>Olemasolevad Rad Power Bikesi omanikud ei tohiks eeldada, et kaubam\u00e4rk on kadunud. Ettev\u00f5te \u00fctleb, et kaubam\u00e4rk j\u00e4tkub, kuid kliendid peavad siiski kontrollima, milline tugi kehtib nende konkreetse ostu puhul.<\/p>\n<p>P\u00f5hipunktid on:<\/p>\n<ul>\n<li>Radi jaem\u00fc\u00fcgitegevus peaks j\u00e4tkuma<\/li>\n<li>m\u00f5ned garantiikohustused v\u00f5idakse t\u00e4ita ostulepingu alusel<\/li>\n<li>kehtivad kinkekaardid v\u00f5ivad olla endiselt kasutatavad<\/li>\n<li>osade saadavust ja teeninduspoliitikaid tuleks kontrollida ametlike Radi kanalite kaudu<\/li>\n<\/ul>\n<p>Klientide jaoks pole oluline k\u00fcsimus ainult see, kas kaubam\u00e4rgi nimi j\u00e4\u00e4b p\u00fcsima. See on see, kas osad, teenindus ja garantiitugi muutuvad taas prognoositavaks.<\/p>\n<h2>T\u00f6\u00f6stuse j\u00e4reldus<\/h2>\n<p>Radi lugu on hoiatus riistvara kasvu kohta.<\/p>\n<p>E-bike ettev\u00f5te v\u00f5ib kiiresti kasvada, kui n\u00f5udlus on kuum, kuid pikaajaline elluj\u00e4\u00e4mine s\u00f5ltub laoseisu distsipliinist, kvaliteedikontrollist, m\u00fc\u00fcgij\u00e4rgsest teenindusest ja rahavoogude juhtimisest. Need on raskemad kui klientide hankimine ja raha kogumine.<\/p>\n<p>Life EV omandamine annab Radile tee edasi. Kas sellest saab p\u00fcsiv tagasitulek, s\u00f5ltub teostusest: parem tugi, parem tarneahela kontroll ja tootevalik, mis sobib praeguse turuga, mitte pandeemia buumiga.<\/p>\n<h2>Allikad<\/h2>\n<ul>\n<li>GeekWire: <a href=\"https:\/\/www.geekwire.com\/2026\/rad-power-bikes-brand-will-live-on-as-life-ev-completes-acquisition-of-seattle-e-bike-makers-assets\/\" target=\"_blank\" rel=\"noopener\">Rad Power Bikesi kaubam\u00e4rk elab edasi, kui Life EV l\u00f5petab omandamise<\/a><\/li>\n<li>Jalgrattajaem\u00fc\u00fcja ja t\u00f6\u00f6stuse uudised: <a href=\"https:\/\/www.bicycleretailer.com\/industry-news\/2026\/03\/06\/rad-power-bikes-sale-life-ev-completed\" target=\"_blank\" rel=\"noopener\">Rad Power Bikesi m\u00fc\u00fck Life EV-le l\u00f5petatud<\/a><\/li>\n<li>Rad Power Bikes: <a href=\"https:\/\/www.radpowerbikes.com\/blogs\/the-scenic-route\/life-ev-completes-rad-power-bikes-asset-acquisition\" target=\"_blank\" rel=\"noopener\">Life EV l\u00f5petab Rad Power Bikesi varade omandamise<\/a><\/li>\n<\/ul>","protected":false},"excerpt":{"rendered":"<p>Life Electric Vehicles has completed its court-approved acquisition of Rad Power Bikes assets, keeping the once-dominant North American e-bike brand alive after bankruptcy. The deal values Rad&#8217;s remaining assets at about USD 13.2 million, far below the company&#8217;s pandemic-era valuation.<\/p>","protected":false},"author":2,"featured_media":1954,"comment_status":"","ping_status":"","sticky":false,"template":"","format":"standard","meta":{"footnotes":""},"categories":[33],"tags":[],"class_list":["post-1956","post","type-post","status-publish","format-standard","has-post-thumbnail","hentry","category-ebike-news"],"_links":{"self":[{"href":"https:\/\/regencargobikes.com\/et\/wp-json\/wp\/v2\/posts\/1956","targetHints":{"allow":["GET"]}}],"collection":[{"href":"https:\/\/regencargobikes.com\/et\/wp-json\/wp\/v2\/posts"}],"about":[{"href":"https:\/\/regencargobikes.com\/et\/wp-json\/wp\/v2\/types\/post"}],"author":[{"embeddable":true,"href":"https:\/\/regencargobikes.com\/et\/wp-json\/wp\/v2\/users\/2"}],"replies":[{"embeddable":true,"href":"https:\/\/regencargobikes.com\/et\/wp-json\/wp\/v2\/comments?post=1956"}],"version-history":[{"count":0,"href":"https:\/\/regencargobikes.com\/et\/wp-json\/wp\/v2\/posts\/1956\/revisions"}],"wp:featuredmedia":[{"embeddable":true,"href":"https:\/\/regencargobikes.com\/et\/wp-json\/wp\/v2\/media\/1954"}],"wp:attachment":[{"href":"https:\/\/regencargobikes.com\/et\/wp-json\/wp\/v2\/media?parent=1956"}],"wp:term":[{"taxonomy":"category","embeddable":true,"href":"https:\/\/regencargobikes.com\/et\/wp-json\/wp\/v2\/categories?post=1956"},{"taxonomy":"post_tag","embeddable":true,"href":"https:\/\/regencargobikes.com\/et\/wp-json\/wp\/v2\/tags?post=1956"}],"curies":[{"name":"wp","href":"https:\/\/api.w.org\/{rel}","templated":true}]}}