{"id":1140,"date":"2025-05-03T17:12:39","date_gmt":"2025-05-03T09:12:39","guid":{"rendered":"https:\/\/regencargobikes.com\/?p=1140"},"modified":"2025-05-03T17:12:41","modified_gmt":"2025-05-03T09:12:41","slug":"taipei-cycle-2025-in-taiwan-china","status":"publish","type":"post","link":"https:\/\/regencargobikes.com\/fi\/taipei-cycle-2025-in-taiwan-china\/","title":{"rendered":"Taipei Cycle 2025 Taiwanissa, Kiinassa"},"content":{"rendered":"<p><br>The <strong><a href=\"https:\/\/www.taipeicycle.com.tw\/en\/news\/014A2B7E23BB4630\/info.html\" target=\"_blank\" rel=\"noopener\">Taipein py\u00f6r\u00e4ilyn\u00e4yttely 2025<\/a><\/strong> on yksi py\u00f6r\u00e4ilyalan t\u00e4rkeimmist\u00e4 tapahtumista maailmanlaajuisesti, ja se esittelee polkupy\u00f6rien, s\u00e4hk\u00f6py\u00f6rien ja mikroliikkuvuusratkaisujen uusimpia edistysaskeleita. Yli 980 n\u00e4ytteilleasettajan ansiosta 35 maasta t\u00e4m\u00e4 messutapahtuma tarjoaa ainutlaatuisen tilaisuuden ammattilaisille tutustua huipputeknologioihin, verkostoitua alan johtajien kanssa ja l\u00f6yt\u00e4\u00e4 kest\u00e4vi\u00e4 liikenneratkaisuja. Olitpa sitten OEM-valmistaja, j\u00e4lleenmyyj\u00e4, kaupunkisuunnittelija tai py\u00f6r\u00e4ilyn harrastaja, Taipei Cycle 2025 on pakollinen tapahtuma kaikille py\u00f6r\u00e4ilyn tulevaisuudesta kiinnostuneille.<\/p>\n\n\n\n<ul class=\"wp-block-list\">\n<li><strong>P\u00e4iv\u00e4m\u00e4\u00e4r\u00e4t:<\/strong> 26.\u201329. maaliskuuta 2025<\/li>\n\n\n\n<li><strong>Paikka:<\/strong> Taipei Nangang Exhibition Center (TaiNEX 1 &amp; 2), Taiwan<\/li>\n\n\n\n<li><strong>J\u00e4rjest\u00e4j\u00e4:<\/strong> Taiwanin ulkomaankaupan kehitysneuvosto (TAITRA)<\/li>\n\n\n\n<li><strong>N\u00e4ytteilleasettajat:<\/strong> Noin 950 35 maasta<\/li>\n\n\n\n<li><strong>Kojut:<\/strong> Yli 3 500<\/li>\n\n\n\n<li><strong>Teemat:<\/strong> \u00c4lyk\u00e4s py\u00f6r\u00e4ily, innovaatioiden edist\u00e4minen, vihre\u00e4 eteenp\u00e4in, py\u00f6r\u00e4ilyn ekosysteemi<\/li>\n\n\n\n<li><strong>Rekister\u00f6intilinkki<\/strong>: <a href=\"https:\/\/www.taipeicycle.com.tw\/en\/menu\/3CFE9CE7F418118DD0636733C6861689\/info.html\" target=\"_blank\" rel=\"noopener\">Taipei Cycle 2025 -vierailijoiden ennakkorekister\u00f6inti<\/a><br><\/li>\n<\/ul>\n\n\n\n<h2 class=\"wp-block-heading\"><strong>Kenen tulisi osallistua?<\/strong><\/h2>\n\n\n\n<p>Taipein py\u00f6r\u00e4ilyn\u00e4yttely on ihanteellinen:<\/p>\n\n\n\n<ul class=\"wp-block-list\">\n<li><strong>OEM-valmistajat ja toimittajat<\/strong>Tutustu uusiin komponentteihin ja teknologioihin.<\/li>\n\n\n\n<li><strong>Suunnittelijat ja insin\u00f6\u00f6rit<\/strong>Tutustu innovatiivisiin ratkaisuihin ja materiaaleihin.<\/li>\n\n\n\n<li><strong>Kaupunkisuunnittelijat ja p\u00e4\u00e4tt\u00e4j\u00e4t<\/strong>: Opi kest\u00e4vist\u00e4 kuljetusvaihtoehdoista.<\/li>\n\n\n\n<li><strong>J\u00e4lleenmyyj\u00e4t ja jakelijat<\/strong>Tunnista uudet tuotteet ja toimittajat.<\/li>\n\n\n\n<li><strong>Sijoittajat<\/strong>L\u00f6yd\u00e4 nousevia startup-yrityksi\u00e4 ja teknologioita.<\/li>\n\n\n\n<li><strong>Py\u00f6r\u00e4ilyn harrastajat<\/strong>Koe py\u00f6r\u00e4ilyn uusimmat innovaatiot.\u00a0<\/li>\n<\/ul>\n\n\n\n<h2 class=\"wp-block-heading\"><strong>Mit\u00e4 odottaa<\/strong> T\u00e4ss\u00e4 s\u00e4hk\u00f6py\u00f6r\u00e4messuilla<\/h2>\n\n\n\n<h3 class=\"wp-block-heading\"><strong>S\u00e4hk\u00f6py\u00f6r\u00e4t ja vetoyksik\u00f6t<\/strong><\/h3>\n\n\n\n<ul class=\"wp-block-list\">\n<li>Johtavat tuotemerkit, kuten <strong>J\u00e4ttil\u00e4inen<\/strong>, <strong>M\u00e9rida<\/strong>, <strong>Shimano<\/strong>, ja <strong>SRAM<\/strong> esittelee uusimmat s\u00e4hk\u00f6py\u00f6r\u00e4j\u00e4rjestelm\u00e4ns\u00e4 ja -komponenttinsa.<\/li>\n\n\n\n<li>The <strong>S\u00e4hk\u00f6py\u00f6r\u00e4- ja k\u00e4ytt\u00f6yksik\u00f6iden vy\u00f6hyke<\/strong> esittelee huipputeknologiaa s\u00e4hk\u00f6propulsiossa ja akkuj\u00e4rjestelmiss\u00e4.\u00a0<\/li>\n<\/ul>\n\n\n\n<h3 class=\"wp-block-heading\"><strong><a href=\"https:\/\/regencargobikes.com\/fi\/rs01-e-cargo-bike\/\" data-type=\"page\" data-id=\"933\">Rahtipy\u00f6r\u00e4t<\/a> &amp; Mikroliikkuvuus<\/strong><\/h3>\n\n\n\n<ul class=\"wp-block-list\">\n<li>Omistettu <strong>Tavarapy\u00f6r\u00e4- ja mikroliikkuvuusalue<\/strong> korostaa kaupunkiliikenteen ratkaisuja, kuten rahtipy\u00f6ri\u00e4, s\u00e4hk\u00f6potkulaudoita ja muita kevyit\u00e4 s\u00e4hk\u00f6ajoneuvoja.\u00a0<\/li>\n<\/ul>\n\n\n\n<h3 class=\"wp-block-heading\"><strong> Innovaatio ja startupit<\/strong><\/h3>\n\n\n\n<p>The <strong>d&amp;i-palkinnot<\/strong> palkitsee erinomaisia suunnittelutuotteita eri kategorioissa, mukaan lukien kest\u00e4vyys ja innovaatio. \u00a0<\/p><div class=\"regen-test-placement-from-wizard-1604397851\" id=\"regen-3147510755\"><script async src=\"https:\/\/pagead2.googlesyndication.com\/pagead\/js\/adsbygoogle.js?client=ca-pub-1076230867169041\"\n     crossorigin=\"anonymous\"><\/script><\/div><div class=\"regen-test-placement-from-wizard-2878267818\" id=\"regen-1336991780\"><script async src=\"https:\/\/pagead2.googlesyndication.com\/pagead\/js\/adsbygoogle.js?client=ca-pub-1076230867169041\"\n     crossorigin=\"anonymous\"><\/script><\/div>\n\n\n\n<p>The <strong>Py\u00f6r\u00e4n visio<\/strong> alueella on startuppeja ja innovatiivisia yrityksi\u00e4, jotka esittelev\u00e4t uusia tuotteita ja konsepteja.<\/p>\n\n\n\n<h2 class=\"wp-block-heading\"><strong>Keskeiset kohokohdat<\/strong><\/h2>\n\n\n\n<ul class=\"wp-block-list\">\n<li><strong>Py\u00f6r\u00e4esittelyalue<\/strong>Koeajo uusimmilla s\u00e4hk\u00f6py\u00f6rill\u00e4 ja rahtipy\u00f6rill\u00e4.<\/li>\n\n\n\n<li><strong>Vihre\u00e4 eteenp\u00e4in -kiertue<\/strong>Tutustu kest\u00e4v\u00e4\u00e4n kehitykseen ja ymp\u00e4rist\u00f6yst\u00e4v\u00e4llisiin k\u00e4yt\u00e4nt\u00f6ihin sitoutuneisiin n\u00e4ytteilleasettajiin.<\/li>\n\n\n\n<li><strong>TAIPEI CYCLE -foorumi<\/strong>Osallistu keskusteluihin aiheista, kuten \u00e4lyk\u00e4s py\u00f6r\u00e4ily, innovaatiot ja liikkuvuuden tulevaisuus.<\/li>\n<\/ul>\n\n\n\n<h2 class=\"wp-block-heading\"><strong>Vinkkej\u00e4 vierailijoille<\/strong><\/h2>\n\n\n\n<ul class=\"wp-block-list\">\n<li><strong>Ennakkoilmoittautuminen<\/strong>Rekister\u00f6idy verkossa etuk\u00e4teen s\u00e4\u00e4st\u00e4\u00e4ksesi aikaa ja varmistaaksesi sis\u00e4\u00e4np\u00e4\u00e4syn.<\/li>\n\n\n\n<li><strong>Suunnittele etuk\u00e4teen<\/strong>Tarkista n\u00e4ytteilleasettajien luettelo ja pohjapiirros t\u00e4rkeimpien osastojen priorisoimiseksi.<\/li>\n\n\n\n<li><strong>K\u00e4yt\u00e4 mukavia jalkineita<\/strong>Varaudu k\u00e4velem\u00e4\u00e4n paljon tapahtuman aikana.<\/li>\n\n\n\n<li><strong>Tuo k\u00e4yntikortit<\/strong>Helpottaa verkostoitumismahdollisuuksia.<\/li>\n\n\n\n<li><strong>Pysy ajan tasalla<\/strong>Lataa virallinen show-sovellus saadaksesi reaaliaikaista tietoa ja p\u00e4ivityksi\u00e4.\u00a0<\/li>\n<\/ul>\n\n\n\n<h2 class=\"wp-block-heading\"><strong>Matkavinkkej\u00e4<\/strong><\/h2>\n\n\n\n<ul class=\"wp-block-list\">\n<li><strong>Visa<\/strong>Tarkista Taiwanin viisumivaatimukset maassasi.<\/li>\n\n\n\n<li><strong>Majoitus<\/strong>Varaa hotelleja Taipei Nangang -messukeskuksen l\u00e4helt\u00e4 mukavuuden vuoksi.<\/li>\n\n\n\n<li><strong>Kuljetus<\/strong>K\u00e4yt\u00e4 Taipein tehokasta MRT-j\u00e4rjestelm\u00e4\u00e4 p\u00e4\u00e4st\u00e4ksesi paikalle.<\/li>\n\n\n\n<li><strong>Paikalliset n\u00e4ht\u00e4vyydet<\/strong>Tutustu Taipein rikkaaseen kulttuuriin, ruokaan ja maamerkkeihin vierailusi aikana.<\/li>\n<\/ul>\n\n\n\n<p><br>Lis\u00e4tietoja ja rekister\u00f6itymist\u00e4 varten k\u00e4y osoitteessa <a href=\"https:\/\/www.taipeicycle.com.tw\/en\/index.html\" target=\"_blank\" rel=\"noopener\">Taipein py\u00f6r\u00e4n\u00e4yttelyn virallinen verkkosivusto<\/a>.<\/p>","protected":false},"excerpt":{"rendered":"<p>The Taipei Cycle Show 2025 is one of the most important events for the global cycling industry, showcasing the latest advancements in bicycles, e-bikes, and micro-mobility solutions. With over 980 exhibitors from 35 countries, this trade show offers a unique opportunity for professionals to explore cutting-edge technologies, network with industry leaders, and discover sustainable transportation [&hellip;]<\/p>\n","protected":false},"author":2,"featured_media":1142,"comment_status":"open","ping_status":"open","sticky":false,"template":"","format":"standard","meta":{"footnotes":""},"categories":[36],"tags":[45],"class_list":["post-1140","post","type-post","status-publish","format-standard","has-post-thumbnail","hentry","category-event-expo","tag-china-bike-events"],"_links":{"self":[{"href":"https:\/\/regencargobikes.com\/fi\/wp-json\/wp\/v2\/posts\/1140","targetHints":{"allow":["GET"]}}],"collection":[{"href":"https:\/\/regencargobikes.com\/fi\/wp-json\/wp\/v2\/posts"}],"about":[{"href":"https:\/\/regencargobikes.com\/fi\/wp-json\/wp\/v2\/types\/post"}],"author":[{"embeddable":true,"href":"https:\/\/regencargobikes.com\/fi\/wp-json\/wp\/v2\/users\/2"}],"replies":[{"embeddable":true,"href":"https:\/\/regencargobikes.com\/fi\/wp-json\/wp\/v2\/comments?post=1140"}],"version-history":[{"count":2,"href":"https:\/\/regencargobikes.com\/fi\/wp-json\/wp\/v2\/posts\/1140\/revisions"}],"predecessor-version":[{"id":1144,"href":"https:\/\/regencargobikes.com\/fi\/wp-json\/wp\/v2\/posts\/1140\/revisions\/1144"}],"wp:featuredmedia":[{"embeddable":true,"href":"https:\/\/regencargobikes.com\/fi\/wp-json\/wp\/v2\/media\/1142"}],"wp:attachment":[{"href":"https:\/\/regencargobikes.com\/fi\/wp-json\/wp\/v2\/media?parent=1140"}],"wp:term":[{"taxonomy":"category","embeddable":true,"href":"https:\/\/regencargobikes.com\/fi\/wp-json\/wp\/v2\/categories?post=1140"},{"taxonomy":"post_tag","embeddable":true,"href":"https:\/\/regencargobikes.com\/fi\/wp-json\/wp\/v2\/tags?post=1140"}],"curies":[{"name":"wp","href":"https:\/\/api.w.org\/{rel}","templated":true}]}}