{"id":1145,"date":"2025-05-03T17:19:43","date_gmt":"2025-05-03T09:19:43","guid":{"rendered":"https:\/\/regencargobikes.com\/?p=1145"},"modified":"2025-05-07T21:31:08","modified_gmt":"2025-05-07T13:31:08","slug":"2025-austin-cargo-bike-festival","status":"publish","type":"post","link":"https:\/\/regencargobikes.com\/fi\/2025-austin-cargo-bike-festival\/","title":{"rendered":"Vuoden 2025 Austinin rahtipy\u00f6r\u00e4festivaali"},"content":{"rendered":"<p>The <strong>Vuoden 2025 Austinin rahtipy\u00f6r\u00e4festivaali<\/strong> tarjoaa mahdollisuuden kokea itse tavarapy\u00f6rien ja kevyiden kuljetusratkaisujen k\u00e4yt\u00e4nn\u00f6n edut kaupunkiymp\u00e4rist\u00f6ss\u00e4. Tapahtuma j\u00e4rjestet\u00e4\u00e4n <strong>Lauantai, 3. toukokuuta 2025<\/strong>, alkaen <strong>klo 11\u201315<\/strong> klo <strong>900 Springdale Road, Austin, TX<\/strong>T\u00e4m\u00e4 tapahtuma on ilmainen yleis\u00f6lle ja keskittyy tavarapy\u00f6rien ja mikroliikkuvuusratkaisujen k\u00e4yt\u00e4nn\u00f6n sovelluksiin kaupunkiel\u00e4m\u00e4ss\u00e4.<\/p>\n\n\n\n<h2 class=\"wp-block-heading\"><strong>&nbsp;Tapahtuman tiedot<\/strong><\/h2>\n\n\n\n<ul class=\"wp-block-list\">\n<li><strong>P\u00e4iv\u00e4m\u00e4\u00e4r\u00e4 ja aika<\/strong>Lauantai, 3. toukokuuta 2025 | klo 11.00\u201315.00<\/li>\n\n\n\n<li><strong>Sijainti<\/strong>Osoite: 900 Springdale Road, Austin, TX 78702<\/li>\n\n\n\n<li><strong>Sis\u00e4\u00e4np\u00e4\u00e4sy<\/strong>Ilmainen<\/li>\n\n\n\n<li><strong>J\u00e4rjest\u00e4j\u00e4<\/strong>: <a href=\"https:\/\/www.biketexas.org\/uncategorized\/2025-austin-cargo-bike-festival\/\" target=\"_blank\" rel=\"noopener\">Py\u00f6r\u00e4Texas<\/a><\/li>\n<\/ul>\n\n\n\n<figure class=\"wp-block-image size-full\"><img fetchpriority=\"high\" decoding=\"async\" width=\"600\" height=\"400\" src=\"https:\/\/regencargobikes.com\/wp-content\/uploads\/2025\/05\/Fun-at-ACBF-1.jpg\" alt=\"\" class=\"wp-image-1146\" srcset=\"https:\/\/regencargobikes.com\/wp-content\/uploads\/2025\/05\/Fun-at-ACBF-1.jpg 600w, https:\/\/regencargobikes.com\/wp-content\/uploads\/2025\/05\/Fun-at-ACBF-1-300x200.jpg 300w, https:\/\/regencargobikes.com\/wp-content\/uploads\/2025\/05\/Fun-at-ACBF-1-18x12.jpg 18w\" sizes=\"(max-width: 600px) 100vw, 600px\" \/><\/figure>\n\n\n\n<h2 class=\"wp-block-heading\"><strong>Mit\u00e4 odottaa<\/strong><\/h2>\n\n\n\n<ul class=\"wp-block-list\">\n<li><strong>Koeajot<\/strong>Osallistujilla on mahdollisuus kokeilla erilaisia rahtipy\u00f6ri\u00e4 ja mikroliikkuvuusajoneuvoja todellisissa olosuhteissa.<\/li>\n\n\n\n<li><strong>Koristeltu rahtipy\u00f6r\u00e4paraati<\/strong>Osallistujat voivat liitty\u00e4 paraatiin esitell\u00e4 luovasti r\u00e4\u00e4t\u00e4l\u00f6ityj\u00e4 rahtipy\u00f6ri\u00e4\u00e4n.<\/li>\n\n\n\n<li><strong>Paikallinen ruoka ja viihde<\/strong>Festivaaleilla on tarjolla paikallisten myyjien ruokaa ja viihdett\u00e4 kaikenik\u00e4isille osallistujille.<\/li>\n\n\n\n<li><strong>Yhteis\u00f6n osallistaminen<\/strong>Tapahtuma tarjoaa mahdollisuuden tavata paikallisia asukkaita ja yrityksi\u00e4, jotka k\u00e4ytt\u00e4v\u00e4t rahtipy\u00f6ri\u00e4 kuljetustarpeisiinsa.<\/li>\n<\/ul>\n\n\n\n<h2 class=\"wp-block-heading\"><strong>Kenen tulisi osallistua<\/strong><\/h2>\n\n\n\n<ul class=\"wp-block-list\">\n<li><strong>Py\u00f6r\u00e4ilyn harrastajat<\/strong>T\u00e4m\u00e4 tapahtuma sopii erinomaisesti henkil\u00f6ille, jotka ovat kiinnostuneita oppimaan lis\u00e4\u00e4 tavarapy\u00f6rien k\u00e4ytt\u00f6tavoista ja eduista.<\/li>\n\n\n\n<li><strong>Perheet<\/strong>Festivaali tarjoaa hauskoja ja opettavaisia aktiviteetteja kaikenik\u00e4isille.<\/li>\n\n\n\n<li><strong>Kaupunkisuunnittelijat ja p\u00e4\u00e4tt\u00e4j\u00e4t<\/strong>Tapahtumassa annetaan n\u00e4kemyksi\u00e4 siit\u00e4, miten tavarapy\u00f6r\u00e4t voivat auttaa v\u00e4hent\u00e4m\u00e4\u00e4n liikenneruuhkia ja parantamaan kaupunkiliikennett\u00e4.<\/li>\n\n\n\n<li><strong>Paikalliset yritykset<\/strong>Yritykset voivat tutkia, miten rahtipy\u00f6r\u00e4t voidaan integroida niiden toimintaan toimitusten ja muiden logististen tarpeiden hoitamiseksi.<\/li>\n<\/ul>\n\n\n\n<h2 class=\"wp-block-heading\"><strong>Vinkkej\u00e4 vierailijoille<\/strong><\/h2>\n\n\n\n<ul class=\"wp-block-list\">\n<li><strong>Saavu aikaisin<\/strong>Saadaksesi kaiken irti ajastasi tapahtumassa, harkitse saapumista ajoissa kokeilemaan rahtipy\u00f6ri\u00e4.<\/li>\n\n\n\n<li><strong>Tuo perhe ja yst\u00e4v\u00e4t<\/strong>T\u00e4m\u00e4 on perheyst\u00e4v\u00e4llinen tapahtuma, ja se on loistava tilaisuus oppia ja pit\u00e4\u00e4 hauskaa yhdess\u00e4.<\/li>\n\n\n\n<li><strong>Pukeudu mukavasti<\/strong>Koska tapahtuma on ulkona, pue p\u00e4\u00e4lle mukavat vaatteet ja jalkineet, jotka soveltuvat k\u00e4velyyn ja aktiviteetteihin osallistumiseen.<\/li>\n\n\n\n<li><strong>Ota yhteytt\u00e4 n\u00e4ytteilleasettajiin<\/strong>K\u00e4yt\u00e4 aikaa keskustellaksesi n\u00e4ytteilleasettajien kanssa ja oppiaksesi, miten tavarapy\u00f6ri\u00e4 voidaan k\u00e4ytt\u00e4\u00e4 erilaisissa k\u00e4yt\u00e4nn\u00f6n sovelluksissa omassa el\u00e4m\u00e4ss\u00e4si tai liiketoiminnassasi.<\/li>\n<\/ul>","protected":false},"excerpt":{"rendered":"<p>The 2025 Austin Cargo Bike Festival offers a chance to experience firsthand the practical advantages of cargo bikes and light transport solutions in urban settings. Taking place on Saturday, May 3, 2025, from 11 AM to 3 PM at 900 Springdale Road, Austin, TX, this event is free to the public and focuses on real-world [&hellip;]<\/p>\n","protected":false},"author":2,"featured_media":1147,"comment_status":"open","ping_status":"open","sticky":false,"template":"","format":"standard","meta":{"footnotes":""},"categories":[36],"tags":[],"class_list":["post-1145","post","type-post","status-publish","format-standard","has-post-thumbnail","hentry","category-event-expo"],"_links":{"self":[{"href":"https:\/\/regencargobikes.com\/fi\/wp-json\/wp\/v2\/posts\/1145","targetHints":{"allow":["GET"]}}],"collection":[{"href":"https:\/\/regencargobikes.com\/fi\/wp-json\/wp\/v2\/posts"}],"about":[{"href":"https:\/\/regencargobikes.com\/fi\/wp-json\/wp\/v2\/types\/post"}],"author":[{"embeddable":true,"href":"https:\/\/regencargobikes.com\/fi\/wp-json\/wp\/v2\/users\/2"}],"replies":[{"embeddable":true,"href":"https:\/\/regencargobikes.com\/fi\/wp-json\/wp\/v2\/comments?post=1145"}],"version-history":[{"count":1,"href":"https:\/\/regencargobikes.com\/fi\/wp-json\/wp\/v2\/posts\/1145\/revisions"}],"predecessor-version":[{"id":1148,"href":"https:\/\/regencargobikes.com\/fi\/wp-json\/wp\/v2\/posts\/1145\/revisions\/1148"}],"wp:featuredmedia":[{"embeddable":true,"href":"https:\/\/regencargobikes.com\/fi\/wp-json\/wp\/v2\/media\/1147"}],"wp:attachment":[{"href":"https:\/\/regencargobikes.com\/fi\/wp-json\/wp\/v2\/media?parent=1145"}],"wp:term":[{"taxonomy":"category","embeddable":true,"href":"https:\/\/regencargobikes.com\/fi\/wp-json\/wp\/v2\/categories?post=1145"},{"taxonomy":"post_tag","embeddable":true,"href":"https:\/\/regencargobikes.com\/fi\/wp-json\/wp\/v2\/tags?post=1145"}],"curies":[{"name":"wp","href":"https:\/\/api.w.org\/{rel}","templated":true}]}}