{"id":1505,"date":"2025-06-09T05:41:03","date_gmt":"2025-06-08T21:41:03","guid":{"rendered":"https:\/\/regencargobikes.com\/?p=1505"},"modified":"2025-06-09T05:41:04","modified_gmt":"2025-06-08T21:41:04","slug":"micro-mobility-labs-unveils-convoy-e-cargo-trailer","status":"publish","type":"post","link":"https:\/\/regencargobikes.com\/fi\/micro-mobility-labs-unveils-convoy-e-cargo-trailer\/","title":{"rendered":"Micro Mobility Labs esittelee Convoy E-Cargo -per\u00e4vaunun"},"content":{"rendered":"<p><em>Kes\u00e4kuu 2025 \u2013 Lontoo, Iso-Britannia<\/em> \u2013 Brittil\u00e4inen startup-yritys <strong>Mikroliikkuvuuden laboratoriot<\/strong> on esitellyt uusimman luomuksensa, <strong>Saattue C.01<\/strong> s\u00e4hk\u00f6inen rahtiper\u00e4vaunu, jonka ensi-ilta on t\u00e4n\u00e4 kes\u00e4n\u00e4 Eurobike-n\u00e4yttelyss\u00e4. Kest\u00e4v\u00e4 mutta kevyt Convoy on suunniteltu helposti kiinnitett\u00e4v\u00e4ksi useimpiin polkupy\u00f6riin. <strong>250 W moottoriteho, 30 km kantama ja 50 kg hy\u00f6tykuorma<\/strong> kompaktissa, kannettavassa paketissa.<\/p>\n\n\n\n<hr class=\"wp-block-separator has-alpha-channel-opacity\"\/>\n\n\n\n<h2 class=\"wp-block-heading\"><strong>Vaivaton istuvuus, \u00e4lyk\u00e4s k\u00e4sittely<\/strong><\/h2>\n\n\n\n<p>Yksi huomionarvoinen ominaisuus on ty\u00f6kaluton asennus \u2013 Convoy kiinnittyy py\u00f6r\u00e4\u00e4n ilman jakoavaimia tai s\u00e4\u00e4t\u00f6j\u00e4. Siin\u00e4 on my\u00f6s patenttia odottava takapy\u00f6r\u00e4ohjausj\u00e4rjestelm\u00e4, joka auttaa per\u00e4vaunua... <strong>seuraa polkupy\u00f6r\u00e4n k\u00e4\u00e4nn\u00f6ksi\u00e4 luonnollisesti<\/strong>, mik\u00e4 parantaa k\u00e4sitelt\u00e4vyytt\u00e4 ahtaissa kaupunkitiloissa.<\/p>\n\n\n\n<p>Yhdess\u00e4 polkupy\u00f6r\u00e4n v\u00e4\u00e4nt\u00f6momenttia tunnistavan moottorin kanssa Convoy tarjoaa <strong>Luokan 1 avustus jopa 26 km\/h nopeuteen asti<\/strong> k\u00e4ytt\u00f6kelpoisella alueella <strong>jopa 30 km (19 mailia)<\/strong>Hinnoittelu on t\u00e4ll\u00e4 hetkell\u00e4 noin <strong>2 200 \u20ac (noin 1 TP6\u20132 500)<\/strong>, ja ennakkotilauksia on tehty useilla Euroopan markkinoilla.<\/p><div class=\"regen-test-placement-from-wizard-1604397851\" id=\"regen-1093302466\"><script async src=\"https:\/\/pagead2.googlesyndication.com\/pagead\/js\/adsbygoogle.js?client=ca-pub-1076230867169041\"\n     crossorigin=\"anonymous\"><\/script><\/div><div class=\"regen-test-placement-from-wizard-2878267818\" id=\"regen-2264160973\"><script async src=\"https:\/\/pagead2.googlesyndication.com\/pagead\/js\/adsbygoogle.js?client=ca-pub-1076230867169041\"\n     crossorigin=\"anonymous\"><\/script><\/div>\n\n\n\n<hr class=\"wp-block-separator has-alpha-channel-opacity\"\/>\n\n\n\n<h2 class=\"wp-block-heading\"><strong>Kenelle se on tarkoitettu<\/strong><\/h2>\n\n\n\n<p>Toisin kuin k\u00f6mpel\u00f6t s\u00e4hk\u00f6k\u00e4ytt\u00f6iset tavarapy\u00f6r\u00e4t tai pakettiautot, Convoy on suunniteltu joustavuutta ajatellen. Olitpa sitten vanhempi, joka kuljettaa ruokaostoksia, py\u00f6r\u00e4l\u00e4hetti tai pienyritys, Convoy kytket\u00e4\u00e4n omaan py\u00f6r\u00e4\u00e4si ja siit\u00e4 tulee nopeasti k\u00e4yt\u00e4nn\u00f6llinen s\u00e4hk\u00f6k\u00e4ytt\u00f6inen tavarankuljetusauto.<\/p>\n\n\n\n<p>Eurooppalaiset tukijat ovat jo raportoineet k\u00e4yt\u00e4nn\u00f6n menestyksest\u00e4: er\u00e4s perhe kuvaili sit\u00e4 &quot;koulunk\u00e4ynnin helpottamiseksi huomattavasti&quot;, kun taas paikalliset leipurit totesivat, ett\u00e4 se korvaa lyhyet automatkat viem\u00e4tt\u00e4 parkkitilaa.<\/p>\n\n\n\n<hr class=\"wp-block-separator has-alpha-channel-opacity\"\/>\n\n\n\n<h2 class=\"wp-block-heading\"><strong>Suorituskyky yhdell\u00e4 silm\u00e4yksell\u00e4<\/strong><\/h2>\n\n\n\n<p>N\u00e4in Convoy p\u00e4rj\u00e4\u00e4 tyypillisiin s\u00e4hk\u00f6k\u00e4ytt\u00f6isiin rahtipy\u00f6riin ja pakettiautoihin perustuviin j\u00e4rjestelmiin verrattuna:<\/p>\n\n\n\n<figure class=\"wp-block-table\"><table class=\"has-fixed-layout\"><tbody><tr><td><strong>Ominaisuus<\/strong><\/td><td><strong>Saattue C.01<\/strong><\/td><td><strong>Standard E-Cargo -py\u00f6r\u00e4<\/strong><\/td><\/tr><tr><td>Hy\u00f6tykuormakapasiteetti<\/td><td>50 kg<\/td><td>100\u2013200 kg<\/td><\/tr><tr><td>Moottorin l\u00e4ht\u00f6<\/td><td>250 W<\/td><td>250\u2013750 W<\/td><\/tr><tr><td>Suurin avustettu nopeus<\/td><td>26 km\/h<\/td><td>25\u201340 km\/h<\/td><\/tr><tr><td>Alue<\/td><td>Jopa 30 km<\/td><td>40\u201380 km<\/td><\/tr><tr><td>Kiinnityksen helppous<\/td><td>Klipsikiinnitys, ei ty\u00f6kaluja<\/td><td>Kiinte\u00e4 runko, ei modulaarinen<\/td><\/tr><tr><td>Per\u00e4vaunun paino<\/td><td>12 kg<\/td><td>yli 30 kg<\/td><\/tr><\/tbody><\/table><\/figure>\n\n\n\n<p>Convoy ei vastaa suurempien s\u00e4hk\u00f6py\u00f6rien toimintas\u00e4dett\u00e4 tai irtotavaran kuljetustehoa, mutta sen <strong>yksinkertaisuus, kannettavuus ja ohjattavuus<\/strong> tekev\u00e4t siit\u00e4 ihanteellisen kevyemmille kuormille ja satunnaiselle logistiikalle.<\/p>\n\n\n\n<hr class=\"wp-block-separator has-alpha-channel-opacity\"\/>\n\n\n\n<h2 class=\"wp-block-heading\"><strong>Kest\u00e4v\u00e4n rahdin kasvava kysynt\u00e4<\/strong><\/h2>\n\n\n\n<p>Kaupungit ymp\u00e4ri maailmaa ajavat ymp\u00e4rist\u00f6yst\u00e4v\u00e4llisempi\u00e4 viimeisen kilometrin toimituksia. Euroopan py\u00f6r\u00e4ilyliitto raportoi <strong>12%:n mikrorahtipy\u00f6rien myynnin kasvu vuonna 2024<\/strong>, jota suurelta osin ajavat perheet ja paikalliset toimituspalvelut, jotka etsiv\u00e4t kest\u00e4vi\u00e4 vaihtoehtoja autoille.<\/p>\n\n\n\n<p>Micro Mobility Labsin tiimi \u2013 jota johtavat entiset Dysonin insin\u00f6\u00f6rit \u2013 lupaa viel\u00e4 lis\u00e4\u00e4 innovaatioita: tuleva C.02-malli sis\u00e4lt\u00e4\u00e4 <strong>kevyempi\u00e4 materiaaleja ja \u00e4lykk\u00e4\u00e4mpi\u00e4 antureita<\/strong>.<\/p>\n\n\n\n<p>Alan sis\u00e4piiril\u00e4iset ovat jo huomanneet Convoyn modulaarisen potentiaalin. Alex M\u00fcller, entinen kaupunkien kuriiripalveluiden johtaja, sanoi:<\/p>\n\n\n\n<blockquote class=\"wp-block-quote is-layout-flow wp-block-quote-is-layout-flow\">\n<p>\u201dConvoy tarjoaa modulaarisen s\u00e4hk\u00f6isen rahtiratkaisun, joka vetoaa todella sek\u00e4 kuluttajiin ett\u00e4 yritysasiakkaisiin.\u201d<\/p>\n<\/blockquote>\n\n\n\n<p>Samaan aikaan py\u00f6r\u00e4tekniikan arvioija Emma Clark lis\u00e4si:<\/p>\n\n\n\n<blockquote class=\"wp-block-quote is-layout-flow wp-block-quote-is-layout-flow\">\n<p>\u201dEt tarvitse r\u00e4\u00e4t\u00e4l\u00f6ity\u00e4 s\u00e4hk\u00f6py\u00f6r\u00e4\u00e4 rahtik\u00e4ytt\u00f6\u00f6n \u2013 Convoy muuttaa nykyisen py\u00f6r\u00e4si kuljetuskelpoiseksi j\u00e4rjestelm\u00e4ksi, joka sopii t\u00e4ydellisesti vuokrauskalustoille ja jaetuille py\u00f6rille.\u201d<\/p>\n<\/blockquote>\n\n\n\n<hr class=\"wp-block-separator has-alpha-channel-opacity\"\/>\n\n\n\n<h2 class=\"wp-block-heading\"><strong>Tuleva julkaisuaikataulu<\/strong><\/h2>\n\n\n\n<p>Micro Mobility Labsin suunnitelmissa on:<\/p>\n\n\n\n<ul class=\"wp-block-list\">\n<li>Esittelyss\u00e4 saattue osoitteessa <strong>Eurobike 2025<\/strong> (hein\u00e4kuu) media- ja jakelijademoja varten<\/li>\n\n\n\n<li>Aloita rajoitettu Euroopan toimitus vuonna <strong>Vuoden 2025 viimeinen nelj\u00e4nnes<\/strong><\/li>\n\n\n\n<li>Astu Pohjois-Amerikkaan <strong>Vuoden 2026 toinen nelj\u00e4nnes<\/strong> kumppanuuksien kautta toimitusalustojen, kuten Uber Freightin ja Amazon Flexin, kanssa<\/li>\n<\/ul>\n\n\n\n<p>He parhaillaan hiovat akkua ja ohjausmekanismia kest\u00e4vyyden ja kevyemm\u00e4n painon saavuttamiseksi.<\/p>\n\n\n\n<hr class=\"wp-block-separator has-alpha-channel-opacity\"\/>\n\n\n\n<h2 class=\"wp-block-heading\"><strong>Edess\u00e4 olevat haasteet<\/strong><\/h2>\n\n\n\n<p>Convoy t\u00e4ytt\u00e4\u00e4 kevyiden rahtien k\u00e4ytt\u00e4jien tarpeet, mutta se sopii v\u00e4hemm\u00e4n raskaisiin toimitusteht\u00e4viin. Sen 250 W:n moottori ja 30 km:n toimintas\u00e4de t\u00e4ytt\u00e4v\u00e4t eurooppalaiset luokan 1 standardit, vaikkakin ne j\u00e4\u00e4v\u00e4t Pohjois-Amerikan raja-arvojen alapuolelle (luokka 2, enint\u00e4\u00e4n 20 mph). Valmistuksen ja jakelun skaalaaminen kustannusten hallinnassa on edelleen keskeisi\u00e4 haasteita.<\/p>\n\n\n\n<hr class=\"wp-block-separator has-alpha-channel-opacity\"\/>\n\n\n\n<h2 class=\"wp-block-heading\"><strong>Loppusanat<\/strong><\/h2>\n\n\n\n<p>Convoy tuo raikkaan, modulaarisen n\u00e4k\u00f6kulman kaupunkien sis\u00e4logistiikkaan \u2013 yhdist\u00e4en yksinkertaisuuden, joustavuuden ja kest\u00e4vyyden. Perheille, kuriireille tai pienille toimittajille se lis\u00e4\u00e4 rahtikuljetusten hy\u00f6dyllisyytt\u00e4 ilman t\u00e4yden s\u00e4hk\u00f6isen rahtipy\u00f6r\u00e4n kustannuksia tai kokoa. Jos Micro Mobility Labs pystyy skaalautumaan tehokkaasti Eurobiken j\u00e4lkeen, Convoy voisi auttaa vahvistamaan trendi\u00e4 kohti modulaarista ja jaettavaa kaupunkiliikennett\u00e4 \u2013 yksi py\u00f6r\u00e4 kerrallaan.<\/p>\n\n\n\n<h2 class=\"wp-block-heading\">Kuvan tekij\u00e4noikeusvastuuvapauslauseke<\/h2>\n\n\n\n<p>Jotkin t\u00e4ll\u00e4 verkkosivustolla\/artikkelissa k\u00e4ytetyt kuvat ovat per\u00e4isin internetist\u00e4, ja ne on tarkoitettu yksinomaan havainnollistaviin ja koulutustarkoituksiin sis\u00e4ll\u00f6n ymm\u00e4rryksen parantamiseksi. Kunnioitamme alkuper\u00e4isten tekij\u00f6iden immateriaalioikeuksia ja pyrimme mainitsemaan l\u00e4hteet soveltuvin osin.<\/p>\n\n\n\n<p>Jos olet jonkin t\u00e4ss\u00e4 n\u00e4kyv\u00e4n kuvan oikeutettu omistaja ja uskot sen k\u00e4yt\u00f6n loukkaavan tekij\u00e4noikeuksia, ota meihin yhteytt\u00e4 osoitteessa <a href=\"mailto:info@regencargobikes.com\" target=\"_Blank\" rel=\"noreferrer noopener\">info@regencargobikes.com<\/a>Vahvistuksen j\u00e4lkeen poistamme kuvan viipym\u00e4tt\u00e4 tai ilmoitamme asianmukaisen l\u00e4hteen.<\/p>\n\n\n\n<p>Kiitos ymm\u00e4rryksest\u00e4si.<\/p>\n\n\n\n<p>\u00a9 Regen Technology Co., Ltd.<\/p>","protected":false},"excerpt":{"rendered":"<p>June 2025 \u2013 London, UK \u2013 British start-up Micro Mobility Labs has introduced its latest creation, the Convoy C.01 electric cargo trailer, set to debut at this summer\u2019s Eurobike show. Designed to attach easily to most bicycles, the rugged yet lightweight Convoy brings 250W motor power, 30\u202fkm range, and 50\u202fkg payload capacity in a compact, [&hellip;]<\/p>\n","protected":false},"author":2,"featured_media":1506,"comment_status":"open","ping_status":"open","sticky":false,"template":"","format":"standard","meta":{"footnotes":""},"categories":[2],"tags":[],"class_list":["post-1505","post","type-post","status-publish","format-standard","has-post-thumbnail","hentry","category-knowledge"],"_links":{"self":[{"href":"https:\/\/regencargobikes.com\/fi\/wp-json\/wp\/v2\/posts\/1505","targetHints":{"allow":["GET"]}}],"collection":[{"href":"https:\/\/regencargobikes.com\/fi\/wp-json\/wp\/v2\/posts"}],"about":[{"href":"https:\/\/regencargobikes.com\/fi\/wp-json\/wp\/v2\/types\/post"}],"author":[{"embeddable":true,"href":"https:\/\/regencargobikes.com\/fi\/wp-json\/wp\/v2\/users\/2"}],"replies":[{"embeddable":true,"href":"https:\/\/regencargobikes.com\/fi\/wp-json\/wp\/v2\/comments?post=1505"}],"version-history":[{"count":1,"href":"https:\/\/regencargobikes.com\/fi\/wp-json\/wp\/v2\/posts\/1505\/revisions"}],"predecessor-version":[{"id":1507,"href":"https:\/\/regencargobikes.com\/fi\/wp-json\/wp\/v2\/posts\/1505\/revisions\/1507"}],"wp:featuredmedia":[{"embeddable":true,"href":"https:\/\/regencargobikes.com\/fi\/wp-json\/wp\/v2\/media\/1506"}],"wp:attachment":[{"href":"https:\/\/regencargobikes.com\/fi\/wp-json\/wp\/v2\/media?parent=1505"}],"wp:term":[{"taxonomy":"category","embeddable":true,"href":"https:\/\/regencargobikes.com\/fi\/wp-json\/wp\/v2\/categories?post=1505"},{"taxonomy":"post_tag","embeddable":true,"href":"https:\/\/regencargobikes.com\/fi\/wp-json\/wp\/v2\/tags?post=1505"}],"curies":[{"name":"wp","href":"https:\/\/api.w.org\/{rel}","templated":true}]}}