{"id":1600,"date":"2025-06-22T04:17:36","date_gmt":"2025-06-21T20:17:36","guid":{"rendered":"https:\/\/regencargobikes.com\/?p=1600"},"modified":"2025-06-22T04:17:38","modified_gmt":"2025-06-21T20:17:38","slug":"how-fast-can-your-electric-cargo-bike-go","status":"publish","type":"post","link":"https:\/\/regencargobikes.com\/fi\/how-fast-can-your-electric-cargo-bike-go\/","title":{"rendered":"Kuinka nopeasti s\u00e4hk\u00f6inen tavarapy\u00f6r\u00e4si voi menn\u00e4?"},"content":{"rendered":"<p>Meilt\u00e4 Regen:ll\u00e4 kysyt\u00e4\u00e4n usein petollisen yksinkertainen kysymys:<\/p>\n\n\n\n<p><strong>\"Kuinka nopeasti <a href=\"https:\/\/regencargobikes.com\/fi\/what-is-a-cargo-bike\/\" data-type=\"post\" data-id=\"1179\">s\u00e4hk\u00f6inen tavarapy\u00f6r\u00e4<\/a> menn\u00e4?\"<\/strong><\/p>\n\n\n\n<p>Kysymys on oikeutettu ja t\u00e4rke\u00e4. Olipa kyseess\u00e4 ty\u00f6matkaliikenne, tavarantoimitus tai vapaa-ajan ajo, nopeus ei vaikuta vain tehokkuuteen vaan my\u00f6s laillisuuteen, turvallisuuteen ja ajomukavuuteen. T\u00e4n\u00e4\u00e4n viemme sinut siis ohjaustangon taakse ja tutkimaan tietoja. Tutustumme reaalimaailman nopeustilastoihin, lakis\u00e4\u00e4teisiin rajoituksiin ja <strong>mik\u00e4 vaikuttaa tavarapy\u00f6r\u00e4n nopeuteen.<\/strong><\/p><div class=\"regen-test-placement-from-wizard-1604397851\" id=\"regen-2966247842\"><script async src=\"https:\/\/pagead2.googlesyndication.com\/pagead\/js\/adsbygoogle.js?client=ca-pub-1076230867169041\"\n     crossorigin=\"anonymous\"><\/script><\/div><div class=\"regen-test-placement-from-wizard-2878267818\" id=\"regen-715627066\"><script async src=\"https:\/\/pagead2.googlesyndication.com\/pagead\/js\/adsbygoogle.js?client=ca-pub-1076230867169041\"\n     crossorigin=\"anonymous\"><\/script><\/div>\n\n\n\n<hr class=\"wp-block-separator has-alpha-channel-opacity\"\/>\n\n\n\n<h2 class=\"wp-block-heading\"><strong>Nopeusrajoitukset ymp\u00e4ri maailmaa<\/strong><\/h2>\n\n\n\n<p>Aloitetaan perusasioista: <strong>lailliset huippunopeudet vaihtelevat alueittain<\/strong>. Useimmat s\u00e4hk\u00f6k\u00e4ytt\u00f6iset tavarapy\u00f6r\u00e4t kuuluvat kahteen luokkaan:<\/p>\n\n\n\n<figure class=\"wp-block-table\"><table class=\"has-fixed-layout\"><thead><tr><th><strong>Alue<\/strong><\/th><th><strong>Lakis\u00e4\u00e4teinen huippunopeus (km\/h)<\/strong><\/th><th><strong>Huippunopeus (mph)<\/strong><\/th><th><strong>Luokan muistiinpanot<\/strong><\/th><\/tr><\/thead><tbody><tr><td>EU<\/td><td>25<\/td><td>15.5<\/td><td>Pedelec (250W moottori max)<\/td><\/tr><tr><td>EU (Speed-P)<\/td><td>45<\/td><td>28<\/td><td>Speed pedelec, tarvitsee rekister\u00f6innin<\/td><\/tr><tr><td>YHDYSVALLAT<\/td><td>32<\/td><td>20<\/td><td>Luokkien 1 ja 2 s\u00e4hk\u00f6py\u00f6r\u00e4t (750 W:n moottorirajoitus)<\/td><\/tr><tr><td>Kanada<\/td><td>32<\/td><td>20<\/td><td>Max 500W moottorit<\/td><\/tr><\/tbody><\/table><\/figure>\n\n\n\n<p>Useimmissa Euroopan maissa rahtipy\u00f6r\u00e4mme ovat <strong>rajoitus 25 km\/h<\/strong> ovat liikennelain mukaisia polkupy\u00f6ri\u00e4 - ajokorttia tai vakuutusta ei tarvita. Yhdysvalloissa ja Kanadassa enimm\u00e4ism\u00e4\u00e4r\u00e4 on seuraava. <strong>32 km\/h<\/strong>. Jotkin py\u00f6r\u00e4t ylitt\u00e4v\u00e4t t\u00e4m\u00e4n (jopa 45 km\/h) alle <strong>nopeuspedaali<\/strong> luokitus, joka yleens\u00e4 edellytt\u00e4\u00e4 kyp\u00e4r\u00e4n k\u00e4ytt\u00f6\u00e4, vakuutusta ja jopa rekisterikilpe\u00e4.<\/p>\n\n\n\n<p><br>\ud83d\udc49 Linkki: <strong><a href=\"https:\/\/regencargobikes.com\/fi\/electric-cargo-bike-motor-power-system-faq\/\" data-type=\"post\" data-id=\"1310\">Usein kysytyt kysymykset Electric Cargo Bike -moottorij\u00e4rjestelm\u00e4st\u00e4 ja tehosta<\/a><\/strong><\/p>\n\n\n\n<hr class=\"wp-block-separator has-alpha-channel-opacity\"\/>\n\n\n\n<h2 class=\"wp-block-heading\"><strong>Mihin nopeuksiin ajajat todella ylt\u00e4v\u00e4t?<\/strong><\/h2>\n\n\n\n<p>T\u00e4ss\u00e4 kohtaa teoria kohtaa asfaltin. <a href=\"https:\/\/regencargobikes.com\/fi\/long-john-cargo-bike-regen-02\/\" data-type=\"page\" data-id=\"1395\">Regen s\u00e4hk\u00f6k\u00e4ytt\u00f6iset tavarankuljetuspy\u00f6r\u00e4t<\/a> kruisailla mukavasti ymp\u00e4riins\u00e4:<\/p>\n\n\n\n<ul class=\"wp-block-list\">\n<li><strong>20-25 km\/h (12-15,5 mph)<\/strong> vakiopoljinavustuksella<\/li>\n\n\n\n<li><strong>25-28 mph (40-45 km\/h)<\/strong> suuritehoisille tai nopeille pedelec-malleille.<\/li>\n<\/ul>\n\n\n\n<p>Muista kuitenkin, ett\u00e4 nopeus ei ole vain spekseist\u00e4 kiinni. Kyse on <strong>kuormitus, maasto, kuljettajan panos<\/strong>ja tietenkin, <strong>motorinen voima<\/strong>.<\/p>\n\n\n\t\t<div data-elementor-type=\"section\" data-elementor-id=\"1414\" class=\"elementor elementor-1414\" data-elementor-post-type=\"elementor_library\">\n\t\t\t<div class=\"elementor-element elementor-element-7bf5eb01 e-flex e-con-boxed e-con e-parent\" data-id=\"7bf5eb01\" data-element_type=\"container\" data-e-type=\"container\" data-settings=\"{&quot;background_background&quot;:&quot;classic&quot;,&quot;ekit_has_onepagescroll_dot&quot;:&quot;yes&quot;}\">\n\t\t\t\t\t<div class=\"e-con-inner\">\n\t\t<div class=\"elementor-element elementor-element-9fc34e2 e-con-full e-flex e-con e-child\" data-id=\"9fc34e2\" data-element_type=\"container\" data-e-type=\"container\" data-settings=\"{&quot;background_background&quot;:&quot;classic&quot;,&quot;ekit_has_onepagescroll_dot&quot;:&quot;yes&quot;}\">\n\t\t\t\t<div class=\"elementor-element elementor-element-af4e700 elementor-absolute elementor-widget elementor-widget-image\" data-id=\"af4e700\" data-element_type=\"widget\" data-e-type=\"widget\" data-settings=\"{&quot;_position&quot;:&quot;absolute&quot;}\" data-widget_type=\"image.default\">\n\t\t\t\t<div class=\"elementor-widget-container\">\n\t\t\t\t\t\t\t\t\t\t\t\t\t\t\t<img fetchpriority=\"high\" decoding=\"async\" width=\"800\" height=\"422\" src=\"https:\/\/regencargobikes.com\/wp-content\/uploads\/2025\/05\/regen-02-electric-cargo-bike-.webp\" class=\"attachment-large size-large wp-image-1398\" alt=\"Regen 02 s\u00e4hk\u00f6inen tavarapy\u00f6r\u00e4\" srcset=\"https:\/\/regencargobikes.com\/wp-content\/uploads\/2025\/05\/regen-02-electric-cargo-bike-.webp 1000w, https:\/\/regencargobikes.com\/wp-content\/uploads\/2025\/05\/regen-02-electric-cargo-bike--300x158.webp 300w, https:\/\/regencargobikes.com\/wp-content\/uploads\/2025\/05\/regen-02-electric-cargo-bike--768x405.webp 768w, https:\/\/regencargobikes.com\/wp-content\/uploads\/2025\/05\/regen-02-electric-cargo-bike--18x9.webp 18w\" sizes=\"(max-width: 800px) 100vw, 800px\" \/>\t\t\t\t\t\t\t\t\t\t\t\t\t\t\t<\/div>\n\t\t\t\t<\/div>\n\t\t\t\t<\/div>\n\t\t<div class=\"elementor-element elementor-element-7de8cd9d e-con-full e-flex e-con e-child\" data-id=\"7de8cd9d\" data-element_type=\"container\" data-e-type=\"container\" data-settings=\"{&quot;ekit_has_onepagescroll_dot&quot;:&quot;yes&quot;}\">\n\t\t\t\t<div class=\"elementor-element elementor-element-308b8d20 elementor-widget elementor-widget-elementskit-heading\" data-id=\"308b8d20\" data-element_type=\"widget\" data-e-type=\"widget\" data-widget_type=\"elementskit-heading.default\">\n\t\t\t\t<div class=\"elementor-widget-container\">\n\t\t\t\t\t<div class=\"ekit-wid-con\" ><div class=\"ekit-heading elementskit-section-title-wraper text_left   ekit_heading_tablet-   ekit_heading_mobile-text_center\"><h3 class=\"elementskit-section-subtitle\">\n\t\t\t\t\t\tRegen 02 S\u00e4hk\u00f6inen tavarapy\u00f6r\u00e4\n\t\t\t\t\t<\/h3><h2 class=\"ekit-heading--title elementskit-section-title\">Etsitk\u00f6 kompaktia, mukautettavaa etukuormaajaa br\u00e4ndillesi?<\/h2>\t\t\t\t<div class='ekit-heading__description'>\n\t\t\t\t\t<p class=\"p1\">T\u00dcV-testattu aiemmissa r\u00e4\u00e4t\u00e4l\u00f6idyiss\u00e4 projekteissa. Julkisesti saatavilla oleva malli \u2013 konfiguroitava, testattu ja skaalautuva.<\/p>\n\t\t\t\t<\/div>\n\t\t\t<\/div><\/div>\t\t\t\t<\/div>\n\t\t\t\t<\/div>\n\t\t\t\t<div class=\"elementor-element elementor-element-bf516c8 elementor-align-left elementor-align--mobilecenter elementor-widget elementor-widget-elementskit-button\" data-id=\"bf516c8\" data-element_type=\"widget\" data-e-type=\"widget\" data-widget_type=\"elementskit-button.default\">\n\t\t\t\t<div class=\"elementor-widget-container\">\n\t\t\t\t\t<div class=\"ekit-wid-con\" >\t\t<div class=\"ekit-btn-wraper\">\n\t\t\t\t\t\t\t<a href=\"https:\/\/regencargobikes.com\/fi\/long-john-cargo-bike-regen-02\/\" class=\"elementskit-btn  whitespace--normal\" id=\"\">\n\t\t\t\t\tLue lis\u00e4\u00e4\t\t\t\t<\/a>\n\t\t\t\t\t<\/div>\n        <\/div>\t\t\t\t<\/div>\n\t\t\t\t<\/div>\n\t\t\t\t<\/div>\n\t\t\t\t\t<\/div>\n\t\t\t\t<\/div>\n\t\t\t\t<\/div>\n\t\t\n\n\n\n<hr class=\"wp-block-separator has-alpha-channel-opacity\"\/>\n\n\n\n<h3 class=\"wp-block-heading\"><strong> Todellisen maailman esimerkki<\/strong><\/h3>\n\n\n\n<p>Er\u00e4s asiakkaamme Saksassa k\u00e4ytt\u00e4\u00e4 speed-pedelec-lastipy\u00f6r\u00e4\u00e4, jossa on kaksi akkua ja 750 W:n moottori. Tasaisilla kaupunkiteill\u00e4 se kulkee jatkuvasti noin <strong>42 km\/h<\/strong>jopa 60 kg:n lastin kanssa. T\u00e4st\u00e4 huolimatta p\u00e4ivitt\u00e4isess\u00e4 perhek\u00e4yt\u00f6ss\u00e4 tai kunnallisissa kuljetuksissa useimmat Regen-asiakkaat pit\u00e4v\u00e4t Regen:n <strong>25 km\/h rajoitus<\/strong> t\u00e4ysin sopiva - ja turvallinen.<\/p>\n\n\n\n<hr class=\"wp-block-separator has-alpha-channel-opacity\"\/>\n\n\n\n<h2 class=\"wp-block-heading\"><strong>Mitk\u00e4 tekij\u00e4t vaikuttavat E-Cargo-py\u00f6r\u00e4n nopeuteen?<\/strong><\/h2>\n\n\n\n<p>Olemme testanneet kymmeni\u00e4 eri kokoonpanoja pitk\u00e4h\u00e4nt\u00e4malleissamme ja etukuormaajissamme. T\u00e4ss\u00e4 on, mik\u00e4 todella vaikuttaa huippunopeuteen:<\/p>\n\n\n\n<figure class=\"wp-block-table\"><table class=\"has-fixed-layout\"><thead><tr><th><strong>Tekij\u00e4<\/strong><\/th><th><strong>Vaikutus nopeuteen<\/strong><\/th><\/tr><\/thead><tbody><tr><td><strong>Moottorin teho<\/strong><\/td><td>Enemm\u00e4n watteja = suurempi huippunopeus. 250W \u2248 25 km\/h, 750W \u2248 32+ km\/h.<\/td><\/tr><tr><td><strong>Akun kapasiteetti<\/strong><\/td><td>Korkeampi j\u00e4nnite ja ampeeritunnit parantavat jatkuvaa huippunopeutta.<\/td><\/tr><tr><td><strong>Py\u00f6r\u00e4n suunnittelu<\/strong><\/td><td>Longtailit ovat nopeampia ja ketter\u00e4mpi\u00e4 kuin kolmipy\u00f6r\u00e4iset tai korkeapohjaiset laatikkopy\u00f6r\u00e4t.<\/td><\/tr><tr><td><strong><a href=\"https:\/\/regencargobikes.com\/wp-content\/uploads\/2025\/04\/10-key-facts-affect-cargo-bike-load-capacity.jpg\" data-type=\"attachment\" data-id=\"1061\">Kuorman paino<\/a><\/strong><\/td><td>Enemm\u00e4n lastia = alhaisempi kiihtyvyys ja alhaisempi huippunopeus.<\/td><\/tr><tr><td><strong>Maasto ja tuuli<\/strong><\/td><td>Yl\u00e4m\u00e4et ja vastatuulet voivat hidastaa sinua merkitt\u00e4v\u00e4sti.<\/td><\/tr><tr><td><strong>Rengaspaine<\/strong><\/td><td>Ilmanpainetta alentavat renkaat v\u00e4hent\u00e4v\u00e4t nopeutta ja toimintamatkaa.<\/td><\/tr><\/tbody><\/table><\/figure>\n\n\n\n<p>Lis\u00e4lukemista \uff1a<a href=\"https:\/\/regencargobikes.com\/fi\/cargo-bike-frame-geometry\/\" data-type=\"post\" data-id=\"374\">Tavarapy\u00f6rien runkogeometrian ymm\u00e4rt\u00e4minen ja sen vaikutus ajo-ominaisuuksiin<\/a><\/p>\n\n\n\n<h2 class=\"wp-block-heading\"><strong>Nopeus vs. turvallisuus: Mik\u00e4 on riski<\/strong><\/h2>\n\n\n\n<p>Olkaamme rehellisi\u00e4: tavarapy\u00f6r\u00e4t eiv\u00e4t ole kilpapy\u00f6ri\u00e4. Suunnittelemme rungot <strong>vakaus ja lastink\u00e4sittely<\/strong>, ei huimiin nopeuksiin.<\/p>\n\n\n\n<p>Klo <strong>yli 30 mph (~48 km\/h)<\/strong>, pienikin ohjauksen heilahtelu voi olla vaarallista. Pys\u00e4htymismatka kasvaa dramaattisesti painon my\u00f6t\u00e4. Siksi kaikissa Regen-lastipy\u00f6riss\u00e4 on:<\/p>\n\n\n\n<ul class=\"wp-block-list\">\n<li><strong>Hydrauliset levyjarrut<\/strong> mitoitettu yli 200 kg:n kokonaiskuormille<\/li>\n\n\n\n<li><strong>Jousitetut haarukat tai istuintolpat<\/strong> vakautta kuoppaisilla teill\u00e4<\/li>\n\n\n\n<li><strong>Tukevat alumiinirungot<\/strong> jotka kest\u00e4v\u00e4t nopeaa taipumista<\/li>\n<\/ul>\n\n\n\n<p>Lopputulos? <strong>Nopeus on j\u00e4nnitt\u00e4v\u00e4\u00e4, mutta turvallisuus on aina etusijalla.<\/strong><\/p>\n\n\n\n<ul class=\"wp-block-list\">\n<li>Katso vertailumme: <a href=\"https:\/\/regencargobikes.com\/fi\/mechanical-disc-brakes-vs-hydraulic-disc-brakes-in-ecargo-bikes\/\" data-type=\"post\" data-id=\"1047\">Mekaaniset levyjarrut vs. hydrauliset levyjarrut s\u00e4hk\u00f6py\u00f6riss\u00e4 ja tavarapy\u00f6riss\u00e4<\/a> <\/li>\n\n\n\n<li>Tutustu <a href=\"https:\/\/regencargobikes.com\/fi\/frame-strength-what-determines-durability\/\" data-type=\"post\" data-id=\"1160\">Rungon lujuus: Mik\u00e4 m\u00e4\u00e4ritt\u00e4\u00e4 kest\u00e4vyyden?<\/a><\/li>\n<\/ul>\n\n\n\n<h2 class=\"wp-block-heading\"><strong>Suosittujen Cargo E-Bike-py\u00f6rien vertailu (mukaan lukien meid\u00e4n)<\/strong><\/h2>\n\n\n\n<p>T\u00e4ss\u00e4 on vierekk\u00e4in myydyimm\u00e4t tavarapy\u00f6r\u00e4t :<\/p>\n\n\n\n<figure class=\"wp-block-table\"><table class=\"has-fixed-layout\"><thead><tr><th><strong>Malli<\/strong><\/th><th><strong>Moottori (W)<\/strong><\/th><th><strong>Huippunopeus<\/strong><\/th><th><strong>Luokka<\/strong><\/th><th><strong>Huomautukset<\/strong><\/th><\/tr><\/thead><tbody><tr><td><strong>Gunai GN66<\/strong><\/td><td>1,000<\/td><td>~45 km\/h<\/td><td>Speed-pedelec<\/td><td>Suuri teho, sopii yksityisv\u00e4ylille tai jakelulaivastoille.<\/td><\/tr><tr><td><strong>Riese &amp; M\u00fcller Load 75<\/strong><\/td><td>500-850<\/td><td>Jopa 45 km\/h<\/td><td>Speed-pedelec<\/td><td>Kaksoisjousitus, kaksoisakku<\/td><\/tr><tr><td><strong>Longtail 750 Pro<\/strong><\/td><td>750<\/td><td>32-38 km\/h<\/td><td>Luokka 2\/Nopeus-P<\/td><td>Luokkansa paras toimintas\u00e4de ja kiihtyvyys<\/td><\/tr><tr><td><strong>Lectric XPedition<\/strong><\/td><td>750<\/td><td>32 km\/h<\/td><td>Luokka 2<\/td><td>Paksut renkaat, kohtuuhintaiset perheille<\/td><\/tr><tr><td><strong>Decathlon R500E<\/strong><\/td><td>250<\/td><td>25 km\/h<\/td><td>EU Pedelec<\/td><td>Suuri l\u00e4ht\u00f6tason vaihtoehto<\/td><\/tr><\/tbody><\/table><\/figure>\n\n\n\n<p>Etk\u00f6 ole varma, mink\u00e4lainen rahtipy\u00f6r\u00e4 sopii sinulle? Katso: <a href=\"https:\/\/regencargobikes.com\/fi\/types-of-cargo-bike\/\" data-type=\"post\" data-id=\"376\">Kuinka monta erilaista tavarapy\u00f6r\u00e4tyyppi\u00e4 on olemassa?<\/a><\/p>\n\n\n\n<h2 class=\"wp-block-heading\"><strong>Py\u00f6r\u00e4ilyn nopeus ja k\u00e4ytt\u00f6tapaukset (visuaalinen yhteenveto)<\/strong><\/h2>\n\n\n\n<figure class=\"wp-block-table\"><table class=\"has-fixed-layout\"><thead><tr><th><strong>Nopeusalue<\/strong><\/th><th><strong>Py\u00f6r\u00e4ilyluokka<\/strong><\/th><th><strong>Yleiset k\u00e4ytt\u00f6tapaukset<\/strong><\/th><\/tr><\/thead><tbody><tr><td>\u2264 25 km\/h<\/td><td>Pedelec<\/td><td>Koulumatkat, ruokakauppa-ajelut, kaupunkien asioinnit<\/td><\/tr><tr><td>25-32 km\/h<\/td><td>Luokka 2 \/ 750W<\/td><td>Kevyen rahdin toimitus, l\u00e4hi\u00f6liikenn\u00f6inti<\/td><\/tr><tr><td>32-45 km\/h<\/td><td>Speed Pedelec<\/td><td>Kuriiripalvelut, kaukokuljetus<\/td><\/tr><\/tbody><\/table><\/figure>\n\n\n\n<h2 class=\"wp-block-heading\"><strong>Vinkkej\u00e4 Regen:lt\u00e4: Kuinka menn\u00e4 nopeammin, turvallisesti<\/strong><\/h2>\n\n\n\n<p>Haluatko lis\u00e4t\u00e4 e-cargo -py\u00f6r\u00e4si nopeutta ja pysy\u00e4 samalla turvallisissa rajoissa? T\u00e4ss\u00e4 ovat neuvomme:<\/p>\n\n\n\n<ul class=\"wp-block-list\">\n<li><strong>P\u00e4ivit\u00e4 750W:n keskivetoiseen moottoriin<\/strong> jos paikalliset lait sallivat<\/li>\n\n\n\n<li><strong>K\u00e4yt\u00e4 poljinavustinta aktiivisesti<\/strong> ylitt\u00e4\u00e4 pelk\u00e4n moottorin nopeudet<\/li>\n\n\n\n<li><strong>Investoi asianmukaisiin renkaisiin ja jarruj\u00e4rjestelmiin<\/strong>-Etenkin raskaamman lastin kanssa<\/li>\n\n\n\n<li><strong>K\u00e4yt\u00e4 virtaviivaista kuormausasetusta<\/strong> (ei ulkonevia laatikoita tai korkeita paneeleita)<\/li>\n\n\n\n<li><strong>\u00c4l\u00e4 kuormita takatelinett\u00e4 liikaa<\/strong>-Tasapainolla on merkityst\u00e4 suuremmilla nopeuksilla<\/li>\n<\/ul>\n\n\n\n<p>Olemme n\u00e4hneet jakelutiimien lis\u00e4\u00e4v\u00e4n reittien tehokkuutta seuraavasti <strong>35%<\/strong> vain optimoimalla rengaspaineet, lastin painon ja ajotekniikan ilman, ett\u00e4 moottoria tarvitsee muuttaa lainkaan.<\/p>\n\n\n\n<hr class=\"wp-block-separator has-alpha-channel-opacity\"\/>\n\n\n\n<h2 class=\"wp-block-heading\"><strong> Keskeiset asiat<\/strong><\/h2>\n\n\n\n<ul class=\"wp-block-list\">\n<li>Useimmat e-cargo -py\u00f6r\u00e4t ovat laillisesti rajoitettu <strong>25-32 km\/h<\/strong> sijaintisi mukaan<\/li>\n\n\n\n<li>Oikeilla asetuksilla nopeudet <strong>45 km\/h<\/strong> ovat saavutettavissa-mutta vaativat nopeus pedelec luokitus<\/li>\n\n\n\n<li>Todellisen maailman matkanopeudet ovat yleens\u00e4 noin <strong>20-28 km\/h<\/strong>, jossa nopeus on tasapainossa turvallisuuden ja k\u00e4sitelt\u00e4vyyden kanssa<\/li>\n\n\n\n<li>Py\u00f6r\u00e4n kokoonpanolla, lastin kuormalla, maastolla ja jopa kuljettajan painolla on merkityst\u00e4.<\/li>\n\n\n\n<li>Me Regen:ss\u00e4 emme suunnittele py\u00f6ri\u00e4 nopeuden, vaan <strong>turvalliset ja tehokkaat kuljetukset, jotka pit\u00e4v\u00e4t liiketoimintasi tai el\u00e4m\u00e4ntyylisi sujuvasti liikkeess\u00e4.<\/strong><\/li>\n<\/ul>\n\n\n\n<h2 class=\"wp-block-heading\"><strong>Viitteet<\/strong><\/h2>\n\n\n\n<ol start=\"1\" class=\"wp-block-list\">\n<li><a href=\"https:\/\/eur-lex.europa.eu\/legal-content\/EN\/TXT\/?uri=CELEX%3A32013R0168\" target=\"_blank\" rel=\"noopener\">EU:n asetus N:o 168\/2013<\/a><\/li>\n\n\n\n<li><a href=\"https:\/\/www.peopleforbikes.org\/electric-bikes\/policies\" target=\"_blank\" rel=\"noopener\">PeopleForBikes - S\u00e4hk\u00f6py\u00f6r\u00e4ilyluokat<\/a><\/li>\n\n\n\n<li><a href=\"https:\/\/www.decathlon.co.uk\/p\/longtail-cargo-e-bike-r500-electric\/_\/R-p-336237\" target=\"_blank\" rel=\"noopener\">Decathlon R500E Tekniset tiedot<\/a><\/li>\n\n\n\n<li><a href=\"https:\/\/cleantechnica.com\/2023\/06\/15\/lectric-xpedition-cargo-ebike-review\/\" target=\"_blank\" rel=\"noopener\">CleanTechnican arvostelu Lectric XPeditionista<\/a><\/li>\n\n\n\n<li><a href=\"https:\/\/www.bikeradar.com\/news\/yamaha-electric-cargo-bike\/\" target=\"_blank\" rel=\"noopener\">Giant\/Yamaha Cargo E-Bike lanseeraus<\/a><\/li>\n\n\n\n<li><a href=\"https:\/\/urbanarrow.com\" target=\"_blank\" rel=\"noopener\">Urban Arrow Tender Fleet -k\u00e4ytt\u00f6tapaukset<\/a><\/li>\n\n\n\n<li><a href=\"https:\/\/www.alibaba.com\/product-detail\/1000w-cargo-bike_1600780935471.html\" target=\"_blank\" rel=\"noopener\">Gunai GN66 Tuoteluettelo<\/a><\/li>\n\n\n\n<li><a href=\"https:\/\/www.r-m.de\/en-us\/models\/load-75\/\" target=\"_blank\" rel=\"noopener\">Riese &amp; M\u00fcller Load 75 Tekniset tiedot<\/a><\/li>\n<\/ol>\n\n\n\n<hr class=\"wp-block-separator has-alpha-channel-opacity\"\/>\n\n\n\n<p><strong>Haluatko lis\u00e4tietoja tai koeajaa Regen:n uusimmat longtail- tai trike-mallit?<\/strong><\/p>\n\n\n\n<p>Ota meihin yhteytt\u00e4 milloin tahansa - suunnittelutiimimme opastaa sinua mielell\u00e4\u00e4n, mik\u00e4 nopeusasetus sopii reitillesi, maastoon ja paikallisiin lakeihin.<\/p>\n\n\n\t\t<div data-elementor-type=\"section\" data-elementor-id=\"1591\" class=\"elementor elementor-1591\" data-elementor-post-type=\"elementor_library\">\n\t\t\t<div class=\"elementor-element elementor-element-8afca32 e-flex e-con-boxed e-con e-parent\" data-id=\"8afca32\" data-element_type=\"container\" data-e-type=\"container\" data-settings=\"{&quot;background_background&quot;:&quot;classic&quot;,&quot;ekit_has_onepagescroll_dot&quot;:&quot;yes&quot;}\">\n\t\t\t\t\t<div class=\"e-con-inner\">\n\t\t<div class=\"elementor-element elementor-element-24ec346 e-con-full e-flex e-con e-child\" data-id=\"24ec346\" data-element_type=\"container\" data-e-type=\"container\" data-settings=\"{&quot;background_background&quot;:&quot;classic&quot;,&quot;ekit_has_onepagescroll_dot&quot;:&quot;yes&quot;}\">\n\t\t\t\t<div class=\"elementor-element elementor-element-6b475eec elementor-absolute elementor-widget elementor-widget-image\" data-id=\"6b475eec\" data-element_type=\"widget\" data-e-type=\"widget\" data-settings=\"{&quot;_position&quot;:&quot;absolute&quot;}\" data-widget_type=\"image.default\">\n\t\t\t\t<div class=\"elementor-widget-container\">\n\t\t\t\t\t\t\t\t\t\t\t\t\t\t\t<img decoding=\"async\" width=\"800\" height=\"450\" src=\"https:\/\/regencargobikes.com\/wp-content\/uploads\/2025\/03\/RT.651.webp\" class=\"attachment-large size-large wp-image-1522\" alt=\"\" srcset=\"https:\/\/regencargobikes.com\/wp-content\/uploads\/2025\/03\/RT.651.webp 1000w, https:\/\/regencargobikes.com\/wp-content\/uploads\/2025\/03\/RT.651-300x169.webp 300w, https:\/\/regencargobikes.com\/wp-content\/uploads\/2025\/03\/RT.651-768x432.webp 768w, https:\/\/regencargobikes.com\/wp-content\/uploads\/2025\/03\/RT.651-18x10.webp 18w\" sizes=\"(max-width: 800px) 100vw, 800px\" \/>\t\t\t\t\t\t\t\t\t\t\t\t\t\t\t<\/div>\n\t\t\t\t<\/div>\n\t\t\t\t<div class=\"elementor-element elementor-element-48fc00c2 elementor-widget elementor-widget-image\" data-id=\"48fc00c2\" data-element_type=\"widget\" data-e-type=\"widget\" data-widget_type=\"image.default\">\n\t\t\t\t<div class=\"elementor-widget-container\">\n\t\t\t\t\t\t\t\t\t\t\t\t\t\t\t<img decoding=\"async\" width=\"533\" height=\"330\" src=\"https:\/\/regencargobikes.com\/wp-content\/uploads\/2025\/04\/New-1.png\" class=\"attachment-large size-large wp-image-436\" alt=\"\" srcset=\"https:\/\/regencargobikes.com\/wp-content\/uploads\/2025\/04\/New-1.png 533w, https:\/\/regencargobikes.com\/wp-content\/uploads\/2025\/04\/New-1-300x186.png 300w\" sizes=\"(max-width: 533px) 100vw, 533px\" \/>\t\t\t\t\t\t\t\t\t\t\t\t\t\t\t<\/div>\n\t\t\t\t<\/div>\n\t\t\t\t<\/div>\n\t\t<div class=\"elementor-element elementor-element-25aa7a08 e-con-full e-flex e-con e-child\" data-id=\"25aa7a08\" data-element_type=\"container\" data-e-type=\"container\" data-settings=\"{&quot;ekit_has_onepagescroll_dot&quot;:&quot;yes&quot;}\">\n\t\t\t\t<div class=\"elementor-element elementor-element-3d854eb8 elementor-widget elementor-widget-elementskit-heading\" data-id=\"3d854eb8\" data-element_type=\"widget\" data-e-type=\"widget\" data-widget_type=\"elementskit-heading.default\">\n\t\t\t\t<div class=\"elementor-widget-container\">\n\t\t\t\t\t<div class=\"ekit-wid-con\" ><div class=\"ekit-heading elementskit-section-title-wraper text_left   ekit_heading_tablet-   ekit_heading_mobile-text_center\"><p class=\"elementskit-section-subtitle\">\n\t\t\t\t\t\tVain 20 MOQ-py\u00f6r\u00e4\u00e4 aloitettavaksi \n\t\t\t\t\t<\/p><p class=\"ekit-heading--title elementskit-section-title\">Mukautettava E-Cargo-py\u00f6r\u00e4 - RS01 <\/p>\t\t\t\t<div class='ekit-heading__description'>\n\t\t\t\t\t<p class=\"p2\">Olitpa sitten kasvava tuotemerkki tai l\u00e4hikauppa, raskaat kuormapy\u00f6r\u00e4mme ovat p\u00e4\u00e4sylippusi ymp\u00e4rist\u00f6yst\u00e4v\u00e4llisen toimituksen kasvavaan maailmaan. L\u00e4hdet\u00e4\u00e4n liikkeelle!<\/p>\n\t\t\t\t<\/div>\n\t\t\t<\/div><\/div>\t\t\t\t<\/div>\n\t\t\t\t<\/div>\n\t\t\t\t<div class=\"elementor-element elementor-element-137412e2 elementor-align-left elementor-align--mobilecenter elementor-widget elementor-widget-elementskit-button\" data-id=\"137412e2\" data-element_type=\"widget\" data-e-type=\"widget\" data-widget_type=\"elementskit-button.default\">\n\t\t\t\t<div class=\"elementor-widget-container\">\n\t\t\t\t\t<div class=\"ekit-wid-con\" >\t\t<div class=\"ekit-btn-wraper\">\n\t\t\t\t\t\t\t<a href=\"#elementor-action%3Aaction%3Dpopup%3Aopen%26settings%3DeyJpZCI6IjczNCIsInRvZ2dsZSI6ZmFsc2V9\" class=\"elementskit-btn  whitespace--normal\" id=\"\">\n\t\t\t\t\tPyyd\u00e4 tarjous\t\t\t\t<\/a>\n\t\t\t\t\t<\/div>\n        <\/div>\t\t\t\t<\/div>\n\t\t\t\t<\/div>\n\t\t\t\t<\/div>\n\t\t\t\t\t<\/div>\n\t\t\t\t<\/div>\n\t\t\t\t<\/div>","protected":false},"excerpt":{"rendered":"<p>At Regen, we often get asked a deceptively simple question: \u201cHow fast can your electric cargo bike go?\u201d It\u2019s a fair question\u2014and an important one. Whether you\u2019re commuting, delivering goods, or riding for leisure, speed affects not just efficiency, but legality, safety, and riding comfort. So today, we\u2019re taking you behind the handlebars and into [&hellip;]<\/p>\n","protected":false},"author":2,"featured_media":1595,"comment_status":"open","ping_status":"closed","sticky":false,"template":"","format":"standard","meta":{"footnotes":""},"categories":[2,30],"tags":[],"class_list":["post-1600","post","type-post","status-publish","format-standard","has-post-thumbnail","hentry","category-knowledge","category-blog"],"_links":{"self":[{"href":"https:\/\/regencargobikes.com\/fi\/wp-json\/wp\/v2\/posts\/1600","targetHints":{"allow":["GET"]}}],"collection":[{"href":"https:\/\/regencargobikes.com\/fi\/wp-json\/wp\/v2\/posts"}],"about":[{"href":"https:\/\/regencargobikes.com\/fi\/wp-json\/wp\/v2\/types\/post"}],"author":[{"embeddable":true,"href":"https:\/\/regencargobikes.com\/fi\/wp-json\/wp\/v2\/users\/2"}],"replies":[{"embeddable":true,"href":"https:\/\/regencargobikes.com\/fi\/wp-json\/wp\/v2\/comments?post=1600"}],"version-history":[{"count":2,"href":"https:\/\/regencargobikes.com\/fi\/wp-json\/wp\/v2\/posts\/1600\/revisions"}],"predecessor-version":[{"id":1602,"href":"https:\/\/regencargobikes.com\/fi\/wp-json\/wp\/v2\/posts\/1600\/revisions\/1602"}],"wp:featuredmedia":[{"embeddable":true,"href":"https:\/\/regencargobikes.com\/fi\/wp-json\/wp\/v2\/media\/1595"}],"wp:attachment":[{"href":"https:\/\/regencargobikes.com\/fi\/wp-json\/wp\/v2\/media?parent=1600"}],"wp:term":[{"taxonomy":"category","embeddable":true,"href":"https:\/\/regencargobikes.com\/fi\/wp-json\/wp\/v2\/categories?post=1600"},{"taxonomy":"post_tag","embeddable":true,"href":"https:\/\/regencargobikes.com\/fi\/wp-json\/wp\/v2\/tags?post=1600"}],"curies":[{"name":"wp","href":"https:\/\/api.w.org\/{rel}","templated":true}]}}