{"id":1739,"date":"2025-07-17T17:23:16","date_gmt":"2025-07-17T09:23:16","guid":{"rendered":"https:\/\/regencargobikes.com\/?p=1739"},"modified":"2025-07-17T17:23:19","modified_gmt":"2025-07-17T09:23:19","slug":"cargo-bike-front-light-guide","status":"publish","type":"post","link":"https:\/\/regencargobikes.com\/fi\/cargo-bike-front-light-guide\/","title":{"rendered":"Cargo Bike etuvalo-opas: Kirkkaus, v\u00e4ri ja turvallisuus selitettyin\u00e4"},"content":{"rendered":"<p>Regen:ss\u00e4, jossa suunnittelemme ja valmistamme t\u00e4ydellisi\u00e4 kuormapy\u00f6r\u00e4j\u00e4rjestelmi\u00e4 perheille ja laivastoille, meilt\u00e4 kysyt\u00e4\u00e4n usein etuvalaistuksesta - etenkin kun kuljettajat alkavat kulkea ty\u00f6matkoja h\u00e4m\u00e4r\u00e4ss\u00e4, liikkua h\u00e4m\u00e4rill\u00e4 kaupunkikujilla tai kuljettaa tavaraa pimeill\u00e4 maaseututeill\u00e4. Valaistuksessa ei ole kyse vain n\u00e4kyvyydest\u00e4, vaan my\u00f6s tieliikenteen laillisuudesta, kuljettajan turvallisuudesta ja jopa akun tehokkuudesta.<\/p>\n\n\n\n<p>T\u00e4ss\u00e4 oppaassa vastaamme tavallisimpiin kysymyksiin tavarapy\u00f6r\u00e4n etuvaloista aina siit\u00e4, kuinka monta lumenia todella tarvitset ja onko 4000 lumenia liikaa - kaikki standardien ja todellisten k\u00e4ytt\u00f6tapausten tukemana.<\/p>\n\n\n\n<h2 class=\"wp-block-heading\"><strong><font style=\"vertical-align: inherit;\"><font style=\"vertical-align: inherit;\"><strong>Mik\u00e4 on Cargo Bike -py\u00f6r\u00e4n etuvalo?<\/strong><\/font><\/font><\/strong><\/h2>\n\n\n\n<p>A <strong>cargo bike etuvalo<\/strong> on ohjaustankoon, haarukan kruunuun tai tavaratelineeseen asennettu eteenp\u00e4in suunnattu valaisinlaite. Se on suunniteltu:<\/p><div class=\"regen-test-placement-from-wizard-1604397851\" id=\"regen-3917053661\"><script async src=\"https:\/\/pagead2.googlesyndication.com\/pagead\/js\/adsbygoogle.js?client=ca-pub-1076230867169041\"\n     crossorigin=\"anonymous\"><\/script><\/div><div class=\"regen-test-placement-from-wizard-2878267818\" id=\"regen-3658476028\"><script async src=\"https:\/\/pagead2.googlesyndication.com\/pagead\/js\/adsbygoogle.js?client=ca-pub-1076230867169041\"\n     crossorigin=\"anonymous\"><\/script><\/div>\n\n\n\n<ul class=\"wp-block-list\">\n<li><strong>Aktiivinen valaistus<\/strong> (valaisemaan ratsastajan tiet\u00e4)<\/li>\n\n\n\n<li><strong>Passiivinen n\u00e4kyvyys<\/strong> (varoittaa muita l\u00e4sn\u00e4olostasi)<\/li>\n<\/ul>\n\n\n\n<p>Toisin kuin tavalliset ty\u00f6matkapy\u00f6r\u00e4t, tavarapy\u00f6r\u00e4t voivat kuljettaa matkustajia tai tavaroita, ja ne toimivat usein suuremmilla kuormilla ja nopeuksilla. T\u00e4m\u00e4n vuoksi luotettava etuvalaistus ei ole vain hy\u00f6dyllinen vaan v\u00e4ltt\u00e4m\u00e4t\u00f6n, koska <strong>tieliikenteen laillisuus ja kuljettajan turvallisuus<\/strong>.<\/p>\n\n\n\n<figure class=\"wp-block-table\"><table class=\"has-fixed-layout\"><thead><tr><th><strong>Tekij\u00e4<\/strong><\/th><th><strong>Kaupunkik\u00e4ytt\u00f6<\/strong><\/th><th><strong>Maaseudun tai polkujen k\u00e4ytt\u00f6<\/strong><\/th><th><strong>Rahtipy\u00f6r\u00e4t<\/strong><\/th><\/tr><\/thead><tbody><tr><td><strong>Lumeneita<\/strong><\/td><td>300-500<\/td><td>800-2000+<\/td><td>500-1500<\/td><\/tr><tr><td><strong>S\u00e4dekuvio<\/strong><\/td><td>Leve\u00e4, lyhyt<\/td><td>Pitk\u00e4, keskittynyt<\/td><td>Laaja + keskialue<\/td><\/tr><tr><td><strong>Asennus<\/strong><\/td><td>Ohjaustanko<\/td><td>Haarukka \/ kyp\u00e4r\u00e4<\/td><td>Haarukka tai integroitu telineeseen<\/td><\/tr><tr><td><strong>Paristotyyppi<\/strong><\/td><td>USB-ladattava<\/td><td>Suuren kapasiteetin ulkoinen pakkaus<\/td><td>Integroitu p\u00e4\u00e4akun kanssa (e-cargo-py\u00f6rille)<\/td><\/tr><\/tbody><\/table><\/figure>\n\n\n\n<p>Tavarapy\u00f6rille suosittelemme <strong>laajakulmas\u00e4de<\/strong> joka valaisee sek\u00e4 tien ett\u00e4 sivut - erityisesti pitk\u00e4n etulaatikon kanssa, joka voi heitt\u00e4\u00e4 varjoja. Integroidut valot, jotka ottavat virran s\u00e4hk\u00f6py\u00f6r\u00e4n p\u00e4\u00e4akusta, tarjoavat luotettavuutta ja mukavuutta.<\/p>\n\n\n\n<h2 class=\"wp-block-heading\"><strong>Tarvitsetko todella etuvalon py\u00f6r\u00e4\u00e4n?<\/strong><\/h2>\n\n\n\n<p>Kyll\u00e4 - sek\u00e4 oikeudellisesti ett\u00e4 k\u00e4yt\u00e4nn\u00f6ss\u00e4 etuvalo on v\u00e4ltt\u00e4m\u00e4t\u00f6n.<\/p>\n\n\n\n<ul class=\"wp-block-list\">\n<li><a href=\"https:\/\/regencargobikes.com\/fi\/cargo-bike-safety-standard-en-17860\/\" data-type=\"post\" data-id=\"416\"><strong>Oikeudellinen vaatimus<\/strong>: Useimmissa EU-maissa ja Yhdistyneess\u00e4 kuningaskunnassa valkoinen etuvalo on pakollinen, kun ajetaan y\u00f6ll\u00e4 tai huonosti n\u00e4kyviss\u00e4 olosuhteissa (EN 15194 ja paikalliset liikennes\u00e4\u00e4nn\u00f6t).<\/a><\/li>\n\n\n\n<li><strong>K\u00e4yt\u00e4nn\u00f6n v\u00e4ltt\u00e4m\u00e4tt\u00f6myys<\/strong>: Se antaa muiden tienk\u00e4ytt\u00e4jien n\u00e4hd\u00e4 sinut ja auttaa sinua n\u00e4kem\u00e4\u00e4n edess\u00e4si olevan tien, erityisesti kuoppia, reunakivi\u00e4 tai roskia - erityisen t\u00e4rke\u00e4\u00e4 kuormatulla tavarapy\u00f6r\u00e4ll\u00e4.<\/li>\n<\/ul>\n\n\n\n<blockquote class=\"wp-block-quote is-layout-flow wp-block-quote-is-layout-flow\">\n<p><strong>Todellinen k\u00e4ytt\u00f6tapaus<\/strong>: Kaupunkil\u00e4hetysten kuljettajat raportoivat usein, ett\u00e4 ilman kunnollista etuvalaisinta n\u00e4kyvyys heikkenee yli 50% auringonlaskun j\u00e4lkeen - jopa hyvin valaistuilla kaduilla.<\/p>\n\n\n\n<h2 class=\"wp-block-heading\"><strong>Tarvitaanko Cargo Bike -py\u00f6r\u00e4ss\u00e4 etuvalo?<\/strong><\/h2>\n\n\n\n<p>Kyll\u00e4, useimmissa Euroopan maissa ja Yhdistyneess\u00e4 kuningaskunnassa, <strong>etuvalot ovat lakis\u00e4\u00e4teiset<\/strong> py\u00f6rille, joita k\u00e4ytet\u00e4\u00e4n y\u00f6ll\u00e4 tai huonossa n\u00e4kyvyydess\u00e4.<\/p>\n\n\n\n<p>Mukaan <strong>EU:n asetus EN 15194<\/strong> (s\u00e4hk\u00f6avusteisten polkupy\u00f6rien osalta):<\/p>\n\n\n\n<ul class=\"wp-block-list\">\n<li>A <strong>valkoinen tai valikoiva keltainen etuvalo<\/strong> on asennettava.<\/li>\n\n\n\n<li>Valon on oltava n\u00e4kyviss\u00e4 v\u00e4hint\u00e4\u00e4n <strong>100 metri\u00e4<\/strong>.<\/li>\n\n\n\n<li>Tieliikennehyv\u00e4ksynt\u00e4\u00e4 varten valokeila ei saa h\u00e4ik\u00e4ist\u00e4 muita tienk\u00e4ytt\u00e4ji\u00e4 (katkaistu valo).<\/li>\n<\/ul>\n\n\n\n<p>Saksassa <strong>StVZO (Stra\u00dfenverkehrs-Zulassungs-Ordnung)<\/strong> standardi edellytt\u00e4\u00e4 erityist\u00e4 valonmuodostusta, kirkkautta ja virtal\u00e4hteen vakautta erityisesti s\u00e4hk\u00f6py\u00f6rille.<\/p>\n<\/blockquote>\n\n\n\n<h2 class=\"wp-block-heading\"><strong>Mink\u00e4 v\u00e4risen valon pit\u00e4isi olla py\u00f6r\u00e4n etuosassa?<\/strong><\/h2>\n\n\n\n<p>The <strong>oikea v\u00e4ri etuvalaisimelle<\/strong> on joko:<\/p>\n\n\n\n<p><strong>Valikoiva keltainen<\/strong> (harvinaisempi, k\u00e4ytet\u00e4\u00e4n sumussa tai matalan kontrastin olosuhteissa)<\/p>\n\n\n\n<p><strong>Valkoinen<\/strong> (yleisin ja laillisin kaikilla alueilla)<\/p>\n\n\n\n<p>EU:n ja Yhdistyneen kuningaskunnan s\u00e4\u00e4nn\u00f6iss\u00e4 (EN 15194, StVZO Saksassa, Road Vehicles Lighting Regulations Yhdistyneess\u00e4 kuningaskunnassa) s\u00e4\u00e4det\u00e4\u00e4n, ett\u00e4 etuvalon on annettava tasainen tai vilkkuva valo. <strong>valkoinen s\u00e4de<\/strong>.<\/p>\n\n\n\n<blockquote class=\"wp-block-quote is-layout-flow wp-block-quote-is-layout-flow\">\n<p><strong>T\u00e4rke\u00e4<\/strong>: Siniset tai v\u00e4rilliset valot edess\u00e4 ovat usein laittomia, ja niit\u00e4 voidaan erehty\u00e4 luulemaan h\u00e4t\u00e4ajoneuvoiksi tai ne voivat aiheuttaa n\u00e4kyvyysongelmia muille tienk\u00e4ytt\u00e4jille.<\/p>\n<\/blockquote>\n\n\n\n<p><strong>Vihje<\/strong>: L\u00e4mpim\u00e4n valkoiset valot (4000-5000K v\u00e4ril\u00e4mp\u00f6tila) ovat miellytt\u00e4v\u00e4mpi\u00e4 y\u00f6ajelussa kuin karkeita sinis\u00e4vyisi\u00e4 LED-valoja.<\/p>\n\n\n\n<h2 class=\"wp-block-heading\"><strong>Kuinka monta lumenia etupy\u00f6r\u00e4n valon pit\u00e4isi olla?<\/strong><\/h2>\n\n\n\n<p><br>Kirkkaus mitataan <strong>lumenia<\/strong>, jotka m\u00e4\u00e4ritt\u00e4v\u00e4t n\u00e4kyv\u00e4n valon kokonaism\u00e4\u00e4r\u00e4n.<\/p>\n\n\n\n<figure class=\"wp-block-table\"><table class=\"has-fixed-layout\"><thead><tr><th><strong>Ratsastustilanne<\/strong><\/th><th><strong>Suositeltu v\u00e4himm\u00e4isvalovoima<\/strong><\/th><\/tr><\/thead><tbody><tr><td>N\u00e4kyvyys p\u00e4iv\u00e4ll\u00e4 (vilkkuva tila)<\/td><td>200-300 lumenia<\/td><\/tr><tr><td>Ratsastus kaupungissa y\u00f6ll\u00e4<\/td><td>400-600 lumenia<\/td><\/tr><tr><td>Maaseutumaiset tai valaisemattomat tiet<\/td><td>800-1500 lumenia<\/td><\/tr><tr><td>Nopea laskeutuminen \/ raskas kuorma<\/td><td>1500-2000+ lumenia<\/td><\/tr><\/tbody><\/table><\/figure>\n\n\n\n<p>Sill\u00e4 <strong>rahtipy\u00f6r\u00e4t<\/strong>, suosittelemme yleens\u00e4 <strong>600-1200 lumenia<\/strong>riippuen:<\/p>\n\n\n\n<ul class=\"wp-block-list\">\n<li>Ajatpa sitten y\u00f6ll\u00e4<\/li>\n\n\n\n<li>Tien valaistusolosuhteet<\/li>\n\n\n\n<li>nopeus ja lastin paino (jotka vaikuttavat pys\u00e4htymisaikaan).<\/li>\n<\/ul>\n\n\n\n<p><strong>Ammattilaisen vinkki<\/strong>: Valitse valaisin, jossa on s\u00e4\u00e4dett\u00e4v\u00e4t kirkkausasetukset (esim. matala-keskikorkea), jotta virrankulutus ja n\u00e4kyvyys ovat tasapainossa.<\/p>\n\n\n\n<h2 class=\"wp-block-heading\"><strong>Onko 1000 \/ 3000 \/ 4000 lumenia liian kirkas py\u00f6r\u00e4valolle?<\/strong><\/h2>\n\n\n\n<p>Se riippuu - mutta kyll\u00e4, se <em>voi olla<\/em> liian kirkas joissakin olosuhteissa.<\/p>\n\n\n\n<figure class=\"wp-block-table\"><table class=\"has-fixed-layout\"><thead><tr><th><strong>Lumen-taso<\/strong><\/th><th><strong>K\u00e4ytt\u00f6tapaus<\/strong><\/th><th><strong>Liian kirkas?<\/strong><\/th><\/tr><\/thead><tbody><tr><td><strong>1000 lumenia<\/strong><\/td><td>Erinomainen tavarapy\u00f6rille ja yleisk\u00e4ytt\u00f6\u00f6n.<\/td><td>\u2705 Turvallinen ja ihanteellinen<\/td><\/tr><tr><td><strong>3000 lumenia<\/strong><\/td><td>Soveltuu maastoon tai eritt\u00e4in pimeille alueille.<\/td><td>\u26a0\ufe0f Riski muiden h\u00e4ik\u00e4isemisest\u00e4<\/td><\/tr><tr><td><strong>4000+ lumenia<\/strong><\/td><td>\u00c4\u00e4rimm\u00e4inen kirkkaus; MTB- tai polkuk\u00e4ytt\u00f6\u00f6n<\/td><td>\ud83d\udeab Liikaa maantiek\u00e4ytt\u00f6\u00f6n<\/td><\/tr><\/tbody><\/table><\/figure>\n\n\n\n<p><strong>Miksi liiallinen kirkkaus voi olla ongelma:<\/strong><\/p>\n\n\n\n<ul class=\"wp-block-list\">\n<li>H\u00e4ik\u00e4isee vastaantulevia ratsastajia tai kuljettajia<\/li>\n\n\n\n<li>Saattaa rikkoa lakis\u00e4\u00e4teisi\u00e4 normeja esimerkiksi Saksassa (StVZO-vaatimusten mukaiset valot rajoittavat valon voimakkuutta).<\/li>\n\n\n\n<li>Tuhlaa energiaa - tyhjent\u00e4\u00e4 s\u00e4hk\u00f6py\u00f6r\u00e4n akun tai ulkoisen valopakkauksen nopeammin.<\/li>\n<\/ul>\n\n\n\n<p><strong>Ratkaisu<\/strong>: Etsi valoja, joissa on h\u00e4ik\u00e4isem\u00e4tt\u00f6m\u00e4t linssit tai katkaistu valo - n\u00e4m\u00e4 suuntaavat valon alasp\u00e4in ja valaisevat tien sokaistamatta muita.<\/p>\n\n\n\n<h2 class=\"wp-block-heading\"><strong>Tyypit <a href=\"https:\/\/regencargobikes.com\/fi\/what-is-a-cargo-bike\/\" data-type=\"post\" data-id=\"1179\">Cargo Bike<\/a> Etuvalaisimet virtal\u00e4hteitt\u00e4in<\/strong><\/h2>\n\n\n\n<figure class=\"wp-block-table\"><table class=\"has-fixed-layout\"><thead><tr><th><strong>Tyyppi<\/strong><\/th><th><strong>Kuvaus<\/strong><\/th><th><strong>Sopii<\/strong><\/th><\/tr><\/thead><tbody><tr><td><strong>Paristok\u00e4ytt\u00f6inen<\/strong><\/td><td>Integroitu litium-ionikenno, ladattavissa USB:n kautta.<\/td><td>Kevyet kokoonpanot, rento kaupunkik\u00e4ytt\u00f6<\/td><\/tr><tr><td><strong>Dynamiikkak\u00e4ytt\u00f6inen<\/strong><\/td><td>Keskusyksikk\u00f6k\u00e4ytt\u00f6inen, energiatehokas, \u00e4\u00e4ret\u00f6n k\u00e4ytt\u00f6aika.<\/td><td>Hy\u00f6typy\u00f6r\u00e4t, latausta ei tarvita<\/td><\/tr><tr><td><strong>E-py\u00f6r\u00e4j\u00e4rjestelm\u00e4 powered<\/strong><\/td><td>Johdotettu s\u00e4hk\u00f6py\u00f6r\u00e4n p\u00e4\u00e4akkuun ohjaimen kautta.<\/td><td>Useimmat nykyaikaiset lastipy\u00f6r\u00e4t, joissa on keskusakku<\/td><\/tr><\/tbody><\/table><\/figure>\n\n\n\n<h2 class=\"wp-block-heading\"><strong>Lis\u00e4ominaisuudet, joita kannattaa etsi\u00e4 Cargo Bike -etuvalaisimesta<\/strong><\/h2>\n\n\n\n<ul class=\"wp-block-list\">\n<li><strong>Integroitu asennusj\u00e4rjestelm\u00e4<\/strong>: Erityisen t\u00e4rke\u00e4\u00e4 etukuormaajapy\u00f6rille. Haarukkaan asennettu tai telineeseen integroitu valo v\u00e4hent\u00e4\u00e4 t\u00e4rin\u00e4\u00e4 ja parantaa s\u00e4teen vakautta.<\/li>\n\n\n\n<li><strong>Vedenpit\u00e4v\u00e4 luokitus<\/strong>: V\u00e4hint\u00e4\u00e4n IPX4 sateisia ty\u00f6matkoja varten.<\/li>\n\n\n\n<li><strong>P\u00e4iv\u00e4ajotila<\/strong>: Parantaa n\u00e4kyvyytt\u00e4 p\u00e4iv\u00e4nvalossa - yh\u00e4 useammin rahtikuljetuslaivastoissa.<\/li>\n\n\n\n<li><strong>Akun integrointi<\/strong>: E-cargo -py\u00f6riss\u00e4 etuvalo, joka ottaa virtaa py\u00f6r\u00e4n p\u00e4\u00e4akusta, on ihanteellinen - v\u00e4hemm\u00e4n komponentteja ladattavaksi tai hallittavaksi.<\/li>\n\n\n\n<li><strong>Standlight-toiminto<\/strong>: Jotkin huippuluokan dynamo- tai integroidut valot palavat muutaman minuutin ajan pys\u00e4htymisen j\u00e4lkeen - hy\u00f6dyllisi\u00e4 punaisissa valoissa tai lyhyill\u00e4 pys\u00e4hdyksill\u00e4.<\/li>\n<\/ul>\n\n\n\n<h2 class=\"wp-block-heading\"><strong>Huomioon otettavat oikeudelliset ja turvallisuusstandardit<\/strong><\/h2>\n\n\n\n<p>Kun ostat tai asennat etuvaloj\u00e4rjestelm\u00e4n, tarkista, ett\u00e4 se t\u00e4ytt\u00e4\u00e4 seuraavat vaatimukset:<\/p>\n\n\n\n<ul class=\"wp-block-list\">\n<li><strong>EN 15194<\/strong> - Eurooppalainen s\u00e4hk\u00f6py\u00f6r\u00e4n turvallisuuss\u00e4\u00e4nt\u00f6, sis\u00e4lt\u00e4\u00e4 valaistusvaatimukset<\/li>\n\n\n\n<li><strong>StVZO<\/strong> - Saksalainen tievalaistusstandardi (jos vied\u00e4\u00e4n tai myyd\u00e4\u00e4n Saksassa).<\/li>\n\n\n\n<li><strong>UN ECE R113<\/strong> - s\u00e4dekuvioiden ja valon levi\u00e4misen osalta, mik\u00e4 on erityisen t\u00e4rke\u00e4\u00e4 suuremmille s\u00e4hk\u00f6ajoneuvoille.<\/li>\n\n\n\n<li><strong>RoHS \/ CE<\/strong> - S\u00e4hk\u00f6komponenttien turvallisuus ja ymp\u00e4rist\u00f6vaatimusten noudattaminen<\/li>\n<\/ul>\n\n\n\n<hr class=\"wp-block-separator has-alpha-channel-opacity\"\/>\n\n\n\t\t<div data-elementor-type=\"section\" data-elementor-id=\"1414\" class=\"elementor elementor-1414\" data-elementor-post-type=\"elementor_library\">\n\t\t\t<div class=\"elementor-element elementor-element-7bf5eb01 e-flex e-con-boxed e-con e-parent\" data-id=\"7bf5eb01\" data-element_type=\"container\" data-e-type=\"container\" data-settings=\"{&quot;background_background&quot;:&quot;classic&quot;,&quot;ekit_has_onepagescroll_dot&quot;:&quot;yes&quot;}\">\n\t\t\t\t\t<div class=\"e-con-inner\">\n\t\t<div class=\"elementor-element elementor-element-9fc34e2 e-con-full e-flex e-con e-child\" data-id=\"9fc34e2\" data-element_type=\"container\" data-e-type=\"container\" data-settings=\"{&quot;background_background&quot;:&quot;classic&quot;,&quot;ekit_has_onepagescroll_dot&quot;:&quot;yes&quot;}\">\n\t\t\t\t<div class=\"elementor-element elementor-element-af4e700 elementor-absolute elementor-widget elementor-widget-image\" data-id=\"af4e700\" data-element_type=\"widget\" data-e-type=\"widget\" data-settings=\"{&quot;_position&quot;:&quot;absolute&quot;}\" data-widget_type=\"image.default\">\n\t\t\t\t<div class=\"elementor-widget-container\">\n\t\t\t\t\t\t\t\t\t\t\t\t\t\t\t<img fetchpriority=\"high\" decoding=\"async\" width=\"800\" height=\"422\" src=\"https:\/\/regencargobikes.com\/wp-content\/uploads\/2025\/05\/regen-02-electric-cargo-bike-.webp\" class=\"attachment-large size-large wp-image-1398\" alt=\"Regen 02 s\u00e4hk\u00f6inen tavarapy\u00f6r\u00e4\" srcset=\"https:\/\/regencargobikes.com\/wp-content\/uploads\/2025\/05\/regen-02-electric-cargo-bike-.webp 1000w, https:\/\/regencargobikes.com\/wp-content\/uploads\/2025\/05\/regen-02-electric-cargo-bike--300x158.webp 300w, https:\/\/regencargobikes.com\/wp-content\/uploads\/2025\/05\/regen-02-electric-cargo-bike--768x405.webp 768w, https:\/\/regencargobikes.com\/wp-content\/uploads\/2025\/05\/regen-02-electric-cargo-bike--18x9.webp 18w\" sizes=\"(max-width: 800px) 100vw, 800px\" \/>\t\t\t\t\t\t\t\t\t\t\t\t\t\t\t<\/div>\n\t\t\t\t<\/div>\n\t\t\t\t<\/div>\n\t\t<div class=\"elementor-element elementor-element-7de8cd9d e-con-full e-flex e-con e-child\" data-id=\"7de8cd9d\" data-element_type=\"container\" data-e-type=\"container\" data-settings=\"{&quot;ekit_has_onepagescroll_dot&quot;:&quot;yes&quot;}\">\n\t\t\t\t<div class=\"elementor-element elementor-element-308b8d20 elementor-widget elementor-widget-elementskit-heading\" data-id=\"308b8d20\" data-element_type=\"widget\" data-e-type=\"widget\" data-widget_type=\"elementskit-heading.default\">\n\t\t\t\t<div class=\"elementor-widget-container\">\n\t\t\t\t\t<div class=\"ekit-wid-con\" ><div class=\"ekit-heading elementskit-section-title-wraper text_left   ekit_heading_tablet-   ekit_heading_mobile-text_center\"><h3 class=\"elementskit-section-subtitle\">\n\t\t\t\t\t\tRegen 02 S\u00e4hk\u00f6inen tavarapy\u00f6r\u00e4\n\t\t\t\t\t<\/h3><h2 class=\"ekit-heading--title elementskit-section-title\">Etsitk\u00f6 kompaktia, mukautettavaa etukuormaajaa br\u00e4ndillesi?<\/h2>\t\t\t\t<div class='ekit-heading__description'>\n\t\t\t\t\t<p class=\"p1\">T\u00dcV-testattu aiemmissa r\u00e4\u00e4t\u00e4l\u00f6idyiss\u00e4 projekteissa. Julkisesti saatavilla oleva malli \u2013 konfiguroitava, testattu ja skaalautuva.<\/p>\n\t\t\t\t<\/div>\n\t\t\t<\/div><\/div>\t\t\t\t<\/div>\n\t\t\t\t<\/div>\n\t\t\t\t<div class=\"elementor-element elementor-element-bf516c8 elementor-align-left elementor-align--mobilecenter elementor-widget elementor-widget-elementskit-button\" data-id=\"bf516c8\" data-element_type=\"widget\" data-e-type=\"widget\" data-widget_type=\"elementskit-button.default\">\n\t\t\t\t<div class=\"elementor-widget-container\">\n\t\t\t\t\t<div class=\"ekit-wid-con\" >\t\t<div class=\"ekit-btn-wraper\">\n\t\t\t\t\t\t\t<a href=\"https:\/\/regencargobikes.com\/fi\/long-john-cargo-bike-regen-02\/\" class=\"elementskit-btn  whitespace--normal\" id=\"\">\n\t\t\t\t\tLue lis\u00e4\u00e4\t\t\t\t<\/a>\n\t\t\t\t\t<\/div>\n        <\/div>\t\t\t\t<\/div>\n\t\t\t\t<\/div>\n\t\t\t\t<\/div>\n\t\t\t\t\t<\/div>\n\t\t\t\t<\/div>\n\t\t\t\t<\/div>\n\t\t\n\n\n\n<h2 class=\"wp-block-heading\"><strong>Mik\u00e4 tekee hyv\u00e4st\u00e4 Cargo Bike -etuvalaisimesta?<\/strong><\/h2>\n\n\n\n<p>Hyv\u00e4 rahtipy\u00f6r\u00e4n etuvalo on ratkaisevan t\u00e4rke\u00e4 turvallisuuden kannalta, varsinkin kun otetaan huomioon rahtipy\u00f6r\u00e4n tyypillisesti suurempi koko ja raskaampi kuorma. T\u00e4ss\u00e4 on erittely siit\u00e4, mik\u00e4 tekee valosta tehokkaan:<\/p>\n\n\n\n<h3 class=\"wp-block-heading\"><strong>1. Kirkkaus (luumenia\/valoteho):<\/strong><\/h3>\n\n\n\n<ul class=\"wp-block-list\">\n<li><strong>Korkea valovoima:<\/strong> Tavarapy\u00f6r\u00e4t tarvitsevat merkitt\u00e4v\u00e4\u00e4 valotehoa valaistakseen edess\u00e4 olevaa tiet\u00e4, erityisesti silloin, kun ne kuljettavat raskaita kuormia, jotka saattavat peitt\u00e4\u00e4 tien, tai kun ne ajavat alueilla, joilla on rajoitettu katuvalaistus. Vaikka tavallisille polkupy\u00f6rille mainitaan usein v\u00e4hint\u00e4\u00e4n 100-200 lumenia, rahtipy\u00f6r\u00e4t hy\u00f6tyv\u00e4t huomattavasti suuremmasta valotehosta, usein jopa <strong>500-1000+ valovoiman alue<\/strong>erityisesti valaistumattomilla teill\u00e4 tai poluilla. Joissakin s\u00e4hk\u00f6py\u00f6r\u00e4ilyyn tarkoitetuissa valoissa voi olla jopa 1800 lumenia tai enemm\u00e4n.<\/li>\n\n\n\n<li><strong>Lux vs. lumenit:<\/strong> Kun lumenit mittaavat valon kokonaistehoa, luksit mittaavat valon voimakkuutta tietyll\u00e4 et\u00e4isyydell\u00e4 ja alueella. Hyv\u00e4ll\u00e4 valokuvioinnilla (ks. j\u00e4ljemp\u00e4n\u00e4) suunnitelluissa valaisimissa voi olla v\u00e4hemm\u00e4n lumenia, mutta ne voivat silti tarjota erinomaisen valaistuksen siell\u00e4, miss\u00e4 sit\u00e4 eniten tarvitaan, koska luxit on optimoitu.<\/li>\n<\/ul>\n\n\n\n<h3 class=\"wp-block-heading\"><strong>2. S\u00e4dekuvio:<\/strong><\/h3>\n\n\n\n<ul class=\"wp-block-list\">\n<li><strong>Laaja ja tasainen levitys:<\/strong> Toisin kuin maantiepy\u00f6r\u00e4t, jotka saattavat hy\u00f6ty\u00e4 nopeuden kannalta tarkemmasta valokeilasta, tavarapy\u00f6r\u00e4t tarvitsevat laajan ja tasaisen valokeilan, joka valaisee laajemman alueen py\u00f6r\u00e4n edess\u00e4, mukaan lukien lastitilan ja mahdolliset esteet sen sivuilla.<\/li>\n\n\n\n<li><strong>Katkaisupalkki (StVZO-yhteensopiva):<\/strong> Vaakasuoralla katkaistulla valolla varustettuja valoja suositellaan erityisesti silloin, kun ajat liikenteess\u00e4. T\u00e4m\u00e4 muotoilu ohjaa valon tielle ja est\u00e4\u00e4 vastaantulevien py\u00f6r\u00e4ilij\u00f6iden ja kuljettajien sokaistumisen. T\u00e4m\u00e4 on yleinen ominaisuus eurooppalaisten (StVZO) vaatimusten mukaisissa valoissa.<\/li>\n\n\n\n<li><strong>Ei kuumia kohtia:<\/strong> Hyv\u00e4n valons\u00e4teen on oltava tasainen ja johdonmukainen, eik\u00e4 siin\u00e4 saa olla liian kirkkaita \"kuumia kohtia\", jotka voivat luoda varjoja ja heikent\u00e4\u00e4 yleist\u00e4 n\u00e4kyvyytt\u00e4.<\/li>\n<\/ul>\n\n\n\n<h3 class=\"wp-block-heading\"><strong>3. Virtal\u00e4hde ja k\u00e4ytt\u00f6aika:<\/strong><\/h3>\n\n\n\n<ul class=\"wp-block-list\">\n<li><strong>Paristok\u00e4ytt\u00f6inen (ladattava):<\/strong> Monet nykyaikaiset kuormapy\u00f6r\u00e4n valot ovat USB-ladattavia. Etsi pitk\u00e4t k\u00e4ytt\u00f6ajat, etenkin jos teet pitki\u00e4 ajoja tai unohdat ladata usein. USB-C on k\u00e4tev\u00e4 latausstandardi.<\/li>\n\n\n\n<li><strong>Dynamo Hub Powered:<\/strong> Etupy\u00f6r\u00e4\u00e4n integroitu dynamonapa on erinomainen vaihtoehto, jos haluat \u00e4\u00e4rimm\u00e4ist\u00e4 mukavuutta ja \"aina p\u00e4\u00e4ll\u00e4 olevaa\" valaistusta. Se tuottaa virtaa ajon aikana, jolloin akun lataaminen ei ole tarpeen. T\u00e4m\u00e4 on erityisen suosittua eurooppalaisissa tavarapy\u00f6riss\u00e4.<\/li>\n\n\n\n<li><strong>E-Bike integroitu:<\/strong> Jos sinulla on s\u00e4hk\u00f6inen tavarankuljetuspy\u00f6r\u00e4, etsi valoja, jotka on suunniteltu integroitumaan suoraan s\u00e4hk\u00f6py\u00f6r\u00e4n akkuj\u00e4rjestelm\u00e4\u00e4n. N\u00e4m\u00e4 valot tarjoavat usein suuremman tehon ja tasaisen tehon ilman erillisi\u00e4 akkuja. Varmista, ett\u00e4 valon j\u00e4nnite vastaa s\u00e4hk\u00f6py\u00f6r\u00e4si j\u00e4rjestelm\u00e4\u00e4 (esim. 12V, 24V, 36V, 48V).<\/li>\n<\/ul>\n\n\n\n<h3 class=\"wp-block-heading\"><strong>4. Asennusvaihtoehdot:<\/strong><\/h3>\n\n\n\n<ul class=\"wp-block-list\">\n<li><strong>Turvallinen ja vakaa:<\/strong> Tavarapy\u00f6r\u00e4t k\u00e4rsiv\u00e4t usein suuremmasta t\u00e4rin\u00e4st\u00e4 ja kovemmista iskuista. Valon on oltava tukevasti kiinnitetty, jotta se kest\u00e4\u00e4 n\u00e4m\u00e4 voimat ja s\u00e4ilytt\u00e4\u00e4 tavoitteensa.<\/li>\n\n\n\n<li><strong>Asianmukainen sijoitus:<\/strong> Mieti, mihin valo asennetaan erityiseen rahtipy\u00f6r\u00e4\u00e4si. Joissakin rahtipy\u00f6riss\u00e4 on omat kiinnityspisteet, kun taas toiset saattavat vaatia luovia ratkaisuja. Korkeampi kiinnityskohta voi usein parantaa kuljettajan ja muiden tienk\u00e4ytt\u00e4jien n\u00e4kyvyytt\u00e4.<\/li>\n\n\n\n<li><strong>Tyhjenn\u00e4:<\/strong> Varmista, ett\u00e4 valo ei h\u00e4iritse lastia, ohjausta tai muita lis\u00e4varusteita.<\/li>\n<\/ul>\n\n\n\n<h3 class=\"wp-block-heading\"><strong>5. Kest\u00e4vyys ja s\u00e4\u00e4nkest\u00e4vyys:<\/strong><\/h3>\n\n\n\n<ul class=\"wp-block-list\">\n<li><strong>Vankka rakenne:<\/strong> Lastipy\u00f6r\u00e4n valaisimen on oltava kest\u00e4v\u00e4\u00e4, kest\u00e4v\u00e4 kotelo (usein alumiinia), joka kest\u00e4\u00e4 p\u00e4ivitt\u00e4ist\u00e4 k\u00e4ytt\u00f6\u00e4 ja mahdollisia kolhuja.<\/li>\n\n\n\n<li><strong>Vedenpit\u00e4v\u00e4\/s\u00e4\u00e4nkest\u00e4v\u00e4:<\/strong> Etsi v\u00e4hint\u00e4\u00e4n IPX4-luokitus, jotta valo kest\u00e4\u00e4 sateen ja roiskeet.<\/li>\n<\/ul>\n\n\n\n<h3 class=\"wp-block-heading\"><strong>6. Lis\u00e4ominaisuudet:<\/strong><\/h3>\n\n\n\n<ul class=\"wp-block-list\">\n<li><strong>Useita tiloja:<\/strong> Vahva vakiovalo on v\u00e4ltt\u00e4m\u00e4t\u00f6n n\u00e4kymisen kannalta, mutta vilkkuvat tilat voivat lis\u00e4t\u00e4 n\u00e4kyvyytt\u00e4si muiden silmiss\u00e4 p\u00e4iv\u00e4nvalon aikana tai vilkkaissa kaupunkiymp\u00e4rist\u00f6iss\u00e4. Joissakin valaisimissa on my\u00f6s mukautuva tila, joka s\u00e4\u00e4t\u00e4\u00e4 kirkkautta ymp\u00e4rist\u00f6n valoisuuden mukaan.<\/li>\n\n\n\n<li><strong>P\u00e4iv\u00e4ajovalot (DRL):<\/strong> Tutkimukset osoittavat, ett\u00e4 valojen k\u00e4ytt\u00f6 p\u00e4iv\u00e4ll\u00e4 voi v\u00e4hent\u00e4\u00e4 merkitt\u00e4v\u00e4sti t\u00f6rm\u00e4ysriski\u00e4. Erityinen DRL-tila, joka on usein v\u00e4hemm\u00e4n voimakas mutta hyvin n\u00e4kyv\u00e4 vilkku, on arvokas ominaisuus.<\/li>\n\n\n\n<li><strong>Sivun\u00e4kyvyys:<\/strong> Valot, joissa on sivuleikkaukset tai ylim\u00e4\u00e4r\u00e4iset sivulle suunnatut LED-valot, voivat parantaa n\u00e4kyvyytt\u00e4 muista kulmista kuin suoraan edest\u00e4, mik\u00e4 on t\u00e4rke\u00e4\u00e4 risteysten turvallisuuden kannalta.<\/li>\n\n\n\n<li><strong>Power Bank -toiminnallisuus:<\/strong> Jotkin akkuk\u00e4ytt\u00f6iset valaisimet toimivat my\u00f6s virtal\u00e4hteen\u00e4, jolloin voit ladata puhelimen tai muita laitteita tien p\u00e4\u00e4ll\u00e4.<\/li>\n\n\n\n<li><strong>Helppo k\u00e4ytt\u00f6liittym\u00e4:<\/strong> Yksinkertaiset, k\u00e4sineyst\u00e4v\u00e4lliset painikkeet ja selke\u00e4 toimintatilan valinta ovat plussaa.<\/li>\n\n\n\n<li><\/li>\n<\/ul>\n\n\n\n<h2 class=\"wp-block-heading\"><strong>Minne etuvalo tulisi asentaa?<\/strong><\/h2>\n\n\n\n<p>Oikea sijoittelu takaa turvallisuuden ja est\u00e4\u00e4 varjostuksen. Seuraavassa on yleisi\u00e4 vaihtoehtoja:<\/p>\n\n\n\n<figure class=\"wp-block-table\"><table class=\"has-fixed-layout\"><thead><tr><th><strong>Asennusasento<\/strong><\/th><th><strong>Hyv\u00e4t puolet<\/strong><\/th><th><strong>Haittoja<\/strong><\/th><\/tr><\/thead><tbody><tr><td><strong>Ohjaustankoon kiinnitetty<\/strong><\/td><td>Helppo asentaa ja s\u00e4\u00e4t\u00e4\u00e4<\/td><td>Saattaa aiheuttaa varjoja eteenp\u00e4in, jos lasti est\u00e4\u00e4 sen kulun<\/td><\/tr><tr><td><strong>Haarukan kruunu<\/strong><\/td><td>Tasainen valaistus, v\u00e4h\u00e4inen h\u00e4ik\u00e4isy<\/td><td>Saattaa t\u00e4rist\u00e4 ep\u00e4tasaisessa maastossa<\/td><\/tr><tr><td><strong>Tavarateline tai p\u00e4\u00e4typutki<\/strong><\/td><td>Kohdistuu lastin korkeuteen<\/td><td>Vaatii mukautetut kiinnikkeet<\/td><\/tr><\/tbody><\/table><\/figure>\n\n\n\n<p>Etukuormaajapy\u00f6rille, <strong>ohjaustangon valot voivat olla riitt\u00e4m\u00e4tt\u00f6m\u00e4t<\/strong>. Suosittelemme usein <strong>kaksoisvalaistusj\u00e4rjestelm\u00e4t<\/strong>:<\/p>\n\n\n\n<ul class=\"wp-block-list\">\n<li>Ensisijainen valo p\u00e4\u00e4ll\u00e4 <strong>kuormateline tai runko<\/strong><\/li>\n\n\n\n<li>Toissijainen valo p\u00e4\u00e4ll\u00e4 <strong>ohjaustanko<\/strong><\/li>\n<\/ul>\n\n\n\n<h2 class=\"wp-block-heading\"><strong>Miten <a href=\"https:\/\/regencargobikes.com\/fi\/about\/\" data-type=\"page\" data-id=\"171\">Regen <\/a>Auttaa: Modulaarinen valaistus, integroitu teho ja vaatimustenmukaisuus<\/strong><\/h2>\n\n\n\n<p>Suunnittelemme Regen-lastipy\u00f6r\u00e4t siten, ett\u00e4 valaistus on integroitu:<\/p>\n\n\n\n<ul class=\"wp-block-list\">\n<li><strong>Mukautettu valojen kiinnitys<\/strong> Long Johneille, kolmipy\u00f6r\u00e4isille ja l\u00e4pikulkuautoille.<\/li>\n\n\n\n<li><strong>Vedenpit\u00e4v\u00e4 kaapelointi<\/strong> (IP65+) ja esisuljettu johdinsarja.<\/li>\n\n\n\n<li><strong>J\u00e4rjestelm\u00e4tason virranhallinta<\/strong> akun tyhjenemisen v\u00e4ltt\u00e4miseksi<\/li>\n\n\n\n<li><strong>StVZO- ja EN 15194 -yhteensopivat vaihtoehdot<\/strong> EU:n asiakkaille<\/li>\n\n\n\n<li>Valinnainen <strong>DRL, kauko- ja l\u00e4hivalojen vaihtaminen<\/strong>, ja <strong>automaattiset valoanturit<\/strong><\/li>\n<\/ul>\n\n\n\n<p>OEM\/ODM-kumppaneille tarjoamme seuraavaa <strong>r\u00e4\u00e4t\u00e4l\u00f6ity etuvalojen integrointi<\/strong> riippuen kehyksen geometriasta, br\u00e4ndin esteettisyydest\u00e4 ja k\u00e4ytt\u00e4j\u00e4skenaarioista.<\/p>\n\n\n\n<p>\ud83d\udce9 <a href=\"https:\/\/regencargobikes.com\/fi\/contact\/\" data-type=\"page\" data-id=\"177\"><strong>Ota yhteytt\u00e4 nyt<\/strong><\/a> keskustelemaan hankkeestasi.<\/p>\n\n\n\n<hr class=\"wp-block-separator has-alpha-channel-opacity\"\/>\n\n\n\n<h2 class=\"wp-block-heading\"><strong>Viitteet<\/strong><\/h2>\n\n\n\n<ul class=\"wp-block-list\">\n<li>Euroopan standardointikomitea (CEN). (2021). <em>EN 15194: S\u00e4hk\u00f6avusteiset polkupy\u00f6r\u00e4t (EPAC) - EPAC:t - Turvallisuusvaatimukset ja testausmenetelm\u00e4t.<\/em><\/li>\n\n\n\n<li>Liikenne- ja digitaalisen infrastruktuurin ministeri\u00f6 (Saksa). (2022). <em>StVZO - Stra\u00dfenverkehrs-Zulassungs-Ordnung.<\/em><\/li>\n\n\n\n<li>Polkupy\u00f6r\u00e4ilij\u00f6iden valokeilat ja turvallisuustutkimus - Saksan py\u00f6r\u00e4ilij\u00f6iden liitto (ADFC), 2020.<\/li>\n<\/ul>","protected":false},"excerpt":{"rendered":"<p>At Regen, where we design and manufacture complete cargo bike systems for families and fleets, we often get asked about front lighting \u2014 especially as riders begin commuting at dusk, navigating low-light city alleys, or delivering across darker rural routes. Lighting is not just about visibility; it\u2019s about road legality, rider safety, and even battery [&hellip;]<\/p>\n","protected":false},"author":2,"featured_media":1740,"comment_status":"open","ping_status":"closed","sticky":false,"template":"","format":"standard","meta":{"footnotes":""},"categories":[2],"tags":[],"class_list":["post-1739","post","type-post","status-publish","format-standard","has-post-thumbnail","hentry","category-knowledge"],"_links":{"self":[{"href":"https:\/\/regencargobikes.com\/fi\/wp-json\/wp\/v2\/posts\/1739","targetHints":{"allow":["GET"]}}],"collection":[{"href":"https:\/\/regencargobikes.com\/fi\/wp-json\/wp\/v2\/posts"}],"about":[{"href":"https:\/\/regencargobikes.com\/fi\/wp-json\/wp\/v2\/types\/post"}],"author":[{"embeddable":true,"href":"https:\/\/regencargobikes.com\/fi\/wp-json\/wp\/v2\/users\/2"}],"replies":[{"embeddable":true,"href":"https:\/\/regencargobikes.com\/fi\/wp-json\/wp\/v2\/comments?post=1739"}],"version-history":[{"count":1,"href":"https:\/\/regencargobikes.com\/fi\/wp-json\/wp\/v2\/posts\/1739\/revisions"}],"predecessor-version":[{"id":1741,"href":"https:\/\/regencargobikes.com\/fi\/wp-json\/wp\/v2\/posts\/1739\/revisions\/1741"}],"wp:featuredmedia":[{"embeddable":true,"href":"https:\/\/regencargobikes.com\/fi\/wp-json\/wp\/v2\/media\/1740"}],"wp:attachment":[{"href":"https:\/\/regencargobikes.com\/fi\/wp-json\/wp\/v2\/media?parent=1739"}],"wp:term":[{"taxonomy":"category","embeddable":true,"href":"https:\/\/regencargobikes.com\/fi\/wp-json\/wp\/v2\/categories?post=1739"},{"taxonomy":"post_tag","embeddable":true,"href":"https:\/\/regencargobikes.com\/fi\/wp-json\/wp\/v2\/tags?post=1739"}],"curies":[{"name":"wp","href":"https:\/\/api.w.org\/{rel}","templated":true}]}}