{"id":1763,"date":"2025-07-29T02:36:57","date_gmt":"2025-07-28T18:36:57","guid":{"rendered":"https:\/\/regencargobikes.com\/?p=1763"},"modified":"2025-07-29T02:37:00","modified_gmt":"2025-07-28T18:37:00","slug":"the-strategic-imperative-of-cargo-bikes-in-european-urban-mobility","status":"publish","type":"post","link":"https:\/\/regencargobikes.com\/fi\/the-strategic-imperative-of-cargo-bikes-in-european-urban-mobility\/","title":{"rendered":"Tavarapy\u00f6rien strateginen merkitys eurooppalaisessa kaupunkiliikenteess\u00e4"},"content":{"rendered":"<p>Eurooppalaisissa kaupungeissa on meneill\u00e4\u00e4n perusteellinen muutos siin\u00e4, miten ne suhtautuvat kaupunkiliikenteeseen ja logistiikkaan. Aikoinaan kapeana ratkaisuna pidetyist\u00e4 tavarankuljetuspy\u00f6rist\u00e4 - erityisesti s\u00e4hk\u00f6k\u00e4ytt\u00f6isist\u00e4 tavarankuljetuspy\u00f6rist\u00e4 (e-cargo bikes) - on nopeasti kehittynyt kest\u00e4v\u00e4n, kustannustehokkaan ja ihmiskeskeisen liikkuvuuden strateginen pilari. Ne eiv\u00e4t ole vain vaihtoehto perinteisille jakeluautoille tai kuorma-autoille, vaan pikemminkin katalysaattori terveellisemmille, turvallisemmille ja joustavammille kaupunkiymp\u00e4rist\u00f6ille.<\/p>\n\n\n\n<p>Tavarapy\u00f6r\u00e4t auttavat kaikkialla Euroopassa saavuttamaan kunnianhimoiset ilmastotavoitteet, torjumaan kaupunkien ruuhkia ja v\u00e4hent\u00e4m\u00e4\u00e4n autovaltaisten kaupunkien yhteiskunnallisia kustannuksia. T\u00e4t\u00e4 siirtym\u00e4\u00e4 tukevat markkinoiden voimakas kasvu, tukipolitiikka ja teknologinen kehitys, joka tekee tavarapy\u00f6rist\u00e4 yh\u00e4 kilpailukykyisempi\u00e4.<\/p>\n\n\n\n<blockquote class=\"wp-block-quote is-layout-flow wp-block-quote-is-layout-flow\">\n<p><\/p>\n<\/blockquote>\n\n\n\n<hr class=\"wp-block-separator has-alpha-channel-opacity\"\/>\n\n\n\n<h2 class=\"wp-block-heading\"><strong>Tavarapy\u00f6rien ja niiden monipuolisten hy\u00f6tyjen m\u00e4\u00e4ritt\u00e4minen<\/strong><\/h2>\n\n\n\n<p>Tavarapy\u00f6r\u00e4t ovat tarkoitukseen suunniteltuja polkupy\u00f6ri\u00e4 tai kolmipy\u00f6ri\u00e4, jotka on suunniteltu kuljettamaan tavaroita, matkustajia tai varusteita, jotka ylitt\u00e4v\u00e4t tavanomaisen polkupy\u00f6r\u00e4n kantokyvyn. Niiden s\u00e4hk\u00f6isiss\u00e4 muunnelmissa (e-cargo bikes) on akkuk\u00e4ytt\u00f6inen poljinavustin, jonka ansiosta niill\u00e4 voidaan kuljettaa raskaampia kuormia ja kulkea pidempi\u00e4 matkoja pienemm\u00e4ll\u00e4 fyysisell\u00e4 ponnistuksella.<\/p><div class=\"regen-test-placement-from-wizard-1604397851\" id=\"regen-4019497179\"><script async src=\"https:\/\/pagead2.googlesyndication.com\/pagead\/js\/adsbygoogle.js?client=ca-pub-1076230867169041\"\n     crossorigin=\"anonymous\"><\/script><\/div><div class=\"regen-test-placement-from-wizard-2878267818\" id=\"regen-1692207112\"><script async src=\"https:\/\/pagead2.googlesyndication.com\/pagead\/js\/adsbygoogle.js?client=ca-pub-1076230867169041\"\n     crossorigin=\"anonymous\"><\/script><\/div>\n\n\n\n<p>Aiemmin vain pienimuotoiset kaupunkil\u00e4hetyspilotit tai perhek\u00e4ytt\u00f6, nyt rahtipy\u00f6r\u00e4t ovat keskeisess\u00e4 asemassa kaupunkilogistiikassa ja -liikkuvuudessa. Niiden laaja vetovoima perustuu ymp\u00e4rist\u00f6llisiin, taloudellisiin, toiminnallisiin ja sosiaalisiin hy\u00f6tyihin, jotka ulottuvat paljon liikennesektoria laajemmalle.<\/p>\n\n\n\n<hr class=\"wp-block-separator has-alpha-channel-opacity\"\/>\n\n\n\n<p><\/p>\n\n\n\n<h3 class=\"wp-block-heading\"><strong>Ymp\u00e4rist\u00f6hy\u00f6dyt: Nollap\u00e4\u00e4st\u00f6inen kaupunkiliikenteen tavaraliikenne<\/strong><\/h3>\n\n\n\n<p>Tavarapy\u00f6r\u00e4t vastaavat suoraan kiireelliseen tarpeeseen v\u00e4hent\u00e4\u00e4 kaupunkiliikenteen hiilidioksidip\u00e4\u00e4st\u00f6j\u00e4. Toisin kuin perinteiset dieselpakettiautot, s\u00e4hk\u00f6k\u00e4ytt\u00f6iset tavarankuljetuspy\u00f6r\u00e4t toimivat ilman pakokaasup\u00e4\u00e4st\u00f6j\u00e4, mik\u00e4 pienent\u00e4\u00e4 merkitt\u00e4v\u00e4sti hiilijalanj\u00e4lke\u00e4.<\/p>\n\n\n\n<ul class=\"wp-block-list\">\n<li>Lontoossa tehdyss\u00e4 tutkimuksessa todettiin, ett\u00e4 rahtipy\u00f6r\u00e4t tuottavat <strong>96% v\u00e4hemm\u00e4n hiilidioksidip\u00e4\u00e4st\u00f6j\u00e4 kilometri\u00e4 kohden kuin s\u00e4hk\u00f6k\u00e4ytt\u00f6iset pakettiautot.<\/strong> ja jopa <strong>90% v\u00e4hemm\u00e4n kuin dieselpakettiautot<\/strong>.<\/li>\n\n\n\n<li>Amsterdamissa kaupungin <em>Py\u00f6r\u00e4ilyn logistiikka<\/em> projekti korvattu <strong>7% kaupallisten pakettiautojen matkoista<\/strong>, leikkaus <strong>16 000 tonnia vuotuisia CO\u2082-p\u00e4\u00e4st\u00f6j\u00e4.<\/strong>-vastaa poistamista <strong>3 500 autoa<\/strong> kaduilta.<\/li>\n<\/ul>\n\n\n\n<p>N\u00e4ill\u00e4 ymp\u00e4rist\u00f6hy\u00f6dyill\u00e4 on kerrannaisvaikutuksia. Puhtaampi ilma parantaa kansanterveydellisi\u00e4 tuloksia, kun taas melusaasteen v\u00e4heneminen parantaa kaupunkien asumisviihtyvyytt\u00e4.<\/p>\n\n\n\n<blockquote class=\"wp-block-quote is-layout-flow wp-block-quote-is-layout-flow\">\n<figure class=\"wp-block-image size-large\"><img fetchpriority=\"high\" decoding=\"async\" width=\"1024\" height=\"471\" src=\"https:\/\/regencargobikes.com\/wp-content\/uploads\/2025\/07\/In-Amsterdam-the-citys-Cycle-Logistics-project-replaced-7-of-commercial-van-trips-cutting-16000-tonnes-of-annual-CO\u2082-emissions\u2014the-equivalent-of-removing-3500-cars-from-the-streets-1024x471.webp\" alt=\"\" class=\"wp-image-1764\" srcset=\"https:\/\/regencargobikes.com\/wp-content\/uploads\/2025\/07\/In-Amsterdam-the-citys-Cycle-Logistics-project-replaced-7-of-commercial-van-trips-cutting-16000-tonnes-of-annual-CO\u2082-emissions\u2014the-equivalent-of-removing-3500-cars-from-the-streets-1024x471.webp 1024w, https:\/\/regencargobikes.com\/wp-content\/uploads\/2025\/07\/In-Amsterdam-the-citys-Cycle-Logistics-project-replaced-7-of-commercial-van-trips-cutting-16000-tonnes-of-annual-CO\u2082-emissions\u2014the-equivalent-of-removing-3500-cars-from-the-streets-300x138.webp 300w, https:\/\/regencargobikes.com\/wp-content\/uploads\/2025\/07\/In-Amsterdam-the-citys-Cycle-Logistics-project-replaced-7-of-commercial-van-trips-cutting-16000-tonnes-of-annual-CO\u2082-emissions\u2014the-equivalent-of-removing-3500-cars-from-the-streets-768x353.webp 768w, https:\/\/regencargobikes.com\/wp-content\/uploads\/2025\/07\/In-Amsterdam-the-citys-Cycle-Logistics-project-replaced-7-of-commercial-van-trips-cutting-16000-tonnes-of-annual-CO\u2082-emissions\u2014the-equivalent-of-removing-3500-cars-from-the-streets-1536x706.webp 1536w, https:\/\/regencargobikes.com\/wp-content\/uploads\/2025\/07\/In-Amsterdam-the-citys-Cycle-Logistics-project-replaced-7-of-commercial-van-trips-cutting-16000-tonnes-of-annual-CO\u2082-emissions\u2014the-equivalent-of-removing-3500-cars-from-the-streets-18x8.webp 18w, https:\/\/regencargobikes.com\/wp-content\/uploads\/2025\/07\/In-Amsterdam-the-citys-Cycle-Logistics-project-replaced-7-of-commercial-van-trips-cutting-16000-tonnes-of-annual-CO\u2082-emissions\u2014the-equivalent-of-removing-3500-cars-from-the-streets.webp 1766w\" sizes=\"(max-width: 1024px) 100vw, 1024px\" \/><\/figure>\n<\/blockquote>\n\n\n\n<hr class=\"wp-block-separator has-alpha-channel-opacity\"\/>\n\n\n\n<p><\/p>\n\n\n\n<h3 class=\"wp-block-heading\"><strong>Taloudellinen ja toiminnallinen tehokkuus: Kaupunkil\u00e4hetysten uudelleenm\u00e4\u00e4rittely<\/strong><\/h3>\n\n\n\n<p>Liiketoiminnan kannalta rahtipy\u00f6r\u00e4t tarjoavat vakuuttavia taloudellisia etuja. Useat tutkimukset ja pilottihankkeet ovat osoittaneet, ett\u00e4 s\u00e4hk\u00f6k\u00e4ytt\u00f6iset tavarankuljetuspy\u00f6r\u00e4t p\u00e4ihitt\u00e4v\u00e4t pakettiautot tiiviiss\u00e4 kaupunkiymp\u00e4rist\u00f6ss\u00e4.<\/p>\n\n\n\n<ul class=\"wp-block-list\">\n<li>Tavarapy\u00f6r\u00e4t voivat v\u00e4hent\u00e4\u00e4 toimituskustannuksia seuraavasti <strong>enint\u00e4\u00e4n 90%<\/strong> kun otetaan huomioon polttoaine, pys\u00e4k\u00f6inti ja huolto.<\/li>\n\n\n\n<li>Milanossa toteutettu pilottiohjelma osoitti <strong>23% toimitusaikojen lyhent\u00e4minen<\/strong> ja <strong>40% toimintakustannusten v\u00e4heneminen<\/strong> viimeisen kilometrin logistiikassa verrattuna pakettiautoihin.<\/li>\n\n\n\n<li>Ruuhkaisissa kaupunkikeskuksissa rahtipy\u00f6r\u00e4t kuljettavat paketteja <strong>30% nopeampi<\/strong> ja voi suorittaa <strong>20-25 toimitusta tunnissa<\/strong>verrattuna vain <strong>12 toimitusta tunnissa<\/strong> pakettiautojen osalta.<\/li>\n<\/ul>\n\n\n\n<p>Rahtipy\u00f6rien kyky yll\u00e4pit\u00e4\u00e4 ennustettavissa olevia palveluaikoja jopa ruuhkaisilla alueilla antaa yrityksille mahdollisuuden optimoida toimitusaikatauluja ja parantaa asiakastyytyv\u00e4isyytt\u00e4.<\/p>\n\n\n\n<blockquote class=\"wp-block-quote is-layout-flow wp-block-quote-is-layout-flow\">\n<p><\/p>\n<\/blockquote>\n\n\n\n<hr class=\"wp-block-separator has-alpha-channel-opacity\"\/>\n\n\n\n<p><\/p>\n\n\n\n<h3 class=\"wp-block-heading\"><strong>Ruuhkien v\u00e4hent\u00e4minen ja kaupunkien saavutettavuuden parantaminen<\/strong><\/h3>\n\n\n\n<p>Tavarapy\u00f6r\u00e4t soveltuvat erinomaisesti liikkumaan ruuhkaisilla kaupunkikaduilla, jalankulkualueilla ja v\u00e4h\u00e4p\u00e4\u00e4st\u00f6isill\u00e4 vy\u00f6hykkeill\u00e4, joilla suuremmat ajoneuvot joutuvat k\u00e4rsim\u00e4\u00e4n rangaistuksista tai suoranaisista rajoituksista.<\/p>\n\n\n\n<p>Kompaktin kokonsa ansiosta ne pystyv\u00e4t ohittamaan liikennejonot ja p\u00e4\u00e4sem\u00e4\u00e4n kadunvarsipaikoille tukkimatta teit\u00e4 tai py\u00f6r\u00e4kaistoja. Kun tavarapy\u00f6r\u00e4t korvaavat pakettiautot, ne vapauttavat arvokasta kaupunkitilaa, v\u00e4hent\u00e4v\u00e4t kaksoispys\u00e4k\u00f6inti\u00e4 ja ruuhkia - hy\u00f6ty, jota sek\u00e4 kaupungit ett\u00e4 yritykset arvostavat suuresti.<\/p>\n\n\n\n<hr class=\"wp-block-separator has-alpha-channel-opacity\"\/>\n\n\n\n<p><\/p>\n\n\n\n<h3 class=\"wp-block-heading\"><strong>Sosiaali- ja terveyshy\u00f6dyt: Turvallisemmat ja aktiivisemmat kaupungit<\/strong><\/h3>\n\n\n\n<p>Ymp\u00e4rist\u00f6- ja taloushy\u00f6tyjen lis\u00e4ksi rahtipy\u00f6r\u00e4t tuottavat merkitt\u00e4vi\u00e4 sosiaalisia hy\u00f6tyj\u00e4:<\/p>\n\n\n\n<ol start=\"1\" class=\"wp-block-list\">\n<li><strong>Aktiivisen liikkumisen edist\u00e4minen:<\/strong> Py\u00f6r\u00e4ilyyn osallistumisen lis\u00e4\u00e4ntyminen edist\u00e4\u00e4 terveempi\u00e4 el\u00e4m\u00e4ntapoja ja rakentaa py\u00f6r\u00e4ilykulttuuria kaupunkeihin.<\/li>\n\n\n\n<li><strong>Turvallisemmat kadut:<\/strong> Tavarapy\u00f6r\u00e4t kulkevat pienemm\u00e4ll\u00e4 nopeudella kuin moottoriajoneuvot, mik\u00e4 v\u00e4hent\u00e4\u00e4 t\u00f6rm\u00e4ysten riski\u00e4 ja vakavuutta.<\/li>\n\n\n\n<li><strong>Kansanterveys:<\/strong> Puhtaampi ilma ja v\u00e4hemm\u00e4n melusaastetta parantavat yhteis\u00f6n hyvinvointia.<\/li>\n<\/ol>\n\n\n\n<p>Lontoon <strong>Vision Zero<\/strong> Turvallisuusstrategia on esimerkiksi tiiviisti linjassa tavarapy\u00f6rien k\u00e4ytt\u00f6\u00f6noton kanssa, koska n\u00e4m\u00e4 ajoneuvot v\u00e4hent\u00e4v\u00e4t jalankulkijoiden ja muiden py\u00f6r\u00e4ilij\u00f6iden liikenneriski\u00e4.<\/p>\n\n\n\n<blockquote class=\"wp-block-quote is-layout-flow wp-block-quote-is-layout-flow\">\n<p><\/p>\n<\/blockquote>\n\n\n\n<hr class=\"wp-block-separator has-alpha-channel-opacity\"\/>\n\n\n\n<p><\/p>\n\n\n\n<h3 class=\"wp-block-heading\"><strong>Itse\u00e4\u00e4n vahvistava etujen kierre<\/strong><\/h3>\n\n\n\n<p>N\u00e4m\u00e4 monipuoliset edut toimivat synergiassa. Yritykset sijoittavat tavarapy\u00f6r\u00e4toimituksista saadut s\u00e4\u00e4st\u00f6t takaisin vihre\u00e4n kalustonsa laajentamiseen, mik\u00e4 v\u00e4hent\u00e4\u00e4 ruuhkia ja p\u00e4\u00e4st\u00f6j\u00e4 entisest\u00e4\u00e4n. Puhtaammat ja turvallisemmat kadut kannustavat useampia ihmisi\u00e4 py\u00f6r\u00e4ilem\u00e4\u00e4n, mik\u00e4 lis\u00e4\u00e4 py\u00f6r\u00e4ilyinfrastruktuurin kysynt\u00e4\u00e4 ja normalisoi tavarapy\u00f6r\u00e4n k\u00e4yt\u00f6n.<\/p>\n\n\n\n<p>Kaupunkipolitiikassa, jonka tarkoituksena on edist\u00e4\u00e4 rahtipolkupy\u00f6rien k\u00e4ytt\u00f6\u00e4, olisi siksi otettava huomioon <strong>kokonaisvaltainen l\u00e4hestymistapa<\/strong>, hy\u00f6dynt\u00e4m\u00e4ll\u00e4 ymp\u00e4rist\u00f6llisi\u00e4, taloudellisia ja sosiaalisia hy\u00f6tyj\u00e4 samanaikaisesti vaikutusten maksimoimiseksi.<\/p>\n\n\n\n<hr class=\"wp-block-separator has-alpha-channel-opacity\"\/>\n\n\n\n<p><\/p>\n\n\n\n<h2 class=\"wp-block-heading\"><strong>Euroopan E-Cargo Bike -markkinoiden yleiskatsaus: (2024-2034): Nykytila ja kasvuennusteet (2024-2034)<\/strong><\/h2>\n\n\n\n<p>Euroopan s\u00e4hk\u00f6isten tavarankuljetuspy\u00f6rien markkinat ovat r\u00e4j\u00e4hdysm\u00e4isen kasvun vaiheessa, mik\u00e4 kuvastaa niiden kasvavaa merkityst\u00e4 kaupunkiliikenteen strategioissa.<\/p>\n\n\n\n<ul class=\"wp-block-list\">\n<li><strong>Markkina-arvo vuonna 2024:<\/strong> USD <strong>2,01 miljardia<\/strong><\/li>\n\n\n\n<li><strong>Arvioitu markkina-arvo vuonna 2034:<\/strong> USD <strong>37,24 miljardia<\/strong><\/li>\n\n\n\n<li><strong>CAGR:<\/strong> <strong>33.90% (2024-2034)<\/strong><\/li>\n<\/ul>\n\n\n\n<p>Erillisess\u00e4 analyysiss\u00e4 ennustetaan markkinoiden kasvavan <strong>1,16 miljardia dollaria vuonna 2025 ja 1,6 miljardia dollaria vuonna 2029.<\/strong>, mik\u00e4 edustaa varovaisempaa mutta silti merkitt\u00e4v\u00e4\u00e4 <strong>8.51% CAGR<\/strong>.<\/p>\n\n\n\n<p>T\u00e4t\u00e4 noususuuntausta vauhdittavat useat yhtenev\u00e4t voimat:<\/p>\n\n\n\n<ol start=\"1\" class=\"wp-block-list\">\n<li><strong>Kest\u00e4v\u00e4n liikkuvuuden painopisteet:<\/strong> Kaupungit ja yritykset asettavat v\u00e4h\u00e4hiilisen liikenteen etusijalle.<\/li>\n\n\n\n<li><strong>S\u00e4\u00e4ntelypaine:<\/strong> Tiukemmat ymp\u00e4rist\u00f6normit, kuten eurooppalainen Green Deal, kiihdytt\u00e4v\u00e4t autokannan s\u00e4hk\u00f6istymist\u00e4.<\/li>\n\n\n\n<li><strong>Kustannustehokas logistiikka:<\/strong> Kohtuuhintaisten viimeisen mailin toimitusratkaisujen kysynt\u00e4 on enn\u00e4tyksellisen suurta.<\/li>\n<\/ol>\n\n\n\n<blockquote class=\"wp-block-quote is-layout-flow wp-block-quote-is-layout-flow\">\n<p><\/p>\n<\/blockquote>\n\n\n\n<hr class=\"wp-block-separator has-alpha-channel-opacity\"\/>\n\n\n\n<p><\/p>\n\n\n\n<h3 class=\"wp-block-heading\"><strong>Alueelliset johtajat: L\u00e4nsi-Eurooppa eturintamassa<\/strong><\/h3>\n\n\n\n<p>L\u00e4nsi-Eurooppa hallitsee s\u00e4hk\u00f6isten tavarankuljetuspy\u00f6rien markkinoita, ja Saksa, Alankomaat, Tanska ja Ranska johtavat niiden k\u00e4ytt\u00f6\u00f6nottoa.<\/p>\n\n\n\n<ul class=\"wp-block-list\">\n<li><strong>Saksa:<\/strong> Pit\u00e4\u00e4 <strong>44% Euroopan markkinoista (2024)<\/strong>, kiitos vahvojen py\u00f6r\u00e4ilyperinteiden, kunnianhimoisen ilmastopolitiikan ja investointien py\u00f6r\u00e4ilyinfrastruktuuriin, kuten suojattuihin kaistoihin ja turvallisiin pys\u00e4k\u00f6intilaitoksiin.<\/li>\n\n\n\n<li><strong>Alankomaat ja Tanska:<\/strong> N\u00e4m\u00e4 py\u00f6r\u00e4ilymaat hy\u00f6tyv\u00e4t vuosikymmeni\u00e4 jatkuneesta infrastruktuurin kehitt\u00e4misest\u00e4, joten ne ovat ihanteellisia ymp\u00e4rist\u00f6j\u00e4 s\u00e4hk\u00f6isten tavarankuljetuspy\u00f6rien laajalle k\u00e4yt\u00f6lle.<\/li>\n\n\n\n<li><strong>Ranska:<\/strong> Pariisi ja muut Ranskan kaupungit ovat nopeasti laajentamassa tavarapy\u00f6r\u00e4aloitteita osana laajempia liikkuvuus- ja ilmastostrategioita.<\/li>\n<\/ul>\n\n\n\n<hr class=\"wp-block-separator has-alpha-channel-opacity\"\/>\n\n\n\n<p><\/p>\n\n\n\n<h3 class=\"wp-block-heading\"><strong>Toimialamaisema: Monipuoliset toimijat ohjaavat innovaatiota<\/strong><\/h3>\n\n\n\n<p>Markkinat koostuvat dynaamisesta yhdistelm\u00e4st\u00e4 vakiintuneita polkupy\u00f6r\u00e4valmistajia, s\u00e4hk\u00f6isen liikkuvuuden aloittelevia yrityksi\u00e4 ja erikoistuneita tavarapy\u00f6r\u00e4valmistajia. Johtavia yrityksi\u00e4 ovat mm:<\/p>\n\n\n\n<ul class=\"wp-block-list\">\n<li><strong>Urban Arrow<\/strong><\/li>\n\n\n\n<li><strong>Riese &amp; M\u00fcller<\/strong><\/li>\n\n\n\n<li><strong>Tern Polkupy\u00f6r\u00e4t<\/strong><\/li>\n\n\n\n<li><strong>Lihakaupat ja polkupy\u00f6r\u00e4t<\/strong><\/li>\n\n\n\n<li><strong>Rad Power -py\u00f6r\u00e4t<\/strong><\/li>\n\n\n\n<li><strong>Babboe<\/strong><\/li>\n<\/ul>\n\n\n\n<p>N\u00e4m\u00e4 tuotemerkit investoivat voimakkaasti <strong>tuotteiden monipuolistaminen<\/strong>, joka tarjoaa muun muassa seuraavia malleja:<\/p>\n\n\n\n<ol start=\"1\" class=\"wp-block-list\">\n<li><strong><a href=\"https:\/\/regencargobikes.com\/fi\/what-is-a-long-john-cargo-bike\/\" data-type=\"post\" data-id=\"1411\">Pitk\u00e4h\u00e4nt\u00e4iset tavarapy\u00f6r\u00e4t<\/a>:<\/strong> Pidennetyt takatelineet useiden lasten tai tilaa vievien tavaroiden kuljettamiseen.<\/li>\n\n\n\n<li><strong><a href=\"https:\/\/regencargobikes.com\/fi\/rs01-e-cargo-bike\/\" data-type=\"page\" data-id=\"933\">Etukuormaajan (Bakfiets) mallit<\/a>:<\/strong> Suuret laatikot edess\u00e4 raskaammalle tai herkemm\u00e4lle lastille.<\/li>\n\n\n\n<li><strong>Kolmipy\u00f6r\u00e4iset rahtikolmipy\u00f6r\u00e4t:<\/strong> Suurempi kantavuus ja vakaus, ihanteellinen kaupalliseen rahtiliikenteeseen.<\/li>\n<\/ol>\n\n\n\n<p>Edistyminen <strong>akkuteknologia, s\u00e4hk\u00f6moottorit ja kevyet rungot.<\/strong> tekev\u00e4t tavarapy\u00f6rist\u00e4 entist\u00e4 kest\u00e4v\u00e4mpi\u00e4, luotettavampia ja monipuolisempia.<\/p>\n\n\n\n<blockquote class=\"wp-block-quote is-layout-flow wp-block-quote-is-layout-flow\">\n<p><strong>Kuvaehdotus:<\/strong> Merkitty kollaasi, jossa on esill\u00e4 johtavien eurooppalaisten tuotemerkkien erilaisia s\u00e4hk\u00f6k\u00e4ytt\u00f6isi\u00e4 tavarankuljetuspy\u00f6ri\u00e4 (pitk\u00e4h\u00e4nt\u00e4isi\u00e4, etukuormaajapy\u00f6ri\u00e4 ja kolmipy\u00f6r\u00e4isi\u00e4).<\/p>\n<\/blockquote>\n\n\n\n<hr class=\"wp-block-separator has-alpha-channel-opacity\"\/>\n\n\n\n<p><\/p>\n\n\n\n<h3 class=\"wp-block-heading\"><strong>Markkinoiden kehitys ja erikoistuminen<\/strong><\/h3>\n\n\n\n<p>Tavarapy\u00f6r\u00e4ala on kehittym\u00e4ss\u00e4 erilliseksi segmentiksi, joka eroaa laajemmasta polkupy\u00f6r\u00e4teollisuudesta. Todisteena t\u00e4st\u00e4 muutoksesta voidaan pit\u00e4\u00e4 seuraavien tuotteiden lanseerausta <strong>Mobifuture<\/strong>, joka on s\u00e4hk\u00f6- ja kaupunkiliikenteelle omistettu messu, joka j\u00e4rjestet\u00e4\u00e4n samaan aikaan kuin <strong>Eurobike<\/strong> vuodesta 2026 alkaen.<\/p>\n\n\n\n<p>T\u00e4ss\u00e4 uudessa tapahtumassa nostetaan esiin tavarapy\u00f6r\u00e4t keskeisen\u00e4 osana Euroopan liikkuvuuden tulevaisuutta ja tuodaan yhteen valmistajia, poliittisia p\u00e4\u00e4tt\u00e4ji\u00e4 ja ajoneuvokannan yll\u00e4pit\u00e4ji\u00e4. Yksityisten investointien kasvaessa ja mittakaavaetujen toteutuessa alan odotetaan kehittyv\u00e4n yh\u00e4 enemm\u00e4n omavaraiseksi, jolloin riippuvuus julkisista tuista v\u00e4henee.<\/p>\n\n\n\n<blockquote class=\"wp-block-quote is-layout-flow wp-block-quote-is-layout-flow\">\n<p><strong>Kuvaehdotus:<\/strong> Kuva vilkkaasta Eurobike-messuhallista, jossa on esill\u00e4 innovatiivisia tavarapy\u00f6r\u00e4malleja ja alan ammattilaisten verkostoitumista.<\/p>\n<\/blockquote>\n\n\n\n<hr class=\"wp-block-separator has-alpha-channel-opacity\"\/>\n\n\n\n<p><\/p>\n\n\n\n<h2 class=\"wp-block-heading\"><strong>Johtop\u00e4\u00e4t\u00f6kset: Tavarapy\u00f6r\u00e4t eurooppalaisen kaupunkiliikenteen kulmakivin\u00e4<\/strong><\/h2>\n\n\n\n<p>Tavarapy\u00f6r\u00e4t tuottavat mullistavia tuloksia kaupungeille, yrityksille ja yhteis\u00f6ille. Ne v\u00e4hent\u00e4v\u00e4t merkitt\u00e4v\u00e4sti kasvihuonekaasup\u00e4\u00e4st\u00f6j\u00e4, alentavat logistiikkakustannuksia ja parantavat kaupunkien elinkelpoisuutta turvallisempien katujen ja parempien julkisten tilojen avulla.<\/p>\n\n\n\n<p>Euroopan s\u00e4hk\u00f6isten tavarankuljetuspy\u00f6rien markkinat ovat jyrk\u00e4ss\u00e4 nousussa, ja ne kasvavat vuodesta <strong>2,01 miljardia dollaria vuonna 2024 ja 37,24 miljardia dollaria vuoteen 2034 menness\u00e4.<\/strong>. Laajentumisen taustalla ovat ennakoiva politiikka, teknologiset innovaatiot ja kansalaisten asenteiden muuttuminen kest\u00e4v\u00e4\u00e4 liikennett\u00e4 kohtaan.<\/p>\n\n\n\n<p>Poliittisten p\u00e4\u00e4tt\u00e4jien mielest\u00e4 rahtipy\u00f6r\u00e4ilyinfrastruktuuriin ja kannustimiin investoiminen ei ole vain ymp\u00e4rist\u00f6yst\u00e4v\u00e4llinen ele, vaan strateginen p\u00e4\u00e4t\u00f6s kaupunkiliikenteest\u00e4, jolla on pitk\u00e4n aikav\u00e4lin sosiaalisia ja taloudellisia etuja. Yrityksille tavarapy\u00f6rien k\u00e4ytt\u00f6\u00f6notto on selke\u00e4 kilpailuetu, kun ne t\u00e4ytt\u00e4v\u00e4t asiakkaiden odotukset nopeista, luotettavista ja ymp\u00e4rist\u00f6yst\u00e4v\u00e4llisist\u00e4 toimituksista.<\/p>\n\n\n\n<p>Kun kaupungit kamppailevat edelleen ruuhkien, ilmastonmuutoksen ja kansanterveyden haasteiden kanssa, tavarapy\u00f6r\u00e4t ovat todistettu ja skaalautuva ratkaisu, joka voi muuttaa Euroopan kaupunkiliikennett\u00e4 tulevina vuosikymmenin\u00e4.<\/p>\n\n\n\n<p><\/p>","protected":false},"excerpt":{"rendered":"<p>European cities are undergoing a profound transformation in how they approach urban transportation and logistics. Once regarded as a niche solution, cargo bikes\u2014particularly electric cargo bikes (e-cargo bikes)\u2014have rapidly evolved into a strategic pillar for sustainable, cost-effective, and people-centric mobility. They are not merely an alternative to traditional delivery vans or trucks; rather, they are [&hellip;]<\/p>\n","protected":false},"author":2,"featured_media":1630,"comment_status":"closed","ping_status":"closed","sticky":false,"template":"","format":"standard","meta":{"footnotes":""},"categories":[2],"tags":[],"class_list":["post-1763","post","type-post","status-publish","format-standard","has-post-thumbnail","hentry","category-knowledge"],"_links":{"self":[{"href":"https:\/\/regencargobikes.com\/fi\/wp-json\/wp\/v2\/posts\/1763","targetHints":{"allow":["GET"]}}],"collection":[{"href":"https:\/\/regencargobikes.com\/fi\/wp-json\/wp\/v2\/posts"}],"about":[{"href":"https:\/\/regencargobikes.com\/fi\/wp-json\/wp\/v2\/types\/post"}],"author":[{"embeddable":true,"href":"https:\/\/regencargobikes.com\/fi\/wp-json\/wp\/v2\/users\/2"}],"replies":[{"embeddable":true,"href":"https:\/\/regencargobikes.com\/fi\/wp-json\/wp\/v2\/comments?post=1763"}],"version-history":[{"count":1,"href":"https:\/\/regencargobikes.com\/fi\/wp-json\/wp\/v2\/posts\/1763\/revisions"}],"predecessor-version":[{"id":1765,"href":"https:\/\/regencargobikes.com\/fi\/wp-json\/wp\/v2\/posts\/1763\/revisions\/1765"}],"wp:featuredmedia":[{"embeddable":true,"href":"https:\/\/regencargobikes.com\/fi\/wp-json\/wp\/v2\/media\/1630"}],"wp:attachment":[{"href":"https:\/\/regencargobikes.com\/fi\/wp-json\/wp\/v2\/media?parent=1763"}],"wp:term":[{"taxonomy":"category","embeddable":true,"href":"https:\/\/regencargobikes.com\/fi\/wp-json\/wp\/v2\/categories?post=1763"},{"taxonomy":"post_tag","embeddable":true,"href":"https:\/\/regencargobikes.com\/fi\/wp-json\/wp\/v2\/tags?post=1763"}],"curies":[{"name":"wp","href":"https:\/\/api.w.org\/{rel}","templated":true}]}}