{"id":1950,"date":"2026-06-05T05:34:42","date_gmt":"2026-06-04T21:34:42","guid":{"rendered":"https:\/\/regencargobikes.com\/specialized-turbo-levo-price-cut-2026\/"},"modified":"2026-06-05T05:34:42","modified_gmt":"2026-06-04T21:34:42","slug":"specialized-turbo-levo-price-cut-2026","status":"publish","type":"post","link":"https:\/\/regencargobikes.com\/fi\/specialized-turbo-levo-price-cut-2026\/","title":{"rendered":"Specialized laskee pysyv\u00e4sti Turbo Levo -s\u00e4hk\u00f6maastopy\u00f6rien hintoja Pohjois-Amerikassa"},"content":{"rendered":"<p>Specialized on tehnyt merkitt\u00e4v\u00e4n hinnanalennuksen Pohjois-Amerikan s\u00e4hk\u00f6maastopy\u00f6r\u00e4markkinoilla. Toukokuun alussa 2026 yhti\u00f6 kertoi j\u00e4lleenmyyjille Yhdysvalloissa ja Kanadassa, ett\u00e4 se alentaa pysyv\u00e4sti v\u00e4hitt\u00e4ishintoja suuressa osassa Turbo Levo -mallistoa.<\/p>\n<figure class=\"wp-block-image size-full\"><img decoding=\"async\" src=\"https:\/\/regencargobikes.com\/wp-content\/uploads\/2026\/06\/specialized-levo-brain.jpg\" alt=\"Specialized Turbo Levo -s\u00e4hk\u00f6maastopy\u00f6r\u00e4n tuotekuva k\u00e4ytettyn\u00e4 Bicycle Retailer -uutisoinnissa\"\/><figcaption>Kuvan l\u00e4hde: Bicycle Retailer and Industry News, k\u00e4ytt\u00e4en Specializedin tuotekuvia.<\/figcaption><\/figure>\n<p>Otsikon luku on suuri: jotkut mallit ovat nyt jopa 27 prosenttia halvempia kuin aiemmin. Ratsastajille, jotka ovat seuranneet huippuluokan s\u00e4hk\u00f6maastopy\u00f6ri\u00e4 et\u00e4\u00e4lt\u00e4, t\u00e4m\u00e4 ei ole kausialennus. Se on uusi hinnoittelurakenne.<\/p>\n<p>K\u00e4yt\u00e4nn\u00f6n merkitys on yksinkertainen. Premium-s\u00e4hk\u00f6maastopy\u00f6r\u00e4t siirtyv\u00e4t hintaherkemp\u00e4\u00e4n vaiheeseen, ja jopa vakiintuneet br\u00e4ndit sopeutuvat markkinoihin, joilla ostajilla on enemm\u00e4n vaihtoehtoja ja vahvempia odotuksia arvon suhteen.<\/p><div id=\"regen-3371008978\" class=\"regen-test-placement-from-wizard-2878267818 regen-entity-placement\"><script async src=\"https:\/\/pagead2.googlesyndication.com\/pagead\/js\/adsbygoogle.js?client=ca-pub-1076230867169041\"\n     crossorigin=\"anonymous\"><\/script><\/div><div id=\"regen-3274263348\" class=\"regen-test-placement-from-wizard-1604397851 regen-entity-placement\"><script async src=\"https:\/\/pagead2.googlesyndication.com\/pagead\/js\/adsbygoogle.js?client=ca-pub-1076230867169041\"\n     crossorigin=\"anonymous\"><\/script><\/div>\n<h2>Mik\u00e4 muuttui<\/h2>\n<p>Bicycle Retailer and Industry Newsin mukaan Specialized alensi Turbo Levo -mallien suositushintoja Pohjois-Amerikassa 6\u201327 prosenttia, ja my\u00f6s tukkuhintoja alennettiin.<\/p>\n<p>Suurin alennus koskee raporttien mukaan Levo R S-Worksia. Sen suositushinta laski 15 650 Yhdysvaltain dollarista 11 500 dollariin, mik\u00e4 on 4 150 dollarin alennus.<\/p>\n<p>Kaikki mallit eiv\u00e4t muuttuneet. Raporttien mukaan Levo 4 LTD ja Levo 4 Comp Carbon eiv\u00e4t sis\u00e4ltyneet samaan hinnanmuutokseen.<\/p>\n<p>Muutos koskee Yhdysvaltoja ja Kanadaa. Euroopan hinnoitteluun t\u00e4m\u00e4 Pohjois-Amerikan p\u00e4ivitys ei vaikuttanut.<\/p>\n<h2>Miksi Specialized alentaa hintoja<\/h2>\n<p>Specialized perusteli p\u00e4\u00e4t\u00f6st\u00e4 rakenteellisena hinnanmuutoksena eik\u00e4 lyhytaikaisena kampanjana.<\/p>\n<p>Yhti\u00f6 mainitsi toimitusketjun ja tuotantokustannusten parannukset Levo-alustalla, mutta tunnusti my\u00f6s, ett\u00e4 markkinoista on tullut kilpaillumpia.<\/p>\n<p>T\u00e4m\u00e4 toinen seikka on t\u00e4rke\u00e4. Premium-s\u00e4hk\u00f6maastopy\u00f6r\u00e4luokka on ollut paineen alla uusien br\u00e4ndien tarjotessa vahvoja ominaisuuksia halvemmilla hinnoilla. Ostajat vertailevat nyt jousitusta, moottorin tehoa, akkukapasiteettia, ohjelmistoja ja huoltopalveluita aggressiivisemmin kuin muutama vuosi sitten.<\/p>\n<p>Vakiintuneelle br\u00e4ndille hinnanalennus voi palvella kahta tarkoitusta kerralla:<\/p>\n<ul>\n<li>alentaa kynnyst\u00e4 ratsastajille, jotka harkitsevat suorituskykyist\u00e4 s\u00e4hk\u00f6maastopy\u00f6r\u00e4\u00e4<\/li>\n<li>pit\u00e4\u00e4 j\u00e4lleenmyyjien varastot liikkeess\u00e4 ilman, ett\u00e4 tuote tuntuu v\u00e4liaikaiselta poistomyynnilt\u00e4<\/li>\n<li>puolustaa markkina-asemaa aggressiivisia uusia kilpailijoita vastaan<\/li>\n<li>nollata ostajien odotukset ennen seuraavaa tuotesykli\u00e4<\/li>\n<\/ul>\n<h2>Nykyiset ostajat ja j\u00e4lleenmyyj\u00e4t saavat tukea<\/h2>\n<p>Specialized loi my\u00f6s tukiohjelmia ostajille ja j\u00e4lleenmyyjille, joihin muutoksen ajoitus vaikutti.<\/p>\n<p>J\u00e4lleenmyyj\u00e4t, jotka ostivat vaikutuksen alaisia varastoja 1. helmikuuta ja 7. toukokuuta 2026 v\u00e4lisen\u00e4 aikana, voivat osallistua varastohyvitysohjelmaan. Kuluttajat, jotka ostivat Turbo Levon 1. tammikuuta ja 7. toukokuuta 2026 v\u00e4lisen\u00e4 aikana, voivat my\u00f6s olla oikeutettuja hyvitykseen uusia Specialized-tuotteita kohtaan.<\/p>\n<p>T\u00e4m\u00e4 on t\u00e4rke\u00e4\u00e4, koska pysyv\u00e4t hinnanalennukset voivat turhauttaa varhaisia ostajia ja j\u00e4tt\u00e4\u00e4 j\u00e4lleenmyyj\u00e4t vanhoilla hinnoilla ostettujen varastojen kanssa. Korvausohjelmat ovat tapa v\u00e4hent\u00e4\u00e4 t\u00e4t\u00e4 kitkaa.<\/p>\n<h2>Mit\u00e4 t\u00e4m\u00e4 tarkoittaa s\u00e4hk\u00f6maastopy\u00f6r\u00e4markkinoille<\/h2>\n<p>Turbo Levo on pitk\u00e4\u00e4n ollut yksi tunnetuimmista premium-s\u00e4hk\u00f6maastopy\u00f6r\u00e4alustoista. Kun t\u00e4m\u00e4n tason br\u00e4ndi alentaa hintoja pysyv\u00e4sti, se l\u00e4hett\u00e4\u00e4 laajemman signaalin markkinoille.<\/p>\n<p>Todenn\u00e4k\u00f6inen viesti on, ett\u00e4 premium-s\u00e4hk\u00f6maastopy\u00f6r\u00e4t eiv\u00e4t voi en\u00e4\u00e4 luottaa pelk\u00e4st\u00e4\u00e4n br\u00e4ndin vahvuuteen ja korkeisiin ominaisuuslistoihin. Ostajat haluavat t\u00e4yden paketin: suorituskyvyn, luotettavuuden, j\u00e4lleenmyyj\u00e4tuen ja hinnan, joka tuntuu puolustettavalta uudempia kilpailijoita vastaan.<\/p>\n<p>Ratsastajille lopputulos on lyhyell\u00e4 aikav\u00e4lill\u00e4 positiivinen. Halvempi hinta tekee huipputason maastoajokokemuksesta helpommin saavutettavan. J\u00e4lleenmyyjille muutos voi auttaa muuttamaan ostajia, jotka aiemmin pitiv\u00e4t Levosta mutta eiv\u00e4t voineet perustella vanhaa hintaa.<\/p>\n<p>Toimialalle se on toinen merkki siit\u00e4, ett\u00e4 s\u00e4hk\u00f6py\u00f6r\u00e4buumista on tulossa kurinalaisempaa. Br\u00e4ndej\u00e4 painostetaan yhdist\u00e4m\u00e4\u00e4n tuoteambitiot realistiseen hinnoitteluun, parempaan varastonhallintaan ja selke\u00e4mp\u00e4\u00e4n arvoon.<\/p>\n<h2>L\u00e4hteet<\/h2>\n<ul>\n<li>Bicycle Retailer and Industry News: <a href=\"https:\/\/www.bicycleretailer.com\/industry-news\/2026\/05\/07\/specialized-unveils-drastic-price-reduction-plan-retailers-turbo-levo\" target=\"_blank\" rel=\"noopener\">Specialized paljastaa j\u00e4lleenmyyjille rajun hinnanalennussuunnitelman Turbo Levolle<\/a><\/li>\n<li>Singletracks: <a href=\"https:\/\/www.singletracks.com\/mtb-gear\/specialized-drops-us-prices-on-turbo-levo-emtbs-in-permanent-shift\/\" target=\"_blank\" rel=\"noopener\">Specialized laskee Yhdysvaltain hintoja Turbo Levo -s\u00e4hk\u00f6maastopy\u00f6rille pysyv\u00e4ss\u00e4 muutoksessa<\/a><\/li>\n<\/ul>","protected":false},"excerpt":{"rendered":"<p>Specialized on pysyv\u00e4sti alentanut Pohjois-Amerikan hintoja suuressa osassa Turbo Levo -s\u00e4hk\u00f6maastopy\u00f6r\u00e4mallistoaan, ja joitakin malleja on alennettu jopa 27 prosenttia. Muutos heijastaa alhaisempia alustakustannuksia, kasvavaa hintapainetta s\u00e4hk\u00f6maastopy\u00f6r\u00e4luokassa ja kilpaillumpia markkinoita premium-s\u00e4hk\u00f6maastopy\u00f6rille.<\/p>","protected":false},"author":2,"featured_media":1948,"comment_status":"","ping_status":"","sticky":false,"template":"","format":"standard","meta":{"footnotes":""},"categories":[33],"tags":[],"class_list":["post-1950","post","type-post","status-publish","format-standard","has-post-thumbnail","hentry","category-ebike-news"],"_links":{"self":[{"href":"https:\/\/regencargobikes.com\/fi\/wp-json\/wp\/v2\/posts\/1950","targetHints":{"allow":["GET"]}}],"collection":[{"href":"https:\/\/regencargobikes.com\/fi\/wp-json\/wp\/v2\/posts"}],"about":[{"href":"https:\/\/regencargobikes.com\/fi\/wp-json\/wp\/v2\/types\/post"}],"author":[{"embeddable":true,"href":"https:\/\/regencargobikes.com\/fi\/wp-json\/wp\/v2\/users\/2"}],"replies":[{"embeddable":true,"href":"https:\/\/regencargobikes.com\/fi\/wp-json\/wp\/v2\/comments?post=1950"}],"version-history":[{"count":0,"href":"https:\/\/regencargobikes.com\/fi\/wp-json\/wp\/v2\/posts\/1950\/revisions"}],"wp:featuredmedia":[{"embeddable":true,"href":"https:\/\/regencargobikes.com\/fi\/wp-json\/wp\/v2\/media\/1948"}],"wp:attachment":[{"href":"https:\/\/regencargobikes.com\/fi\/wp-json\/wp\/v2\/media?parent=1950"}],"wp:term":[{"taxonomy":"category","embeddable":true,"href":"https:\/\/regencargobikes.com\/fi\/wp-json\/wp\/v2\/categories?post=1950"},{"taxonomy":"post_tag","embeddable":true,"href":"https:\/\/regencargobikes.com\/fi\/wp-json\/wp\/v2\/tags?post=1950"}],"curies":[{"name":"wp","href":"https:\/\/api.w.org\/{rel}","templated":true}]}}